{"id":10162,"date":"2018-06-03T17:46:30","date_gmt":"2018-06-03T15:46:30","guid":{"rendered":"http:\/\/esponsorama.ad\/?p=10162"},"modified":"2018-06-03T18:03:39","modified_gmt":"2018-06-03T16:03:39","slug":"rabat-suma-dos-puntos-gran-premio-italia-al-rojo-vivo-3","status":"publish","type":"post","link":"http:\/\/esponsorama.ad\/ca\/rabat-suma-dos-puntos-gran-premio-italia-al-rojo-vivo-3\/","title":{"rendered":"Rabat suma dos puntos en un Gran Premio de Italia al rojo vivo"},"content":{"rendered":"<p><strong>MotoGP GP de Italia \u2013 Mugello<\/strong><\/p>\n<p>El piloto del equipo Reale Avintia Racing, Tito Rabat, ha disputado hoy en Mugello su Gran Premio n\u00famero 200 en el Campeonato del Mundo. Con su brazo izquierdo todav\u00eda dolorido tras la fuerte ca\u00edda sufrida en el test de Barcelona, Rabat ha aguantado las 23 vueltas de la carrera de MotoGP y ha cruzado la meta 13\u00ba. No es la posici\u00f3n que hab\u00eda so\u00f1ado, pero ha logrado acabar una carrera muy dif\u00edcil en la que cinco pilotos no han terminado y en total siete han se han ca\u00eddo. Y aunque el brazo le ha molestado un poco, el mayor problema ha sido el aumento de la temperatura en el asfalto que ha provocado una ca\u00edda s\u00fabita del rendimiento del neum\u00e1tico delantero. Ahora Rabat solo piensa en recuperarse completamente para el Gran Premio de casa en Montmel\u00f3, donde espera volver a estar en el Top 10.<\/p>\n<p>Xavier Simeon tambi\u00e9n ha aguantado toda la carrera, aunque una vez m\u00e1s no ha terminado satisfecho con su posici\u00f3n final. El belga ha salido muy bien, pero enseguida ha comenzado a tener problemas con el neum\u00e1tico trasero. El \u2018rookie\u2019 del equipo Reale Avintia Racing ha cruzado la meta en 17\u00aa posici\u00f3n, su mejor carrera desde que debut\u00f3 en MotoGP en el Gran Premio de Qatar. Pero Simeon quiere estar m\u00e1s arriba y poder luchar con sus rivales. En Barcelona, donde complet\u00f3 un test bastante positivo, espera poder demostrar su potencial.<\/p>\n\n<p>&#8220;Lo primero es que estoy muy contento haber sumado dos puntos cuando podr\u00eda haberme quedado en casa tras la ca\u00edda de Barcelona. La verdad es que ayer en los cronometrados lo hicimos bastante bien y hoy, sinceramente, me esperaba estar m\u00e1s arriba. Pero la carrera ha sido como si el neum\u00e1tico delantero fuera sobre hielo, las condiciones de la pista han cambiado much\u00edsimo con el aumento de la temperatura y todos hemos sufrido un mont\u00f3n. Me ha costado mucho adaptarme y he tenido que ir \u2018parado\u2019, pero hemos terminado la carrera a 22 segundos del primero. Ahora toca pensar en Montmel\u00f3, mi carrera de casa donde espero volver a estar delante\u201d.<\/p>\n\n<p>\u201cHe salido muy bien y he ganado cuatro posiciones, pero despu\u00e9s de cuatro o cinco vueltas he comenzado a tener problemas con el neum\u00e1tico trasero. Se iba de atr\u00e1s al cortar y he estado a punto de caerme tres o cuatro veces al comienzo de la carrera. Aparte de esto me he concentrado en aguantar el ritmo y la carrera la verdad se ha hecho muy larga, porque he ido solo todo el tiempo. Esta ma\u00f1ana el warm-up ha sido positivo y hemos hecho unos cambios que me han ayudado a ir m\u00e1s c\u00f3modo en carrera. Pero no estoy contento, yo quiero luchar m\u00e1s adelante y tenemos que seguir trabajando\u201d.<\/p>\n","protected":false},"excerpt":{"rendered":"<p>MotoGP GP de Italia \u2013 Mugello El piloto del equipo Reale Avintia Racing, Tito Rabat, ha disputado hoy en Mugello su Gran Premio n\u00famero 200 en el Campeonato del Mundo. Con su brazo izquierdo todav\u00eda dolorido tras la fuerte ca\u00edda sufrida en el test de Barcelona, Rabat ha aguantado las 23 vueltas de la carrera [&hellip;]<\/p>\n","protected":false},"author":6,"featured_media":10142,"comment_status":"closed","ping_status":"closed","sticky":false,"template":"","format":"standard","meta":{"footnotes":""},"categories":[3],"tags":[],"class_list":["post-10162","post","type-post","status-publish","format-standard","has-post-thumbnail","hentry","category-motogp"],"yoast_head":"<!-- This site is optimized with the Yoast SEO plugin v27.1.1 - https:\/\/yoast.com\/product\/yoast-seo-wordpress\/ -->\n<title>Rabat suma dos puntos en un Gran Premio de Italia al rojo vivo - Esponsorama<\/title>\n<meta name=\"robots\" content=\"index, follow, max-snippet:-1, max-image-preview:large, max-video-preview:-1\" \/>\n<link rel=\"canonical\" href=\"http:\/\/esponsorama.ad\/ca\/rabat-suma-dos-puntos-gran-premio-italia-al-rojo-vivo-3\/\" \/>\n<meta property=\"og:locale\" content=\"en_US\" \/>\n<meta property=\"og:type\" content=\"article\" \/>\n<meta property=\"og:title\" content=\"Rabat suma dos puntos en un Gran Premio de Italia al rojo vivo - Esponsorama\" \/>\n<meta property=\"og:description\" content=\"MotoGP GP de Italia \u2013 Mugello El piloto del equipo Reale Avintia Racing, Tito Rabat, ha disputado hoy en Mugello su Gran Premio n\u00famero 200 en el Campeonato del Mundo. Con su brazo izquierdo todav\u00eda dolorido tras la fuerte ca\u00edda sufrida en el test de Barcelona, Rabat ha aguantado las 23 vueltas de la carrera [&hellip;]\" \/>\n<meta property=\"og:url\" content=\"http:\/\/esponsorama.ad\/ca\/rabat-suma-dos-puntos-gran-premio-italia-al-rojo-vivo-3\/\" \/>\n<meta property=\"og:site_name\" content=\"Esponsorama\" \/>\n<meta property=\"article:published_time\" content=\"2018-06-03T15:46:30+00:00\" \/>\n<meta property=\"article:modified_time\" content=\"2018-06-03T16:03:39+00:00\" \/>\n<meta property=\"og:image\" content=\"http:\/\/esponsorama.ad\/wp-content\/uploads\/2018\/06\/06Mugello18MgpESPONSORAMA_JOC6417-1024x683.jpg\" \/>\n\t<meta property=\"og:image:width\" content=\"1024\" \/>\n\t<meta property=\"og:image:height\" content=\"683\" \/>\n\t<meta property=\"og:image:type\" content=\"image\/jpeg\" \/>\n<meta name=\"author\" content=\"Xavi Andornet\" \/>\n<meta name=\"twitter:card\" content=\"summary_large_image\" \/>\n<meta name=\"twitter:label1\" content=\"Written by\" \/>\n\t<meta name=\"twitter:data1\" content=\"Xavi Andornet\" \/>\n\t<meta name=\"twitter:label2\" content=\"Est. reading time\" \/>\n\t<meta name=\"twitter:data2\" content=\"2 minutes\" \/>\n<script type=\"application\/ld+json\" class=\"yoast-schema-graph\">{\"@context\":\"https:\/\/schema.org\",\"@graph\":[{\"@type\":\"Article\",\"@id\":\"http:\/\/esponsorama.ad\/ca\/rabat-suma-dos-puntos-gran-premio-italia-al-rojo-vivo-3\/#article\",\"isPartOf\":{\"@id\":\"http:\/\/esponsorama.ad\/ca\/rabat-suma-dos-puntos-gran-premio-italia-al-rojo-vivo-3\/\"},\"author\":{\"name\":\"Xavi Andornet\",\"@id\":\"http:\/\/esponsorama.ad\/es\/#\/schema\/person\/a5cde74945183d737066e46b61c6f9c4\"},\"headline\":\"Rabat suma dos puntos en un Gran Premio de Italia al rojo vivo\",\"datePublished\":\"2018-06-03T15:46:30+00:00\",\"dateModified\":\"2018-06-03T16:03:39+00:00\",\"mainEntityOfPage\":{\"@id\":\"http:\/\/esponsorama.ad\/ca\/rabat-suma-dos-puntos-gran-premio-italia-al-rojo-vivo-3\/\"},\"wordCount\":504,\"image\":{\"@id\":\"http:\/\/esponsorama.ad\/ca\/rabat-suma-dos-puntos-gran-premio-italia-al-rojo-vivo-3\/#primaryimage\"},\"thumbnailUrl\":\"http:\/\/esponsorama.ad\/wp-content\/uploads\/2018\/06\/06Mugello18MgpESPONSORAMA_JOC6417.jpg\",\"articleSection\":[\"MotoGP\"],\"inLanguage\":\"ca-AD\"},{\"@type\":\"WebPage\",\"@id\":\"http:\/\/esponsorama.ad\/ca\/rabat-suma-dos-puntos-gran-premio-italia-al-rojo-vivo-3\/\",\"url\":\"http:\/\/esponsorama.ad\/ca\/rabat-suma-dos-puntos-gran-premio-italia-al-rojo-vivo-3\/\",\"name\":\"Rabat suma dos puntos en un Gran Premio de Italia al rojo vivo - Esponsorama\",\"isPartOf\":{\"@id\":\"http:\/\/esponsorama.ad\/es\/#website\"},\"primaryImageOfPage\":{\"@id\":\"http:\/\/esponsorama.ad\/ca\/rabat-suma-dos-puntos-gran-premio-italia-al-rojo-vivo-3\/#primaryimage\"},\"image\":{\"@id\":\"http:\/\/esponsorama.ad\/ca\/rabat-suma-dos-puntos-gran-premio-italia-al-rojo-vivo-3\/#primaryimage\"},\"thumbnailUrl\":\"http:\/\/esponsorama.ad\/wp-content\/uploads\/2018\/06\/06Mugello18MgpESPONSORAMA_JOC6417.jpg\",\"datePublished\":\"2018-06-03T15:46:30+00:00\",\"dateModified\":\"2018-06-03T16:03:39+00:00\",\"author\":{\"@id\":\"http:\/\/esponsorama.ad\/es\/#\/schema\/person\/a5cde74945183d737066e46b61c6f9c4\"},\"breadcrumb\":{\"@id\":\"http:\/\/esponsorama.ad\/ca\/rabat-suma-dos-puntos-gran-premio-italia-al-rojo-vivo-3\/#breadcrumb\"},\"inLanguage\":\"ca-AD\",\"potentialAction\":[{\"@type\":\"ReadAction\",\"target\":[\"http:\/\/esponsorama.ad\/ca\/rabat-suma-dos-puntos-gran-premio-italia-al-rojo-vivo-3\/\"]}]},{\"@type\":\"ImageObject\",\"inLanguage\":\"ca-AD\",\"@id\":\"http:\/\/esponsorama.ad\/ca\/rabat-suma-dos-puntos-gran-premio-italia-al-rojo-vivo-3\/#primaryimage\",\"url\":\"http:\/\/esponsorama.ad\/wp-content\/uploads\/2018\/06\/06Mugello18MgpESPONSORAMA_JOC6417.jpg\",\"contentUrl\":\"http:\/\/esponsorama.ad\/wp-content\/uploads\/2018\/06\/06Mugello18MgpESPONSORAMA_JOC6417.jpg\",\"width\":5472,\"height\":3648,\"caption\":\"06 GP Italia 1, 2, y 3 de junio de 2018, circuito de Mugello, Italia. MotoGP, motogp, mgp, MOTOGP\"},{\"@type\":\"BreadcrumbList\",\"@id\":\"http:\/\/esponsorama.ad\/ca\/rabat-suma-dos-puntos-gran-premio-italia-al-rojo-vivo-3\/#breadcrumb\",\"itemListElement\":[{\"@type\":\"ListItem\",\"position\":1,\"name\":\"Home\",\"item\":\"http:\/\/esponsorama.ad\/ca\/\"},{\"@type\":\"ListItem\",\"position\":2,\"name\":\"Rabat suma dos puntos en un Gran Premio de Italia al rojo vivo\"}]},{\"@type\":\"WebSite\",\"@id\":\"http:\/\/esponsorama.ad\/es\/#website\",\"url\":\"http:\/\/esponsorama.ad\/es\/\",\"name\":\"Esponsorama\",\"description\":\"Specialist in motorsport sponsorship and event promotions\",\"potentialAction\":[{\"@type\":\"SearchAction\",\"target\":{\"@type\":\"EntryPoint\",\"urlTemplate\":\"http:\/\/esponsorama.ad\/es\/?s={search_term_string}\"},\"query-input\":{\"@type\":\"PropertyValueSpecification\",\"valueRequired\":true,\"valueName\":\"search_term_string\"}}],\"inLanguage\":\"ca-AD\"},{\"@type\":\"Person\",\"@id\":\"http:\/\/esponsorama.ad\/es\/#\/schema\/person\/a5cde74945183d737066e46b61c6f9c4\",\"name\":\"Xavi Andornet\",\"image\":{\"@type\":\"ImageObject\",\"inLanguage\":\"ca-AD\",\"@id\":\"http:\/\/esponsorama.ad\/es\/#\/schema\/person\/image\/\",\"url\":\"https:\/\/secure.gravatar.com\/avatar\/f10eaf9ad601244a2357c9fd7cd9805ed166cfaaf76d5d9ab08a9d873e70147a?s=96&d=mm&r=g\",\"contentUrl\":\"https:\/\/secure.gravatar.com\/avatar\/f10eaf9ad601244a2357c9fd7cd9805ed166cfaaf76d5d9ab08a9d873e70147a?s=96&d=mm&r=g\",\"caption\":\"Xavi Andornet\"},\"sameAs\":[\"http:\/\/www.andornet.ad\"],\"url\":\"http:\/\/esponsorama.ad\/ca\/author\/andornet\/\"}]}<\/script>\n<!-- \/ Yoast SEO plugin. -->","yoast_head_json":{"title":"Rabat suma dos puntos en un Gran Premio de Italia al rojo vivo - Esponsorama","robots":{"index":"index","follow":"follow","max-snippet":"max-snippet:-1","max-image-preview":"max-image-preview:large","max-video-preview":"max-video-preview:-1"},"canonical":"http:\/\/esponsorama.ad\/ca\/rabat-suma-dos-puntos-gran-premio-italia-al-rojo-vivo-3\/","og_locale":"en_US","og_type":"article","og_title":"Rabat suma dos puntos en un Gran Premio de Italia al rojo vivo - Esponsorama","og_description":"MotoGP GP de Italia \u2013 Mugello El piloto del equipo Reale Avintia Racing, Tito Rabat, ha disputado hoy en Mugello su Gran Premio n\u00famero 200 en el Campeonato del Mundo. Con su brazo izquierdo todav\u00eda dolorido tras la fuerte ca\u00edda sufrida en el test de Barcelona, Rabat ha aguantado las 23 vueltas de la carrera [&hellip;]","og_url":"http:\/\/esponsorama.ad\/ca\/rabat-suma-dos-puntos-gran-premio-italia-al-rojo-vivo-3\/","og_site_name":"Esponsorama","article_published_time":"2018-06-03T15:46:30+00:00","article_modified_time":"2018-06-03T16:03:39+00:00","og_image":[{"width":1024,"height":683,"url":"http:\/\/esponsorama.ad\/wp-content\/uploads\/2018\/06\/06Mugello18MgpESPONSORAMA_JOC6417-1024x683.jpg","type":"image\/jpeg"}],"author":"Xavi Andornet","twitter_card":"summary_large_image","twitter_misc":{"Written by":"Xavi Andornet","Est. reading time":"2 minutes"},"schema":{"@context":"https:\/\/schema.org","@graph":[{"@type":"Article","@id":"http:\/\/esponsorama.ad\/ca\/rabat-suma-dos-puntos-gran-premio-italia-al-rojo-vivo-3\/#article","isPartOf":{"@id":"http:\/\/esponsorama.ad\/ca\/rabat-suma-dos-puntos-gran-premio-italia-al-rojo-vivo-3\/"},"author":{"name":"Xavi Andornet","@id":"http:\/\/esponsorama.ad\/es\/#\/schema\/person\/a5cde74945183d737066e46b61c6f9c4"},"headline":"Rabat suma dos puntos en un Gran Premio de Italia al rojo vivo","datePublished":"2018-06-03T15:46:30+00:00","dateModified":"2018-06-03T16:03:39+00:00","mainEntityOfPage":{"@id":"http:\/\/esponsorama.ad\/ca\/rabat-suma-dos-puntos-gran-premio-italia-al-rojo-vivo-3\/"},"wordCount":504,"image":{"@id":"http:\/\/esponsorama.ad\/ca\/rabat-suma-dos-puntos-gran-premio-italia-al-rojo-vivo-3\/#primaryimage"},"thumbnailUrl":"http:\/\/esponsorama.ad\/wp-content\/uploads\/2018\/06\/06Mugello18MgpESPONSORAMA_JOC6417.jpg","articleSection":["MotoGP"],"inLanguage":"ca-AD"},{"@type":"WebPage","@id":"http:\/\/esponsorama.ad\/ca\/rabat-suma-dos-puntos-gran-premio-italia-al-rojo-vivo-3\/","url":"http:\/\/esponsorama.ad\/ca\/rabat-suma-dos-puntos-gran-premio-italia-al-rojo-vivo-3\/","name":"Rabat suma dos puntos en un Gran Premio de Italia al rojo vivo - Esponsorama","isPartOf":{"@id":"http:\/\/esponsorama.ad\/es\/#website"},"primaryImageOfPage":{"@id":"http:\/\/esponsorama.ad\/ca\/rabat-suma-dos-puntos-gran-premio-italia-al-rojo-vivo-3\/#primaryimage"},"image":{"@id":"http:\/\/esponsorama.ad\/ca\/rabat-suma-dos-puntos-gran-premio-italia-al-rojo-vivo-3\/#primaryimage"},"thumbnailUrl":"http:\/\/esponsorama.ad\/wp-content\/uploads\/2018\/06\/06Mugello18MgpESPONSORAMA_JOC6417.jpg","datePublished":"2018-06-03T15:46:30+00:00","dateModified":"2018-06-03T16:03:39+00:00","author":{"@id":"http:\/\/esponsorama.ad\/es\/#\/schema\/person\/a5cde74945183d737066e46b61c6f9c4"},"breadcrumb":{"@id":"http:\/\/esponsorama.ad\/ca\/rabat-suma-dos-puntos-gran-premio-italia-al-rojo-vivo-3\/#breadcrumb"},"inLanguage":"ca-AD","potentialAction":[{"@type":"ReadAction","target":["http:\/\/esponsorama.ad\/ca\/rabat-suma-dos-puntos-gran-premio-italia-al-rojo-vivo-3\/"]}]},{"@type":"ImageObject","inLanguage":"ca-AD","@id":"http:\/\/esponsorama.ad\/ca\/rabat-suma-dos-puntos-gran-premio-italia-al-rojo-vivo-3\/#primaryimage","url":"http:\/\/esponsorama.ad\/wp-content\/uploads\/2018\/06\/06Mugello18MgpESPONSORAMA_JOC6417.jpg","contentUrl":"http:\/\/esponsorama.ad\/wp-content\/uploads\/2018\/06\/06Mugello18MgpESPONSORAMA_JOC6417.jpg","width":5472,"height":3648,"caption":"06 GP Italia 1, 2, y 3 de junio de 2018, circuito de Mugello, Italia. MotoGP, motogp, mgp, MOTOGP"},{"@type":"BreadcrumbList","@id":"http:\/\/esponsorama.ad\/ca\/rabat-suma-dos-puntos-gran-premio-italia-al-rojo-vivo-3\/#breadcrumb","itemListElement":[{"@type":"ListItem","position":1,"name":"Home","item":"http:\/\/esponsorama.ad\/ca\/"},{"@type":"ListItem","position":2,"name":"Rabat suma dos puntos en un Gran Premio de Italia al rojo vivo"}]},{"@type":"WebSite","@id":"http:\/\/esponsorama.ad\/es\/#website","url":"http:\/\/esponsorama.ad\/es\/","name":"Esponsorama","description":"Specialist in motorsport sponsorship and event promotions","potentialAction":[{"@type":"SearchAction","target":{"@type":"EntryPoint","urlTemplate":"http:\/\/esponsorama.ad\/es\/?s={search_term_string}"},"query-input":{"@type":"PropertyValueSpecification","valueRequired":true,"valueName":"search_term_string"}}],"inLanguage":"ca-AD"},{"@type":"Person","@id":"http:\/\/esponsorama.ad\/es\/#\/schema\/person\/a5cde74945183d737066e46b61c6f9c4","name":"Xavi Andornet","image":{"@type":"ImageObject","inLanguage":"ca-AD","@id":"http:\/\/esponsorama.ad\/es\/#\/schema\/person\/image\/","url":"https:\/\/secure.gravatar.com\/avatar\/f10eaf9ad601244a2357c9fd7cd9805ed166cfaaf76d5d9ab08a9d873e70147a?s=96&d=mm&r=g","contentUrl":"https:\/\/secure.gravatar.com\/avatar\/f10eaf9ad601244a2357c9fd7cd9805ed166cfaaf76d5d9ab08a9d873e70147a?s=96&d=mm&r=g","caption":"Xavi Andornet"},"sameAs":["http:\/\/www.andornet.ad"],"url":"http:\/\/esponsorama.ad\/ca\/author\/andornet\/"}]}},"_links":{"self":[{"href":"http:\/\/esponsorama.ad\/ca\/wp-json\/wp\/v2\/posts\/10162","targetHints":{"allow":["GET"]}}],"collection":[{"href":"http:\/\/esponsorama.ad\/ca\/wp-json\/wp\/v2\/posts"}],"about":[{"href":"http:\/\/esponsorama.ad\/ca\/wp-json\/wp\/v2\/types\/post"}],"author":[{"embeddable":true,"href":"http:\/\/esponsorama.ad\/ca\/wp-json\/wp\/v2\/users\/6"}],"replies":[{"embeddable":true,"href":"http:\/\/esponsorama.ad\/ca\/wp-json\/wp\/v2\/comments?post=10162"}],"version-history":[{"count":0,"href":"http:\/\/esponsorama.ad\/ca\/wp-json\/wp\/v2\/posts\/10162\/revisions"}],"wp:featuredmedia":[{"embeddable":true,"href":"http:\/\/esponsorama.ad\/ca\/wp-json\/wp\/v2\/media\/10142"}],"wp:attachment":[{"href":"http:\/\/esponsorama.ad\/ca\/wp-json\/wp\/v2\/media?parent=10162"}],"wp:term":[{"taxonomy":"category","embeddable":true,"href":"http:\/\/esponsorama.ad\/ca\/wp-json\/wp\/v2\/categories?post=10162"},{"taxonomy":"post_tag","embeddable":true,"href":"http:\/\/esponsorama.ad\/ca\/wp-json\/wp\/v2\/tags?post=10162"}],"curies":[{"name":"wp","href":"https:\/\/api.w.org\/{rel}","templated":true}]}}