{"id":10756,"date":"2018-07-06T15:47:33","date_gmt":"2018-07-06T13:47:33","guid":{"rendered":"http:\/\/esponsorama.ad\/?p=10756"},"modified":"2018-07-06T16:09:26","modified_gmt":"2018-07-06T14:09:26","slug":"livio-loi-reale-avintia-academy-poner-fin-colaboracion-2","status":"publish","type":"post","link":"http:\/\/esponsorama.ad\/ca\/livio-loi-reale-avintia-academy-poner-fin-colaboracion-2\/","title":{"rendered":"Livio Loi y Reale Avintia Academy ponen fin a su colaboraci\u00f3n"},"content":{"rendered":"<p><strong>Reale Avintia Academy Moto3<\/strong><\/p>\n<p>Livio Loi y el equipo Reale Avintia Academy han decidido, de mutuo acuerdo, poner fin a su colaboraci\u00f3n en el Campeonato del Mundo de Moto3 desde el d\u00eda de hoy.<\/p>\n<p>Desafortunadamente, en las ocho carreras disputadas desde el inicio de la temporada, no se han alcanzado las expectativas que ambas partes se hab\u00edan fijado. Reale Avintia Academy, junto con el equipo de representaci\u00f3n de Zelos, han puesto a disposici\u00f3n del piloto todos sus recursos y esfuerzos para llevar este proyecto a buen t\u00e9rmino, pero los resultados nunca han llegado y las dos partes se han visto forzadas a tomar esta dif\u00edcil decisi\u00f3n.<\/p>\n<p>El equipo Reale Avintia Academy seguir\u00e1 participando en el Campeonato del Mundo de Moto3. El equipo desea lo mejor a Livio Loi para el futuro.<\/p>\n\n<p>\u201cCreamos este equipo a la medida de Livio Loi y todas las partes esper\u00e1bamos mejores resultados en las primeras carreras de la temporada. Desgraciadamente los resultados deseados nunca se han visto y junto a la gente de Zelos hemos tomado esta decisi\u00f3n. Deseo a Livio lo mejor para el futuro.\u201d<\/p>\n\n<p>\u201cZelos quiere dar las gracias al equipo Reale Avintia Academy por su colaboraci\u00f3n y le desea lo mejor para el resto de la temporada. Por supuesto, nos esforzaremos al m\u00e1ximo para ayudar a Livio Loi en su carrera profesional como piloto.\u201d<\/p>\n","protected":false},"excerpt":{"rendered":"<p>Reale Avintia Academy Moto3 Livio Loi y el equipo Reale Avintia Academy han decidido, de mutuo acuerdo, poner fin a su colaboraci\u00f3n en el Campeonato del Mundo de Moto3 desde el d\u00eda de hoy. Desafortunadamente, en las ocho carreras disputadas desde el inicio de la temporada, no se han alcanzado las expectativas que ambas partes [&hellip;]<\/p>\n","protected":false},"author":6,"featured_media":10681,"comment_status":"closed","ping_status":"closed","sticky":false,"template":"","format":"standard","meta":{"footnotes":""},"categories":[12],"tags":[],"class_list":["post-10756","post","type-post","status-publish","format-standard","has-post-thumbnail","hentry"],"yoast_head":"<!-- This site is optimized with the Yoast SEO plugin v27.1.1 - https:\/\/yoast.com\/product\/yoast-seo-wordpress\/ -->\n<title>Livio Loi y Reale Avintia Academy ponen fin a su colaboraci\u00f3n - Esponsorama<\/title>\n<meta name=\"robots\" content=\"index, follow, max-snippet:-1, max-image-preview:large, max-video-preview:-1\" \/>\n<link rel=\"canonical\" href=\"http:\/\/esponsorama.ad\/ca\/livio-loi-reale-avintia-academy-poner-fin-colaboracion-2\/\" \/>\n<meta property=\"og:locale\" content=\"en_US\" \/>\n<meta property=\"og:type\" content=\"article\" \/>\n<meta property=\"og:title\" content=\"Livio Loi y Reale Avintia Academy ponen fin a su colaboraci\u00f3n - Esponsorama\" \/>\n<meta property=\"og:description\" content=\"Reale Avintia Academy Moto3 Livio Loi y el equipo Reale Avintia Academy han decidido, de mutuo acuerdo, poner fin a su colaboraci\u00f3n en el Campeonato del Mundo de Moto3 desde el d\u00eda de hoy. Desafortunadamente, en las ocho carreras disputadas desde el inicio de la temporada, no se han alcanzado las expectativas que ambas partes [&hellip;]\" \/>\n<meta property=\"og:url\" content=\"http:\/\/esponsorama.ad\/ca\/livio-loi-reale-avintia-academy-poner-fin-colaboracion-2\/\" \/>\n<meta property=\"og:site_name\" content=\"Esponsorama\" \/>\n<meta property=\"article:published_time\" content=\"2018-07-06T13:47:33+00:00\" \/>\n<meta property=\"article:modified_time\" content=\"2018-07-06T14:09:26+00:00\" \/>\n<meta property=\"og:image\" content=\"http:\/\/esponsorama.ad\/wp-content\/uploads\/2018\/06\/JRB_7051-1024x683.jpg\" \/>\n\t<meta property=\"og:image:width\" content=\"1024\" \/>\n\t<meta property=\"og:image:height\" content=\"683\" \/>\n\t<meta property=\"og:image:type\" content=\"image\/jpeg\" \/>\n<meta name=\"author\" content=\"Xavi Andornet\" \/>\n<meta name=\"twitter:card\" content=\"summary_large_image\" \/>\n<meta name=\"twitter:label1\" content=\"Written by\" \/>\n\t<meta name=\"twitter:data1\" content=\"Xavi Andornet\" \/>\n\t<meta name=\"twitter:label2\" content=\"Est. reading time\" \/>\n\t<meta name=\"twitter:data2\" content=\"1 minute\" \/>\n<script type=\"application\/ld+json\" class=\"yoast-schema-graph\">{\"@context\":\"https:\/\/schema.org\",\"@graph\":[{\"@type\":\"Article\",\"@id\":\"http:\/\/esponsorama.ad\/ca\/livio-loi-reale-avintia-academy-poner-fin-colaboracion-2\/#article\",\"isPartOf\":{\"@id\":\"http:\/\/esponsorama.ad\/ca\/livio-loi-reale-avintia-academy-poner-fin-colaboracion-2\/\"},\"author\":{\"name\":\"Xavi Andornet\",\"@id\":\"http:\/\/esponsorama.ad\/es\/#\/schema\/person\/a5cde74945183d737066e46b61c6f9c4\"},\"headline\":\"Livio Loi y Reale Avintia Academy ponen fin a su colaboraci\u00f3n\",\"datePublished\":\"2018-07-06T13:47:33+00:00\",\"dateModified\":\"2018-07-06T14:09:26+00:00\",\"mainEntityOfPage\":{\"@id\":\"http:\/\/esponsorama.ad\/ca\/livio-loi-reale-avintia-academy-poner-fin-colaboracion-2\/\"},\"wordCount\":250,\"image\":{\"@id\":\"http:\/\/esponsorama.ad\/ca\/livio-loi-reale-avintia-academy-poner-fin-colaboracion-2\/#primaryimage\"},\"thumbnailUrl\":\"http:\/\/esponsorama.ad\/wp-content\/uploads\/2018\/06\/JRB_7051.jpg\",\"articleSection\":[\"\"],\"inLanguage\":\"ca-AD\"},{\"@type\":\"WebPage\",\"@id\":\"http:\/\/esponsorama.ad\/ca\/livio-loi-reale-avintia-academy-poner-fin-colaboracion-2\/\",\"url\":\"http:\/\/esponsorama.ad\/ca\/livio-loi-reale-avintia-academy-poner-fin-colaboracion-2\/\",\"name\":\"Livio Loi y Reale Avintia Academy ponen fin a su colaboraci\u00f3n - Esponsorama\",\"isPartOf\":{\"@id\":\"http:\/\/esponsorama.ad\/es\/#website\"},\"primaryImageOfPage\":{\"@id\":\"http:\/\/esponsorama.ad\/ca\/livio-loi-reale-avintia-academy-poner-fin-colaboracion-2\/#primaryimage\"},\"image\":{\"@id\":\"http:\/\/esponsorama.ad\/ca\/livio-loi-reale-avintia-academy-poner-fin-colaboracion-2\/#primaryimage\"},\"thumbnailUrl\":\"http:\/\/esponsorama.ad\/wp-content\/uploads\/2018\/06\/JRB_7051.jpg\",\"datePublished\":\"2018-07-06T13:47:33+00:00\",\"dateModified\":\"2018-07-06T14:09:26+00:00\",\"author\":{\"@id\":\"http:\/\/esponsorama.ad\/es\/#\/schema\/person\/a5cde74945183d737066e46b61c6f9c4\"},\"breadcrumb\":{\"@id\":\"http:\/\/esponsorama.ad\/ca\/livio-loi-reale-avintia-academy-poner-fin-colaboracion-2\/#breadcrumb\"},\"inLanguage\":\"ca-AD\",\"potentialAction\":[{\"@type\":\"ReadAction\",\"target\":[\"http:\/\/esponsorama.ad\/ca\/livio-loi-reale-avintia-academy-poner-fin-colaboracion-2\/\"]}]},{\"@type\":\"ImageObject\",\"inLanguage\":\"ca-AD\",\"@id\":\"http:\/\/esponsorama.ad\/ca\/livio-loi-reale-avintia-academy-poner-fin-colaboracion-2\/#primaryimage\",\"url\":\"http:\/\/esponsorama.ad\/wp-content\/uploads\/2018\/06\/JRB_7051.jpg\",\"contentUrl\":\"http:\/\/esponsorama.ad\/wp-content\/uploads\/2018\/06\/JRB_7051.jpg\",\"width\":3952,\"height\":2635},{\"@type\":\"BreadcrumbList\",\"@id\":\"http:\/\/esponsorama.ad\/ca\/livio-loi-reale-avintia-academy-poner-fin-colaboracion-2\/#breadcrumb\",\"itemListElement\":[{\"@type\":\"ListItem\",\"position\":1,\"name\":\"Home\",\"item\":\"http:\/\/esponsorama.ad\/ca\/\"},{\"@type\":\"ListItem\",\"position\":2,\"name\":\"Livio Loi y Reale Avintia Academy ponen fin a su colaboraci\u00f3n\"}]},{\"@type\":\"WebSite\",\"@id\":\"http:\/\/esponsorama.ad\/es\/#website\",\"url\":\"http:\/\/esponsorama.ad\/es\/\",\"name\":\"Esponsorama\",\"description\":\"Specialist in motorsport sponsorship and event promotions\",\"potentialAction\":[{\"@type\":\"SearchAction\",\"target\":{\"@type\":\"EntryPoint\",\"urlTemplate\":\"http:\/\/esponsorama.ad\/es\/?s={search_term_string}\"},\"query-input\":{\"@type\":\"PropertyValueSpecification\",\"valueRequired\":true,\"valueName\":\"search_term_string\"}}],\"inLanguage\":\"ca-AD\"},{\"@type\":\"Person\",\"@id\":\"http:\/\/esponsorama.ad\/es\/#\/schema\/person\/a5cde74945183d737066e46b61c6f9c4\",\"name\":\"Xavi Andornet\",\"image\":{\"@type\":\"ImageObject\",\"inLanguage\":\"ca-AD\",\"@id\":\"http:\/\/esponsorama.ad\/es\/#\/schema\/person\/image\/\",\"url\":\"https:\/\/secure.gravatar.com\/avatar\/f10eaf9ad601244a2357c9fd7cd9805ed166cfaaf76d5d9ab08a9d873e70147a?s=96&d=mm&r=g\",\"contentUrl\":\"https:\/\/secure.gravatar.com\/avatar\/f10eaf9ad601244a2357c9fd7cd9805ed166cfaaf76d5d9ab08a9d873e70147a?s=96&d=mm&r=g\",\"caption\":\"Xavi Andornet\"},\"sameAs\":[\"http:\/\/www.andornet.ad\"],\"url\":\"http:\/\/esponsorama.ad\/ca\/author\/andornet\/\"}]}<\/script>\n<!-- \/ Yoast SEO plugin. -->","yoast_head_json":{"title":"Livio Loi y Reale Avintia Academy ponen fin a su colaboraci\u00f3n - Esponsorama","robots":{"index":"index","follow":"follow","max-snippet":"max-snippet:-1","max-image-preview":"max-image-preview:large","max-video-preview":"max-video-preview:-1"},"canonical":"http:\/\/esponsorama.ad\/ca\/livio-loi-reale-avintia-academy-poner-fin-colaboracion-2\/","og_locale":"en_US","og_type":"article","og_title":"Livio Loi y Reale Avintia Academy ponen fin a su colaboraci\u00f3n - Esponsorama","og_description":"Reale Avintia Academy Moto3 Livio Loi y el equipo Reale Avintia Academy han decidido, de mutuo acuerdo, poner fin a su colaboraci\u00f3n en el Campeonato del Mundo de Moto3 desde el d\u00eda de hoy. Desafortunadamente, en las ocho carreras disputadas desde el inicio de la temporada, no se han alcanzado las expectativas que ambas partes [&hellip;]","og_url":"http:\/\/esponsorama.ad\/ca\/livio-loi-reale-avintia-academy-poner-fin-colaboracion-2\/","og_site_name":"Esponsorama","article_published_time":"2018-07-06T13:47:33+00:00","article_modified_time":"2018-07-06T14:09:26+00:00","og_image":[{"width":1024,"height":683,"url":"http:\/\/esponsorama.ad\/wp-content\/uploads\/2018\/06\/JRB_7051-1024x683.jpg","type":"image\/jpeg"}],"author":"Xavi Andornet","twitter_card":"summary_large_image","twitter_misc":{"Written by":"Xavi Andornet","Est. reading time":"1 minute"},"schema":{"@context":"https:\/\/schema.org","@graph":[{"@type":"Article","@id":"http:\/\/esponsorama.ad\/ca\/livio-loi-reale-avintia-academy-poner-fin-colaboracion-2\/#article","isPartOf":{"@id":"http:\/\/esponsorama.ad\/ca\/livio-loi-reale-avintia-academy-poner-fin-colaboracion-2\/"},"author":{"name":"Xavi Andornet","@id":"http:\/\/esponsorama.ad\/es\/#\/schema\/person\/a5cde74945183d737066e46b61c6f9c4"},"headline":"Livio Loi y Reale Avintia Academy ponen fin a su colaboraci\u00f3n","datePublished":"2018-07-06T13:47:33+00:00","dateModified":"2018-07-06T14:09:26+00:00","mainEntityOfPage":{"@id":"http:\/\/esponsorama.ad\/ca\/livio-loi-reale-avintia-academy-poner-fin-colaboracion-2\/"},"wordCount":250,"image":{"@id":"http:\/\/esponsorama.ad\/ca\/livio-loi-reale-avintia-academy-poner-fin-colaboracion-2\/#primaryimage"},"thumbnailUrl":"http:\/\/esponsorama.ad\/wp-content\/uploads\/2018\/06\/JRB_7051.jpg","articleSection":[""],"inLanguage":"ca-AD"},{"@type":"WebPage","@id":"http:\/\/esponsorama.ad\/ca\/livio-loi-reale-avintia-academy-poner-fin-colaboracion-2\/","url":"http:\/\/esponsorama.ad\/ca\/livio-loi-reale-avintia-academy-poner-fin-colaboracion-2\/","name":"Livio Loi y Reale Avintia Academy ponen fin a su colaboraci\u00f3n - Esponsorama","isPartOf":{"@id":"http:\/\/esponsorama.ad\/es\/#website"},"primaryImageOfPage":{"@id":"http:\/\/esponsorama.ad\/ca\/livio-loi-reale-avintia-academy-poner-fin-colaboracion-2\/#primaryimage"},"image":{"@id":"http:\/\/esponsorama.ad\/ca\/livio-loi-reale-avintia-academy-poner-fin-colaboracion-2\/#primaryimage"},"thumbnailUrl":"http:\/\/esponsorama.ad\/wp-content\/uploads\/2018\/06\/JRB_7051.jpg","datePublished":"2018-07-06T13:47:33+00:00","dateModified":"2018-07-06T14:09:26+00:00","author":{"@id":"http:\/\/esponsorama.ad\/es\/#\/schema\/person\/a5cde74945183d737066e46b61c6f9c4"},"breadcrumb":{"@id":"http:\/\/esponsorama.ad\/ca\/livio-loi-reale-avintia-academy-poner-fin-colaboracion-2\/#breadcrumb"},"inLanguage":"ca-AD","potentialAction":[{"@type":"ReadAction","target":["http:\/\/esponsorama.ad\/ca\/livio-loi-reale-avintia-academy-poner-fin-colaboracion-2\/"]}]},{"@type":"ImageObject","inLanguage":"ca-AD","@id":"http:\/\/esponsorama.ad\/ca\/livio-loi-reale-avintia-academy-poner-fin-colaboracion-2\/#primaryimage","url":"http:\/\/esponsorama.ad\/wp-content\/uploads\/2018\/06\/JRB_7051.jpg","contentUrl":"http:\/\/esponsorama.ad\/wp-content\/uploads\/2018\/06\/JRB_7051.jpg","width":3952,"height":2635},{"@type":"BreadcrumbList","@id":"http:\/\/esponsorama.ad\/ca\/livio-loi-reale-avintia-academy-poner-fin-colaboracion-2\/#breadcrumb","itemListElement":[{"@type":"ListItem","position":1,"name":"Home","item":"http:\/\/esponsorama.ad\/ca\/"},{"@type":"ListItem","position":2,"name":"Livio Loi y Reale Avintia Academy ponen fin a su colaboraci\u00f3n"}]},{"@type":"WebSite","@id":"http:\/\/esponsorama.ad\/es\/#website","url":"http:\/\/esponsorama.ad\/es\/","name":"Esponsorama","description":"Specialist in motorsport sponsorship and event promotions","potentialAction":[{"@type":"SearchAction","target":{"@type":"EntryPoint","urlTemplate":"http:\/\/esponsorama.ad\/es\/?s={search_term_string}"},"query-input":{"@type":"PropertyValueSpecification","valueRequired":true,"valueName":"search_term_string"}}],"inLanguage":"ca-AD"},{"@type":"Person","@id":"http:\/\/esponsorama.ad\/es\/#\/schema\/person\/a5cde74945183d737066e46b61c6f9c4","name":"Xavi Andornet","image":{"@type":"ImageObject","inLanguage":"ca-AD","@id":"http:\/\/esponsorama.ad\/es\/#\/schema\/person\/image\/","url":"https:\/\/secure.gravatar.com\/avatar\/f10eaf9ad601244a2357c9fd7cd9805ed166cfaaf76d5d9ab08a9d873e70147a?s=96&d=mm&r=g","contentUrl":"https:\/\/secure.gravatar.com\/avatar\/f10eaf9ad601244a2357c9fd7cd9805ed166cfaaf76d5d9ab08a9d873e70147a?s=96&d=mm&r=g","caption":"Xavi Andornet"},"sameAs":["http:\/\/www.andornet.ad"],"url":"http:\/\/esponsorama.ad\/ca\/author\/andornet\/"}]}},"_links":{"self":[{"href":"http:\/\/esponsorama.ad\/ca\/wp-json\/wp\/v2\/posts\/10756","targetHints":{"allow":["GET"]}}],"collection":[{"href":"http:\/\/esponsorama.ad\/ca\/wp-json\/wp\/v2\/posts"}],"about":[{"href":"http:\/\/esponsorama.ad\/ca\/wp-json\/wp\/v2\/types\/post"}],"author":[{"embeddable":true,"href":"http:\/\/esponsorama.ad\/ca\/wp-json\/wp\/v2\/users\/6"}],"replies":[{"embeddable":true,"href":"http:\/\/esponsorama.ad\/ca\/wp-json\/wp\/v2\/comments?post=10756"}],"version-history":[{"count":0,"href":"http:\/\/esponsorama.ad\/ca\/wp-json\/wp\/v2\/posts\/10756\/revisions"}],"wp:featuredmedia":[{"embeddable":true,"href":"http:\/\/esponsorama.ad\/ca\/wp-json\/wp\/v2\/media\/10681"}],"wp:attachment":[{"href":"http:\/\/esponsorama.ad\/ca\/wp-json\/wp\/v2\/media?parent=10756"}],"wp:term":[{"taxonomy":"category","embeddable":true,"href":"http:\/\/esponsorama.ad\/ca\/wp-json\/wp\/v2\/categories?post=10756"},{"taxonomy":"post_tag","embeddable":true,"href":"http:\/\/esponsorama.ad\/ca\/wp-json\/wp\/v2\/tags?post=10756"}],"curies":[{"name":"wp","href":"https:\/\/api.w.org\/{rel}","templated":true}]}}