{"id":10769,"date":"2018-07-10T10:50:35","date_gmt":"2018-07-10T08:50:35","guid":{"rendered":"http:\/\/esponsorama.ad\/?p=10769"},"modified":"2018-07-10T11:08:08","modified_gmt":"2018-07-10T09:08:08","slug":"vicente-perez-se-une-al-reale-avintia-academy-77-mundial-moto3-2","status":"publish","type":"post","link":"http:\/\/esponsorama.ad\/ca\/vicente-perez-se-une-al-reale-avintia-academy-77-mundial-moto3-2\/","title":{"rendered":"Vicente P\u00e9rez se une al Reale Avintia Academy 77 en el Mundial de Moto3"},"content":{"rendered":"<p><strong>Reale Avintia Academy 77 Moto3 &#8211; GP de Alemania &#8211; Sachsenring<\/strong><\/p>\n<p>El equipo Reale Avintia Academy 77 estrena piloto este fin de semana en el Gran Premio de Alemania. El piloto valenciano Vicente P\u00e9rez ocupar\u00e1 el puesto de Livio Loi en el equipo hasta final de temporada.<\/p>\n<p>Nacido en Cullera (Valencia) hace 20 a\u00f1os, Vicente P\u00e9rez lleva varias temporadas compitiendo en el FIM CEV de Moto3 y, aunque ha disputado varias carreras como \u2018wild-card\u2019 con el equipo, casi todos los circuitos de aqu\u00ed a final de a\u00f1o ser\u00e1n nuevos, por eso Vicente tiene claro que debe confiar ciegamente en la experiencia del Reale Avintia Academy 77 para progresar lo m\u00e1s r\u00e1pido posible.<\/p>\n<p>El primero al que tendr\u00e1 que enfrentarse Vicente ser\u00e1 Sachsenring, una pista de 3.760 metros que se adapta perfectamente a las prestaciones de una Moto3. Y lo har\u00e1 luciendo el dorsal 77 en honor a su amigo Andreas P\u00e9rez.<\/p>\n<p>El acuerdo ha sido posible gracias al apoyo de Blumaq, el Circuit de la Comunitat Valenciana Ricardo Tormo y todos los patrocinadores del Reale Avintia Academy 77 que apoyan el proyecto en el Campeonato del Mundo de Moto3.<\/p>\n<p><strong><\/strong><\/p>\n<p>\u201cEstoy muy contento de poder debutar como piloto fijo en el Mundial de Moto3 porque es un sue\u00f1o que ten\u00eda desde que era ni\u00f1o. Espero hacerlo bien en Alemania, ir poquito a poco conociendo el circuito y cogiendo ritmo. Conozco la moto y conozco bien al equipo, as\u00ed que vamos a trabajar duro para hacerlo lo mejor posible. Quiero dar las gracias a Blumaq, a mi m\u00e1nager Tom\u00e1s Llopis y a Ra\u00fal Romero, porque sin ellos esto no habr\u00eda sido posible.\u201d<\/p>\n","protected":false},"excerpt":{"rendered":"<p>Reale Avintia Academy 77 Moto3 &#8211; GP de Alemania &#8211; Sachsenring El equipo Reale Avintia Academy 77 estrena piloto este fin de semana en el Gran Premio de Alemania. El piloto valenciano Vicente P\u00e9rez ocupar\u00e1 el puesto de Livio Loi en el equipo hasta final de temporada. Nacido en Cullera (Valencia) hace 20 a\u00f1os, Vicente [&hellip;]<\/p>\n","protected":false},"author":6,"featured_media":10261,"comment_status":"closed","ping_status":"closed","sticky":false,"template":"","format":"standard","meta":{"footnotes":""},"categories":[12],"tags":[],"class_list":["post-10769","post","type-post","status-publish","format-standard","has-post-thumbnail","hentry"],"yoast_head":"<!-- This site is optimized with the Yoast SEO plugin v27.1.1 - https:\/\/yoast.com\/product\/yoast-seo-wordpress\/ -->\n<title>Vicente P\u00e9rez se une al Reale Avintia Academy 77 en el Mundial de Moto3 - Esponsorama<\/title>\n<meta name=\"robots\" content=\"index, follow, max-snippet:-1, max-image-preview:large, max-video-preview:-1\" \/>\n<link rel=\"canonical\" href=\"http:\/\/esponsorama.ad\/ca\/vicente-perez-se-une-al-reale-avintia-academy-77-mundial-moto3-2\/\" \/>\n<meta property=\"og:locale\" content=\"en_US\" \/>\n<meta property=\"og:type\" content=\"article\" \/>\n<meta property=\"og:title\" content=\"Vicente P\u00e9rez se une al Reale Avintia Academy 77 en el Mundial de Moto3 - Esponsorama\" \/>\n<meta property=\"og:description\" content=\"Reale Avintia Academy 77 Moto3 &#8211; GP de Alemania &#8211; Sachsenring El equipo Reale Avintia Academy 77 estrena piloto este fin de semana en el Gran Premio de Alemania. El piloto valenciano Vicente P\u00e9rez ocupar\u00e1 el puesto de Livio Loi en el equipo hasta final de temporada. Nacido en Cullera (Valencia) hace 20 a\u00f1os, Vicente [&hellip;]\" \/>\n<meta property=\"og:url\" content=\"http:\/\/esponsorama.ad\/ca\/vicente-perez-se-une-al-reale-avintia-academy-77-mundial-moto3-2\/\" \/>\n<meta property=\"og:site_name\" content=\"Esponsorama\" \/>\n<meta property=\"article:published_time\" content=\"2018-07-10T08:50:35+00:00\" \/>\n<meta property=\"article:modified_time\" content=\"2018-07-10T09:08:08+00:00\" \/>\n<meta property=\"og:image\" content=\"http:\/\/esponsorama.ad\/wp-content\/uploads\/2018\/06\/07Montmelo18M3-0980-1024x683.jpg\" \/>\n\t<meta property=\"og:image:width\" content=\"1024\" \/>\n\t<meta property=\"og:image:height\" content=\"683\" \/>\n\t<meta property=\"og:image:type\" content=\"image\/jpeg\" \/>\n<meta name=\"author\" content=\"Xavi Andornet\" \/>\n<meta name=\"twitter:card\" content=\"summary_large_image\" \/>\n<meta name=\"twitter:label1\" content=\"Written by\" \/>\n\t<meta name=\"twitter:data1\" content=\"Xavi Andornet\" \/>\n\t<meta name=\"twitter:label2\" content=\"Est. reading time\" \/>\n\t<meta name=\"twitter:data2\" content=\"1 minute\" \/>\n<script type=\"application\/ld+json\" class=\"yoast-schema-graph\">{\"@context\":\"https:\/\/schema.org\",\"@graph\":[{\"@type\":\"Article\",\"@id\":\"http:\/\/esponsorama.ad\/ca\/vicente-perez-se-une-al-reale-avintia-academy-77-mundial-moto3-2\/#article\",\"isPartOf\":{\"@id\":\"http:\/\/esponsorama.ad\/ca\/vicente-perez-se-une-al-reale-avintia-academy-77-mundial-moto3-2\/\"},\"author\":{\"name\":\"Xavi Andornet\",\"@id\":\"http:\/\/esponsorama.ad\/es\/#\/schema\/person\/a5cde74945183d737066e46b61c6f9c4\"},\"headline\":\"Vicente P\u00e9rez se une al Reale Avintia Academy 77 en el Mundial de Moto3\",\"datePublished\":\"2018-07-10T08:50:35+00:00\",\"dateModified\":\"2018-07-10T09:08:08+00:00\",\"mainEntityOfPage\":{\"@id\":\"http:\/\/esponsorama.ad\/ca\/vicente-perez-se-une-al-reale-avintia-academy-77-mundial-moto3-2\/\"},\"wordCount\":294,\"image\":{\"@id\":\"http:\/\/esponsorama.ad\/ca\/vicente-perez-se-une-al-reale-avintia-academy-77-mundial-moto3-2\/#primaryimage\"},\"thumbnailUrl\":\"http:\/\/esponsorama.ad\/wp-content\/uploads\/2018\/06\/07Montmelo18M3-0980.jpg\",\"articleSection\":[\"\"],\"inLanguage\":\"ca-AD\"},{\"@type\":\"WebPage\",\"@id\":\"http:\/\/esponsorama.ad\/ca\/vicente-perez-se-une-al-reale-avintia-academy-77-mundial-moto3-2\/\",\"url\":\"http:\/\/esponsorama.ad\/ca\/vicente-perez-se-une-al-reale-avintia-academy-77-mundial-moto3-2\/\",\"name\":\"Vicente P\u00e9rez se une al Reale Avintia Academy 77 en el Mundial de Moto3 - Esponsorama\",\"isPartOf\":{\"@id\":\"http:\/\/esponsorama.ad\/es\/#website\"},\"primaryImageOfPage\":{\"@id\":\"http:\/\/esponsorama.ad\/ca\/vicente-perez-se-une-al-reale-avintia-academy-77-mundial-moto3-2\/#primaryimage\"},\"image\":{\"@id\":\"http:\/\/esponsorama.ad\/ca\/vicente-perez-se-une-al-reale-avintia-academy-77-mundial-moto3-2\/#primaryimage\"},\"thumbnailUrl\":\"http:\/\/esponsorama.ad\/wp-content\/uploads\/2018\/06\/07Montmelo18M3-0980.jpg\",\"datePublished\":\"2018-07-10T08:50:35+00:00\",\"dateModified\":\"2018-07-10T09:08:08+00:00\",\"author\":{\"@id\":\"http:\/\/esponsorama.ad\/es\/#\/schema\/person\/a5cde74945183d737066e46b61c6f9c4\"},\"breadcrumb\":{\"@id\":\"http:\/\/esponsorama.ad\/ca\/vicente-perez-se-une-al-reale-avintia-academy-77-mundial-moto3-2\/#breadcrumb\"},\"inLanguage\":\"ca-AD\",\"potentialAction\":[{\"@type\":\"ReadAction\",\"target\":[\"http:\/\/esponsorama.ad\/ca\/vicente-perez-se-une-al-reale-avintia-academy-77-mundial-moto3-2\/\"]}]},{\"@type\":\"ImageObject\",\"inLanguage\":\"ca-AD\",\"@id\":\"http:\/\/esponsorama.ad\/ca\/vicente-perez-se-une-al-reale-avintia-academy-77-mundial-moto3-2\/#primaryimage\",\"url\":\"http:\/\/esponsorama.ad\/wp-content\/uploads\/2018\/06\/07Montmelo18M3-0980.jpg\",\"contentUrl\":\"http:\/\/esponsorama.ad\/wp-content\/uploads\/2018\/06\/07Montmelo18M3-0980.jpg\",\"width\":4604,\"height\":3069},{\"@type\":\"BreadcrumbList\",\"@id\":\"http:\/\/esponsorama.ad\/ca\/vicente-perez-se-une-al-reale-avintia-academy-77-mundial-moto3-2\/#breadcrumb\",\"itemListElement\":[{\"@type\":\"ListItem\",\"position\":1,\"name\":\"Home\",\"item\":\"http:\/\/esponsorama.ad\/ca\/\"},{\"@type\":\"ListItem\",\"position\":2,\"name\":\"Vicente P\u00e9rez se une al Reale Avintia Academy 77 en el Mundial de Moto3\"}]},{\"@type\":\"WebSite\",\"@id\":\"http:\/\/esponsorama.ad\/es\/#website\",\"url\":\"http:\/\/esponsorama.ad\/es\/\",\"name\":\"Esponsorama\",\"description\":\"Specialist in motorsport sponsorship and event promotions\",\"potentialAction\":[{\"@type\":\"SearchAction\",\"target\":{\"@type\":\"EntryPoint\",\"urlTemplate\":\"http:\/\/esponsorama.ad\/es\/?s={search_term_string}\"},\"query-input\":{\"@type\":\"PropertyValueSpecification\",\"valueRequired\":true,\"valueName\":\"search_term_string\"}}],\"inLanguage\":\"ca-AD\"},{\"@type\":\"Person\",\"@id\":\"http:\/\/esponsorama.ad\/es\/#\/schema\/person\/a5cde74945183d737066e46b61c6f9c4\",\"name\":\"Xavi Andornet\",\"image\":{\"@type\":\"ImageObject\",\"inLanguage\":\"ca-AD\",\"@id\":\"http:\/\/esponsorama.ad\/es\/#\/schema\/person\/image\/\",\"url\":\"https:\/\/secure.gravatar.com\/avatar\/f10eaf9ad601244a2357c9fd7cd9805ed166cfaaf76d5d9ab08a9d873e70147a?s=96&d=mm&r=g\",\"contentUrl\":\"https:\/\/secure.gravatar.com\/avatar\/f10eaf9ad601244a2357c9fd7cd9805ed166cfaaf76d5d9ab08a9d873e70147a?s=96&d=mm&r=g\",\"caption\":\"Xavi Andornet\"},\"sameAs\":[\"http:\/\/www.andornet.ad\"],\"url\":\"http:\/\/esponsorama.ad\/ca\/author\/andornet\/\"}]}<\/script>\n<!-- \/ Yoast SEO plugin. -->","yoast_head_json":{"title":"Vicente P\u00e9rez se une al Reale Avintia Academy 77 en el Mundial de Moto3 - Esponsorama","robots":{"index":"index","follow":"follow","max-snippet":"max-snippet:-1","max-image-preview":"max-image-preview:large","max-video-preview":"max-video-preview:-1"},"canonical":"http:\/\/esponsorama.ad\/ca\/vicente-perez-se-une-al-reale-avintia-academy-77-mundial-moto3-2\/","og_locale":"en_US","og_type":"article","og_title":"Vicente P\u00e9rez se une al Reale Avintia Academy 77 en el Mundial de Moto3 - Esponsorama","og_description":"Reale Avintia Academy 77 Moto3 &#8211; GP de Alemania &#8211; Sachsenring El equipo Reale Avintia Academy 77 estrena piloto este fin de semana en el Gran Premio de Alemania. El piloto valenciano Vicente P\u00e9rez ocupar\u00e1 el puesto de Livio Loi en el equipo hasta final de temporada. Nacido en Cullera (Valencia) hace 20 a\u00f1os, Vicente [&hellip;]","og_url":"http:\/\/esponsorama.ad\/ca\/vicente-perez-se-une-al-reale-avintia-academy-77-mundial-moto3-2\/","og_site_name":"Esponsorama","article_published_time":"2018-07-10T08:50:35+00:00","article_modified_time":"2018-07-10T09:08:08+00:00","og_image":[{"width":1024,"height":683,"url":"http:\/\/esponsorama.ad\/wp-content\/uploads\/2018\/06\/07Montmelo18M3-0980-1024x683.jpg","type":"image\/jpeg"}],"author":"Xavi Andornet","twitter_card":"summary_large_image","twitter_misc":{"Written by":"Xavi Andornet","Est. reading time":"1 minute"},"schema":{"@context":"https:\/\/schema.org","@graph":[{"@type":"Article","@id":"http:\/\/esponsorama.ad\/ca\/vicente-perez-se-une-al-reale-avintia-academy-77-mundial-moto3-2\/#article","isPartOf":{"@id":"http:\/\/esponsorama.ad\/ca\/vicente-perez-se-une-al-reale-avintia-academy-77-mundial-moto3-2\/"},"author":{"name":"Xavi Andornet","@id":"http:\/\/esponsorama.ad\/es\/#\/schema\/person\/a5cde74945183d737066e46b61c6f9c4"},"headline":"Vicente P\u00e9rez se une al Reale Avintia Academy 77 en el Mundial de Moto3","datePublished":"2018-07-10T08:50:35+00:00","dateModified":"2018-07-10T09:08:08+00:00","mainEntityOfPage":{"@id":"http:\/\/esponsorama.ad\/ca\/vicente-perez-se-une-al-reale-avintia-academy-77-mundial-moto3-2\/"},"wordCount":294,"image":{"@id":"http:\/\/esponsorama.ad\/ca\/vicente-perez-se-une-al-reale-avintia-academy-77-mundial-moto3-2\/#primaryimage"},"thumbnailUrl":"http:\/\/esponsorama.ad\/wp-content\/uploads\/2018\/06\/07Montmelo18M3-0980.jpg","articleSection":[""],"inLanguage":"ca-AD"},{"@type":"WebPage","@id":"http:\/\/esponsorama.ad\/ca\/vicente-perez-se-une-al-reale-avintia-academy-77-mundial-moto3-2\/","url":"http:\/\/esponsorama.ad\/ca\/vicente-perez-se-une-al-reale-avintia-academy-77-mundial-moto3-2\/","name":"Vicente P\u00e9rez se une al Reale Avintia Academy 77 en el Mundial de Moto3 - Esponsorama","isPartOf":{"@id":"http:\/\/esponsorama.ad\/es\/#website"},"primaryImageOfPage":{"@id":"http:\/\/esponsorama.ad\/ca\/vicente-perez-se-une-al-reale-avintia-academy-77-mundial-moto3-2\/#primaryimage"},"image":{"@id":"http:\/\/esponsorama.ad\/ca\/vicente-perez-se-une-al-reale-avintia-academy-77-mundial-moto3-2\/#primaryimage"},"thumbnailUrl":"http:\/\/esponsorama.ad\/wp-content\/uploads\/2018\/06\/07Montmelo18M3-0980.jpg","datePublished":"2018-07-10T08:50:35+00:00","dateModified":"2018-07-10T09:08:08+00:00","author":{"@id":"http:\/\/esponsorama.ad\/es\/#\/schema\/person\/a5cde74945183d737066e46b61c6f9c4"},"breadcrumb":{"@id":"http:\/\/esponsorama.ad\/ca\/vicente-perez-se-une-al-reale-avintia-academy-77-mundial-moto3-2\/#breadcrumb"},"inLanguage":"ca-AD","potentialAction":[{"@type":"ReadAction","target":["http:\/\/esponsorama.ad\/ca\/vicente-perez-se-une-al-reale-avintia-academy-77-mundial-moto3-2\/"]}]},{"@type":"ImageObject","inLanguage":"ca-AD","@id":"http:\/\/esponsorama.ad\/ca\/vicente-perez-se-une-al-reale-avintia-academy-77-mundial-moto3-2\/#primaryimage","url":"http:\/\/esponsorama.ad\/wp-content\/uploads\/2018\/06\/07Montmelo18M3-0980.jpg","contentUrl":"http:\/\/esponsorama.ad\/wp-content\/uploads\/2018\/06\/07Montmelo18M3-0980.jpg","width":4604,"height":3069},{"@type":"BreadcrumbList","@id":"http:\/\/esponsorama.ad\/ca\/vicente-perez-se-une-al-reale-avintia-academy-77-mundial-moto3-2\/#breadcrumb","itemListElement":[{"@type":"ListItem","position":1,"name":"Home","item":"http:\/\/esponsorama.ad\/ca\/"},{"@type":"ListItem","position":2,"name":"Vicente P\u00e9rez se une al Reale Avintia Academy 77 en el Mundial de Moto3"}]},{"@type":"WebSite","@id":"http:\/\/esponsorama.ad\/es\/#website","url":"http:\/\/esponsorama.ad\/es\/","name":"Esponsorama","description":"Specialist in motorsport sponsorship and event promotions","potentialAction":[{"@type":"SearchAction","target":{"@type":"EntryPoint","urlTemplate":"http:\/\/esponsorama.ad\/es\/?s={search_term_string}"},"query-input":{"@type":"PropertyValueSpecification","valueRequired":true,"valueName":"search_term_string"}}],"inLanguage":"ca-AD"},{"@type":"Person","@id":"http:\/\/esponsorama.ad\/es\/#\/schema\/person\/a5cde74945183d737066e46b61c6f9c4","name":"Xavi Andornet","image":{"@type":"ImageObject","inLanguage":"ca-AD","@id":"http:\/\/esponsorama.ad\/es\/#\/schema\/person\/image\/","url":"https:\/\/secure.gravatar.com\/avatar\/f10eaf9ad601244a2357c9fd7cd9805ed166cfaaf76d5d9ab08a9d873e70147a?s=96&d=mm&r=g","contentUrl":"https:\/\/secure.gravatar.com\/avatar\/f10eaf9ad601244a2357c9fd7cd9805ed166cfaaf76d5d9ab08a9d873e70147a?s=96&d=mm&r=g","caption":"Xavi Andornet"},"sameAs":["http:\/\/www.andornet.ad"],"url":"http:\/\/esponsorama.ad\/ca\/author\/andornet\/"}]}},"_links":{"self":[{"href":"http:\/\/esponsorama.ad\/ca\/wp-json\/wp\/v2\/posts\/10769","targetHints":{"allow":["GET"]}}],"collection":[{"href":"http:\/\/esponsorama.ad\/ca\/wp-json\/wp\/v2\/posts"}],"about":[{"href":"http:\/\/esponsorama.ad\/ca\/wp-json\/wp\/v2\/types\/post"}],"author":[{"embeddable":true,"href":"http:\/\/esponsorama.ad\/ca\/wp-json\/wp\/v2\/users\/6"}],"replies":[{"embeddable":true,"href":"http:\/\/esponsorama.ad\/ca\/wp-json\/wp\/v2\/comments?post=10769"}],"version-history":[{"count":0,"href":"http:\/\/esponsorama.ad\/ca\/wp-json\/wp\/v2\/posts\/10769\/revisions"}],"wp:featuredmedia":[{"embeddable":true,"href":"http:\/\/esponsorama.ad\/ca\/wp-json\/wp\/v2\/media\/10261"}],"wp:attachment":[{"href":"http:\/\/esponsorama.ad\/ca\/wp-json\/wp\/v2\/media?parent=10769"}],"wp:term":[{"taxonomy":"category","embeddable":true,"href":"http:\/\/esponsorama.ad\/ca\/wp-json\/wp\/v2\/categories?post=10769"},{"taxonomy":"post_tag","embeddable":true,"href":"http:\/\/esponsorama.ad\/ca\/wp-json\/wp\/v2\/tags?post=10769"}],"curies":[{"name":"wp","href":"https:\/\/api.w.org\/{rel}","templated":true}]}}