{"id":10791,"date":"2018-07-11T10:19:42","date_gmt":"2018-07-11T08:19:42","guid":{"rendered":"http:\/\/esponsorama.ad\/?p=10791"},"modified":"2018-07-11T10:21:50","modified_gmt":"2018-07-11T08:21:50","slug":"rabat-simeon-listos-luchar-buen-resultado-sachsenring-2","status":"publish","type":"post","link":"http:\/\/esponsorama.ad\/ca\/rabat-simeon-listos-luchar-buen-resultado-sachsenring-2\/","title":{"rendered":"Rabat y Simeon listos para luchar por un buen resultado en Sachsenring"},"content":{"rendered":"<p><strong>MotoGP GP de Alemania \u2013 Sachsenring<\/strong><\/p>\n<p>El Campeonato del Mundo de MotoGP pone rumbo a Alemania para disputar la \u00faltima carrera antes del descanso veraniego de casi tres semanas y los pilotos del equipo Reale Avintia Racing, Tito Rabat y Xavier Simeon, llegan a Sachsenring muy motivados y con ganas de terminar la primera parte de la temporada con una buen resultado.<\/p>\n<p>Tito Rabat quiere confirmar que puede estar luchando por el \u2018Top 10\u2019 y aunque Sachsenring no figura entre sus circuitos favoritos, el piloto espa\u00f1ol espera que con su Ducati GP17 cambie la t\u00f3nica de los \u00faltimos a\u00f1os.<\/p>\n<p>Su compa\u00f1ero Xavier Simeon llega a Sachsenring con muchas ganas. En Assen no fueron las cosas como hab\u00eda planeado y espera que su adaptaci\u00f3n al estrecho y revirado circuito alem\u00e1n sea m\u00e1s r\u00e1pida este fin de semana. El piloto belga del Reale Avintia Racing cuenta con buenos recuerdos en Sachsenring, no en vano fue el escenario de su primera victoria en el Mundial, tras ganar en Moto2 en 2015.<\/p>\n\n<p>&#8220;Hist\u00f3ricamente Sachsenring ha sido una pista complicada para m\u00ed, pero voy con muchas ganas y espero que cambie la historia. Llevamos varias carreras siendo competitivos pero por lo que sea, no acabamos de conseguir un buen resultado, as\u00ed que espero que sea en Alemania. Espero encontrar ese poquito que nos falta para conseguirlo, pero estoy seguro que con el trabajo de mi equipo estaremos m\u00e1s cerca\u201d.<\/p>\n\n<p>\u201cVoy a Alemania con muchas ganas porque tengo muy buenos recuerdos del circuito y siempre he ido r\u00e1pido all\u00ed. Espero encontrarme r\u00e1pido c\u00f3modo con la moto. Sachsenring es un circuito especial con muchas curvas a la izquierda y, con la MotoGP, seguro que ser\u00e1 como correr en una pista de karting. Voy motivado y con ganas de luchar por un buen resultado el domingo\u201d.<\/p>\n","protected":false},"excerpt":{"rendered":"<p>MotoGP GP de Alemania \u2013 Sachsenring El Campeonato del Mundo de MotoGP pone rumbo a Alemania para disputar la \u00faltima carrera antes del descanso veraniego de casi tres semanas y los pilotos del equipo Reale Avintia Racing, Tito Rabat y Xavier Simeon, llegan a Sachsenring muy motivados y con ganas de terminar la primera parte [&hellip;]<\/p>\n","protected":false},"author":6,"featured_media":10539,"comment_status":"closed","ping_status":"closed","sticky":false,"template":"","format":"standard","meta":{"footnotes":""},"categories":[3],"tags":[],"class_list":["post-10791","post","type-post","status-publish","format-standard","has-post-thumbnail","hentry","category-motogp"],"yoast_head":"<!-- This site is optimized with the Yoast SEO plugin v27.1.1 - https:\/\/yoast.com\/product\/yoast-seo-wordpress\/ -->\n<title>Rabat y Simeon listos para luchar por un buen resultado en Sachsenring - Esponsorama<\/title>\n<meta name=\"robots\" content=\"index, follow, max-snippet:-1, max-image-preview:large, max-video-preview:-1\" \/>\n<link rel=\"canonical\" href=\"http:\/\/esponsorama.ad\/ca\/rabat-simeon-listos-luchar-buen-resultado-sachsenring-2\/\" \/>\n<meta property=\"og:locale\" content=\"en_US\" \/>\n<meta property=\"og:type\" content=\"article\" \/>\n<meta property=\"og:title\" content=\"Rabat y Simeon listos para luchar por un buen resultado en Sachsenring - Esponsorama\" \/>\n<meta property=\"og:description\" content=\"MotoGP GP de Alemania \u2013 Sachsenring El Campeonato del Mundo de MotoGP pone rumbo a Alemania para disputar la \u00faltima carrera antes del descanso veraniego de casi tres semanas y los pilotos del equipo Reale Avintia Racing, Tito Rabat y Xavier Simeon, llegan a Sachsenring muy motivados y con ganas de terminar la primera parte [&hellip;]\" \/>\n<meta property=\"og:url\" content=\"http:\/\/esponsorama.ad\/ca\/rabat-simeon-listos-luchar-buen-resultado-sachsenring-2\/\" \/>\n<meta property=\"og:site_name\" content=\"Esponsorama\" \/>\n<meta property=\"article:published_time\" content=\"2018-07-11T08:19:42+00:00\" \/>\n<meta property=\"article:modified_time\" content=\"2018-07-11T08:21:50+00:00\" \/>\n<meta property=\"og:image\" content=\"http:\/\/esponsorama.ad\/wp-content\/uploads\/2018\/06\/08Assen18MgpEsponsorama_0711.jpg\" \/>\n\t<meta property=\"og:image:width\" content=\"4301\" \/>\n\t<meta property=\"og:image:height\" content=\"2867\" \/>\n\t<meta property=\"og:image:type\" content=\"image\/jpeg\" \/>\n<meta name=\"author\" content=\"Xavi Andornet\" \/>\n<meta name=\"twitter:card\" content=\"summary_large_image\" \/>\n<meta name=\"twitter:label1\" content=\"Written by\" \/>\n\t<meta name=\"twitter:data1\" content=\"Xavi Andornet\" \/>\n\t<meta name=\"twitter:label2\" content=\"Est. reading time\" \/>\n\t<meta name=\"twitter:data2\" content=\"2 minutes\" \/>\n<script type=\"application\/ld+json\" class=\"yoast-schema-graph\">{\"@context\":\"https:\/\/schema.org\",\"@graph\":[{\"@type\":\"Article\",\"@id\":\"http:\/\/esponsorama.ad\/ca\/rabat-simeon-listos-luchar-buen-resultado-sachsenring-2\/#article\",\"isPartOf\":{\"@id\":\"http:\/\/esponsorama.ad\/ca\/rabat-simeon-listos-luchar-buen-resultado-sachsenring-2\/\"},\"author\":{\"name\":\"Xavi Andornet\",\"@id\":\"http:\/\/esponsorama.ad\/es\/#\/schema\/person\/a5cde74945183d737066e46b61c6f9c4\"},\"headline\":\"Rabat y Simeon listos para luchar por un buen resultado en Sachsenring\",\"datePublished\":\"2018-07-11T08:19:42+00:00\",\"dateModified\":\"2018-07-11T08:21:50+00:00\",\"mainEntityOfPage\":{\"@id\":\"http:\/\/esponsorama.ad\/ca\/rabat-simeon-listos-luchar-buen-resultado-sachsenring-2\/\"},\"wordCount\":325,\"image\":{\"@id\":\"http:\/\/esponsorama.ad\/ca\/rabat-simeon-listos-luchar-buen-resultado-sachsenring-2\/#primaryimage\"},\"thumbnailUrl\":\"http:\/\/esponsorama.ad\/wp-content\/uploads\/2018\/06\/08Assen18MgpEsponsorama_0711.jpg\",\"articleSection\":[\"MotoGP\"],\"inLanguage\":\"ca-AD\"},{\"@type\":\"WebPage\",\"@id\":\"http:\/\/esponsorama.ad\/ca\/rabat-simeon-listos-luchar-buen-resultado-sachsenring-2\/\",\"url\":\"http:\/\/esponsorama.ad\/ca\/rabat-simeon-listos-luchar-buen-resultado-sachsenring-2\/\",\"name\":\"Rabat y Simeon listos para luchar por un buen resultado en Sachsenring - Esponsorama\",\"isPartOf\":{\"@id\":\"http:\/\/esponsorama.ad\/es\/#website\"},\"primaryImageOfPage\":{\"@id\":\"http:\/\/esponsorama.ad\/ca\/rabat-simeon-listos-luchar-buen-resultado-sachsenring-2\/#primaryimage\"},\"image\":{\"@id\":\"http:\/\/esponsorama.ad\/ca\/rabat-simeon-listos-luchar-buen-resultado-sachsenring-2\/#primaryimage\"},\"thumbnailUrl\":\"http:\/\/esponsorama.ad\/wp-content\/uploads\/2018\/06\/08Assen18MgpEsponsorama_0711.jpg\",\"datePublished\":\"2018-07-11T08:19:42+00:00\",\"dateModified\":\"2018-07-11T08:21:50+00:00\",\"author\":{\"@id\":\"http:\/\/esponsorama.ad\/es\/#\/schema\/person\/a5cde74945183d737066e46b61c6f9c4\"},\"breadcrumb\":{\"@id\":\"http:\/\/esponsorama.ad\/ca\/rabat-simeon-listos-luchar-buen-resultado-sachsenring-2\/#breadcrumb\"},\"inLanguage\":\"ca-AD\",\"potentialAction\":[{\"@type\":\"ReadAction\",\"target\":[\"http:\/\/esponsorama.ad\/ca\/rabat-simeon-listos-luchar-buen-resultado-sachsenring-2\/\"]}]},{\"@type\":\"ImageObject\",\"inLanguage\":\"ca-AD\",\"@id\":\"http:\/\/esponsorama.ad\/ca\/rabat-simeon-listos-luchar-buen-resultado-sachsenring-2\/#primaryimage\",\"url\":\"http:\/\/esponsorama.ad\/wp-content\/uploads\/2018\/06\/08Assen18MgpEsponsorama_0711.jpg\",\"contentUrl\":\"http:\/\/esponsorama.ad\/wp-content\/uploads\/2018\/06\/08Assen18MgpEsponsorama_0711.jpg\",\"width\":4301,\"height\":2867},{\"@type\":\"BreadcrumbList\",\"@id\":\"http:\/\/esponsorama.ad\/ca\/rabat-simeon-listos-luchar-buen-resultado-sachsenring-2\/#breadcrumb\",\"itemListElement\":[{\"@type\":\"ListItem\",\"position\":1,\"name\":\"Home\",\"item\":\"http:\/\/esponsorama.ad\/ca\/\"},{\"@type\":\"ListItem\",\"position\":2,\"name\":\"Rabat y Simeon listos para luchar por un buen resultado en Sachsenring\"}]},{\"@type\":\"WebSite\",\"@id\":\"http:\/\/esponsorama.ad\/es\/#website\",\"url\":\"http:\/\/esponsorama.ad\/es\/\",\"name\":\"Esponsorama\",\"description\":\"Specialist in motorsport sponsorship and event promotions\",\"potentialAction\":[{\"@type\":\"SearchAction\",\"target\":{\"@type\":\"EntryPoint\",\"urlTemplate\":\"http:\/\/esponsorama.ad\/es\/?s={search_term_string}\"},\"query-input\":{\"@type\":\"PropertyValueSpecification\",\"valueRequired\":true,\"valueName\":\"search_term_string\"}}],\"inLanguage\":\"ca-AD\"},{\"@type\":\"Person\",\"@id\":\"http:\/\/esponsorama.ad\/es\/#\/schema\/person\/a5cde74945183d737066e46b61c6f9c4\",\"name\":\"Xavi Andornet\",\"image\":{\"@type\":\"ImageObject\",\"inLanguage\":\"ca-AD\",\"@id\":\"http:\/\/esponsorama.ad\/es\/#\/schema\/person\/image\/\",\"url\":\"https:\/\/secure.gravatar.com\/avatar\/f10eaf9ad601244a2357c9fd7cd9805ed166cfaaf76d5d9ab08a9d873e70147a?s=96&d=mm&r=g\",\"contentUrl\":\"https:\/\/secure.gravatar.com\/avatar\/f10eaf9ad601244a2357c9fd7cd9805ed166cfaaf76d5d9ab08a9d873e70147a?s=96&d=mm&r=g\",\"caption\":\"Xavi Andornet\"},\"sameAs\":[\"http:\/\/www.andornet.ad\"],\"url\":\"http:\/\/esponsorama.ad\/ca\/author\/andornet\/\"}]}<\/script>\n<!-- \/ Yoast SEO plugin. -->","yoast_head_json":{"title":"Rabat y Simeon listos para luchar por un buen resultado en Sachsenring - Esponsorama","robots":{"index":"index","follow":"follow","max-snippet":"max-snippet:-1","max-image-preview":"max-image-preview:large","max-video-preview":"max-video-preview:-1"},"canonical":"http:\/\/esponsorama.ad\/ca\/rabat-simeon-listos-luchar-buen-resultado-sachsenring-2\/","og_locale":"en_US","og_type":"article","og_title":"Rabat y Simeon listos para luchar por un buen resultado en Sachsenring - Esponsorama","og_description":"MotoGP GP de Alemania \u2013 Sachsenring El Campeonato del Mundo de MotoGP pone rumbo a Alemania para disputar la \u00faltima carrera antes del descanso veraniego de casi tres semanas y los pilotos del equipo Reale Avintia Racing, Tito Rabat y Xavier Simeon, llegan a Sachsenring muy motivados y con ganas de terminar la primera parte [&hellip;]","og_url":"http:\/\/esponsorama.ad\/ca\/rabat-simeon-listos-luchar-buen-resultado-sachsenring-2\/","og_site_name":"Esponsorama","article_published_time":"2018-07-11T08:19:42+00:00","article_modified_time":"2018-07-11T08:21:50+00:00","og_image":[{"width":4301,"height":2867,"url":"http:\/\/esponsorama.ad\/wp-content\/uploads\/2018\/06\/08Assen18MgpEsponsorama_0711.jpg","type":"image\/jpeg"}],"author":"Xavi Andornet","twitter_card":"summary_large_image","twitter_misc":{"Written by":"Xavi Andornet","Est. reading time":"2 minutes"},"schema":{"@context":"https:\/\/schema.org","@graph":[{"@type":"Article","@id":"http:\/\/esponsorama.ad\/ca\/rabat-simeon-listos-luchar-buen-resultado-sachsenring-2\/#article","isPartOf":{"@id":"http:\/\/esponsorama.ad\/ca\/rabat-simeon-listos-luchar-buen-resultado-sachsenring-2\/"},"author":{"name":"Xavi Andornet","@id":"http:\/\/esponsorama.ad\/es\/#\/schema\/person\/a5cde74945183d737066e46b61c6f9c4"},"headline":"Rabat y Simeon listos para luchar por un buen resultado en Sachsenring","datePublished":"2018-07-11T08:19:42+00:00","dateModified":"2018-07-11T08:21:50+00:00","mainEntityOfPage":{"@id":"http:\/\/esponsorama.ad\/ca\/rabat-simeon-listos-luchar-buen-resultado-sachsenring-2\/"},"wordCount":325,"image":{"@id":"http:\/\/esponsorama.ad\/ca\/rabat-simeon-listos-luchar-buen-resultado-sachsenring-2\/#primaryimage"},"thumbnailUrl":"http:\/\/esponsorama.ad\/wp-content\/uploads\/2018\/06\/08Assen18MgpEsponsorama_0711.jpg","articleSection":["MotoGP"],"inLanguage":"ca-AD"},{"@type":"WebPage","@id":"http:\/\/esponsorama.ad\/ca\/rabat-simeon-listos-luchar-buen-resultado-sachsenring-2\/","url":"http:\/\/esponsorama.ad\/ca\/rabat-simeon-listos-luchar-buen-resultado-sachsenring-2\/","name":"Rabat y Simeon listos para luchar por un buen resultado en Sachsenring - Esponsorama","isPartOf":{"@id":"http:\/\/esponsorama.ad\/es\/#website"},"primaryImageOfPage":{"@id":"http:\/\/esponsorama.ad\/ca\/rabat-simeon-listos-luchar-buen-resultado-sachsenring-2\/#primaryimage"},"image":{"@id":"http:\/\/esponsorama.ad\/ca\/rabat-simeon-listos-luchar-buen-resultado-sachsenring-2\/#primaryimage"},"thumbnailUrl":"http:\/\/esponsorama.ad\/wp-content\/uploads\/2018\/06\/08Assen18MgpEsponsorama_0711.jpg","datePublished":"2018-07-11T08:19:42+00:00","dateModified":"2018-07-11T08:21:50+00:00","author":{"@id":"http:\/\/esponsorama.ad\/es\/#\/schema\/person\/a5cde74945183d737066e46b61c6f9c4"},"breadcrumb":{"@id":"http:\/\/esponsorama.ad\/ca\/rabat-simeon-listos-luchar-buen-resultado-sachsenring-2\/#breadcrumb"},"inLanguage":"ca-AD","potentialAction":[{"@type":"ReadAction","target":["http:\/\/esponsorama.ad\/ca\/rabat-simeon-listos-luchar-buen-resultado-sachsenring-2\/"]}]},{"@type":"ImageObject","inLanguage":"ca-AD","@id":"http:\/\/esponsorama.ad\/ca\/rabat-simeon-listos-luchar-buen-resultado-sachsenring-2\/#primaryimage","url":"http:\/\/esponsorama.ad\/wp-content\/uploads\/2018\/06\/08Assen18MgpEsponsorama_0711.jpg","contentUrl":"http:\/\/esponsorama.ad\/wp-content\/uploads\/2018\/06\/08Assen18MgpEsponsorama_0711.jpg","width":4301,"height":2867},{"@type":"BreadcrumbList","@id":"http:\/\/esponsorama.ad\/ca\/rabat-simeon-listos-luchar-buen-resultado-sachsenring-2\/#breadcrumb","itemListElement":[{"@type":"ListItem","position":1,"name":"Home","item":"http:\/\/esponsorama.ad\/ca\/"},{"@type":"ListItem","position":2,"name":"Rabat y Simeon listos para luchar por un buen resultado en Sachsenring"}]},{"@type":"WebSite","@id":"http:\/\/esponsorama.ad\/es\/#website","url":"http:\/\/esponsorama.ad\/es\/","name":"Esponsorama","description":"Specialist in motorsport sponsorship and event promotions","potentialAction":[{"@type":"SearchAction","target":{"@type":"EntryPoint","urlTemplate":"http:\/\/esponsorama.ad\/es\/?s={search_term_string}"},"query-input":{"@type":"PropertyValueSpecification","valueRequired":true,"valueName":"search_term_string"}}],"inLanguage":"ca-AD"},{"@type":"Person","@id":"http:\/\/esponsorama.ad\/es\/#\/schema\/person\/a5cde74945183d737066e46b61c6f9c4","name":"Xavi Andornet","image":{"@type":"ImageObject","inLanguage":"ca-AD","@id":"http:\/\/esponsorama.ad\/es\/#\/schema\/person\/image\/","url":"https:\/\/secure.gravatar.com\/avatar\/f10eaf9ad601244a2357c9fd7cd9805ed166cfaaf76d5d9ab08a9d873e70147a?s=96&d=mm&r=g","contentUrl":"https:\/\/secure.gravatar.com\/avatar\/f10eaf9ad601244a2357c9fd7cd9805ed166cfaaf76d5d9ab08a9d873e70147a?s=96&d=mm&r=g","caption":"Xavi Andornet"},"sameAs":["http:\/\/www.andornet.ad"],"url":"http:\/\/esponsorama.ad\/ca\/author\/andornet\/"}]}},"_links":{"self":[{"href":"http:\/\/esponsorama.ad\/ca\/wp-json\/wp\/v2\/posts\/10791","targetHints":{"allow":["GET"]}}],"collection":[{"href":"http:\/\/esponsorama.ad\/ca\/wp-json\/wp\/v2\/posts"}],"about":[{"href":"http:\/\/esponsorama.ad\/ca\/wp-json\/wp\/v2\/types\/post"}],"author":[{"embeddable":true,"href":"http:\/\/esponsorama.ad\/ca\/wp-json\/wp\/v2\/users\/6"}],"replies":[{"embeddable":true,"href":"http:\/\/esponsorama.ad\/ca\/wp-json\/wp\/v2\/comments?post=10791"}],"version-history":[{"count":0,"href":"http:\/\/esponsorama.ad\/ca\/wp-json\/wp\/v2\/posts\/10791\/revisions"}],"wp:featuredmedia":[{"embeddable":true,"href":"http:\/\/esponsorama.ad\/ca\/wp-json\/wp\/v2\/media\/10539"}],"wp:attachment":[{"href":"http:\/\/esponsorama.ad\/ca\/wp-json\/wp\/v2\/media?parent=10791"}],"wp:term":[{"taxonomy":"category","embeddable":true,"href":"http:\/\/esponsorama.ad\/ca\/wp-json\/wp\/v2\/categories?post=10791"},{"taxonomy":"post_tag","embeddable":true,"href":"http:\/\/esponsorama.ad\/ca\/wp-json\/wp\/v2\/tags?post=10791"}],"curies":[{"name":"wp","href":"https:\/\/api.w.org\/{rel}","templated":true}]}}