{"id":11061,"date":"2018-07-31T13:14:55","date_gmt":"2018-07-31T11:14:55","guid":{"rendered":"http:\/\/esponsorama.ad\/?p=11061"},"modified":"2018-08-05T09:11:01","modified_gmt":"2018-08-05T07:11:01","slug":"mundial-motogp-comienza-segunda-mitad-brno-3","status":"publish","type":"post","link":"http:\/\/esponsorama.ad\/ca\/mundial-motogp-comienza-segunda-mitad-brno-3\/","title":{"rendered":"El Mundial de MotoGP comen\u00e7a la seva segona meitat a Brno"},"content":{"rendered":"<p><strong>MotoGP GP de la Rep. Txeca &#8211; Brno <\/strong><\/p>\n<p>El Campionat del M\u00f3n de MotoGP comen\u00e7a la seva segona meitat amb el Gran Premi de la Rep\u00fablica Txeca aquest cap de setmana. Els pilots de l&#8217;equip Reale Avintia Racing arriben al circuit de Brno amb les piles carregades despr\u00e9s de dues setmanes de vacances. Per\u00f2 per a Tito Rabat i Xavier Simeon aquests 15 dies han estat de tot menys tranquils.\u2028Nom\u00e9s uns dies despr\u00e9s de Sachsenring van viatjar a Misano per a la desena edici\u00f3 del World Ducati Weekend, on van participar en diverses carreres d&#8217;exhibici\u00f3 i tots dos van pujar al podi, amb Simeon segon en Flat Track amb les Scrambler i Rabat tamb\u00e9 segon en la Race of Champions amb les Panigale V4 S.<\/p>\n<p>Per\u00f2 no satisfets, en l&#8217;\u00faltima setmana han estat a Val\u00e8ncia, on han pogut entrenar amb tot tipus de motos per comen\u00e7ar al m\u00e0xim la segona fase del campionat, que a m\u00e9s comptar\u00e0 amb dues carreres en caps de setmana consecutius, el primer a la Rep\u00fablica Txeca i set dies despr\u00e9s a \u00c0ustria.<\/p>\n\n<p>&#8220;Despr\u00e9s de l&#8217;aturada d&#8217;estiu arribo amb les piles carregades i tinc moltes ganes de carreres. Al WDW alguna bona batalla vam tenir, per\u00f2 MotoGP \u00e9s una altra hist\u00f2ria. Despr\u00e9s d&#8217;Assen i Sachsenring, que han estat pistes complicades per a nosaltres, ara arriben circuits favorables per a la Ducati com Brno i \u00c0ustria on espero poder fer-ho b\u00e9. Vull millorar els resultats i pujar de nivell per poder emportar-nos un bon grapat de punts a casa despr\u00e9s de cada cursa\u201d.<\/p>\n\n<p>\u201cHan estat dues setmanes divertides, primer amb el WDW i aquests dies entrenant al m\u00e0xim amb Tito a Val\u00e8ncia. Estic desitjant comen\u00e7ar una altra vegada, m&#8217;he preparat b\u00e9 per estar fort la resta de la temporada i estic disposat a treure el m\u00e0xim del paquet t\u00e8cnic que tinc. V\u00e9nen dos circuits que van b\u00e9 per a la Ducati, sobretot Spielberg i vull donar-ho tot per poder brillar una miqueta\u201d.<\/p>\n","protected":false},"excerpt":{"rendered":"<p>MotoGP GP de la Rep. Txeca &#8211; Brno El Campionat del M\u00f3n de MotoGP comen\u00e7a la seva segona meitat amb el Gran Premi de la Rep\u00fablica Txeca aquest cap de setmana. Els pilots de l&#8217;equip Reale Avintia Racing arriben al circuit de Brno amb les piles carregades despr\u00e9s de dues setmanes de vacances. Per\u00f2 per [&hellip;]<\/p>\n","protected":false},"author":6,"featured_media":11056,"comment_status":"closed","ping_status":"closed","sticky":false,"template":"","format":"standard","meta":{"footnotes":""},"categories":[3],"tags":[],"class_list":["post-11061","post","type-post","status-publish","format-standard","has-post-thumbnail","hentry","category-motogp"],"yoast_head":"<!-- This site is optimized with the Yoast SEO plugin v27.1.1 - https:\/\/yoast.com\/product\/yoast-seo-wordpress\/ -->\n<title>El Mundial de MotoGP comen\u00e7a la seva segona meitat a Brno - Esponsorama<\/title>\n<meta name=\"robots\" content=\"index, follow, max-snippet:-1, max-image-preview:large, max-video-preview:-1\" \/>\n<link rel=\"canonical\" href=\"http:\/\/esponsorama.ad\/ca\/mundial-motogp-comienza-segunda-mitad-brno-3\/\" \/>\n<meta property=\"og:locale\" content=\"en_US\" \/>\n<meta property=\"og:type\" content=\"article\" \/>\n<meta property=\"og:title\" content=\"El Mundial de MotoGP comen\u00e7a la seva segona meitat a Brno - Esponsorama\" \/>\n<meta property=\"og:description\" content=\"MotoGP GP de la Rep. Txeca &#8211; Brno El Campionat del M\u00f3n de MotoGP comen\u00e7a la seva segona meitat amb el Gran Premi de la Rep\u00fablica Txeca aquest cap de setmana. Els pilots de l&#8217;equip Reale Avintia Racing arriben al circuit de Brno amb les piles carregades despr\u00e9s de dues setmanes de vacances. Per\u00f2 per [&hellip;]\" \/>\n<meta property=\"og:url\" content=\"http:\/\/esponsorama.ad\/ca\/mundial-motogp-comienza-segunda-mitad-brno-3\/\" \/>\n<meta property=\"og:site_name\" content=\"Esponsorama\" \/>\n<meta property=\"article:published_time\" content=\"2018-07-31T11:14:55+00:00\" \/>\n<meta property=\"article:modified_time\" content=\"2018-08-05T07:11:01+00:00\" \/>\n<meta property=\"og:image\" content=\"http:\/\/esponsorama.ad\/wp-content\/uploads\/2018\/07\/09_SACHSEN_2018_MGP_AVINTIA-8648-1-1024x683.jpg\" \/>\n\t<meta property=\"og:image:width\" content=\"1024\" \/>\n\t<meta property=\"og:image:height\" content=\"683\" \/>\n\t<meta property=\"og:image:type\" content=\"image\/jpeg\" \/>\n<meta name=\"author\" content=\"Xavi Andornet\" \/>\n<meta name=\"twitter:card\" content=\"summary_large_image\" \/>\n<meta name=\"twitter:label1\" content=\"Written by\" \/>\n\t<meta name=\"twitter:data1\" content=\"Xavi Andornet\" \/>\n\t<meta name=\"twitter:label2\" content=\"Est. reading time\" \/>\n\t<meta name=\"twitter:data2\" content=\"2 minutes\" \/>\n<script type=\"application\/ld+json\" class=\"yoast-schema-graph\">{\"@context\":\"https:\/\/schema.org\",\"@graph\":[{\"@type\":\"Article\",\"@id\":\"http:\/\/esponsorama.ad\/ca\/mundial-motogp-comienza-segunda-mitad-brno-3\/#article\",\"isPartOf\":{\"@id\":\"http:\/\/esponsorama.ad\/ca\/mundial-motogp-comienza-segunda-mitad-brno-3\/\"},\"author\":{\"name\":\"Xavi Andornet\",\"@id\":\"http:\/\/esponsorama.ad\/es\/#\/schema\/person\/a5cde74945183d737066e46b61c6f9c4\"},\"headline\":\"El Mundial de MotoGP comen\u00e7a la seva segona meitat a Brno\",\"datePublished\":\"2018-07-31T11:14:55+00:00\",\"dateModified\":\"2018-08-05T07:11:01+00:00\",\"mainEntityOfPage\":{\"@id\":\"http:\/\/esponsorama.ad\/ca\/mundial-motogp-comienza-segunda-mitad-brno-3\/\"},\"wordCount\":364,\"image\":{\"@id\":\"http:\/\/esponsorama.ad\/ca\/mundial-motogp-comienza-segunda-mitad-brno-3\/#primaryimage\"},\"thumbnailUrl\":\"http:\/\/esponsorama.ad\/wp-content\/uploads\/2018\/07\/09_SACHSEN_2018_MGP_AVINTIA-8648-1.jpg\",\"articleSection\":[\"MotoGP\"],\"inLanguage\":\"ca-AD\"},{\"@type\":\"WebPage\",\"@id\":\"http:\/\/esponsorama.ad\/ca\/mundial-motogp-comienza-segunda-mitad-brno-3\/\",\"url\":\"http:\/\/esponsorama.ad\/ca\/mundial-motogp-comienza-segunda-mitad-brno-3\/\",\"name\":\"El Mundial de MotoGP comen\u00e7a la seva segona meitat a Brno - Esponsorama\",\"isPartOf\":{\"@id\":\"http:\/\/esponsorama.ad\/es\/#website\"},\"primaryImageOfPage\":{\"@id\":\"http:\/\/esponsorama.ad\/ca\/mundial-motogp-comienza-segunda-mitad-brno-3\/#primaryimage\"},\"image\":{\"@id\":\"http:\/\/esponsorama.ad\/ca\/mundial-motogp-comienza-segunda-mitad-brno-3\/#primaryimage\"},\"thumbnailUrl\":\"http:\/\/esponsorama.ad\/wp-content\/uploads\/2018\/07\/09_SACHSEN_2018_MGP_AVINTIA-8648-1.jpg\",\"datePublished\":\"2018-07-31T11:14:55+00:00\",\"dateModified\":\"2018-08-05T07:11:01+00:00\",\"author\":{\"@id\":\"http:\/\/esponsorama.ad\/es\/#\/schema\/person\/a5cde74945183d737066e46b61c6f9c4\"},\"breadcrumb\":{\"@id\":\"http:\/\/esponsorama.ad\/ca\/mundial-motogp-comienza-segunda-mitad-brno-3\/#breadcrumb\"},\"inLanguage\":\"ca-AD\",\"potentialAction\":[{\"@type\":\"ReadAction\",\"target\":[\"http:\/\/esponsorama.ad\/ca\/mundial-motogp-comienza-segunda-mitad-brno-3\/\"]}]},{\"@type\":\"ImageObject\",\"inLanguage\":\"ca-AD\",\"@id\":\"http:\/\/esponsorama.ad\/ca\/mundial-motogp-comienza-segunda-mitad-brno-3\/#primaryimage\",\"url\":\"http:\/\/esponsorama.ad\/wp-content\/uploads\/2018\/07\/09_SACHSEN_2018_MGP_AVINTIA-8648-1.jpg\",\"contentUrl\":\"http:\/\/esponsorama.ad\/wp-content\/uploads\/2018\/07\/09_SACHSEN_2018_MGP_AVINTIA-8648-1.jpg\",\"width\":4562,\"height\":3041},{\"@type\":\"BreadcrumbList\",\"@id\":\"http:\/\/esponsorama.ad\/ca\/mundial-motogp-comienza-segunda-mitad-brno-3\/#breadcrumb\",\"itemListElement\":[{\"@type\":\"ListItem\",\"position\":1,\"name\":\"Home\",\"item\":\"http:\/\/esponsorama.ad\/ca\/\"},{\"@type\":\"ListItem\",\"position\":2,\"name\":\"El Mundial de MotoGP comen\u00e7a la seva segona meitat a Brno\"}]},{\"@type\":\"WebSite\",\"@id\":\"http:\/\/esponsorama.ad\/es\/#website\",\"url\":\"http:\/\/esponsorama.ad\/es\/\",\"name\":\"Esponsorama\",\"description\":\"Specialist in motorsport sponsorship and event promotions\",\"potentialAction\":[{\"@type\":\"SearchAction\",\"target\":{\"@type\":\"EntryPoint\",\"urlTemplate\":\"http:\/\/esponsorama.ad\/es\/?s={search_term_string}\"},\"query-input\":{\"@type\":\"PropertyValueSpecification\",\"valueRequired\":true,\"valueName\":\"search_term_string\"}}],\"inLanguage\":\"ca-AD\"},{\"@type\":\"Person\",\"@id\":\"http:\/\/esponsorama.ad\/es\/#\/schema\/person\/a5cde74945183d737066e46b61c6f9c4\",\"name\":\"Xavi Andornet\",\"image\":{\"@type\":\"ImageObject\",\"inLanguage\":\"ca-AD\",\"@id\":\"http:\/\/esponsorama.ad\/es\/#\/schema\/person\/image\/\",\"url\":\"https:\/\/secure.gravatar.com\/avatar\/f10eaf9ad601244a2357c9fd7cd9805ed166cfaaf76d5d9ab08a9d873e70147a?s=96&d=mm&r=g\",\"contentUrl\":\"https:\/\/secure.gravatar.com\/avatar\/f10eaf9ad601244a2357c9fd7cd9805ed166cfaaf76d5d9ab08a9d873e70147a?s=96&d=mm&r=g\",\"caption\":\"Xavi Andornet\"},\"sameAs\":[\"http:\/\/www.andornet.ad\"],\"url\":\"http:\/\/esponsorama.ad\/ca\/author\/andornet\/\"}]}<\/script>\n<!-- \/ Yoast SEO plugin. -->","yoast_head_json":{"title":"El Mundial de MotoGP comen\u00e7a la seva segona meitat a Brno - Esponsorama","robots":{"index":"index","follow":"follow","max-snippet":"max-snippet:-1","max-image-preview":"max-image-preview:large","max-video-preview":"max-video-preview:-1"},"canonical":"http:\/\/esponsorama.ad\/ca\/mundial-motogp-comienza-segunda-mitad-brno-3\/","og_locale":"en_US","og_type":"article","og_title":"El Mundial de MotoGP comen\u00e7a la seva segona meitat a Brno - Esponsorama","og_description":"MotoGP GP de la Rep. Txeca &#8211; Brno El Campionat del M\u00f3n de MotoGP comen\u00e7a la seva segona meitat amb el Gran Premi de la Rep\u00fablica Txeca aquest cap de setmana. Els pilots de l&#8217;equip Reale Avintia Racing arriben al circuit de Brno amb les piles carregades despr\u00e9s de dues setmanes de vacances. Per\u00f2 per [&hellip;]","og_url":"http:\/\/esponsorama.ad\/ca\/mundial-motogp-comienza-segunda-mitad-brno-3\/","og_site_name":"Esponsorama","article_published_time":"2018-07-31T11:14:55+00:00","article_modified_time":"2018-08-05T07:11:01+00:00","og_image":[{"width":1024,"height":683,"url":"http:\/\/esponsorama.ad\/wp-content\/uploads\/2018\/07\/09_SACHSEN_2018_MGP_AVINTIA-8648-1-1024x683.jpg","type":"image\/jpeg"}],"author":"Xavi Andornet","twitter_card":"summary_large_image","twitter_misc":{"Written by":"Xavi Andornet","Est. reading time":"2 minutes"},"schema":{"@context":"https:\/\/schema.org","@graph":[{"@type":"Article","@id":"http:\/\/esponsorama.ad\/ca\/mundial-motogp-comienza-segunda-mitad-brno-3\/#article","isPartOf":{"@id":"http:\/\/esponsorama.ad\/ca\/mundial-motogp-comienza-segunda-mitad-brno-3\/"},"author":{"name":"Xavi Andornet","@id":"http:\/\/esponsorama.ad\/es\/#\/schema\/person\/a5cde74945183d737066e46b61c6f9c4"},"headline":"El Mundial de MotoGP comen\u00e7a la seva segona meitat a Brno","datePublished":"2018-07-31T11:14:55+00:00","dateModified":"2018-08-05T07:11:01+00:00","mainEntityOfPage":{"@id":"http:\/\/esponsorama.ad\/ca\/mundial-motogp-comienza-segunda-mitad-brno-3\/"},"wordCount":364,"image":{"@id":"http:\/\/esponsorama.ad\/ca\/mundial-motogp-comienza-segunda-mitad-brno-3\/#primaryimage"},"thumbnailUrl":"http:\/\/esponsorama.ad\/wp-content\/uploads\/2018\/07\/09_SACHSEN_2018_MGP_AVINTIA-8648-1.jpg","articleSection":["MotoGP"],"inLanguage":"ca-AD"},{"@type":"WebPage","@id":"http:\/\/esponsorama.ad\/ca\/mundial-motogp-comienza-segunda-mitad-brno-3\/","url":"http:\/\/esponsorama.ad\/ca\/mundial-motogp-comienza-segunda-mitad-brno-3\/","name":"El Mundial de MotoGP comen\u00e7a la seva segona meitat a Brno - Esponsorama","isPartOf":{"@id":"http:\/\/esponsorama.ad\/es\/#website"},"primaryImageOfPage":{"@id":"http:\/\/esponsorama.ad\/ca\/mundial-motogp-comienza-segunda-mitad-brno-3\/#primaryimage"},"image":{"@id":"http:\/\/esponsorama.ad\/ca\/mundial-motogp-comienza-segunda-mitad-brno-3\/#primaryimage"},"thumbnailUrl":"http:\/\/esponsorama.ad\/wp-content\/uploads\/2018\/07\/09_SACHSEN_2018_MGP_AVINTIA-8648-1.jpg","datePublished":"2018-07-31T11:14:55+00:00","dateModified":"2018-08-05T07:11:01+00:00","author":{"@id":"http:\/\/esponsorama.ad\/es\/#\/schema\/person\/a5cde74945183d737066e46b61c6f9c4"},"breadcrumb":{"@id":"http:\/\/esponsorama.ad\/ca\/mundial-motogp-comienza-segunda-mitad-brno-3\/#breadcrumb"},"inLanguage":"ca-AD","potentialAction":[{"@type":"ReadAction","target":["http:\/\/esponsorama.ad\/ca\/mundial-motogp-comienza-segunda-mitad-brno-3\/"]}]},{"@type":"ImageObject","inLanguage":"ca-AD","@id":"http:\/\/esponsorama.ad\/ca\/mundial-motogp-comienza-segunda-mitad-brno-3\/#primaryimage","url":"http:\/\/esponsorama.ad\/wp-content\/uploads\/2018\/07\/09_SACHSEN_2018_MGP_AVINTIA-8648-1.jpg","contentUrl":"http:\/\/esponsorama.ad\/wp-content\/uploads\/2018\/07\/09_SACHSEN_2018_MGP_AVINTIA-8648-1.jpg","width":4562,"height":3041},{"@type":"BreadcrumbList","@id":"http:\/\/esponsorama.ad\/ca\/mundial-motogp-comienza-segunda-mitad-brno-3\/#breadcrumb","itemListElement":[{"@type":"ListItem","position":1,"name":"Home","item":"http:\/\/esponsorama.ad\/ca\/"},{"@type":"ListItem","position":2,"name":"El Mundial de MotoGP comen\u00e7a la seva segona meitat a Brno"}]},{"@type":"WebSite","@id":"http:\/\/esponsorama.ad\/es\/#website","url":"http:\/\/esponsorama.ad\/es\/","name":"Esponsorama","description":"Specialist in motorsport sponsorship and event promotions","potentialAction":[{"@type":"SearchAction","target":{"@type":"EntryPoint","urlTemplate":"http:\/\/esponsorama.ad\/es\/?s={search_term_string}"},"query-input":{"@type":"PropertyValueSpecification","valueRequired":true,"valueName":"search_term_string"}}],"inLanguage":"ca-AD"},{"@type":"Person","@id":"http:\/\/esponsorama.ad\/es\/#\/schema\/person\/a5cde74945183d737066e46b61c6f9c4","name":"Xavi Andornet","image":{"@type":"ImageObject","inLanguage":"ca-AD","@id":"http:\/\/esponsorama.ad\/es\/#\/schema\/person\/image\/","url":"https:\/\/secure.gravatar.com\/avatar\/f10eaf9ad601244a2357c9fd7cd9805ed166cfaaf76d5d9ab08a9d873e70147a?s=96&d=mm&r=g","contentUrl":"https:\/\/secure.gravatar.com\/avatar\/f10eaf9ad601244a2357c9fd7cd9805ed166cfaaf76d5d9ab08a9d873e70147a?s=96&d=mm&r=g","caption":"Xavi Andornet"},"sameAs":["http:\/\/www.andornet.ad"],"url":"http:\/\/esponsorama.ad\/ca\/author\/andornet\/"}]}},"_links":{"self":[{"href":"http:\/\/esponsorama.ad\/ca\/wp-json\/wp\/v2\/posts\/11061","targetHints":{"allow":["GET"]}}],"collection":[{"href":"http:\/\/esponsorama.ad\/ca\/wp-json\/wp\/v2\/posts"}],"about":[{"href":"http:\/\/esponsorama.ad\/ca\/wp-json\/wp\/v2\/types\/post"}],"author":[{"embeddable":true,"href":"http:\/\/esponsorama.ad\/ca\/wp-json\/wp\/v2\/users\/6"}],"replies":[{"embeddable":true,"href":"http:\/\/esponsorama.ad\/ca\/wp-json\/wp\/v2\/comments?post=11061"}],"version-history":[{"count":0,"href":"http:\/\/esponsorama.ad\/ca\/wp-json\/wp\/v2\/posts\/11061\/revisions"}],"wp:featuredmedia":[{"embeddable":true,"href":"http:\/\/esponsorama.ad\/ca\/wp-json\/wp\/v2\/media\/11056"}],"wp:attachment":[{"href":"http:\/\/esponsorama.ad\/ca\/wp-json\/wp\/v2\/media?parent=11061"}],"wp:term":[{"taxonomy":"category","embeddable":true,"href":"http:\/\/esponsorama.ad\/ca\/wp-json\/wp\/v2\/categories?post=11061"},{"taxonomy":"post_tag","embeddable":true,"href":"http:\/\/esponsorama.ad\/ca\/wp-json\/wp\/v2\/tags?post=11061"}],"curies":[{"name":"wp","href":"https:\/\/api.w.org\/{rel}","templated":true}]}}