{"id":11456,"date":"2018-08-10T18:28:29","date_gmt":"2018-08-10T16:28:29","guid":{"rendered":"http:\/\/esponsorama.ad\/?p=11456"},"modified":"2018-08-10T18:32:25","modified_gmt":"2018-08-10T16:32:25","slug":"rabat-rapido-seco-simeon-mojado-2","status":"publish","type":"post","link":"http:\/\/esponsorama.ad\/ca\/rabat-rapido-seco-simeon-mojado-2\/","title":{"rendered":"Rabat r\u00e1pido en seco, Simeon en mojado"},"content":{"rendered":"<p><strong>MotoGP GP de Austria \u2013 Spielberg<\/strong><\/p>\n<p>El piloto del equipo Reale Avintia Racing, Tito Rabat, ha vuelto a sorprender en la primera sesi\u00f3n libre del Gran Premio de Austria y, de momento, est\u00e1 clasificado para la Q2. El espa\u00f1ol ha marcado un tiempo de 1\u201924.676 con lo que ocupa la octava posici\u00f3n en la combinada de tiempos ya que, por la tarde, los entrenamientos se han disputado con el suelo mojado. Rabat ha sido 14\u00ba en el FP2, y lo m\u00e1s importante es que sus sensaciones en agua con la Ducati cada vez son m\u00e1s positivas.<\/p>\n<p>Para Xavier Simeon tambi\u00e9n ha sido un buen d\u00eda en Spielberg. El piloto belga del Reale Avintia ha sido 22\u00ba por la ma\u00f1ana y ha rodado en tiempos competitivos. Por la tarde con lluvia no ha rodado mucho, pero le han bastado seis vueltas para marcar el 12\u00ba mejor tiempo en mojado y ha quedado sorprendido con el buen agarre del trazado austr\u00edaco en esas condiciones.<\/p>\n<p>Ma\u00f1ana el FP3 comenzar\u00e1 a las 9:55, el FP4 a las 13:30, con los cronometrados a partir de las 14:05.<\/p>\n\n<p>\u201cHa sido un d\u00eda muy positivo, sab\u00edamos que por la tarde pod\u00eda llover as\u00ed que hemos apretado en el FP1 y de momento estamos en la Q2. As\u00ed que ha sido una buena estrategia porque ma\u00f1ana puede ser que todav\u00eda est\u00e9 mojado para el FP3. Estoy contento con el ritmo de esta ma\u00f1ana porque seguimos en la misma l\u00ednea que en Brno donde ya fuimos r\u00e1pido. Por la tarde a lo mejor hemos esperado mucho en salir en agua, pero he hecho cinco vueltas bien y me ha sorprendido lo r\u00e1pido que he cogido ritmo y sensaciones, por eso estoy contento. En agua siempre me ha costado mucho y con esta moto cada vez voy mejor. Estamos listos para lo que venga, pero espero que ma\u00f1ana y el resto del fin de semana no llueva\u201d.<\/p>\n\n<p>\u201cEsta ma\u00f1ana he cogido ritmo inmediatamente y ha ido mucho mejor de lo que esperaba, me he encontrado muy c\u00f3modo y con confianza. Pero al final cuando he montado el neum\u00e1tico trasero nuevo, otra vez, no he conseguido sacar el m\u00e1ximo rendimiento y no hemos podido dar el \u00faltimo paso para entrar entre los 15 primeros. Pero ha ido mucho mejor. Por la tarde en agua me he llevado una grata sorpresa con el agarre de la pista, el a\u00f1o pasado en Moto2 era muy peligroso, pero hoy ha sido fant\u00e1stico. He dado pocas vueltas pero he disfrutado pilotando la moto en esas condiciones.\u201d<\/p>\n","protected":false},"excerpt":{"rendered":"<p>MotoGP GP de Austria \u2013 Spielberg El piloto del equipo Reale Avintia Racing, Tito Rabat, ha vuelto a sorprender en la primera sesi\u00f3n libre del Gran Premio de Austria y, de momento, est\u00e1 clasificado para la Q2. El espa\u00f1ol ha marcado un tiempo de 1\u201924.676 con lo que ocupa la octava posici\u00f3n en la combinada [&hellip;]<\/p>\n","protected":false},"author":6,"featured_media":11409,"comment_status":"closed","ping_status":"closed","sticky":false,"template":"","format":"standard","meta":{"footnotes":""},"categories":[3],"tags":[],"class_list":["post-11456","post","type-post","status-publish","format-standard","has-post-thumbnail","hentry","category-motogp"],"yoast_head":"<!-- This site is optimized with the Yoast SEO plugin v27.1.1 - https:\/\/yoast.com\/product\/yoast-seo-wordpress\/ -->\n<title>Rabat r\u00e1pido en seco, Simeon en mojado - Esponsorama<\/title>\n<meta name=\"robots\" content=\"index, follow, max-snippet:-1, max-image-preview:large, max-video-preview:-1\" \/>\n<link rel=\"canonical\" href=\"http:\/\/esponsorama.ad\/ca\/rabat-rapido-seco-simeon-mojado-2\/\" \/>\n<meta property=\"og:locale\" content=\"en_US\" \/>\n<meta property=\"og:type\" content=\"article\" \/>\n<meta property=\"og:title\" content=\"Rabat r\u00e1pido en seco, Simeon en mojado - Esponsorama\" \/>\n<meta property=\"og:description\" content=\"MotoGP GP de Austria \u2013 Spielberg El piloto del equipo Reale Avintia Racing, Tito Rabat, ha vuelto a sorprender en la primera sesi\u00f3n libre del Gran Premio de Austria y, de momento, est\u00e1 clasificado para la Q2. El espa\u00f1ol ha marcado un tiempo de 1\u201924.676 con lo que ocupa la octava posici\u00f3n en la combinada [&hellip;]\" \/>\n<meta property=\"og:url\" content=\"http:\/\/esponsorama.ad\/ca\/rabat-rapido-seco-simeon-mojado-2\/\" \/>\n<meta property=\"og:site_name\" content=\"Esponsorama\" \/>\n<meta property=\"article:published_time\" content=\"2018-08-10T16:28:29+00:00\" \/>\n<meta property=\"article:modified_time\" content=\"2018-08-10T16:32:25+00:00\" \/>\n<meta property=\"og:image\" content=\"http:\/\/esponsorama.ad\/wp-content\/uploads\/2018\/08\/11_RedBullRing_2018_MotoGP_Rabat_Friday-0130-1024x683.jpg\" \/>\n\t<meta property=\"og:image:width\" content=\"1024\" \/>\n\t<meta property=\"og:image:height\" content=\"683\" \/>\n\t<meta property=\"og:image:type\" content=\"image\/jpeg\" \/>\n<meta name=\"author\" content=\"Xavi Andornet\" \/>\n<meta name=\"twitter:card\" content=\"summary_large_image\" \/>\n<meta name=\"twitter:label1\" content=\"Written by\" \/>\n\t<meta name=\"twitter:data1\" content=\"Xavi Andornet\" \/>\n\t<meta name=\"twitter:label2\" content=\"Est. reading time\" \/>\n\t<meta name=\"twitter:data2\" content=\"2 minutes\" \/>\n<script type=\"application\/ld+json\" class=\"yoast-schema-graph\">{\"@context\":\"https:\/\/schema.org\",\"@graph\":[{\"@type\":\"Article\",\"@id\":\"http:\/\/esponsorama.ad\/ca\/rabat-rapido-seco-simeon-mojado-2\/#article\",\"isPartOf\":{\"@id\":\"http:\/\/esponsorama.ad\/ca\/rabat-rapido-seco-simeon-mojado-2\/\"},\"author\":{\"name\":\"Xavi Andornet\",\"@id\":\"http:\/\/esponsorama.ad\/es\/#\/schema\/person\/a5cde74945183d737066e46b61c6f9c4\"},\"headline\":\"Rabat r\u00e1pido en seco, Simeon en mojado\",\"datePublished\":\"2018-08-10T16:28:29+00:00\",\"dateModified\":\"2018-08-10T16:32:25+00:00\",\"mainEntityOfPage\":{\"@id\":\"http:\/\/esponsorama.ad\/ca\/rabat-rapido-seco-simeon-mojado-2\/\"},\"wordCount\":456,\"image\":{\"@id\":\"http:\/\/esponsorama.ad\/ca\/rabat-rapido-seco-simeon-mojado-2\/#primaryimage\"},\"thumbnailUrl\":\"http:\/\/esponsorama.ad\/wp-content\/uploads\/2018\/08\/11_RedBullRing_2018_MotoGP_Rabat_Friday-0130.jpg\",\"articleSection\":[\"MotoGP\"],\"inLanguage\":\"ca-AD\"},{\"@type\":\"WebPage\",\"@id\":\"http:\/\/esponsorama.ad\/ca\/rabat-rapido-seco-simeon-mojado-2\/\",\"url\":\"http:\/\/esponsorama.ad\/ca\/rabat-rapido-seco-simeon-mojado-2\/\",\"name\":\"Rabat r\u00e1pido en seco, Simeon en mojado - Esponsorama\",\"isPartOf\":{\"@id\":\"http:\/\/esponsorama.ad\/es\/#website\"},\"primaryImageOfPage\":{\"@id\":\"http:\/\/esponsorama.ad\/ca\/rabat-rapido-seco-simeon-mojado-2\/#primaryimage\"},\"image\":{\"@id\":\"http:\/\/esponsorama.ad\/ca\/rabat-rapido-seco-simeon-mojado-2\/#primaryimage\"},\"thumbnailUrl\":\"http:\/\/esponsorama.ad\/wp-content\/uploads\/2018\/08\/11_RedBullRing_2018_MotoGP_Rabat_Friday-0130.jpg\",\"datePublished\":\"2018-08-10T16:28:29+00:00\",\"dateModified\":\"2018-08-10T16:32:25+00:00\",\"author\":{\"@id\":\"http:\/\/esponsorama.ad\/es\/#\/schema\/person\/a5cde74945183d737066e46b61c6f9c4\"},\"breadcrumb\":{\"@id\":\"http:\/\/esponsorama.ad\/ca\/rabat-rapido-seco-simeon-mojado-2\/#breadcrumb\"},\"inLanguage\":\"ca-AD\",\"potentialAction\":[{\"@type\":\"ReadAction\",\"target\":[\"http:\/\/esponsorama.ad\/ca\/rabat-rapido-seco-simeon-mojado-2\/\"]}]},{\"@type\":\"ImageObject\",\"inLanguage\":\"ca-AD\",\"@id\":\"http:\/\/esponsorama.ad\/ca\/rabat-rapido-seco-simeon-mojado-2\/#primaryimage\",\"url\":\"http:\/\/esponsorama.ad\/wp-content\/uploads\/2018\/08\/11_RedBullRing_2018_MotoGP_Rabat_Friday-0130.jpg\",\"contentUrl\":\"http:\/\/esponsorama.ad\/wp-content\/uploads\/2018\/08\/11_RedBullRing_2018_MotoGP_Rabat_Friday-0130.jpg\",\"width\":3400,\"height\":2267},{\"@type\":\"BreadcrumbList\",\"@id\":\"http:\/\/esponsorama.ad\/ca\/rabat-rapido-seco-simeon-mojado-2\/#breadcrumb\",\"itemListElement\":[{\"@type\":\"ListItem\",\"position\":1,\"name\":\"Home\",\"item\":\"http:\/\/esponsorama.ad\/en\/\"},{\"@type\":\"ListItem\",\"position\":2,\"name\":\"Rabat r\u00e1pido en seco, Simeon en mojado\"}]},{\"@type\":\"WebSite\",\"@id\":\"http:\/\/esponsorama.ad\/es\/#website\",\"url\":\"http:\/\/esponsorama.ad\/es\/\",\"name\":\"Esponsorama\",\"description\":\"Specialist in motorsport sponsorship and event promotions\",\"potentialAction\":[{\"@type\":\"SearchAction\",\"target\":{\"@type\":\"EntryPoint\",\"urlTemplate\":\"http:\/\/esponsorama.ad\/es\/?s={search_term_string}\"},\"query-input\":{\"@type\":\"PropertyValueSpecification\",\"valueRequired\":true,\"valueName\":\"search_term_string\"}}],\"inLanguage\":\"ca-AD\"},{\"@type\":\"Person\",\"@id\":\"http:\/\/esponsorama.ad\/es\/#\/schema\/person\/a5cde74945183d737066e46b61c6f9c4\",\"name\":\"Xavi Andornet\",\"image\":{\"@type\":\"ImageObject\",\"inLanguage\":\"ca-AD\",\"@id\":\"http:\/\/esponsorama.ad\/es\/#\/schema\/person\/image\/\",\"url\":\"https:\/\/secure.gravatar.com\/avatar\/f10eaf9ad601244a2357c9fd7cd9805ed166cfaaf76d5d9ab08a9d873e70147a?s=96&d=mm&r=g\",\"contentUrl\":\"https:\/\/secure.gravatar.com\/avatar\/f10eaf9ad601244a2357c9fd7cd9805ed166cfaaf76d5d9ab08a9d873e70147a?s=96&d=mm&r=g\",\"caption\":\"Xavi Andornet\"},\"sameAs\":[\"http:\/\/www.andornet.ad\"],\"url\":\"http:\/\/esponsorama.ad\/ca\/author\/andornet\/\"}]}<\/script>\n<!-- \/ Yoast SEO plugin. -->","yoast_head_json":{"title":"Rabat r\u00e1pido en seco, Simeon en mojado - Esponsorama","robots":{"index":"index","follow":"follow","max-snippet":"max-snippet:-1","max-image-preview":"max-image-preview:large","max-video-preview":"max-video-preview:-1"},"canonical":"http:\/\/esponsorama.ad\/ca\/rabat-rapido-seco-simeon-mojado-2\/","og_locale":"en_US","og_type":"article","og_title":"Rabat r\u00e1pido en seco, Simeon en mojado - Esponsorama","og_description":"MotoGP GP de Austria \u2013 Spielberg El piloto del equipo Reale Avintia Racing, Tito Rabat, ha vuelto a sorprender en la primera sesi\u00f3n libre del Gran Premio de Austria y, de momento, est\u00e1 clasificado para la Q2. El espa\u00f1ol ha marcado un tiempo de 1\u201924.676 con lo que ocupa la octava posici\u00f3n en la combinada [&hellip;]","og_url":"http:\/\/esponsorama.ad\/ca\/rabat-rapido-seco-simeon-mojado-2\/","og_site_name":"Esponsorama","article_published_time":"2018-08-10T16:28:29+00:00","article_modified_time":"2018-08-10T16:32:25+00:00","og_image":[{"width":1024,"height":683,"url":"http:\/\/esponsorama.ad\/wp-content\/uploads\/2018\/08\/11_RedBullRing_2018_MotoGP_Rabat_Friday-0130-1024x683.jpg","type":"image\/jpeg"}],"author":"Xavi Andornet","twitter_card":"summary_large_image","twitter_misc":{"Written by":"Xavi Andornet","Est. reading time":"2 minutes"},"schema":{"@context":"https:\/\/schema.org","@graph":[{"@type":"Article","@id":"http:\/\/esponsorama.ad\/ca\/rabat-rapido-seco-simeon-mojado-2\/#article","isPartOf":{"@id":"http:\/\/esponsorama.ad\/ca\/rabat-rapido-seco-simeon-mojado-2\/"},"author":{"name":"Xavi Andornet","@id":"http:\/\/esponsorama.ad\/es\/#\/schema\/person\/a5cde74945183d737066e46b61c6f9c4"},"headline":"Rabat r\u00e1pido en seco, Simeon en mojado","datePublished":"2018-08-10T16:28:29+00:00","dateModified":"2018-08-10T16:32:25+00:00","mainEntityOfPage":{"@id":"http:\/\/esponsorama.ad\/ca\/rabat-rapido-seco-simeon-mojado-2\/"},"wordCount":456,"image":{"@id":"http:\/\/esponsorama.ad\/ca\/rabat-rapido-seco-simeon-mojado-2\/#primaryimage"},"thumbnailUrl":"http:\/\/esponsorama.ad\/wp-content\/uploads\/2018\/08\/11_RedBullRing_2018_MotoGP_Rabat_Friday-0130.jpg","articleSection":["MotoGP"],"inLanguage":"ca-AD"},{"@type":"WebPage","@id":"http:\/\/esponsorama.ad\/ca\/rabat-rapido-seco-simeon-mojado-2\/","url":"http:\/\/esponsorama.ad\/ca\/rabat-rapido-seco-simeon-mojado-2\/","name":"Rabat r\u00e1pido en seco, Simeon en mojado - Esponsorama","isPartOf":{"@id":"http:\/\/esponsorama.ad\/es\/#website"},"primaryImageOfPage":{"@id":"http:\/\/esponsorama.ad\/ca\/rabat-rapido-seco-simeon-mojado-2\/#primaryimage"},"image":{"@id":"http:\/\/esponsorama.ad\/ca\/rabat-rapido-seco-simeon-mojado-2\/#primaryimage"},"thumbnailUrl":"http:\/\/esponsorama.ad\/wp-content\/uploads\/2018\/08\/11_RedBullRing_2018_MotoGP_Rabat_Friday-0130.jpg","datePublished":"2018-08-10T16:28:29+00:00","dateModified":"2018-08-10T16:32:25+00:00","author":{"@id":"http:\/\/esponsorama.ad\/es\/#\/schema\/person\/a5cde74945183d737066e46b61c6f9c4"},"breadcrumb":{"@id":"http:\/\/esponsorama.ad\/ca\/rabat-rapido-seco-simeon-mojado-2\/#breadcrumb"},"inLanguage":"ca-AD","potentialAction":[{"@type":"ReadAction","target":["http:\/\/esponsorama.ad\/ca\/rabat-rapido-seco-simeon-mojado-2\/"]}]},{"@type":"ImageObject","inLanguage":"ca-AD","@id":"http:\/\/esponsorama.ad\/ca\/rabat-rapido-seco-simeon-mojado-2\/#primaryimage","url":"http:\/\/esponsorama.ad\/wp-content\/uploads\/2018\/08\/11_RedBullRing_2018_MotoGP_Rabat_Friday-0130.jpg","contentUrl":"http:\/\/esponsorama.ad\/wp-content\/uploads\/2018\/08\/11_RedBullRing_2018_MotoGP_Rabat_Friday-0130.jpg","width":3400,"height":2267},{"@type":"BreadcrumbList","@id":"http:\/\/esponsorama.ad\/ca\/rabat-rapido-seco-simeon-mojado-2\/#breadcrumb","itemListElement":[{"@type":"ListItem","position":1,"name":"Home","item":"http:\/\/esponsorama.ad\/en\/"},{"@type":"ListItem","position":2,"name":"Rabat r\u00e1pido en seco, Simeon en mojado"}]},{"@type":"WebSite","@id":"http:\/\/esponsorama.ad\/es\/#website","url":"http:\/\/esponsorama.ad\/es\/","name":"Esponsorama","description":"Specialist in motorsport sponsorship and event promotions","potentialAction":[{"@type":"SearchAction","target":{"@type":"EntryPoint","urlTemplate":"http:\/\/esponsorama.ad\/es\/?s={search_term_string}"},"query-input":{"@type":"PropertyValueSpecification","valueRequired":true,"valueName":"search_term_string"}}],"inLanguage":"ca-AD"},{"@type":"Person","@id":"http:\/\/esponsorama.ad\/es\/#\/schema\/person\/a5cde74945183d737066e46b61c6f9c4","name":"Xavi Andornet","image":{"@type":"ImageObject","inLanguage":"ca-AD","@id":"http:\/\/esponsorama.ad\/es\/#\/schema\/person\/image\/","url":"https:\/\/secure.gravatar.com\/avatar\/f10eaf9ad601244a2357c9fd7cd9805ed166cfaaf76d5d9ab08a9d873e70147a?s=96&d=mm&r=g","contentUrl":"https:\/\/secure.gravatar.com\/avatar\/f10eaf9ad601244a2357c9fd7cd9805ed166cfaaf76d5d9ab08a9d873e70147a?s=96&d=mm&r=g","caption":"Xavi Andornet"},"sameAs":["http:\/\/www.andornet.ad"],"url":"http:\/\/esponsorama.ad\/ca\/author\/andornet\/"}]}},"_links":{"self":[{"href":"http:\/\/esponsorama.ad\/ca\/wp-json\/wp\/v2\/posts\/11456","targetHints":{"allow":["GET"]}}],"collection":[{"href":"http:\/\/esponsorama.ad\/ca\/wp-json\/wp\/v2\/posts"}],"about":[{"href":"http:\/\/esponsorama.ad\/ca\/wp-json\/wp\/v2\/types\/post"}],"author":[{"embeddable":true,"href":"http:\/\/esponsorama.ad\/ca\/wp-json\/wp\/v2\/users\/6"}],"replies":[{"embeddable":true,"href":"http:\/\/esponsorama.ad\/ca\/wp-json\/wp\/v2\/comments?post=11456"}],"version-history":[{"count":0,"href":"http:\/\/esponsorama.ad\/ca\/wp-json\/wp\/v2\/posts\/11456\/revisions"}],"wp:featuredmedia":[{"embeddable":true,"href":"http:\/\/esponsorama.ad\/ca\/wp-json\/wp\/v2\/media\/11409"}],"wp:attachment":[{"href":"http:\/\/esponsorama.ad\/ca\/wp-json\/wp\/v2\/media?parent=11456"}],"wp:term":[{"taxonomy":"category","embeddable":true,"href":"http:\/\/esponsorama.ad\/ca\/wp-json\/wp\/v2\/categories?post=11456"},{"taxonomy":"post_tag","embeddable":true,"href":"http:\/\/esponsorama.ad\/ca\/wp-json\/wp\/v2\/tags?post=11456"}],"curies":[{"name":"wp","href":"https:\/\/api.w.org\/{rel}","templated":true}]}}