{"id":11640,"date":"2018-08-24T17:48:06","date_gmt":"2018-08-24T15:48:06","guid":{"rendered":"http:\/\/esponsorama.ad\/?p=11640"},"modified":"2018-08-24T17:50:50","modified_gmt":"2018-08-24T15:50:50","slug":"vicente-perez-comienza-trabajo-gran-bretana-2","status":"publish","type":"post","link":"http:\/\/esponsorama.ad\/ca\/vicente-perez-comienza-trabajo-gran-bretana-2\/","title":{"rendered":"Vicente P\u00e9rez comienza el trabajo en Gran Breta\u00f1a"},"content":{"rendered":"<p><strong>Reale Avintia Academy 77 Moto3 \u2013 GP de Gran Breta\u00f1a \u2013 Silverstone<\/strong><\/p>\n<p><strong>\u00a0<\/strong>El primer d\u00eda de entrenamientos libres para el Gran Premio de Gran Breta\u00f1a ha sido positivo para el equipo Reale Avintia Academy 77. Vicente P\u00e9rez ha terminado vig\u00e9simo segundo, pero con buenas sensaciones.<\/p>\n<p>Silverstone es un trazado muy t\u00e9cnico y en el que es dif\u00edcil encontrar la mejor trazada para ir deprisa, pero con los consejos del equipo Vicente ha ido mejorando poco a poco y ma\u00f1ana esperan poder hacerlo aun m\u00e1s y clasificarse entre los 15 m\u00e1s r\u00e1pidos para la carrera.<\/p>\n<p>La previsi\u00f3n meteorol\u00f3gica para ma\u00f1ana es buena y pese a las bajas temperaturas, el sol brillar\u00e1 durante todo el d\u00eda en Silverstone. No as\u00ed el domingo, cuando se espera que las carreras se disputen en condiciones de lluvia.<\/p>\n\n<p>\u201cHa sido un primer d\u00eda positivo porque cada vez que hemos salido a pista hemos mejorado los tiempos. Al final hemos terminado m\u00e1s atr\u00e1s de lo que quer\u00edamos, pero hemos podido mantener un buen ritmo en las dos sesiones y mi vuelta r\u00e1pida ideal me colocar\u00eda mucho m\u00e1s arriba. Ahora toca analizar todo bien para ma\u00f1ana dar otro paso e intentar poner todo junto para poder lograr una buena posici\u00f3n en la parrilla de salida del domingo.\u201d<\/p>\n","protected":false},"excerpt":{"rendered":"<p>Reale Avintia Academy 77 Moto3 \u2013 GP de Gran Breta\u00f1a \u2013 Silverstone \u00a0El primer d\u00eda de entrenamientos libres para el Gran Premio de Gran Breta\u00f1a ha sido positivo para el equipo Reale Avintia Academy 77. Vicente P\u00e9rez ha terminado vig\u00e9simo segundo, pero con buenas sensaciones. Silverstone es un trazado muy t\u00e9cnico y en el que [&hellip;]<\/p>\n","protected":false},"author":6,"featured_media":11627,"comment_status":"closed","ping_status":"closed","sticky":false,"template":"","format":"standard","meta":{"footnotes":""},"categories":[12],"tags":[],"class_list":["post-11640","post","type-post","status-publish","format-standard","has-post-thumbnail","hentry"],"yoast_head":"<!-- This site is optimized with the Yoast SEO plugin v27.1.1 - https:\/\/yoast.com\/product\/yoast-seo-wordpress\/ -->\n<title>Vicente P\u00e9rez comienza el trabajo en Gran Breta\u00f1a - Esponsorama<\/title>\n<meta name=\"robots\" content=\"index, follow, max-snippet:-1, max-image-preview:large, max-video-preview:-1\" \/>\n<link rel=\"canonical\" href=\"http:\/\/esponsorama.ad\/ca\/vicente-perez-comienza-trabajo-gran-bretana-2\/\" \/>\n<meta property=\"og:locale\" content=\"en_US\" \/>\n<meta property=\"og:type\" content=\"article\" \/>\n<meta property=\"og:title\" content=\"Vicente P\u00e9rez comienza el trabajo en Gran Breta\u00f1a - Esponsorama\" \/>\n<meta property=\"og:description\" content=\"Reale Avintia Academy 77 Moto3 \u2013 GP de Gran Breta\u00f1a \u2013 Silverstone \u00a0El primer d\u00eda de entrenamientos libres para el Gran Premio de Gran Breta\u00f1a ha sido positivo para el equipo Reale Avintia Academy 77. Vicente P\u00e9rez ha terminado vig\u00e9simo segundo, pero con buenas sensaciones. Silverstone es un trazado muy t\u00e9cnico y en el que [&hellip;]\" \/>\n<meta property=\"og:url\" content=\"http:\/\/esponsorama.ad\/ca\/vicente-perez-comienza-trabajo-gran-bretana-2\/\" \/>\n<meta property=\"og:site_name\" content=\"Esponsorama\" \/>\n<meta property=\"article:published_time\" content=\"2018-08-24T15:48:06+00:00\" \/>\n<meta property=\"article:modified_time\" content=\"2018-08-24T15:50:50+00:00\" \/>\n<meta property=\"og:image\" content=\"http:\/\/esponsorama.ad\/wp-content\/uploads\/2018\/08\/TIN7282-1024x683.jpg\" \/>\n\t<meta property=\"og:image:width\" content=\"1024\" \/>\n\t<meta property=\"og:image:height\" content=\"683\" \/>\n\t<meta property=\"og:image:type\" content=\"image\/jpeg\" \/>\n<meta name=\"author\" content=\"Xavi Andornet\" \/>\n<meta name=\"twitter:card\" content=\"summary_large_image\" \/>\n<meta name=\"twitter:label1\" content=\"Written by\" \/>\n\t<meta name=\"twitter:data1\" content=\"Xavi Andornet\" \/>\n\t<meta name=\"twitter:label2\" content=\"Est. reading time\" \/>\n\t<meta name=\"twitter:data2\" content=\"1 minute\" \/>\n<script type=\"application\/ld+json\" class=\"yoast-schema-graph\">{\"@context\":\"https:\/\/schema.org\",\"@graph\":[{\"@type\":\"Article\",\"@id\":\"http:\/\/esponsorama.ad\/ca\/vicente-perez-comienza-trabajo-gran-bretana-2\/#article\",\"isPartOf\":{\"@id\":\"http:\/\/esponsorama.ad\/ca\/vicente-perez-comienza-trabajo-gran-bretana-2\/\"},\"author\":{\"name\":\"Xavi Andornet\",\"@id\":\"http:\/\/esponsorama.ad\/es\/#\/schema\/person\/a5cde74945183d737066e46b61c6f9c4\"},\"headline\":\"Vicente P\u00e9rez comienza el trabajo en Gran Breta\u00f1a\",\"datePublished\":\"2018-08-24T15:48:06+00:00\",\"dateModified\":\"2018-08-24T15:50:50+00:00\",\"mainEntityOfPage\":{\"@id\":\"http:\/\/esponsorama.ad\/ca\/vicente-perez-comienza-trabajo-gran-bretana-2\/\"},\"wordCount\":243,\"image\":{\"@id\":\"http:\/\/esponsorama.ad\/ca\/vicente-perez-comienza-trabajo-gran-bretana-2\/#primaryimage\"},\"thumbnailUrl\":\"http:\/\/esponsorama.ad\/wp-content\/uploads\/2018\/08\/TIN7282.jpg\",\"articleSection\":[\"\"],\"inLanguage\":\"ca-AD\"},{\"@type\":\"WebPage\",\"@id\":\"http:\/\/esponsorama.ad\/ca\/vicente-perez-comienza-trabajo-gran-bretana-2\/\",\"url\":\"http:\/\/esponsorama.ad\/ca\/vicente-perez-comienza-trabajo-gran-bretana-2\/\",\"name\":\"Vicente P\u00e9rez comienza el trabajo en Gran Breta\u00f1a - Esponsorama\",\"isPartOf\":{\"@id\":\"http:\/\/esponsorama.ad\/es\/#website\"},\"primaryImageOfPage\":{\"@id\":\"http:\/\/esponsorama.ad\/ca\/vicente-perez-comienza-trabajo-gran-bretana-2\/#primaryimage\"},\"image\":{\"@id\":\"http:\/\/esponsorama.ad\/ca\/vicente-perez-comienza-trabajo-gran-bretana-2\/#primaryimage\"},\"thumbnailUrl\":\"http:\/\/esponsorama.ad\/wp-content\/uploads\/2018\/08\/TIN7282.jpg\",\"datePublished\":\"2018-08-24T15:48:06+00:00\",\"dateModified\":\"2018-08-24T15:50:50+00:00\",\"author\":{\"@id\":\"http:\/\/esponsorama.ad\/es\/#\/schema\/person\/a5cde74945183d737066e46b61c6f9c4\"},\"breadcrumb\":{\"@id\":\"http:\/\/esponsorama.ad\/ca\/vicente-perez-comienza-trabajo-gran-bretana-2\/#breadcrumb\"},\"inLanguage\":\"ca-AD\",\"potentialAction\":[{\"@type\":\"ReadAction\",\"target\":[\"http:\/\/esponsorama.ad\/ca\/vicente-perez-comienza-trabajo-gran-bretana-2\/\"]}]},{\"@type\":\"ImageObject\",\"inLanguage\":\"ca-AD\",\"@id\":\"http:\/\/esponsorama.ad\/ca\/vicente-perez-comienza-trabajo-gran-bretana-2\/#primaryimage\",\"url\":\"http:\/\/esponsorama.ad\/wp-content\/uploads\/2018\/08\/TIN7282.jpg\",\"contentUrl\":\"http:\/\/esponsorama.ad\/wp-content\/uploads\/2018\/08\/TIN7282.jpg\",\"width\":3648,\"height\":2432},{\"@type\":\"BreadcrumbList\",\"@id\":\"http:\/\/esponsorama.ad\/ca\/vicente-perez-comienza-trabajo-gran-bretana-2\/#breadcrumb\",\"itemListElement\":[{\"@type\":\"ListItem\",\"position\":1,\"name\":\"Home\",\"item\":\"http:\/\/esponsorama.ad\/es\/\"},{\"@type\":\"ListItem\",\"position\":2,\"name\":\"Vicente P\u00e9rez comienza el trabajo en Gran Breta\u00f1a\"}]},{\"@type\":\"WebSite\",\"@id\":\"http:\/\/esponsorama.ad\/es\/#website\",\"url\":\"http:\/\/esponsorama.ad\/es\/\",\"name\":\"Esponsorama\",\"description\":\"Specialist in motorsport sponsorship and event promotions\",\"potentialAction\":[{\"@type\":\"SearchAction\",\"target\":{\"@type\":\"EntryPoint\",\"urlTemplate\":\"http:\/\/esponsorama.ad\/es\/?s={search_term_string}\"},\"query-input\":{\"@type\":\"PropertyValueSpecification\",\"valueRequired\":true,\"valueName\":\"search_term_string\"}}],\"inLanguage\":\"ca-AD\"},{\"@type\":\"Person\",\"@id\":\"http:\/\/esponsorama.ad\/es\/#\/schema\/person\/a5cde74945183d737066e46b61c6f9c4\",\"name\":\"Xavi Andornet\",\"image\":{\"@type\":\"ImageObject\",\"inLanguage\":\"ca-AD\",\"@id\":\"http:\/\/esponsorama.ad\/es\/#\/schema\/person\/image\/\",\"url\":\"https:\/\/secure.gravatar.com\/avatar\/f10eaf9ad601244a2357c9fd7cd9805ed166cfaaf76d5d9ab08a9d873e70147a?s=96&d=mm&r=g\",\"contentUrl\":\"https:\/\/secure.gravatar.com\/avatar\/f10eaf9ad601244a2357c9fd7cd9805ed166cfaaf76d5d9ab08a9d873e70147a?s=96&d=mm&r=g\",\"caption\":\"Xavi Andornet\"},\"sameAs\":[\"http:\/\/www.andornet.ad\"],\"url\":\"http:\/\/esponsorama.ad\/ca\/author\/andornet\/\"}]}<\/script>\n<!-- \/ Yoast SEO plugin. -->","yoast_head_json":{"title":"Vicente P\u00e9rez comienza el trabajo en Gran Breta\u00f1a - Esponsorama","robots":{"index":"index","follow":"follow","max-snippet":"max-snippet:-1","max-image-preview":"max-image-preview:large","max-video-preview":"max-video-preview:-1"},"canonical":"http:\/\/esponsorama.ad\/ca\/vicente-perez-comienza-trabajo-gran-bretana-2\/","og_locale":"en_US","og_type":"article","og_title":"Vicente P\u00e9rez comienza el trabajo en Gran Breta\u00f1a - Esponsorama","og_description":"Reale Avintia Academy 77 Moto3 \u2013 GP de Gran Breta\u00f1a \u2013 Silverstone \u00a0El primer d\u00eda de entrenamientos libres para el Gran Premio de Gran Breta\u00f1a ha sido positivo para el equipo Reale Avintia Academy 77. Vicente P\u00e9rez ha terminado vig\u00e9simo segundo, pero con buenas sensaciones. Silverstone es un trazado muy t\u00e9cnico y en el que [&hellip;]","og_url":"http:\/\/esponsorama.ad\/ca\/vicente-perez-comienza-trabajo-gran-bretana-2\/","og_site_name":"Esponsorama","article_published_time":"2018-08-24T15:48:06+00:00","article_modified_time":"2018-08-24T15:50:50+00:00","og_image":[{"width":1024,"height":683,"url":"http:\/\/esponsorama.ad\/wp-content\/uploads\/2018\/08\/TIN7282-1024x683.jpg","type":"image\/jpeg"}],"author":"Xavi Andornet","twitter_card":"summary_large_image","twitter_misc":{"Written by":"Xavi Andornet","Est. reading time":"1 minute"},"schema":{"@context":"https:\/\/schema.org","@graph":[{"@type":"Article","@id":"http:\/\/esponsorama.ad\/ca\/vicente-perez-comienza-trabajo-gran-bretana-2\/#article","isPartOf":{"@id":"http:\/\/esponsorama.ad\/ca\/vicente-perez-comienza-trabajo-gran-bretana-2\/"},"author":{"name":"Xavi Andornet","@id":"http:\/\/esponsorama.ad\/es\/#\/schema\/person\/a5cde74945183d737066e46b61c6f9c4"},"headline":"Vicente P\u00e9rez comienza el trabajo en Gran Breta\u00f1a","datePublished":"2018-08-24T15:48:06+00:00","dateModified":"2018-08-24T15:50:50+00:00","mainEntityOfPage":{"@id":"http:\/\/esponsorama.ad\/ca\/vicente-perez-comienza-trabajo-gran-bretana-2\/"},"wordCount":243,"image":{"@id":"http:\/\/esponsorama.ad\/ca\/vicente-perez-comienza-trabajo-gran-bretana-2\/#primaryimage"},"thumbnailUrl":"http:\/\/esponsorama.ad\/wp-content\/uploads\/2018\/08\/TIN7282.jpg","articleSection":[""],"inLanguage":"ca-AD"},{"@type":"WebPage","@id":"http:\/\/esponsorama.ad\/ca\/vicente-perez-comienza-trabajo-gran-bretana-2\/","url":"http:\/\/esponsorama.ad\/ca\/vicente-perez-comienza-trabajo-gran-bretana-2\/","name":"Vicente P\u00e9rez comienza el trabajo en Gran Breta\u00f1a - Esponsorama","isPartOf":{"@id":"http:\/\/esponsorama.ad\/es\/#website"},"primaryImageOfPage":{"@id":"http:\/\/esponsorama.ad\/ca\/vicente-perez-comienza-trabajo-gran-bretana-2\/#primaryimage"},"image":{"@id":"http:\/\/esponsorama.ad\/ca\/vicente-perez-comienza-trabajo-gran-bretana-2\/#primaryimage"},"thumbnailUrl":"http:\/\/esponsorama.ad\/wp-content\/uploads\/2018\/08\/TIN7282.jpg","datePublished":"2018-08-24T15:48:06+00:00","dateModified":"2018-08-24T15:50:50+00:00","author":{"@id":"http:\/\/esponsorama.ad\/es\/#\/schema\/person\/a5cde74945183d737066e46b61c6f9c4"},"breadcrumb":{"@id":"http:\/\/esponsorama.ad\/ca\/vicente-perez-comienza-trabajo-gran-bretana-2\/#breadcrumb"},"inLanguage":"ca-AD","potentialAction":[{"@type":"ReadAction","target":["http:\/\/esponsorama.ad\/ca\/vicente-perez-comienza-trabajo-gran-bretana-2\/"]}]},{"@type":"ImageObject","inLanguage":"ca-AD","@id":"http:\/\/esponsorama.ad\/ca\/vicente-perez-comienza-trabajo-gran-bretana-2\/#primaryimage","url":"http:\/\/esponsorama.ad\/wp-content\/uploads\/2018\/08\/TIN7282.jpg","contentUrl":"http:\/\/esponsorama.ad\/wp-content\/uploads\/2018\/08\/TIN7282.jpg","width":3648,"height":2432},{"@type":"BreadcrumbList","@id":"http:\/\/esponsorama.ad\/ca\/vicente-perez-comienza-trabajo-gran-bretana-2\/#breadcrumb","itemListElement":[{"@type":"ListItem","position":1,"name":"Home","item":"http:\/\/esponsorama.ad\/es\/"},{"@type":"ListItem","position":2,"name":"Vicente P\u00e9rez comienza el trabajo en Gran Breta\u00f1a"}]},{"@type":"WebSite","@id":"http:\/\/esponsorama.ad\/es\/#website","url":"http:\/\/esponsorama.ad\/es\/","name":"Esponsorama","description":"Specialist in motorsport sponsorship and event promotions","potentialAction":[{"@type":"SearchAction","target":{"@type":"EntryPoint","urlTemplate":"http:\/\/esponsorama.ad\/es\/?s={search_term_string}"},"query-input":{"@type":"PropertyValueSpecification","valueRequired":true,"valueName":"search_term_string"}}],"inLanguage":"ca-AD"},{"@type":"Person","@id":"http:\/\/esponsorama.ad\/es\/#\/schema\/person\/a5cde74945183d737066e46b61c6f9c4","name":"Xavi Andornet","image":{"@type":"ImageObject","inLanguage":"ca-AD","@id":"http:\/\/esponsorama.ad\/es\/#\/schema\/person\/image\/","url":"https:\/\/secure.gravatar.com\/avatar\/f10eaf9ad601244a2357c9fd7cd9805ed166cfaaf76d5d9ab08a9d873e70147a?s=96&d=mm&r=g","contentUrl":"https:\/\/secure.gravatar.com\/avatar\/f10eaf9ad601244a2357c9fd7cd9805ed166cfaaf76d5d9ab08a9d873e70147a?s=96&d=mm&r=g","caption":"Xavi Andornet"},"sameAs":["http:\/\/www.andornet.ad"],"url":"http:\/\/esponsorama.ad\/ca\/author\/andornet\/"}]}},"_links":{"self":[{"href":"http:\/\/esponsorama.ad\/ca\/wp-json\/wp\/v2\/posts\/11640","targetHints":{"allow":["GET"]}}],"collection":[{"href":"http:\/\/esponsorama.ad\/ca\/wp-json\/wp\/v2\/posts"}],"about":[{"href":"http:\/\/esponsorama.ad\/ca\/wp-json\/wp\/v2\/types\/post"}],"author":[{"embeddable":true,"href":"http:\/\/esponsorama.ad\/ca\/wp-json\/wp\/v2\/users\/6"}],"replies":[{"embeddable":true,"href":"http:\/\/esponsorama.ad\/ca\/wp-json\/wp\/v2\/comments?post=11640"}],"version-history":[{"count":0,"href":"http:\/\/esponsorama.ad\/ca\/wp-json\/wp\/v2\/posts\/11640\/revisions"}],"wp:featuredmedia":[{"embeddable":true,"href":"http:\/\/esponsorama.ad\/ca\/wp-json\/wp\/v2\/media\/11627"}],"wp:attachment":[{"href":"http:\/\/esponsorama.ad\/ca\/wp-json\/wp\/v2\/media?parent=11640"}],"wp:term":[{"taxonomy":"category","embeddable":true,"href":"http:\/\/esponsorama.ad\/ca\/wp-json\/wp\/v2\/categories?post=11640"},{"taxonomy":"post_tag","embeddable":true,"href":"http:\/\/esponsorama.ad\/ca\/wp-json\/wp\/v2\/tags?post=11640"}],"curies":[{"name":"wp","href":"https:\/\/api.w.org\/{rel}","templated":true}]}}