{"id":11693,"date":"2018-08-24T18:50:09","date_gmt":"2018-08-24T16:50:09","guid":{"rendered":"http:\/\/esponsorama.ad\/?p=11693"},"modified":"2018-08-24T18:52:45","modified_gmt":"2018-08-24T16:52:45","slug":"rabat-los-mas-rapidos-primer-dia-silverstone-2","status":"publish","type":"post","link":"http:\/\/esponsorama.ad\/ca\/rabat-los-mas-rapidos-primer-dia-silverstone-2\/","title":{"rendered":"Rabat entre los m\u00e1s r\u00e1pidos el primer d\u00eda en Silverstone"},"content":{"rendered":"<p><strong>MotoGP GP de Gran Breta\u00f1a \u2013 Silverstone<\/strong><\/p>\n<p>El piloto del equipo Reale Avintia Racing, Tito Rabat, ha terminado decimotercero en el primer d\u00eda de entrenamientos libres del Gran Premio de Gran Breta\u00f1a, pero el potencial el mayor y as\u00ed lo ha demostrado por la ma\u00f1ana con el s\u00e9ptimo mejor tiempo. Por la tarde una desafortunada ca\u00edda en los \u00faltimos minutos de la sesi\u00f3n le ha impedido mejorar, pero el espa\u00f1ol conf\u00eda en tener ritmo suficiente para pasar a la Q2 y luchar por un buen puesto en la parrilla.<\/p>\n<p>Para su compa\u00f1ero Xavier Simeon el primer d\u00eda en Silverstone ha sido complicado. No ha conseguido mejorar sus tiempos notablemente y ha cerrado la clasificaci\u00f3n combinada 24\u00ba. El piloto belga y su equipo est\u00e1n buscando una soluci\u00f3n de cara a ma\u00f1ana para tratar de ser m\u00e1s competitivos en los entrenamientos clasificatorios y mejorar el ritmo para la carrera del domingo.<\/p>\n<p>La previsi\u00f3n ma\u00f1ana es buena, aunque para el domingo anuncian lluvias en la zona de Towcerster, con lo que los pilotos deben estar preparados para una carrera en agua.<\/p>\n\n<p>&#8220;Esta ma\u00f1ana estaba un poco preocupado porque, a pesar de haber terminado s\u00e9ptimo, no sent\u00eda mucha confianza con el neum\u00e1tico delantero medio. Pero por la tarde he salido con el compuesto m\u00e1s duro y me he encontrado muy a gusto. L\u00e1stima la ca\u00edda al final de la sesi\u00f3n cuando tocaba mejorar m\u00e1s, pero creo que estamos haciendo un buen trabajo y ma\u00f1ana seguir\u00e1 estando seco, as\u00ed que tendremos que apretar los dientes en el FP3 para intentar pasar directos a la Q2\u201d.<\/p>\n\n<p>\u201cHa sido un d\u00eda muy dif\u00edcil. Una vez m\u00e1s hemos ido bien en un circuito y al llegar al siguiente otra vez estamos muy lejos. No entiendo por qu\u00e9 de un circuito a otro hay tanta diferencia de sensaciones con la moto y la verdad es que hoy ha sido un poco frustrante. Hemos mejorado poco del FP1 a la FP2 y no me encuentro nada c\u00f3modo con la moto. Espero que ma\u00f1ana encontremos algo que nos permita dar un gran paso para estar m\u00e1s cerca\u201d.<\/p>\n","protected":false},"excerpt":{"rendered":"<p>MotoGP GP de Gran Breta\u00f1a \u2013 Silverstone El piloto del equipo Reale Avintia Racing, Tito Rabat, ha terminado decimotercero en el primer d\u00eda de entrenamientos libres del Gran Premio de Gran Breta\u00f1a, pero el potencial el mayor y as\u00ed lo ha demostrado por la ma\u00f1ana con el s\u00e9ptimo mejor tiempo. Por la tarde una desafortunada [&hellip;]<\/p>\n","protected":false},"author":6,"featured_media":11681,"comment_status":"closed","ping_status":"closed","sticky":false,"template":"","format":"standard","meta":{"footnotes":""},"categories":[3],"tags":[],"class_list":["post-11693","post","type-post","status-publish","format-standard","has-post-thumbnail","hentry","category-motogp"],"yoast_head":"<!-- This site is optimized with the Yoast SEO plugin v27.1.1 - https:\/\/yoast.com\/product\/yoast-seo-wordpress\/ -->\n<title>Rabat entre los m\u00e1s r\u00e1pidos el primer d\u00eda en Silverstone - Esponsorama<\/title>\n<meta name=\"robots\" content=\"index, follow, max-snippet:-1, max-image-preview:large, max-video-preview:-1\" \/>\n<link rel=\"canonical\" href=\"http:\/\/esponsorama.ad\/ca\/rabat-los-mas-rapidos-primer-dia-silverstone-2\/\" \/>\n<meta property=\"og:locale\" content=\"en_US\" \/>\n<meta property=\"og:type\" content=\"article\" \/>\n<meta property=\"og:title\" content=\"Rabat entre los m\u00e1s r\u00e1pidos el primer d\u00eda en Silverstone - Esponsorama\" \/>\n<meta property=\"og:description\" content=\"MotoGP GP de Gran Breta\u00f1a \u2013 Silverstone El piloto del equipo Reale Avintia Racing, Tito Rabat, ha terminado decimotercero en el primer d\u00eda de entrenamientos libres del Gran Premio de Gran Breta\u00f1a, pero el potencial el mayor y as\u00ed lo ha demostrado por la ma\u00f1ana con el s\u00e9ptimo mejor tiempo. Por la tarde una desafortunada [&hellip;]\" \/>\n<meta property=\"og:url\" content=\"http:\/\/esponsorama.ad\/ca\/rabat-los-mas-rapidos-primer-dia-silverstone-2\/\" \/>\n<meta property=\"og:site_name\" content=\"Esponsorama\" \/>\n<meta property=\"article:published_time\" content=\"2018-08-24T16:50:09+00:00\" \/>\n<meta property=\"article:modified_time\" content=\"2018-08-24T16:52:45+00:00\" \/>\n<meta property=\"og:image\" content=\"http:\/\/esponsorama.ad\/wp-content\/uploads\/2018\/08\/12_Silverstone_2018_MotoGP_Rabat_Friday-7890-1024x681.jpg\" \/>\n\t<meta property=\"og:image:width\" content=\"1024\" \/>\n\t<meta property=\"og:image:height\" content=\"681\" \/>\n\t<meta property=\"og:image:type\" content=\"image\/jpeg\" \/>\n<meta name=\"author\" content=\"Xavi Andornet\" \/>\n<meta name=\"twitter:card\" content=\"summary_large_image\" \/>\n<meta name=\"twitter:label1\" content=\"Written by\" \/>\n\t<meta name=\"twitter:data1\" content=\"Xavi Andornet\" \/>\n\t<meta name=\"twitter:label2\" content=\"Est. reading time\" \/>\n\t<meta name=\"twitter:data2\" content=\"2 minutes\" \/>\n<script type=\"application\/ld+json\" class=\"yoast-schema-graph\">{\"@context\":\"https:\/\/schema.org\",\"@graph\":[{\"@type\":\"Article\",\"@id\":\"http:\/\/esponsorama.ad\/ca\/rabat-los-mas-rapidos-primer-dia-silverstone-2\/#article\",\"isPartOf\":{\"@id\":\"http:\/\/esponsorama.ad\/ca\/rabat-los-mas-rapidos-primer-dia-silverstone-2\/\"},\"author\":{\"name\":\"Xavi Andornet\",\"@id\":\"http:\/\/esponsorama.ad\/es\/#\/schema\/person\/a5cde74945183d737066e46b61c6f9c4\"},\"headline\":\"Rabat entre los m\u00e1s r\u00e1pidos el primer d\u00eda en Silverstone\",\"datePublished\":\"2018-08-24T16:50:09+00:00\",\"dateModified\":\"2018-08-24T16:52:45+00:00\",\"mainEntityOfPage\":{\"@id\":\"http:\/\/esponsorama.ad\/ca\/rabat-los-mas-rapidos-primer-dia-silverstone-2\/\"},\"wordCount\":401,\"image\":{\"@id\":\"http:\/\/esponsorama.ad\/ca\/rabat-los-mas-rapidos-primer-dia-silverstone-2\/#primaryimage\"},\"thumbnailUrl\":\"http:\/\/esponsorama.ad\/wp-content\/uploads\/2018\/08\/12_Silverstone_2018_MotoGP_Rabat_Friday-7890.jpg\",\"articleSection\":[\"MotoGP\"],\"inLanguage\":\"ca-AD\"},{\"@type\":\"WebPage\",\"@id\":\"http:\/\/esponsorama.ad\/ca\/rabat-los-mas-rapidos-primer-dia-silverstone-2\/\",\"url\":\"http:\/\/esponsorama.ad\/ca\/rabat-los-mas-rapidos-primer-dia-silverstone-2\/\",\"name\":\"Rabat entre los m\u00e1s r\u00e1pidos el primer d\u00eda en Silverstone - Esponsorama\",\"isPartOf\":{\"@id\":\"http:\/\/esponsorama.ad\/es\/#website\"},\"primaryImageOfPage\":{\"@id\":\"http:\/\/esponsorama.ad\/ca\/rabat-los-mas-rapidos-primer-dia-silverstone-2\/#primaryimage\"},\"image\":{\"@id\":\"http:\/\/esponsorama.ad\/ca\/rabat-los-mas-rapidos-primer-dia-silverstone-2\/#primaryimage\"},\"thumbnailUrl\":\"http:\/\/esponsorama.ad\/wp-content\/uploads\/2018\/08\/12_Silverstone_2018_MotoGP_Rabat_Friday-7890.jpg\",\"datePublished\":\"2018-08-24T16:50:09+00:00\",\"dateModified\":\"2018-08-24T16:52:45+00:00\",\"author\":{\"@id\":\"http:\/\/esponsorama.ad\/es\/#\/schema\/person\/a5cde74945183d737066e46b61c6f9c4\"},\"breadcrumb\":{\"@id\":\"http:\/\/esponsorama.ad\/ca\/rabat-los-mas-rapidos-primer-dia-silverstone-2\/#breadcrumb\"},\"inLanguage\":\"ca-AD\",\"potentialAction\":[{\"@type\":\"ReadAction\",\"target\":[\"http:\/\/esponsorama.ad\/ca\/rabat-los-mas-rapidos-primer-dia-silverstone-2\/\"]}]},{\"@type\":\"ImageObject\",\"inLanguage\":\"ca-AD\",\"@id\":\"http:\/\/esponsorama.ad\/ca\/rabat-los-mas-rapidos-primer-dia-silverstone-2\/#primaryimage\",\"url\":\"http:\/\/esponsorama.ad\/wp-content\/uploads\/2018\/08\/12_Silverstone_2018_MotoGP_Rabat_Friday-7890.jpg\",\"contentUrl\":\"http:\/\/esponsorama.ad\/wp-content\/uploads\/2018\/08\/12_Silverstone_2018_MotoGP_Rabat_Friday-7890.jpg\",\"width\":3400,\"height\":2262},{\"@type\":\"BreadcrumbList\",\"@id\":\"http:\/\/esponsorama.ad\/ca\/rabat-los-mas-rapidos-primer-dia-silverstone-2\/#breadcrumb\",\"itemListElement\":[{\"@type\":\"ListItem\",\"position\":1,\"name\":\"Home\",\"item\":\"http:\/\/esponsorama.ad\/ca\/\"},{\"@type\":\"ListItem\",\"position\":2,\"name\":\"Rabat entre los m\u00e1s r\u00e1pidos el primer d\u00eda en Silverstone\"}]},{\"@type\":\"WebSite\",\"@id\":\"http:\/\/esponsorama.ad\/es\/#website\",\"url\":\"http:\/\/esponsorama.ad\/es\/\",\"name\":\"Esponsorama\",\"description\":\"Specialist in motorsport sponsorship and event promotions\",\"potentialAction\":[{\"@type\":\"SearchAction\",\"target\":{\"@type\":\"EntryPoint\",\"urlTemplate\":\"http:\/\/esponsorama.ad\/es\/?s={search_term_string}\"},\"query-input\":{\"@type\":\"PropertyValueSpecification\",\"valueRequired\":true,\"valueName\":\"search_term_string\"}}],\"inLanguage\":\"ca-AD\"},{\"@type\":\"Person\",\"@id\":\"http:\/\/esponsorama.ad\/es\/#\/schema\/person\/a5cde74945183d737066e46b61c6f9c4\",\"name\":\"Xavi Andornet\",\"image\":{\"@type\":\"ImageObject\",\"inLanguage\":\"ca-AD\",\"@id\":\"http:\/\/esponsorama.ad\/es\/#\/schema\/person\/image\/\",\"url\":\"https:\/\/secure.gravatar.com\/avatar\/f10eaf9ad601244a2357c9fd7cd9805ed166cfaaf76d5d9ab08a9d873e70147a?s=96&d=mm&r=g\",\"contentUrl\":\"https:\/\/secure.gravatar.com\/avatar\/f10eaf9ad601244a2357c9fd7cd9805ed166cfaaf76d5d9ab08a9d873e70147a?s=96&d=mm&r=g\",\"caption\":\"Xavi Andornet\"},\"sameAs\":[\"http:\/\/www.andornet.ad\"],\"url\":\"http:\/\/esponsorama.ad\/ca\/author\/andornet\/\"}]}<\/script>\n<!-- \/ Yoast SEO plugin. -->","yoast_head_json":{"title":"Rabat entre los m\u00e1s r\u00e1pidos el primer d\u00eda en Silverstone - Esponsorama","robots":{"index":"index","follow":"follow","max-snippet":"max-snippet:-1","max-image-preview":"max-image-preview:large","max-video-preview":"max-video-preview:-1"},"canonical":"http:\/\/esponsorama.ad\/ca\/rabat-los-mas-rapidos-primer-dia-silverstone-2\/","og_locale":"en_US","og_type":"article","og_title":"Rabat entre los m\u00e1s r\u00e1pidos el primer d\u00eda en Silverstone - Esponsorama","og_description":"MotoGP GP de Gran Breta\u00f1a \u2013 Silverstone El piloto del equipo Reale Avintia Racing, Tito Rabat, ha terminado decimotercero en el primer d\u00eda de entrenamientos libres del Gran Premio de Gran Breta\u00f1a, pero el potencial el mayor y as\u00ed lo ha demostrado por la ma\u00f1ana con el s\u00e9ptimo mejor tiempo. Por la tarde una desafortunada [&hellip;]","og_url":"http:\/\/esponsorama.ad\/ca\/rabat-los-mas-rapidos-primer-dia-silverstone-2\/","og_site_name":"Esponsorama","article_published_time":"2018-08-24T16:50:09+00:00","article_modified_time":"2018-08-24T16:52:45+00:00","og_image":[{"width":1024,"height":681,"url":"http:\/\/esponsorama.ad\/wp-content\/uploads\/2018\/08\/12_Silverstone_2018_MotoGP_Rabat_Friday-7890-1024x681.jpg","type":"image\/jpeg"}],"author":"Xavi Andornet","twitter_card":"summary_large_image","twitter_misc":{"Written by":"Xavi Andornet","Est. reading time":"2 minutes"},"schema":{"@context":"https:\/\/schema.org","@graph":[{"@type":"Article","@id":"http:\/\/esponsorama.ad\/ca\/rabat-los-mas-rapidos-primer-dia-silverstone-2\/#article","isPartOf":{"@id":"http:\/\/esponsorama.ad\/ca\/rabat-los-mas-rapidos-primer-dia-silverstone-2\/"},"author":{"name":"Xavi Andornet","@id":"http:\/\/esponsorama.ad\/es\/#\/schema\/person\/a5cde74945183d737066e46b61c6f9c4"},"headline":"Rabat entre los m\u00e1s r\u00e1pidos el primer d\u00eda en Silverstone","datePublished":"2018-08-24T16:50:09+00:00","dateModified":"2018-08-24T16:52:45+00:00","mainEntityOfPage":{"@id":"http:\/\/esponsorama.ad\/ca\/rabat-los-mas-rapidos-primer-dia-silverstone-2\/"},"wordCount":401,"image":{"@id":"http:\/\/esponsorama.ad\/ca\/rabat-los-mas-rapidos-primer-dia-silverstone-2\/#primaryimage"},"thumbnailUrl":"http:\/\/esponsorama.ad\/wp-content\/uploads\/2018\/08\/12_Silverstone_2018_MotoGP_Rabat_Friday-7890.jpg","articleSection":["MotoGP"],"inLanguage":"ca-AD"},{"@type":"WebPage","@id":"http:\/\/esponsorama.ad\/ca\/rabat-los-mas-rapidos-primer-dia-silverstone-2\/","url":"http:\/\/esponsorama.ad\/ca\/rabat-los-mas-rapidos-primer-dia-silverstone-2\/","name":"Rabat entre los m\u00e1s r\u00e1pidos el primer d\u00eda en Silverstone - Esponsorama","isPartOf":{"@id":"http:\/\/esponsorama.ad\/es\/#website"},"primaryImageOfPage":{"@id":"http:\/\/esponsorama.ad\/ca\/rabat-los-mas-rapidos-primer-dia-silverstone-2\/#primaryimage"},"image":{"@id":"http:\/\/esponsorama.ad\/ca\/rabat-los-mas-rapidos-primer-dia-silverstone-2\/#primaryimage"},"thumbnailUrl":"http:\/\/esponsorama.ad\/wp-content\/uploads\/2018\/08\/12_Silverstone_2018_MotoGP_Rabat_Friday-7890.jpg","datePublished":"2018-08-24T16:50:09+00:00","dateModified":"2018-08-24T16:52:45+00:00","author":{"@id":"http:\/\/esponsorama.ad\/es\/#\/schema\/person\/a5cde74945183d737066e46b61c6f9c4"},"breadcrumb":{"@id":"http:\/\/esponsorama.ad\/ca\/rabat-los-mas-rapidos-primer-dia-silverstone-2\/#breadcrumb"},"inLanguage":"ca-AD","potentialAction":[{"@type":"ReadAction","target":["http:\/\/esponsorama.ad\/ca\/rabat-los-mas-rapidos-primer-dia-silverstone-2\/"]}]},{"@type":"ImageObject","inLanguage":"ca-AD","@id":"http:\/\/esponsorama.ad\/ca\/rabat-los-mas-rapidos-primer-dia-silverstone-2\/#primaryimage","url":"http:\/\/esponsorama.ad\/wp-content\/uploads\/2018\/08\/12_Silverstone_2018_MotoGP_Rabat_Friday-7890.jpg","contentUrl":"http:\/\/esponsorama.ad\/wp-content\/uploads\/2018\/08\/12_Silverstone_2018_MotoGP_Rabat_Friday-7890.jpg","width":3400,"height":2262},{"@type":"BreadcrumbList","@id":"http:\/\/esponsorama.ad\/ca\/rabat-los-mas-rapidos-primer-dia-silverstone-2\/#breadcrumb","itemListElement":[{"@type":"ListItem","position":1,"name":"Home","item":"http:\/\/esponsorama.ad\/ca\/"},{"@type":"ListItem","position":2,"name":"Rabat entre los m\u00e1s r\u00e1pidos el primer d\u00eda en Silverstone"}]},{"@type":"WebSite","@id":"http:\/\/esponsorama.ad\/es\/#website","url":"http:\/\/esponsorama.ad\/es\/","name":"Esponsorama","description":"Specialist in motorsport sponsorship and event promotions","potentialAction":[{"@type":"SearchAction","target":{"@type":"EntryPoint","urlTemplate":"http:\/\/esponsorama.ad\/es\/?s={search_term_string}"},"query-input":{"@type":"PropertyValueSpecification","valueRequired":true,"valueName":"search_term_string"}}],"inLanguage":"ca-AD"},{"@type":"Person","@id":"http:\/\/esponsorama.ad\/es\/#\/schema\/person\/a5cde74945183d737066e46b61c6f9c4","name":"Xavi Andornet","image":{"@type":"ImageObject","inLanguage":"ca-AD","@id":"http:\/\/esponsorama.ad\/es\/#\/schema\/person\/image\/","url":"https:\/\/secure.gravatar.com\/avatar\/f10eaf9ad601244a2357c9fd7cd9805ed166cfaaf76d5d9ab08a9d873e70147a?s=96&d=mm&r=g","contentUrl":"https:\/\/secure.gravatar.com\/avatar\/f10eaf9ad601244a2357c9fd7cd9805ed166cfaaf76d5d9ab08a9d873e70147a?s=96&d=mm&r=g","caption":"Xavi Andornet"},"sameAs":["http:\/\/www.andornet.ad"],"url":"http:\/\/esponsorama.ad\/ca\/author\/andornet\/"}]}},"_links":{"self":[{"href":"http:\/\/esponsorama.ad\/ca\/wp-json\/wp\/v2\/posts\/11693","targetHints":{"allow":["GET"]}}],"collection":[{"href":"http:\/\/esponsorama.ad\/ca\/wp-json\/wp\/v2\/posts"}],"about":[{"href":"http:\/\/esponsorama.ad\/ca\/wp-json\/wp\/v2\/types\/post"}],"author":[{"embeddable":true,"href":"http:\/\/esponsorama.ad\/ca\/wp-json\/wp\/v2\/users\/6"}],"replies":[{"embeddable":true,"href":"http:\/\/esponsorama.ad\/ca\/wp-json\/wp\/v2\/comments?post=11693"}],"version-history":[{"count":0,"href":"http:\/\/esponsorama.ad\/ca\/wp-json\/wp\/v2\/posts\/11693\/revisions"}],"wp:featuredmedia":[{"embeddable":true,"href":"http:\/\/esponsorama.ad\/ca\/wp-json\/wp\/v2\/media\/11681"}],"wp:attachment":[{"href":"http:\/\/esponsorama.ad\/ca\/wp-json\/wp\/v2\/media?parent=11693"}],"wp:term":[{"taxonomy":"category","embeddable":true,"href":"http:\/\/esponsorama.ad\/ca\/wp-json\/wp\/v2\/categories?post=11693"},{"taxonomy":"post_tag","embeddable":true,"href":"http:\/\/esponsorama.ad\/ca\/wp-json\/wp\/v2\/tags?post=11693"}],"curies":[{"name":"wp","href":"https:\/\/api.w.org\/{rel}","templated":true}]}}