{"id":11863,"date":"2018-09-03T15:52:36","date_gmt":"2018-09-03T13:52:36","guid":{"rendered":"http:\/\/esponsorama.ad\/?p=11863"},"modified":"2018-09-03T15:59:57","modified_gmt":"2018-09-03T13:59:57","slug":"hare-lo-digan-los-doctores-la-prioridad-recuperarme-2","status":"publish","type":"post","link":"http:\/\/esponsorama.ad\/ca\/hare-lo-digan-los-doctores-la-prioridad-recuperarme-2\/","title":{"rendered":"\u201cHar\u00e9 lo que digan los doctores, la prioridad es recuperarme\u201d"},"content":{"rendered":"<p>El piloto del equipo Reale Avintia Racing, Tito Rabat, ha comparecido hoy ante los medios de comunicaci\u00f3n en el Hospital Universitari Dexeus del Grupo Quir\u00f3n Salud. Junto a el catal\u00e1n han estado los doctores, \u00c1ngel Charte, Xavier Mir e Ignacio Ginebreda, quienes han seguido su evoluci\u00f3n desde el mismo momento del accidente.<\/p>\n<p>La intervenci\u00f3n del Equipo M\u00e9dico de MotoGP a pie de pista en Silverstone fue crucial y la intervenci\u00f3n llevada a cabo en Hospital Universitario de Coventry bajo la supervisi\u00f3n de Charte, Mir y Ginebreda fue todo un \u00e9xito y se realiz\u00f3 seg\u00fan lo planeado.<\/p>\n<p>Rabat lleg\u00f3 a Barcelona el pasado viernes y tras realizarle todo tipo de pruebas se ha confirmado la gravedad de su lesi\u00f3n y ya ha comenzado la rehabilitaci\u00f3n pasiva y activa en el Hospital Universitari Dexeus. De momento, los m\u00e9dicos no quieren dar plazos de recuperaci\u00f3n. \u201cHay que darle tiempo y no podemos fijar una fecha. Tito se va a recuperar lo antes posible, pero no me atrevo a dar una fecha de regreso. Estas fracturas tardan en consolidar. Habr\u00e1 que evaluar el momento en el que se suba a la moto, y los riesgos que conlleva\u201d, ha dicho el Dr. Ignacio Ginebreda. \u201cHemos previsto una serie de actuaciones para acelerar al m\u00e1ximo la consolidaci\u00f3n. Podr\u00eda subirse a la moto antes de que las fracturas estuvieran del todo consolidadas, pero siempre hay que evaluar los riesgos existentes\u201d.<\/p>\n<p>Lo m\u00e1s importante es que las fracturas est\u00e1n correctamente fijadas y no se han visto afectados ligamentos ni articulaciones en la pierna de Rabat.<\/p>\n\n<p>\u201cEn Silverstone vimos lo importante que es tener al Equipo M\u00e9dico en MotoGP y quiero dar las gracias a todos ellos por su gran trabajo. Tambi\u00e9n a los que me operaron en Inglaterra que hicieron un gran trabajo. Yo quiero volver lo antes posible, pero har\u00e9 lo que digan los doctores. La prioridad es recuperarme lo antes posible, pero al final, quienes mandan son ellos a partir de la evoluci\u00f3n que presente la pierna. Lo peor del accidente ha sido el dolor, que pr\u00e1cticamente no me ha dejado dormir. En ning\u00fan momento pens\u00e9 en perder la pierna, aunque la vi en el suelo retorcida como una S. Perd\u00eda mucha sangre y me asust\u00e9. He aprendido una lecci\u00f3n y partir de ahora cada vez que me vuelva a caer mirar\u00e9 hacia atr\u00e1s. En aquel momento vi que Rins me alertaba para que saliera de all\u00ed, y vi la moto de Franco que ven\u00eda muy r\u00e1pido hacia m\u00ed, me levant\u00e9 y me dio en la pierna, porque si no habr\u00eda sido mucho peor\u201d.<\/p>\n","protected":false},"excerpt":{"rendered":"<p>El piloto del equipo Reale Avintia Racing, Tito Rabat, ha comparecido hoy ante los medios de comunicaci\u00f3n en el Hospital Universitari Dexeus del Grupo Quir\u00f3n Salud. Junto a el catal\u00e1n han estado los doctores, \u00c1ngel Charte, Xavier Mir e Ignacio Ginebreda, quienes han seguido su evoluci\u00f3n desde el mismo momento del accidente. La intervenci\u00f3n del [&hellip;]<\/p>\n","protected":false},"author":6,"featured_media":11860,"comment_status":"closed","ping_status":"closed","sticky":false,"template":"","format":"standard","meta":{"footnotes":""},"categories":[3],"tags":[],"class_list":["post-11863","post","type-post","status-publish","format-standard","has-post-thumbnail","hentry","category-motogp"],"yoast_head":"<!-- This site is optimized with the Yoast SEO plugin v27.1.1 - https:\/\/yoast.com\/product\/yoast-seo-wordpress\/ -->\n<title>\u201cHar\u00e9 lo que digan los doctores, la prioridad es recuperarme\u201d - Esponsorama<\/title>\n<meta name=\"robots\" content=\"index, follow, max-snippet:-1, max-image-preview:large, max-video-preview:-1\" \/>\n<link rel=\"canonical\" href=\"http:\/\/esponsorama.ad\/ca\/hare-lo-digan-los-doctores-la-prioridad-recuperarme-2\/\" \/>\n<meta property=\"og:locale\" content=\"en_US\" \/>\n<meta property=\"og:type\" content=\"article\" \/>\n<meta property=\"og:title\" content=\"\u201cHar\u00e9 lo que digan los doctores, la prioridad es recuperarme\u201d - Esponsorama\" \/>\n<meta property=\"og:description\" content=\"El piloto del equipo Reale Avintia Racing, Tito Rabat, ha comparecido hoy ante los medios de comunicaci\u00f3n en el Hospital Universitari Dexeus del Grupo Quir\u00f3n Salud. Junto a el catal\u00e1n han estado los doctores, \u00c1ngel Charte, Xavier Mir e Ignacio Ginebreda, quienes han seguido su evoluci\u00f3n desde el mismo momento del accidente. La intervenci\u00f3n del [&hellip;]\" \/>\n<meta property=\"og:url\" content=\"http:\/\/esponsorama.ad\/ca\/hare-lo-digan-los-doctores-la-prioridad-recuperarme-2\/\" \/>\n<meta property=\"og:site_name\" content=\"Esponsorama\" \/>\n<meta property=\"article:published_time\" content=\"2018-09-03T13:52:36+00:00\" \/>\n<meta property=\"article:modified_time\" content=\"2018-09-03T13:59:57+00:00\" \/>\n<meta property=\"og:image\" content=\"http:\/\/esponsorama.ad\/wp-content\/uploads\/2018\/09\/IMG_2060_Fotor.jpg\" \/>\n\t<meta property=\"og:image:width\" content=\"4032\" \/>\n\t<meta property=\"og:image:height\" content=\"3024\" \/>\n\t<meta property=\"og:image:type\" content=\"image\/jpeg\" \/>\n<meta name=\"author\" content=\"Xavi Andornet\" \/>\n<meta name=\"twitter:card\" content=\"summary_large_image\" \/>\n<meta name=\"twitter:label1\" content=\"Written by\" \/>\n\t<meta name=\"twitter:data1\" content=\"Xavi Andornet\" \/>\n\t<meta name=\"twitter:label2\" content=\"Est. reading time\" \/>\n\t<meta name=\"twitter:data2\" content=\"2 minutes\" \/>\n<script type=\"application\/ld+json\" class=\"yoast-schema-graph\">{\"@context\":\"https:\/\/schema.org\",\"@graph\":[{\"@type\":\"Article\",\"@id\":\"http:\/\/esponsorama.ad\/ca\/hare-lo-digan-los-doctores-la-prioridad-recuperarme-2\/#article\",\"isPartOf\":{\"@id\":\"http:\/\/esponsorama.ad\/ca\/hare-lo-digan-los-doctores-la-prioridad-recuperarme-2\/\"},\"author\":{\"name\":\"Xavi Andornet\",\"@id\":\"http:\/\/esponsorama.ad\/es\/#\/schema\/person\/a5cde74945183d737066e46b61c6f9c4\"},\"headline\":\"\u201cHar\u00e9 lo que digan los doctores, la prioridad es recuperarme\u201d\",\"datePublished\":\"2018-09-03T13:52:36+00:00\",\"dateModified\":\"2018-09-03T13:59:57+00:00\",\"mainEntityOfPage\":{\"@id\":\"http:\/\/esponsorama.ad\/ca\/hare-lo-digan-los-doctores-la-prioridad-recuperarme-2\/\"},\"wordCount\":469,\"image\":{\"@id\":\"http:\/\/esponsorama.ad\/ca\/hare-lo-digan-los-doctores-la-prioridad-recuperarme-2\/#primaryimage\"},\"thumbnailUrl\":\"http:\/\/esponsorama.ad\/wp-content\/uploads\/2018\/09\/IMG_2060_Fotor.jpg\",\"articleSection\":[\"MotoGP\"],\"inLanguage\":\"ca-AD\"},{\"@type\":\"WebPage\",\"@id\":\"http:\/\/esponsorama.ad\/ca\/hare-lo-digan-los-doctores-la-prioridad-recuperarme-2\/\",\"url\":\"http:\/\/esponsorama.ad\/ca\/hare-lo-digan-los-doctores-la-prioridad-recuperarme-2\/\",\"name\":\"\u201cHar\u00e9 lo que digan los doctores, la prioridad es recuperarme\u201d - Esponsorama\",\"isPartOf\":{\"@id\":\"http:\/\/esponsorama.ad\/es\/#website\"},\"primaryImageOfPage\":{\"@id\":\"http:\/\/esponsorama.ad\/ca\/hare-lo-digan-los-doctores-la-prioridad-recuperarme-2\/#primaryimage\"},\"image\":{\"@id\":\"http:\/\/esponsorama.ad\/ca\/hare-lo-digan-los-doctores-la-prioridad-recuperarme-2\/#primaryimage\"},\"thumbnailUrl\":\"http:\/\/esponsorama.ad\/wp-content\/uploads\/2018\/09\/IMG_2060_Fotor.jpg\",\"datePublished\":\"2018-09-03T13:52:36+00:00\",\"dateModified\":\"2018-09-03T13:59:57+00:00\",\"author\":{\"@id\":\"http:\/\/esponsorama.ad\/es\/#\/schema\/person\/a5cde74945183d737066e46b61c6f9c4\"},\"breadcrumb\":{\"@id\":\"http:\/\/esponsorama.ad\/ca\/hare-lo-digan-los-doctores-la-prioridad-recuperarme-2\/#breadcrumb\"},\"inLanguage\":\"ca-AD\",\"potentialAction\":[{\"@type\":\"ReadAction\",\"target\":[\"http:\/\/esponsorama.ad\/ca\/hare-lo-digan-los-doctores-la-prioridad-recuperarme-2\/\"]}]},{\"@type\":\"ImageObject\",\"inLanguage\":\"ca-AD\",\"@id\":\"http:\/\/esponsorama.ad\/ca\/hare-lo-digan-los-doctores-la-prioridad-recuperarme-2\/#primaryimage\",\"url\":\"http:\/\/esponsorama.ad\/wp-content\/uploads\/2018\/09\/IMG_2060_Fotor.jpg\",\"contentUrl\":\"http:\/\/esponsorama.ad\/wp-content\/uploads\/2018\/09\/IMG_2060_Fotor.jpg\",\"width\":4032,\"height\":3024},{\"@type\":\"BreadcrumbList\",\"@id\":\"http:\/\/esponsorama.ad\/ca\/hare-lo-digan-los-doctores-la-prioridad-recuperarme-2\/#breadcrumb\",\"itemListElement\":[{\"@type\":\"ListItem\",\"position\":1,\"name\":\"Home\",\"item\":\"http:\/\/esponsorama.ad\/ca\/\"},{\"@type\":\"ListItem\",\"position\":2,\"name\":\"\u201cHar\u00e9 lo que digan los doctores, la prioridad es recuperarme\u201d\"}]},{\"@type\":\"WebSite\",\"@id\":\"http:\/\/esponsorama.ad\/es\/#website\",\"url\":\"http:\/\/esponsorama.ad\/es\/\",\"name\":\"Esponsorama\",\"description\":\"Specialist in motorsport sponsorship and event promotions\",\"potentialAction\":[{\"@type\":\"SearchAction\",\"target\":{\"@type\":\"EntryPoint\",\"urlTemplate\":\"http:\/\/esponsorama.ad\/es\/?s={search_term_string}\"},\"query-input\":{\"@type\":\"PropertyValueSpecification\",\"valueRequired\":true,\"valueName\":\"search_term_string\"}}],\"inLanguage\":\"ca-AD\"},{\"@type\":\"Person\",\"@id\":\"http:\/\/esponsorama.ad\/es\/#\/schema\/person\/a5cde74945183d737066e46b61c6f9c4\",\"name\":\"Xavi Andornet\",\"image\":{\"@type\":\"ImageObject\",\"inLanguage\":\"ca-AD\",\"@id\":\"http:\/\/esponsorama.ad\/es\/#\/schema\/person\/image\/\",\"url\":\"https:\/\/secure.gravatar.com\/avatar\/f10eaf9ad601244a2357c9fd7cd9805ed166cfaaf76d5d9ab08a9d873e70147a?s=96&d=mm&r=g\",\"contentUrl\":\"https:\/\/secure.gravatar.com\/avatar\/f10eaf9ad601244a2357c9fd7cd9805ed166cfaaf76d5d9ab08a9d873e70147a?s=96&d=mm&r=g\",\"caption\":\"Xavi Andornet\"},\"sameAs\":[\"http:\/\/www.andornet.ad\"],\"url\":\"http:\/\/esponsorama.ad\/ca\/author\/andornet\/\"}]}<\/script>\n<!-- \/ Yoast SEO plugin. -->","yoast_head_json":{"title":"\u201cHar\u00e9 lo que digan los doctores, la prioridad es recuperarme\u201d - Esponsorama","robots":{"index":"index","follow":"follow","max-snippet":"max-snippet:-1","max-image-preview":"max-image-preview:large","max-video-preview":"max-video-preview:-1"},"canonical":"http:\/\/esponsorama.ad\/ca\/hare-lo-digan-los-doctores-la-prioridad-recuperarme-2\/","og_locale":"en_US","og_type":"article","og_title":"\u201cHar\u00e9 lo que digan los doctores, la prioridad es recuperarme\u201d - Esponsorama","og_description":"El piloto del equipo Reale Avintia Racing, Tito Rabat, ha comparecido hoy ante los medios de comunicaci\u00f3n en el Hospital Universitari Dexeus del Grupo Quir\u00f3n Salud. Junto a el catal\u00e1n han estado los doctores, \u00c1ngel Charte, Xavier Mir e Ignacio Ginebreda, quienes han seguido su evoluci\u00f3n desde el mismo momento del accidente. La intervenci\u00f3n del [&hellip;]","og_url":"http:\/\/esponsorama.ad\/ca\/hare-lo-digan-los-doctores-la-prioridad-recuperarme-2\/","og_site_name":"Esponsorama","article_published_time":"2018-09-03T13:52:36+00:00","article_modified_time":"2018-09-03T13:59:57+00:00","og_image":[{"width":4032,"height":3024,"url":"http:\/\/esponsorama.ad\/wp-content\/uploads\/2018\/09\/IMG_2060_Fotor.jpg","type":"image\/jpeg"}],"author":"Xavi Andornet","twitter_card":"summary_large_image","twitter_misc":{"Written by":"Xavi Andornet","Est. reading time":"2 minutes"},"schema":{"@context":"https:\/\/schema.org","@graph":[{"@type":"Article","@id":"http:\/\/esponsorama.ad\/ca\/hare-lo-digan-los-doctores-la-prioridad-recuperarme-2\/#article","isPartOf":{"@id":"http:\/\/esponsorama.ad\/ca\/hare-lo-digan-los-doctores-la-prioridad-recuperarme-2\/"},"author":{"name":"Xavi Andornet","@id":"http:\/\/esponsorama.ad\/es\/#\/schema\/person\/a5cde74945183d737066e46b61c6f9c4"},"headline":"\u201cHar\u00e9 lo que digan los doctores, la prioridad es recuperarme\u201d","datePublished":"2018-09-03T13:52:36+00:00","dateModified":"2018-09-03T13:59:57+00:00","mainEntityOfPage":{"@id":"http:\/\/esponsorama.ad\/ca\/hare-lo-digan-los-doctores-la-prioridad-recuperarme-2\/"},"wordCount":469,"image":{"@id":"http:\/\/esponsorama.ad\/ca\/hare-lo-digan-los-doctores-la-prioridad-recuperarme-2\/#primaryimage"},"thumbnailUrl":"http:\/\/esponsorama.ad\/wp-content\/uploads\/2018\/09\/IMG_2060_Fotor.jpg","articleSection":["MotoGP"],"inLanguage":"ca-AD"},{"@type":"WebPage","@id":"http:\/\/esponsorama.ad\/ca\/hare-lo-digan-los-doctores-la-prioridad-recuperarme-2\/","url":"http:\/\/esponsorama.ad\/ca\/hare-lo-digan-los-doctores-la-prioridad-recuperarme-2\/","name":"\u201cHar\u00e9 lo que digan los doctores, la prioridad es recuperarme\u201d - Esponsorama","isPartOf":{"@id":"http:\/\/esponsorama.ad\/es\/#website"},"primaryImageOfPage":{"@id":"http:\/\/esponsorama.ad\/ca\/hare-lo-digan-los-doctores-la-prioridad-recuperarme-2\/#primaryimage"},"image":{"@id":"http:\/\/esponsorama.ad\/ca\/hare-lo-digan-los-doctores-la-prioridad-recuperarme-2\/#primaryimage"},"thumbnailUrl":"http:\/\/esponsorama.ad\/wp-content\/uploads\/2018\/09\/IMG_2060_Fotor.jpg","datePublished":"2018-09-03T13:52:36+00:00","dateModified":"2018-09-03T13:59:57+00:00","author":{"@id":"http:\/\/esponsorama.ad\/es\/#\/schema\/person\/a5cde74945183d737066e46b61c6f9c4"},"breadcrumb":{"@id":"http:\/\/esponsorama.ad\/ca\/hare-lo-digan-los-doctores-la-prioridad-recuperarme-2\/#breadcrumb"},"inLanguage":"ca-AD","potentialAction":[{"@type":"ReadAction","target":["http:\/\/esponsorama.ad\/ca\/hare-lo-digan-los-doctores-la-prioridad-recuperarme-2\/"]}]},{"@type":"ImageObject","inLanguage":"ca-AD","@id":"http:\/\/esponsorama.ad\/ca\/hare-lo-digan-los-doctores-la-prioridad-recuperarme-2\/#primaryimage","url":"http:\/\/esponsorama.ad\/wp-content\/uploads\/2018\/09\/IMG_2060_Fotor.jpg","contentUrl":"http:\/\/esponsorama.ad\/wp-content\/uploads\/2018\/09\/IMG_2060_Fotor.jpg","width":4032,"height":3024},{"@type":"BreadcrumbList","@id":"http:\/\/esponsorama.ad\/ca\/hare-lo-digan-los-doctores-la-prioridad-recuperarme-2\/#breadcrumb","itemListElement":[{"@type":"ListItem","position":1,"name":"Home","item":"http:\/\/esponsorama.ad\/ca\/"},{"@type":"ListItem","position":2,"name":"\u201cHar\u00e9 lo que digan los doctores, la prioridad es recuperarme\u201d"}]},{"@type":"WebSite","@id":"http:\/\/esponsorama.ad\/es\/#website","url":"http:\/\/esponsorama.ad\/es\/","name":"Esponsorama","description":"Specialist in motorsport sponsorship and event promotions","potentialAction":[{"@type":"SearchAction","target":{"@type":"EntryPoint","urlTemplate":"http:\/\/esponsorama.ad\/es\/?s={search_term_string}"},"query-input":{"@type":"PropertyValueSpecification","valueRequired":true,"valueName":"search_term_string"}}],"inLanguage":"ca-AD"},{"@type":"Person","@id":"http:\/\/esponsorama.ad\/es\/#\/schema\/person\/a5cde74945183d737066e46b61c6f9c4","name":"Xavi Andornet","image":{"@type":"ImageObject","inLanguage":"ca-AD","@id":"http:\/\/esponsorama.ad\/es\/#\/schema\/person\/image\/","url":"https:\/\/secure.gravatar.com\/avatar\/f10eaf9ad601244a2357c9fd7cd9805ed166cfaaf76d5d9ab08a9d873e70147a?s=96&d=mm&r=g","contentUrl":"https:\/\/secure.gravatar.com\/avatar\/f10eaf9ad601244a2357c9fd7cd9805ed166cfaaf76d5d9ab08a9d873e70147a?s=96&d=mm&r=g","caption":"Xavi Andornet"},"sameAs":["http:\/\/www.andornet.ad"],"url":"http:\/\/esponsorama.ad\/ca\/author\/andornet\/"}]}},"_links":{"self":[{"href":"http:\/\/esponsorama.ad\/ca\/wp-json\/wp\/v2\/posts\/11863","targetHints":{"allow":["GET"]}}],"collection":[{"href":"http:\/\/esponsorama.ad\/ca\/wp-json\/wp\/v2\/posts"}],"about":[{"href":"http:\/\/esponsorama.ad\/ca\/wp-json\/wp\/v2\/types\/post"}],"author":[{"embeddable":true,"href":"http:\/\/esponsorama.ad\/ca\/wp-json\/wp\/v2\/users\/6"}],"replies":[{"embeddable":true,"href":"http:\/\/esponsorama.ad\/ca\/wp-json\/wp\/v2\/comments?post=11863"}],"version-history":[{"count":0,"href":"http:\/\/esponsorama.ad\/ca\/wp-json\/wp\/v2\/posts\/11863\/revisions"}],"wp:featuredmedia":[{"embeddable":true,"href":"http:\/\/esponsorama.ad\/ca\/wp-json\/wp\/v2\/media\/11860"}],"wp:attachment":[{"href":"http:\/\/esponsorama.ad\/ca\/wp-json\/wp\/v2\/media?parent=11863"}],"wp:term":[{"taxonomy":"category","embeddable":true,"href":"http:\/\/esponsorama.ad\/ca\/wp-json\/wp\/v2\/categories?post=11863"},{"taxonomy":"post_tag","embeddable":true,"href":"http:\/\/esponsorama.ad\/ca\/wp-json\/wp\/v2\/tags?post=11863"}],"curies":[{"name":"wp","href":"https:\/\/api.w.org\/{rel}","templated":true}]}}