{"id":15546,"date":"2019-12-09T18:37:43","date_gmt":"2019-12-09T16:37:43","guid":{"rendered":"http:\/\/esponsorama.ad\/?p=15546"},"modified":"2019-12-09T18:58:02","modified_gmt":"2019-12-09T16:58:02","slug":"johann-zarco-nuevo-piloto-del-reale-avintia-racing-team-2","status":"publish","type":"post","link":"http:\/\/esponsorama.ad\/es\/johann-zarco-nuevo-piloto-del-reale-avintia-racing-team-2\/","title":{"rendered":"Johann Zarco, nuevo piloto del Reale Avintia Racing Team"},"content":{"rendered":"<p>El equipo <strong>Reale Avintia Racing<\/strong> se complace en anunciar que <strong>Johann Zarco<\/strong> ser\u00e1 el piloto que acompa\u00f1ar\u00e1 a <strong>Tito Rabat<\/strong> en el pr\u00f3ximo Campeonato del Mundo de MotoGP 2020. El equipo sat\u00e9lite Ducati contar\u00e1 con la presencia de dos ingenieros de pista y dos electr\u00f3nicos <strong>Ducati Corse<\/strong> que seguir\u00e1n la actividad de los dos pilotos de la <strong>Demosedici GP19<\/strong> durante toda la pr\u00f3xima temporada. <strong>Zarco<\/strong>, dos veces Campe\u00f3n del Mundo de Moto2, ha firmado un acuerdo de un a\u00f1o directamente con <strong>Ducati<\/strong> y har\u00e1 su primera aparici\u00f3n en pista por primera vez la pr\u00f3xima temporada en los test invernales previstos en <strong>Sepang<\/strong> del 7 al 9 de febrero.<\/p>\n<p><strong>Ra\u00fal Romero<\/strong>, propietario del Reale Avintia Racing Team:<\/p>\n<p>\u201cEstoy realmente contento e ilusionado con la llegada de un gran piloto como Johann Zarco a nuestro equipo de la mano de Ducati. Eso afianza todav\u00eda m\u00e1s el crecimiento del equipo despu\u00e9s de ampliar el contrato con La F\u00e1brica de Borgo Panigale, dando un salto de calidad en lo que se refiere a material convirti\u00e9ndonos en un equipo sat\u00e9lite. Todo este paquete permitir\u00e1 reflejar en los circuitos el esfuerzo de la estructura en los \u00faltimos a\u00f1os. Esperamos ver asiduamente a Johann y Tito en el top ten y convertirnos en un equipo de referencia pr\u00f3ximamente. Por \u00faltimo, agradecer a todos nuestros patrocinadores el esfuerzo en los \u00faltimos a\u00f1os, sin ellos esto no hubiese sido posible.\u201d<\/p>\n<p><strong>Johann Zarco<\/strong> ha comentado su nuevo compromiso de la siguiente manera:<\/p>\n<p>\u201cEstoy muy contento de anunciar oficialmente mi firma con Ducati para la temporada 2020 en la categor\u00eda MotoGP en el Reale Avintia Racing Team. \u00a1Mi tobillo izquierdo se est\u00e1 recuperando bien, ahora puedo disfrutar de mi invierno descansando con mi familia y entrenando de nuevo muy pronto!\u201d<\/p>\n","protected":false},"excerpt":{"rendered":"<p>El equipo Reale Avintia Racing se complace en anunciar que Johann Zarco ser\u00e1 el piloto que acompa\u00f1ar\u00e1 a Tito Rabat en el pr\u00f3ximo Campeonato del Mundo de MotoGP 2020. El equipo sat\u00e9lite Ducati contar\u00e1 con la presencia de dos ingenieros de pista y dos electr\u00f3nicos Ducati Corse que seguir\u00e1n la actividad de los dos pilotos [&hellip;]<\/p>\n","protected":false},"author":6,"featured_media":15547,"comment_status":"closed","ping_status":"closed","sticky":false,"template":"","format":"standard","meta":{"footnotes":""},"categories":[3],"tags":[],"class_list":["post-15546","post","type-post","status-publish","format-standard","has-post-thumbnail","hentry","category-motogp"],"yoast_head":"<!-- This site is optimized with the Yoast SEO plugin v27.1.1 - https:\/\/yoast.com\/product\/yoast-seo-wordpress\/ -->\n<title>Johann Zarco, nuevo piloto del Reale Avintia Racing Team - Esponsorama<\/title>\n<meta name=\"robots\" content=\"index, follow, max-snippet:-1, max-image-preview:large, max-video-preview:-1\" \/>\n<link rel=\"canonical\" href=\"http:\/\/esponsorama.ad\/es\/johann-zarco-nuevo-piloto-del-reale-avintia-racing-team-2\/\" \/>\n<meta property=\"og:locale\" content=\"en_US\" \/>\n<meta property=\"og:type\" content=\"article\" \/>\n<meta property=\"og:title\" content=\"Johann Zarco, nuevo piloto del Reale Avintia Racing Team - Esponsorama\" \/>\n<meta property=\"og:description\" content=\"El equipo Reale Avintia Racing se complace en anunciar que Johann Zarco ser\u00e1 el piloto que acompa\u00f1ar\u00e1 a Tito Rabat en el pr\u00f3ximo Campeonato del Mundo de MotoGP 2020. El equipo sat\u00e9lite Ducati contar\u00e1 con la presencia de dos ingenieros de pista y dos electr\u00f3nicos Ducati Corse que seguir\u00e1n la actividad de los dos pilotos [&hellip;]\" \/>\n<meta property=\"og:url\" content=\"http:\/\/esponsorama.ad\/es\/johann-zarco-nuevo-piloto-del-reale-avintia-racing-team-2\/\" \/>\n<meta property=\"og:site_name\" content=\"Esponsorama\" \/>\n<meta property=\"article:published_time\" content=\"2019-12-09T16:37:43+00:00\" \/>\n<meta property=\"article:modified_time\" content=\"2019-12-09T16:58:02+00:00\" \/>\n<meta property=\"og:image\" content=\"http:\/\/esponsorama.ad\/wp-content\/uploads\/2019\/12\/image0.jpeg\" \/>\n\t<meta property=\"og:image:width\" content=\"480\" \/>\n\t<meta property=\"og:image:height\" content=\"640\" \/>\n\t<meta property=\"og:image:type\" content=\"image\/jpeg\" \/>\n<meta name=\"author\" content=\"Xavi Andornet\" \/>\n<meta name=\"twitter:card\" content=\"summary_large_image\" \/>\n<meta name=\"twitter:label1\" content=\"Written by\" \/>\n\t<meta name=\"twitter:data1\" content=\"Xavi Andornet\" \/>\n\t<meta name=\"twitter:label2\" content=\"Est. reading time\" \/>\n\t<meta name=\"twitter:data2\" content=\"2 minutes\" \/>\n<script type=\"application\/ld+json\" class=\"yoast-schema-graph\">{\"@context\":\"https:\/\/schema.org\",\"@graph\":[{\"@type\":\"Article\",\"@id\":\"http:\/\/esponsorama.ad\/es\/johann-zarco-nuevo-piloto-del-reale-avintia-racing-team-2\/#article\",\"isPartOf\":{\"@id\":\"http:\/\/esponsorama.ad\/es\/johann-zarco-nuevo-piloto-del-reale-avintia-racing-team-2\/\"},\"author\":{\"name\":\"Xavi Andornet\",\"@id\":\"http:\/\/esponsorama.ad\/es\/#\/schema\/person\/a5cde74945183d737066e46b61c6f9c4\"},\"headline\":\"Johann Zarco, nuevo piloto del Reale Avintia Racing Team\",\"datePublished\":\"2019-12-09T16:37:43+00:00\",\"dateModified\":\"2019-12-09T16:58:02+00:00\",\"mainEntityOfPage\":{\"@id\":\"http:\/\/esponsorama.ad\/es\/johann-zarco-nuevo-piloto-del-reale-avintia-racing-team-2\/\"},\"wordCount\":315,\"image\":{\"@id\":\"http:\/\/esponsorama.ad\/es\/johann-zarco-nuevo-piloto-del-reale-avintia-racing-team-2\/#primaryimage\"},\"thumbnailUrl\":\"http:\/\/esponsorama.ad\/wp-content\/uploads\/2019\/12\/image0.jpeg\",\"articleSection\":[\"MotoGP\"],\"inLanguage\":\"ca-AD\"},{\"@type\":\"WebPage\",\"@id\":\"http:\/\/esponsorama.ad\/es\/johann-zarco-nuevo-piloto-del-reale-avintia-racing-team-2\/\",\"url\":\"http:\/\/esponsorama.ad\/es\/johann-zarco-nuevo-piloto-del-reale-avintia-racing-team-2\/\",\"name\":\"Johann Zarco, nuevo piloto del Reale Avintia Racing Team - Esponsorama\",\"isPartOf\":{\"@id\":\"http:\/\/esponsorama.ad\/es\/#website\"},\"primaryImageOfPage\":{\"@id\":\"http:\/\/esponsorama.ad\/es\/johann-zarco-nuevo-piloto-del-reale-avintia-racing-team-2\/#primaryimage\"},\"image\":{\"@id\":\"http:\/\/esponsorama.ad\/es\/johann-zarco-nuevo-piloto-del-reale-avintia-racing-team-2\/#primaryimage\"},\"thumbnailUrl\":\"http:\/\/esponsorama.ad\/wp-content\/uploads\/2019\/12\/image0.jpeg\",\"datePublished\":\"2019-12-09T16:37:43+00:00\",\"dateModified\":\"2019-12-09T16:58:02+00:00\",\"author\":{\"@id\":\"http:\/\/esponsorama.ad\/es\/#\/schema\/person\/a5cde74945183d737066e46b61c6f9c4\"},\"breadcrumb\":{\"@id\":\"http:\/\/esponsorama.ad\/es\/johann-zarco-nuevo-piloto-del-reale-avintia-racing-team-2\/#breadcrumb\"},\"inLanguage\":\"ca-AD\",\"potentialAction\":[{\"@type\":\"ReadAction\",\"target\":[\"http:\/\/esponsorama.ad\/es\/johann-zarco-nuevo-piloto-del-reale-avintia-racing-team-2\/\"]}]},{\"@type\":\"ImageObject\",\"inLanguage\":\"ca-AD\",\"@id\":\"http:\/\/esponsorama.ad\/es\/johann-zarco-nuevo-piloto-del-reale-avintia-racing-team-2\/#primaryimage\",\"url\":\"http:\/\/esponsorama.ad\/wp-content\/uploads\/2019\/12\/image0.jpeg\",\"contentUrl\":\"http:\/\/esponsorama.ad\/wp-content\/uploads\/2019\/12\/image0.jpeg\",\"width\":480,\"height\":640},{\"@type\":\"BreadcrumbList\",\"@id\":\"http:\/\/esponsorama.ad\/es\/johann-zarco-nuevo-piloto-del-reale-avintia-racing-team-2\/#breadcrumb\",\"itemListElement\":[{\"@type\":\"ListItem\",\"position\":1,\"name\":\"Home\",\"item\":\"http:\/\/esponsorama.ad\/es\/\"},{\"@type\":\"ListItem\",\"position\":2,\"name\":\"Johann Zarco, nuevo piloto del Reale Avintia Racing Team\"}]},{\"@type\":\"WebSite\",\"@id\":\"http:\/\/esponsorama.ad\/es\/#website\",\"url\":\"http:\/\/esponsorama.ad\/es\/\",\"name\":\"Esponsorama\",\"description\":\"Specialist in motorsport sponsorship and event promotions\",\"potentialAction\":[{\"@type\":\"SearchAction\",\"target\":{\"@type\":\"EntryPoint\",\"urlTemplate\":\"http:\/\/esponsorama.ad\/es\/?s={search_term_string}\"},\"query-input\":{\"@type\":\"PropertyValueSpecification\",\"valueRequired\":true,\"valueName\":\"search_term_string\"}}],\"inLanguage\":\"ca-AD\"},{\"@type\":\"Person\",\"@id\":\"http:\/\/esponsorama.ad\/es\/#\/schema\/person\/a5cde74945183d737066e46b61c6f9c4\",\"name\":\"Xavi Andornet\",\"image\":{\"@type\":\"ImageObject\",\"inLanguage\":\"ca-AD\",\"@id\":\"http:\/\/esponsorama.ad\/es\/#\/schema\/person\/image\/\",\"url\":\"https:\/\/secure.gravatar.com\/avatar\/f10eaf9ad601244a2357c9fd7cd9805ed166cfaaf76d5d9ab08a9d873e70147a?s=96&d=mm&r=g\",\"contentUrl\":\"https:\/\/secure.gravatar.com\/avatar\/f10eaf9ad601244a2357c9fd7cd9805ed166cfaaf76d5d9ab08a9d873e70147a?s=96&d=mm&r=g\",\"caption\":\"Xavi Andornet\"},\"sameAs\":[\"http:\/\/www.andornet.ad\"],\"url\":\"http:\/\/esponsorama.ad\/ca\/author\/andornet\/\"}]}<\/script>\n<!-- \/ Yoast SEO plugin. -->","yoast_head_json":{"title":"Johann Zarco, nuevo piloto del Reale Avintia Racing Team - Esponsorama","robots":{"index":"index","follow":"follow","max-snippet":"max-snippet:-1","max-image-preview":"max-image-preview:large","max-video-preview":"max-video-preview:-1"},"canonical":"http:\/\/esponsorama.ad\/es\/johann-zarco-nuevo-piloto-del-reale-avintia-racing-team-2\/","og_locale":"en_US","og_type":"article","og_title":"Johann Zarco, nuevo piloto del Reale Avintia Racing Team - Esponsorama","og_description":"El equipo Reale Avintia Racing se complace en anunciar que Johann Zarco ser\u00e1 el piloto que acompa\u00f1ar\u00e1 a Tito Rabat en el pr\u00f3ximo Campeonato del Mundo de MotoGP 2020. El equipo sat\u00e9lite Ducati contar\u00e1 con la presencia de dos ingenieros de pista y dos electr\u00f3nicos Ducati Corse que seguir\u00e1n la actividad de los dos pilotos [&hellip;]","og_url":"http:\/\/esponsorama.ad\/es\/johann-zarco-nuevo-piloto-del-reale-avintia-racing-team-2\/","og_site_name":"Esponsorama","article_published_time":"2019-12-09T16:37:43+00:00","article_modified_time":"2019-12-09T16:58:02+00:00","og_image":[{"width":480,"height":640,"url":"http:\/\/esponsorama.ad\/wp-content\/uploads\/2019\/12\/image0.jpeg","type":"image\/jpeg"}],"author":"Xavi Andornet","twitter_card":"summary_large_image","twitter_misc":{"Written by":"Xavi Andornet","Est. reading time":"2 minutes"},"schema":{"@context":"https:\/\/schema.org","@graph":[{"@type":"Article","@id":"http:\/\/esponsorama.ad\/es\/johann-zarco-nuevo-piloto-del-reale-avintia-racing-team-2\/#article","isPartOf":{"@id":"http:\/\/esponsorama.ad\/es\/johann-zarco-nuevo-piloto-del-reale-avintia-racing-team-2\/"},"author":{"name":"Xavi Andornet","@id":"http:\/\/esponsorama.ad\/es\/#\/schema\/person\/a5cde74945183d737066e46b61c6f9c4"},"headline":"Johann Zarco, nuevo piloto del Reale Avintia Racing Team","datePublished":"2019-12-09T16:37:43+00:00","dateModified":"2019-12-09T16:58:02+00:00","mainEntityOfPage":{"@id":"http:\/\/esponsorama.ad\/es\/johann-zarco-nuevo-piloto-del-reale-avintia-racing-team-2\/"},"wordCount":315,"image":{"@id":"http:\/\/esponsorama.ad\/es\/johann-zarco-nuevo-piloto-del-reale-avintia-racing-team-2\/#primaryimage"},"thumbnailUrl":"http:\/\/esponsorama.ad\/wp-content\/uploads\/2019\/12\/image0.jpeg","articleSection":["MotoGP"],"inLanguage":"ca-AD"},{"@type":"WebPage","@id":"http:\/\/esponsorama.ad\/es\/johann-zarco-nuevo-piloto-del-reale-avintia-racing-team-2\/","url":"http:\/\/esponsorama.ad\/es\/johann-zarco-nuevo-piloto-del-reale-avintia-racing-team-2\/","name":"Johann Zarco, nuevo piloto del Reale Avintia Racing Team - Esponsorama","isPartOf":{"@id":"http:\/\/esponsorama.ad\/es\/#website"},"primaryImageOfPage":{"@id":"http:\/\/esponsorama.ad\/es\/johann-zarco-nuevo-piloto-del-reale-avintia-racing-team-2\/#primaryimage"},"image":{"@id":"http:\/\/esponsorama.ad\/es\/johann-zarco-nuevo-piloto-del-reale-avintia-racing-team-2\/#primaryimage"},"thumbnailUrl":"http:\/\/esponsorama.ad\/wp-content\/uploads\/2019\/12\/image0.jpeg","datePublished":"2019-12-09T16:37:43+00:00","dateModified":"2019-12-09T16:58:02+00:00","author":{"@id":"http:\/\/esponsorama.ad\/es\/#\/schema\/person\/a5cde74945183d737066e46b61c6f9c4"},"breadcrumb":{"@id":"http:\/\/esponsorama.ad\/es\/johann-zarco-nuevo-piloto-del-reale-avintia-racing-team-2\/#breadcrumb"},"inLanguage":"ca-AD","potentialAction":[{"@type":"ReadAction","target":["http:\/\/esponsorama.ad\/es\/johann-zarco-nuevo-piloto-del-reale-avintia-racing-team-2\/"]}]},{"@type":"ImageObject","inLanguage":"ca-AD","@id":"http:\/\/esponsorama.ad\/es\/johann-zarco-nuevo-piloto-del-reale-avintia-racing-team-2\/#primaryimage","url":"http:\/\/esponsorama.ad\/wp-content\/uploads\/2019\/12\/image0.jpeg","contentUrl":"http:\/\/esponsorama.ad\/wp-content\/uploads\/2019\/12\/image0.jpeg","width":480,"height":640},{"@type":"BreadcrumbList","@id":"http:\/\/esponsorama.ad\/es\/johann-zarco-nuevo-piloto-del-reale-avintia-racing-team-2\/#breadcrumb","itemListElement":[{"@type":"ListItem","position":1,"name":"Home","item":"http:\/\/esponsorama.ad\/es\/"},{"@type":"ListItem","position":2,"name":"Johann Zarco, nuevo piloto del Reale Avintia Racing Team"}]},{"@type":"WebSite","@id":"http:\/\/esponsorama.ad\/es\/#website","url":"http:\/\/esponsorama.ad\/es\/","name":"Esponsorama","description":"Specialist in motorsport sponsorship and event promotions","potentialAction":[{"@type":"SearchAction","target":{"@type":"EntryPoint","urlTemplate":"http:\/\/esponsorama.ad\/es\/?s={search_term_string}"},"query-input":{"@type":"PropertyValueSpecification","valueRequired":true,"valueName":"search_term_string"}}],"inLanguage":"ca-AD"},{"@type":"Person","@id":"http:\/\/esponsorama.ad\/es\/#\/schema\/person\/a5cde74945183d737066e46b61c6f9c4","name":"Xavi Andornet","image":{"@type":"ImageObject","inLanguage":"ca-AD","@id":"http:\/\/esponsorama.ad\/es\/#\/schema\/person\/image\/","url":"https:\/\/secure.gravatar.com\/avatar\/f10eaf9ad601244a2357c9fd7cd9805ed166cfaaf76d5d9ab08a9d873e70147a?s=96&d=mm&r=g","contentUrl":"https:\/\/secure.gravatar.com\/avatar\/f10eaf9ad601244a2357c9fd7cd9805ed166cfaaf76d5d9ab08a9d873e70147a?s=96&d=mm&r=g","caption":"Xavi Andornet"},"sameAs":["http:\/\/www.andornet.ad"],"url":"http:\/\/esponsorama.ad\/ca\/author\/andornet\/"}]}},"_links":{"self":[{"href":"http:\/\/esponsorama.ad\/ca\/wp-json\/wp\/v2\/posts\/15546","targetHints":{"allow":["GET"]}}],"collection":[{"href":"http:\/\/esponsorama.ad\/ca\/wp-json\/wp\/v2\/posts"}],"about":[{"href":"http:\/\/esponsorama.ad\/ca\/wp-json\/wp\/v2\/types\/post"}],"author":[{"embeddable":true,"href":"http:\/\/esponsorama.ad\/ca\/wp-json\/wp\/v2\/users\/6"}],"replies":[{"embeddable":true,"href":"http:\/\/esponsorama.ad\/ca\/wp-json\/wp\/v2\/comments?post=15546"}],"version-history":[{"count":0,"href":"http:\/\/esponsorama.ad\/ca\/wp-json\/wp\/v2\/posts\/15546\/revisions"}],"wp:featuredmedia":[{"embeddable":true,"href":"http:\/\/esponsorama.ad\/ca\/wp-json\/wp\/v2\/media\/15547"}],"wp:attachment":[{"href":"http:\/\/esponsorama.ad\/ca\/wp-json\/wp\/v2\/media?parent=15546"}],"wp:term":[{"taxonomy":"category","embeddable":true,"href":"http:\/\/esponsorama.ad\/ca\/wp-json\/wp\/v2\/categories?post=15546"},{"taxonomy":"post_tag","embeddable":true,"href":"http:\/\/esponsorama.ad\/ca\/wp-json\/wp\/v2\/tags?post=15546"}],"curies":[{"name":"wp","href":"https:\/\/api.w.org\/{rel}","templated":true}]}}