{"id":1837,"date":"2017-03-10T23:36:52","date_gmt":"2017-03-10T21:36:52","guid":{"rendered":"http:\/\/esponsorama.ad\/?p=1837"},"modified":"2017-03-16T15:54:56","modified_gmt":"2017-03-16T13:54:56","slug":"primer-dia-positivo-loris-baz-qatar","status":"publish","type":"post","link":"http:\/\/esponsorama.ad\/ca\/primer-dia-positivo-loris-baz-qatar\/","title":{"rendered":"El primer dia positiu per Loris Baz a Qatar"},"content":{"rendered":"<p>El primer dia d&#8217;entrenaments de MotoGP al Circuit Internacional de Losail ha estat molt positiu per Loris Baz, l&#8217;\u00fanic pilot de l&#8217;equip Reale Avintia Racing, present a Qatar. Recordem que el seu company H\u00e9ctor Barber\u00e1 va decidir dilluns passat no prendre part en aquests test despr\u00e9s de fracturar-se la clav\u00edcula esquerra i passar pel quir\u00f2fan fa nom\u00e9s una setmana.\u00a0Loris Baz s&#8217;ha trobat molt c\u00f2mode amb la seva Ducati Desmosedici GP15 des de la primera sortida a pista i ha arribat a estar entre els deu m\u00e9s r\u00e0pids en la taula de temps. El pilot franc\u00e8s del Reale Avintia Racing nom\u00e9s ha completat 31 voltes i ha decidit acabar abans d&#8217;hora quan la temperatura de la pista ha comen\u00e7at a baixar. El millor \u00e9s que les seves sensacions amb la moto han estat molt bones i dem\u00e0 espera millorar una mica m\u00e9s. Baz ha acabat a 1.3 segons d&#8217;Andrea Dovizioso, que avui ha estat el m\u00e9s r\u00e0pid amb la Ducati de f\u00e0brica.<\/p>\n\n<p>&#8220;El dia ha anat molt b\u00e9. Feia exactament un any que no tenia tan bon feeling amb la moto i des de les primeres voltes m&#8217;ha anat molt b\u00e9. Avui no hem donat moltes voltes, per\u00f2 aix\u00f2 ens va b\u00e9 per guardar pneum\u00e0tics per als pr\u00f2xims dos dies. en general estic molt content i dem\u00e0 hem de seguir en la mateixa l\u00ednia, millorar una mica m\u00e9s i solucionar els petits problemes que tenim en alguns revolts, per\u00f2 les sensacions han estat molt bones. No hem provat moltes coses, perqu\u00e8 la posada a punt base ha funcionat molt b\u00e9 des del principi, aix\u00ed que hem provat els pneum\u00e0tics que ha portat Michelin i sobretot he tractat de rodar per agafar confian\u00e7a amb el circuit. Dem\u00e0 tenim previst fer un simulacre de carrera i veurem qu\u00e8 tal va.&#8221;<\/p>\n","protected":false},"excerpt":{"rendered":"<p>El primer dia d&#8217;entrenaments de MotoGP al Circuit Internacional de Losail ha estat molt positiu per Loris Baz, l&#8217;\u00fanic pilot de l&#8217;equip Reale Avintia Racing, present a Qatar. Recordem que el seu company H\u00e9ctor Barber\u00e1 va decidir dilluns passat no prendre part en aquests test despr\u00e9s de fracturar-se la clav\u00edcula esquerra i passar pel quir\u00f2fan [&hellip;]<\/p>\n","protected":false},"author":6,"featured_media":1811,"comment_status":"closed","ping_status":"closed","sticky":false,"template":"","format":"standard","meta":{"footnotes":""},"categories":[3],"tags":[],"class_list":["post-1837","post","type-post","status-publish","format-standard","has-post-thumbnail","hentry","category-motogp"],"yoast_head":"<!-- This site is optimized with the Yoast SEO plugin v27.1.1 - https:\/\/yoast.com\/product\/yoast-seo-wordpress\/ -->\n<title>El primer dia positiu per Loris Baz a Qatar - Esponsorama<\/title>\n<meta name=\"robots\" content=\"index, follow, max-snippet:-1, max-image-preview:large, max-video-preview:-1\" \/>\n<link rel=\"canonical\" href=\"http:\/\/esponsorama.ad\/ca\/primer-dia-positivo-loris-baz-qatar\/\" \/>\n<meta property=\"og:locale\" content=\"en_US\" \/>\n<meta property=\"og:type\" content=\"article\" \/>\n<meta property=\"og:title\" content=\"El primer dia positiu per Loris Baz a Qatar - Esponsorama\" \/>\n<meta property=\"og:description\" content=\"El primer dia d&#8217;entrenaments de MotoGP al Circuit Internacional de Losail ha estat molt positiu per Loris Baz, l&#8217;\u00fanic pilot de l&#8217;equip Reale Avintia Racing, present a Qatar. Recordem que el seu company H\u00e9ctor Barber\u00e1 va decidir dilluns passat no prendre part en aquests test despr\u00e9s de fracturar-se la clav\u00edcula esquerra i passar pel quir\u00f2fan [&hellip;]\" \/>\n<meta property=\"og:url\" content=\"http:\/\/esponsorama.ad\/ca\/primer-dia-positivo-loris-baz-qatar\/\" \/>\n<meta property=\"og:site_name\" content=\"Esponsorama\" \/>\n<meta property=\"article:published_time\" content=\"2017-03-10T21:36:52+00:00\" \/>\n<meta property=\"article:modified_time\" content=\"2017-03-16T13:54:56+00:00\" \/>\n<meta property=\"og:image\" content=\"http:\/\/esponsorama.ad\/wp-content\/uploads\/2017\/03\/ALR0257-1024x683.jpg\" \/>\n\t<meta property=\"og:image:width\" content=\"1024\" \/>\n\t<meta property=\"og:image:height\" content=\"683\" \/>\n\t<meta property=\"og:image:type\" content=\"image\/jpeg\" \/>\n<meta name=\"author\" content=\"Xavi Andornet\" \/>\n<meta name=\"twitter:card\" content=\"summary_large_image\" \/>\n<meta name=\"twitter:label1\" content=\"Written by\" \/>\n\t<meta name=\"twitter:data1\" content=\"Xavi Andornet\" \/>\n\t<meta name=\"twitter:label2\" content=\"Est. reading time\" \/>\n\t<meta name=\"twitter:data2\" content=\"2 minutes\" \/>\n<script type=\"application\/ld+json\" class=\"yoast-schema-graph\">{\"@context\":\"https:\/\/schema.org\",\"@graph\":[{\"@type\":\"Article\",\"@id\":\"http:\/\/esponsorama.ad\/ca\/primer-dia-positivo-loris-baz-qatar\/#article\",\"isPartOf\":{\"@id\":\"http:\/\/esponsorama.ad\/ca\/primer-dia-positivo-loris-baz-qatar\/\"},\"author\":{\"name\":\"Xavi Andornet\",\"@id\":\"http:\/\/esponsorama.ad\/es\/#\/schema\/person\/a5cde74945183d737066e46b61c6f9c4\"},\"headline\":\"El primer dia positiu per Loris Baz a Qatar\",\"datePublished\":\"2017-03-10T21:36:52+00:00\",\"dateModified\":\"2017-03-16T13:54:56+00:00\",\"mainEntityOfPage\":{\"@id\":\"http:\/\/esponsorama.ad\/ca\/primer-dia-positivo-loris-baz-qatar\/\"},\"wordCount\":332,\"image\":{\"@id\":\"http:\/\/esponsorama.ad\/ca\/primer-dia-positivo-loris-baz-qatar\/#primaryimage\"},\"thumbnailUrl\":\"http:\/\/esponsorama.ad\/wp-content\/uploads\/2017\/03\/ALR0257.jpg\",\"articleSection\":[\"MotoGP\"],\"inLanguage\":\"ca-AD\"},{\"@type\":\"WebPage\",\"@id\":\"http:\/\/esponsorama.ad\/ca\/primer-dia-positivo-loris-baz-qatar\/\",\"url\":\"http:\/\/esponsorama.ad\/ca\/primer-dia-positivo-loris-baz-qatar\/\",\"name\":\"El primer dia positiu per Loris Baz a Qatar - Esponsorama\",\"isPartOf\":{\"@id\":\"http:\/\/esponsorama.ad\/es\/#website\"},\"primaryImageOfPage\":{\"@id\":\"http:\/\/esponsorama.ad\/ca\/primer-dia-positivo-loris-baz-qatar\/#primaryimage\"},\"image\":{\"@id\":\"http:\/\/esponsorama.ad\/ca\/primer-dia-positivo-loris-baz-qatar\/#primaryimage\"},\"thumbnailUrl\":\"http:\/\/esponsorama.ad\/wp-content\/uploads\/2017\/03\/ALR0257.jpg\",\"datePublished\":\"2017-03-10T21:36:52+00:00\",\"dateModified\":\"2017-03-16T13:54:56+00:00\",\"author\":{\"@id\":\"http:\/\/esponsorama.ad\/es\/#\/schema\/person\/a5cde74945183d737066e46b61c6f9c4\"},\"breadcrumb\":{\"@id\":\"http:\/\/esponsorama.ad\/ca\/primer-dia-positivo-loris-baz-qatar\/#breadcrumb\"},\"inLanguage\":\"ca-AD\",\"potentialAction\":[{\"@type\":\"ReadAction\",\"target\":[\"http:\/\/esponsorama.ad\/ca\/primer-dia-positivo-loris-baz-qatar\/\"]}]},{\"@type\":\"ImageObject\",\"inLanguage\":\"ca-AD\",\"@id\":\"http:\/\/esponsorama.ad\/ca\/primer-dia-positivo-loris-baz-qatar\/#primaryimage\",\"url\":\"http:\/\/esponsorama.ad\/wp-content\/uploads\/2017\/03\/ALR0257.jpg\",\"contentUrl\":\"http:\/\/esponsorama.ad\/wp-content\/uploads\/2017\/03\/ALR0257.jpg\",\"width\":4287,\"height\":2858},{\"@type\":\"BreadcrumbList\",\"@id\":\"http:\/\/esponsorama.ad\/ca\/primer-dia-positivo-loris-baz-qatar\/#breadcrumb\",\"itemListElement\":[{\"@type\":\"ListItem\",\"position\":1,\"name\":\"Home\",\"item\":\"http:\/\/esponsorama.ad\/ca\/\"},{\"@type\":\"ListItem\",\"position\":2,\"name\":\"El primer dia positiu per Loris Baz a Qatar\"}]},{\"@type\":\"WebSite\",\"@id\":\"http:\/\/esponsorama.ad\/es\/#website\",\"url\":\"http:\/\/esponsorama.ad\/es\/\",\"name\":\"Esponsorama\",\"description\":\"Specialist in motorsport sponsorship and event promotions\",\"potentialAction\":[{\"@type\":\"SearchAction\",\"target\":{\"@type\":\"EntryPoint\",\"urlTemplate\":\"http:\/\/esponsorama.ad\/es\/?s={search_term_string}\"},\"query-input\":{\"@type\":\"PropertyValueSpecification\",\"valueRequired\":true,\"valueName\":\"search_term_string\"}}],\"inLanguage\":\"ca-AD\"},{\"@type\":\"Person\",\"@id\":\"http:\/\/esponsorama.ad\/es\/#\/schema\/person\/a5cde74945183d737066e46b61c6f9c4\",\"name\":\"Xavi Andornet\",\"image\":{\"@type\":\"ImageObject\",\"inLanguage\":\"ca-AD\",\"@id\":\"http:\/\/esponsorama.ad\/es\/#\/schema\/person\/image\/\",\"url\":\"https:\/\/secure.gravatar.com\/avatar\/f10eaf9ad601244a2357c9fd7cd9805ed166cfaaf76d5d9ab08a9d873e70147a?s=96&d=mm&r=g\",\"contentUrl\":\"https:\/\/secure.gravatar.com\/avatar\/f10eaf9ad601244a2357c9fd7cd9805ed166cfaaf76d5d9ab08a9d873e70147a?s=96&d=mm&r=g\",\"caption\":\"Xavi Andornet\"},\"sameAs\":[\"http:\/\/www.andornet.ad\"],\"url\":\"http:\/\/esponsorama.ad\/ca\/author\/andornet\/\"}]}<\/script>\n<!-- \/ Yoast SEO plugin. -->","yoast_head_json":{"title":"El primer dia positiu per Loris Baz a Qatar - Esponsorama","robots":{"index":"index","follow":"follow","max-snippet":"max-snippet:-1","max-image-preview":"max-image-preview:large","max-video-preview":"max-video-preview:-1"},"canonical":"http:\/\/esponsorama.ad\/ca\/primer-dia-positivo-loris-baz-qatar\/","og_locale":"en_US","og_type":"article","og_title":"El primer dia positiu per Loris Baz a Qatar - Esponsorama","og_description":"El primer dia d&#8217;entrenaments de MotoGP al Circuit Internacional de Losail ha estat molt positiu per Loris Baz, l&#8217;\u00fanic pilot de l&#8217;equip Reale Avintia Racing, present a Qatar. Recordem que el seu company H\u00e9ctor Barber\u00e1 va decidir dilluns passat no prendre part en aquests test despr\u00e9s de fracturar-se la clav\u00edcula esquerra i passar pel quir\u00f2fan [&hellip;]","og_url":"http:\/\/esponsorama.ad\/ca\/primer-dia-positivo-loris-baz-qatar\/","og_site_name":"Esponsorama","article_published_time":"2017-03-10T21:36:52+00:00","article_modified_time":"2017-03-16T13:54:56+00:00","og_image":[{"width":1024,"height":683,"url":"http:\/\/esponsorama.ad\/wp-content\/uploads\/2017\/03\/ALR0257-1024x683.jpg","type":"image\/jpeg"}],"author":"Xavi Andornet","twitter_card":"summary_large_image","twitter_misc":{"Written by":"Xavi Andornet","Est. reading time":"2 minutes"},"schema":{"@context":"https:\/\/schema.org","@graph":[{"@type":"Article","@id":"http:\/\/esponsorama.ad\/ca\/primer-dia-positivo-loris-baz-qatar\/#article","isPartOf":{"@id":"http:\/\/esponsorama.ad\/ca\/primer-dia-positivo-loris-baz-qatar\/"},"author":{"name":"Xavi Andornet","@id":"http:\/\/esponsorama.ad\/es\/#\/schema\/person\/a5cde74945183d737066e46b61c6f9c4"},"headline":"El primer dia positiu per Loris Baz a Qatar","datePublished":"2017-03-10T21:36:52+00:00","dateModified":"2017-03-16T13:54:56+00:00","mainEntityOfPage":{"@id":"http:\/\/esponsorama.ad\/ca\/primer-dia-positivo-loris-baz-qatar\/"},"wordCount":332,"image":{"@id":"http:\/\/esponsorama.ad\/ca\/primer-dia-positivo-loris-baz-qatar\/#primaryimage"},"thumbnailUrl":"http:\/\/esponsorama.ad\/wp-content\/uploads\/2017\/03\/ALR0257.jpg","articleSection":["MotoGP"],"inLanguage":"ca-AD"},{"@type":"WebPage","@id":"http:\/\/esponsorama.ad\/ca\/primer-dia-positivo-loris-baz-qatar\/","url":"http:\/\/esponsorama.ad\/ca\/primer-dia-positivo-loris-baz-qatar\/","name":"El primer dia positiu per Loris Baz a Qatar - Esponsorama","isPartOf":{"@id":"http:\/\/esponsorama.ad\/es\/#website"},"primaryImageOfPage":{"@id":"http:\/\/esponsorama.ad\/ca\/primer-dia-positivo-loris-baz-qatar\/#primaryimage"},"image":{"@id":"http:\/\/esponsorama.ad\/ca\/primer-dia-positivo-loris-baz-qatar\/#primaryimage"},"thumbnailUrl":"http:\/\/esponsorama.ad\/wp-content\/uploads\/2017\/03\/ALR0257.jpg","datePublished":"2017-03-10T21:36:52+00:00","dateModified":"2017-03-16T13:54:56+00:00","author":{"@id":"http:\/\/esponsorama.ad\/es\/#\/schema\/person\/a5cde74945183d737066e46b61c6f9c4"},"breadcrumb":{"@id":"http:\/\/esponsorama.ad\/ca\/primer-dia-positivo-loris-baz-qatar\/#breadcrumb"},"inLanguage":"ca-AD","potentialAction":[{"@type":"ReadAction","target":["http:\/\/esponsorama.ad\/ca\/primer-dia-positivo-loris-baz-qatar\/"]}]},{"@type":"ImageObject","inLanguage":"ca-AD","@id":"http:\/\/esponsorama.ad\/ca\/primer-dia-positivo-loris-baz-qatar\/#primaryimage","url":"http:\/\/esponsorama.ad\/wp-content\/uploads\/2017\/03\/ALR0257.jpg","contentUrl":"http:\/\/esponsorama.ad\/wp-content\/uploads\/2017\/03\/ALR0257.jpg","width":4287,"height":2858},{"@type":"BreadcrumbList","@id":"http:\/\/esponsorama.ad\/ca\/primer-dia-positivo-loris-baz-qatar\/#breadcrumb","itemListElement":[{"@type":"ListItem","position":1,"name":"Home","item":"http:\/\/esponsorama.ad\/ca\/"},{"@type":"ListItem","position":2,"name":"El primer dia positiu per Loris Baz a Qatar"}]},{"@type":"WebSite","@id":"http:\/\/esponsorama.ad\/es\/#website","url":"http:\/\/esponsorama.ad\/es\/","name":"Esponsorama","description":"Specialist in motorsport sponsorship and event promotions","potentialAction":[{"@type":"SearchAction","target":{"@type":"EntryPoint","urlTemplate":"http:\/\/esponsorama.ad\/es\/?s={search_term_string}"},"query-input":{"@type":"PropertyValueSpecification","valueRequired":true,"valueName":"search_term_string"}}],"inLanguage":"ca-AD"},{"@type":"Person","@id":"http:\/\/esponsorama.ad\/es\/#\/schema\/person\/a5cde74945183d737066e46b61c6f9c4","name":"Xavi Andornet","image":{"@type":"ImageObject","inLanguage":"ca-AD","@id":"http:\/\/esponsorama.ad\/es\/#\/schema\/person\/image\/","url":"https:\/\/secure.gravatar.com\/avatar\/f10eaf9ad601244a2357c9fd7cd9805ed166cfaaf76d5d9ab08a9d873e70147a?s=96&d=mm&r=g","contentUrl":"https:\/\/secure.gravatar.com\/avatar\/f10eaf9ad601244a2357c9fd7cd9805ed166cfaaf76d5d9ab08a9d873e70147a?s=96&d=mm&r=g","caption":"Xavi Andornet"},"sameAs":["http:\/\/www.andornet.ad"],"url":"http:\/\/esponsorama.ad\/ca\/author\/andornet\/"}]}},"_links":{"self":[{"href":"http:\/\/esponsorama.ad\/ca\/wp-json\/wp\/v2\/posts\/1837","targetHints":{"allow":["GET"]}}],"collection":[{"href":"http:\/\/esponsorama.ad\/ca\/wp-json\/wp\/v2\/posts"}],"about":[{"href":"http:\/\/esponsorama.ad\/ca\/wp-json\/wp\/v2\/types\/post"}],"author":[{"embeddable":true,"href":"http:\/\/esponsorama.ad\/ca\/wp-json\/wp\/v2\/users\/6"}],"replies":[{"embeddable":true,"href":"http:\/\/esponsorama.ad\/ca\/wp-json\/wp\/v2\/comments?post=1837"}],"version-history":[{"count":0,"href":"http:\/\/esponsorama.ad\/ca\/wp-json\/wp\/v2\/posts\/1837\/revisions"}],"wp:featuredmedia":[{"embeddable":true,"href":"http:\/\/esponsorama.ad\/ca\/wp-json\/wp\/v2\/media\/1811"}],"wp:attachment":[{"href":"http:\/\/esponsorama.ad\/ca\/wp-json\/wp\/v2\/media?parent=1837"}],"wp:term":[{"taxonomy":"category","embeddable":true,"href":"http:\/\/esponsorama.ad\/ca\/wp-json\/wp\/v2\/categories?post=1837"},{"taxonomy":"post_tag","embeddable":true,"href":"http:\/\/esponsorama.ad\/ca\/wp-json\/wp\/v2\/tags?post=1837"}],"curies":[{"name":"wp","href":"https:\/\/api.w.org\/{rel}","templated":true}]}}