{"id":2046,"date":"2017-03-21T09:08:49","date_gmt":"2017-03-21T07:08:49","guid":{"rendered":"http:\/\/esponsorama.ad\/?p=2046"},"modified":"2017-03-31T13:51:48","modified_gmt":"2017-03-31T11:51:48","slug":"equipo-reale-avintia-racing-listo-empezar-la-temporada-qatar","status":"publish","type":"post","link":"http:\/\/esponsorama.ad\/ca\/equipo-reale-avintia-racing-listo-empezar-la-temporada-qatar\/","title":{"rendered":"L&#8217;equip Reale Avintia Racing a punt per comen\u00e7ar la temporada a Qatar"},"content":{"rendered":"<p>Aquest cap de setmana arrenca una nova edici\u00f3 del Campionat del M\u00f3n de MotoGP, sota els milers de focus que il\u00b7luminaran el Circuit Internacional de Losail a Qatar. L&#8217;equip Reale Avintia Racing estar\u00e0 al complet amb H\u00e9ctor Barber\u00e1 i Loris Baz al box per a la primera cursa a Losail. El pilot espanyol es va veure for\u00e7at a saltar-se el \u00faltim test de tres dies de la pretemporada a causa d&#8217;una lesi\u00f3 a la clav\u00edcula esquerra, per\u00f2 despr\u00e9s de m\u00e9s de 20 dies d&#8217;intens treball amb el seu fisioterapeuta, Jordi Reig, Barber\u00e0 arriba a la primera cursa bastant recuperat , encara que no al 100%. Aix\u00ed i tractar\u00e0 d&#8217;aconseguir el millor resultat pilotant la seva Ducati Desmosedici GP16.<\/p>\n<p>Qui s\u00ed arriba al m\u00e0xim a la primera cita \u00e9s el seu company Loris Baz. El pilot franc\u00e8s de l&#8217;equip Reale Avintia Racing ha fet una pretemporada molt s\u00f2lida i aquest cap de setmana espera poder inaugurar el seu caseller de punts a Qatar.<\/p>\n\n<p>&#8220;A la primera cursa arribo minvat f\u00edsicament, no arribo al meu millor nivell, perqu\u00e8 encara que he treballat molt per recuperar-me, tota la feina de peses i cardio que havia fet a l&#8217;hivern, l&#8217;he perdut en aquests \u00faltims 20 dies. No ha estat f\u00e0cil afrontar aquesta lesi\u00f3 i m\u00e9s per la forma en qu\u00e8 va succeir, per\u00f2 arribo a Qatar il\u00b7lusionat com si fos el meu primer Mundial. Les coses sempre passen per alguna cosa, potser estava pressionat perqu\u00e8 jo mateix m\u2019he exigeixo molt i la pretemporada no estava anant b\u00e9. no arribo al 100% f\u00edsicament, per\u00f2 vaig sense cap ninguna pressi\u00f3 i tractar\u00e9 de divertir-me al m\u00e0xim damunt la moto.\u201d<\/p>\n\n<p>&#8220;Tinc molt\u00edssimes ganes de comen\u00e7ar aquesta temporada. Hem tingut un bon hivern, hem treballat b\u00e9, l&#8217;ambient en el meu equip \u00e9s molt bo, la relaci\u00f3 amb el cap de mec\u00e0nics \u00e9s molt bona i arribo a Qatar amb moltes ganes. Despr\u00e9s de tot el que vaig patir l&#8217;any passat tinc ganes de gaudir de les carreres. Aquest cap de setmana veurem el treball que hem fet, o si ens falten coses per millorar. En les primeres carreres sempre hi ha moltes preguntes, per\u00f2 tamb\u00e9 hi ha moltes ganes de tots en el equip, i \u00e9s una sensaci\u00f3 que m&#8217;encanta poder sentir.\u201d<\/p>\n","protected":false},"excerpt":{"rendered":"<p>Aquest cap de setmana arrenca una nova edici\u00f3 del Campionat del M\u00f3n de MotoGP, sota els milers de focus que il\u00b7luminaran el Circuit Internacional de Losail a Qatar. L&#8217;equip Reale Avintia Racing estar\u00e0 al complet amb H\u00e9ctor Barber\u00e1 i Loris Baz al box per a la primera cursa a Losail. El pilot espanyol es va [&hellip;]<\/p>\n","protected":false},"author":6,"featured_media":2043,"comment_status":"closed","ping_status":"closed","sticky":false,"template":"","format":"standard","meta":{"footnotes":""},"categories":[3],"tags":[],"class_list":["post-2046","post","type-post","status-publish","format-standard","has-post-thumbnail","hentry","category-motogp"],"yoast_head":"<!-- This site is optimized with the Yoast SEO plugin v27.1.1 - https:\/\/yoast.com\/product\/yoast-seo-wordpress\/ -->\n<title>L&#039;equip Reale Avintia Racing a punt per comen\u00e7ar la temporada a Qatar - Esponsorama<\/title>\n<meta name=\"robots\" content=\"index, follow, max-snippet:-1, max-image-preview:large, max-video-preview:-1\" \/>\n<link rel=\"canonical\" href=\"http:\/\/esponsorama.ad\/ca\/equipo-reale-avintia-racing-listo-empezar-la-temporada-qatar\/\" \/>\n<meta property=\"og:locale\" content=\"en_US\" \/>\n<meta property=\"og:type\" content=\"article\" \/>\n<meta property=\"og:title\" content=\"L&#039;equip Reale Avintia Racing a punt per comen\u00e7ar la temporada a Qatar - Esponsorama\" \/>\n<meta property=\"og:description\" content=\"Aquest cap de setmana arrenca una nova edici\u00f3 del Campionat del M\u00f3n de MotoGP, sota els milers de focus que il\u00b7luminaran el Circuit Internacional de Losail a Qatar. L&#8217;equip Reale Avintia Racing estar\u00e0 al complet amb H\u00e9ctor Barber\u00e1 i Loris Baz al box per a la primera cursa a Losail. El pilot espanyol es va [&hellip;]\" \/>\n<meta property=\"og:url\" content=\"http:\/\/esponsorama.ad\/ca\/equipo-reale-avintia-racing-listo-empezar-la-temporada-qatar\/\" \/>\n<meta property=\"og:site_name\" content=\"Esponsorama\" \/>\n<meta property=\"article:published_time\" content=\"2017-03-21T07:08:49+00:00\" \/>\n<meta property=\"article:modified_time\" content=\"2017-03-31T11:51:48+00:00\" \/>\n<meta property=\"og:image\" content=\"http:\/\/esponsorama.ad\/wp-content\/uploads\/2017\/03\/RealeAvintiaRcgMgp_2017_JOC0502-1-1024x683.jpg\" \/>\n\t<meta property=\"og:image:width\" content=\"1024\" \/>\n\t<meta property=\"og:image:height\" content=\"683\" \/>\n\t<meta property=\"og:image:type\" content=\"image\/jpeg\" \/>\n<meta name=\"author\" content=\"Xavi Andornet\" \/>\n<meta name=\"twitter:card\" content=\"summary_large_image\" \/>\n<meta name=\"twitter:label1\" content=\"Written by\" \/>\n\t<meta name=\"twitter:data1\" content=\"Xavi Andornet\" \/>\n\t<meta name=\"twitter:label2\" content=\"Est. reading time\" \/>\n\t<meta name=\"twitter:data2\" content=\"2 minutes\" \/>\n<script type=\"application\/ld+json\" class=\"yoast-schema-graph\">{\"@context\":\"https:\/\/schema.org\",\"@graph\":[{\"@type\":\"Article\",\"@id\":\"http:\/\/esponsorama.ad\/ca\/equipo-reale-avintia-racing-listo-empezar-la-temporada-qatar\/#article\",\"isPartOf\":{\"@id\":\"http:\/\/esponsorama.ad\/ca\/equipo-reale-avintia-racing-listo-empezar-la-temporada-qatar\/\"},\"author\":{\"name\":\"Xavi Andornet\",\"@id\":\"http:\/\/esponsorama.ad\/es\/#\/schema\/person\/a5cde74945183d737066e46b61c6f9c4\"},\"headline\":\"L&#8217;equip Reale Avintia Racing a punt per comen\u00e7ar la temporada a Qatar\",\"datePublished\":\"2017-03-21T07:08:49+00:00\",\"dateModified\":\"2017-03-31T11:51:48+00:00\",\"mainEntityOfPage\":{\"@id\":\"http:\/\/esponsorama.ad\/ca\/equipo-reale-avintia-racing-listo-empezar-la-temporada-qatar\/\"},\"wordCount\":407,\"image\":{\"@id\":\"http:\/\/esponsorama.ad\/ca\/equipo-reale-avintia-racing-listo-empezar-la-temporada-qatar\/#primaryimage\"},\"thumbnailUrl\":\"http:\/\/esponsorama.ad\/wp-content\/uploads\/2017\/03\/RealeAvintiaRcgMgp_2017_JOC0502-1.jpg\",\"articleSection\":[\"MotoGP\"],\"inLanguage\":\"ca-AD\"},{\"@type\":\"WebPage\",\"@id\":\"http:\/\/esponsorama.ad\/ca\/equipo-reale-avintia-racing-listo-empezar-la-temporada-qatar\/\",\"url\":\"http:\/\/esponsorama.ad\/ca\/equipo-reale-avintia-racing-listo-empezar-la-temporada-qatar\/\",\"name\":\"L'equip Reale Avintia Racing a punt per comen\u00e7ar la temporada a Qatar - Esponsorama\",\"isPartOf\":{\"@id\":\"http:\/\/esponsorama.ad\/es\/#website\"},\"primaryImageOfPage\":{\"@id\":\"http:\/\/esponsorama.ad\/ca\/equipo-reale-avintia-racing-listo-empezar-la-temporada-qatar\/#primaryimage\"},\"image\":{\"@id\":\"http:\/\/esponsorama.ad\/ca\/equipo-reale-avintia-racing-listo-empezar-la-temporada-qatar\/#primaryimage\"},\"thumbnailUrl\":\"http:\/\/esponsorama.ad\/wp-content\/uploads\/2017\/03\/RealeAvintiaRcgMgp_2017_JOC0502-1.jpg\",\"datePublished\":\"2017-03-21T07:08:49+00:00\",\"dateModified\":\"2017-03-31T11:51:48+00:00\",\"author\":{\"@id\":\"http:\/\/esponsorama.ad\/es\/#\/schema\/person\/a5cde74945183d737066e46b61c6f9c4\"},\"breadcrumb\":{\"@id\":\"http:\/\/esponsorama.ad\/ca\/equipo-reale-avintia-racing-listo-empezar-la-temporada-qatar\/#breadcrumb\"},\"inLanguage\":\"ca-AD\",\"potentialAction\":[{\"@type\":\"ReadAction\",\"target\":[\"http:\/\/esponsorama.ad\/ca\/equipo-reale-avintia-racing-listo-empezar-la-temporada-qatar\/\"]}]},{\"@type\":\"ImageObject\",\"inLanguage\":\"ca-AD\",\"@id\":\"http:\/\/esponsorama.ad\/ca\/equipo-reale-avintia-racing-listo-empezar-la-temporada-qatar\/#primaryimage\",\"url\":\"http:\/\/esponsorama.ad\/wp-content\/uploads\/2017\/03\/RealeAvintiaRcgMgp_2017_JOC0502-1.jpg\",\"contentUrl\":\"http:\/\/esponsorama.ad\/wp-content\/uploads\/2017\/03\/RealeAvintiaRcgMgp_2017_JOC0502-1.jpg\",\"width\":5184,\"height\":3456,\"caption\":\"Presentaci\u00f3n ESPONSORAMA MotoGP 2017; Circuito de Andorra\"},{\"@type\":\"BreadcrumbList\",\"@id\":\"http:\/\/esponsorama.ad\/ca\/equipo-reale-avintia-racing-listo-empezar-la-temporada-qatar\/#breadcrumb\",\"itemListElement\":[{\"@type\":\"ListItem\",\"position\":1,\"name\":\"Home\",\"item\":\"http:\/\/esponsorama.ad\/ca\/\"},{\"@type\":\"ListItem\",\"position\":2,\"name\":\"L&#8217;equip Reale Avintia Racing a punt per comen\u00e7ar la temporada a Qatar\"}]},{\"@type\":\"WebSite\",\"@id\":\"http:\/\/esponsorama.ad\/es\/#website\",\"url\":\"http:\/\/esponsorama.ad\/es\/\",\"name\":\"Esponsorama\",\"description\":\"Specialist in motorsport sponsorship and event promotions\",\"potentialAction\":[{\"@type\":\"SearchAction\",\"target\":{\"@type\":\"EntryPoint\",\"urlTemplate\":\"http:\/\/esponsorama.ad\/es\/?s={search_term_string}\"},\"query-input\":{\"@type\":\"PropertyValueSpecification\",\"valueRequired\":true,\"valueName\":\"search_term_string\"}}],\"inLanguage\":\"ca-AD\"},{\"@type\":\"Person\",\"@id\":\"http:\/\/esponsorama.ad\/es\/#\/schema\/person\/a5cde74945183d737066e46b61c6f9c4\",\"name\":\"Xavi Andornet\",\"image\":{\"@type\":\"ImageObject\",\"inLanguage\":\"ca-AD\",\"@id\":\"http:\/\/esponsorama.ad\/es\/#\/schema\/person\/image\/\",\"url\":\"https:\/\/secure.gravatar.com\/avatar\/f10eaf9ad601244a2357c9fd7cd9805ed166cfaaf76d5d9ab08a9d873e70147a?s=96&d=mm&r=g\",\"contentUrl\":\"https:\/\/secure.gravatar.com\/avatar\/f10eaf9ad601244a2357c9fd7cd9805ed166cfaaf76d5d9ab08a9d873e70147a?s=96&d=mm&r=g\",\"caption\":\"Xavi Andornet\"},\"sameAs\":[\"http:\/\/www.andornet.ad\"],\"url\":\"http:\/\/esponsorama.ad\/ca\/author\/andornet\/\"}]}<\/script>\n<!-- \/ Yoast SEO plugin. -->","yoast_head_json":{"title":"L'equip Reale Avintia Racing a punt per comen\u00e7ar la temporada a Qatar - Esponsorama","robots":{"index":"index","follow":"follow","max-snippet":"max-snippet:-1","max-image-preview":"max-image-preview:large","max-video-preview":"max-video-preview:-1"},"canonical":"http:\/\/esponsorama.ad\/ca\/equipo-reale-avintia-racing-listo-empezar-la-temporada-qatar\/","og_locale":"en_US","og_type":"article","og_title":"L'equip Reale Avintia Racing a punt per comen\u00e7ar la temporada a Qatar - Esponsorama","og_description":"Aquest cap de setmana arrenca una nova edici\u00f3 del Campionat del M\u00f3n de MotoGP, sota els milers de focus que il\u00b7luminaran el Circuit Internacional de Losail a Qatar. L&#8217;equip Reale Avintia Racing estar\u00e0 al complet amb H\u00e9ctor Barber\u00e1 i Loris Baz al box per a la primera cursa a Losail. El pilot espanyol es va [&hellip;]","og_url":"http:\/\/esponsorama.ad\/ca\/equipo-reale-avintia-racing-listo-empezar-la-temporada-qatar\/","og_site_name":"Esponsorama","article_published_time":"2017-03-21T07:08:49+00:00","article_modified_time":"2017-03-31T11:51:48+00:00","og_image":[{"width":1024,"height":683,"url":"http:\/\/esponsorama.ad\/wp-content\/uploads\/2017\/03\/RealeAvintiaRcgMgp_2017_JOC0502-1-1024x683.jpg","type":"image\/jpeg"}],"author":"Xavi Andornet","twitter_card":"summary_large_image","twitter_misc":{"Written by":"Xavi Andornet","Est. reading time":"2 minutes"},"schema":{"@context":"https:\/\/schema.org","@graph":[{"@type":"Article","@id":"http:\/\/esponsorama.ad\/ca\/equipo-reale-avintia-racing-listo-empezar-la-temporada-qatar\/#article","isPartOf":{"@id":"http:\/\/esponsorama.ad\/ca\/equipo-reale-avintia-racing-listo-empezar-la-temporada-qatar\/"},"author":{"name":"Xavi Andornet","@id":"http:\/\/esponsorama.ad\/es\/#\/schema\/person\/a5cde74945183d737066e46b61c6f9c4"},"headline":"L&#8217;equip Reale Avintia Racing a punt per comen\u00e7ar la temporada a Qatar","datePublished":"2017-03-21T07:08:49+00:00","dateModified":"2017-03-31T11:51:48+00:00","mainEntityOfPage":{"@id":"http:\/\/esponsorama.ad\/ca\/equipo-reale-avintia-racing-listo-empezar-la-temporada-qatar\/"},"wordCount":407,"image":{"@id":"http:\/\/esponsorama.ad\/ca\/equipo-reale-avintia-racing-listo-empezar-la-temporada-qatar\/#primaryimage"},"thumbnailUrl":"http:\/\/esponsorama.ad\/wp-content\/uploads\/2017\/03\/RealeAvintiaRcgMgp_2017_JOC0502-1.jpg","articleSection":["MotoGP"],"inLanguage":"ca-AD"},{"@type":"WebPage","@id":"http:\/\/esponsorama.ad\/ca\/equipo-reale-avintia-racing-listo-empezar-la-temporada-qatar\/","url":"http:\/\/esponsorama.ad\/ca\/equipo-reale-avintia-racing-listo-empezar-la-temporada-qatar\/","name":"L'equip Reale Avintia Racing a punt per comen\u00e7ar la temporada a Qatar - Esponsorama","isPartOf":{"@id":"http:\/\/esponsorama.ad\/es\/#website"},"primaryImageOfPage":{"@id":"http:\/\/esponsorama.ad\/ca\/equipo-reale-avintia-racing-listo-empezar-la-temporada-qatar\/#primaryimage"},"image":{"@id":"http:\/\/esponsorama.ad\/ca\/equipo-reale-avintia-racing-listo-empezar-la-temporada-qatar\/#primaryimage"},"thumbnailUrl":"http:\/\/esponsorama.ad\/wp-content\/uploads\/2017\/03\/RealeAvintiaRcgMgp_2017_JOC0502-1.jpg","datePublished":"2017-03-21T07:08:49+00:00","dateModified":"2017-03-31T11:51:48+00:00","author":{"@id":"http:\/\/esponsorama.ad\/es\/#\/schema\/person\/a5cde74945183d737066e46b61c6f9c4"},"breadcrumb":{"@id":"http:\/\/esponsorama.ad\/ca\/equipo-reale-avintia-racing-listo-empezar-la-temporada-qatar\/#breadcrumb"},"inLanguage":"ca-AD","potentialAction":[{"@type":"ReadAction","target":["http:\/\/esponsorama.ad\/ca\/equipo-reale-avintia-racing-listo-empezar-la-temporada-qatar\/"]}]},{"@type":"ImageObject","inLanguage":"ca-AD","@id":"http:\/\/esponsorama.ad\/ca\/equipo-reale-avintia-racing-listo-empezar-la-temporada-qatar\/#primaryimage","url":"http:\/\/esponsorama.ad\/wp-content\/uploads\/2017\/03\/RealeAvintiaRcgMgp_2017_JOC0502-1.jpg","contentUrl":"http:\/\/esponsorama.ad\/wp-content\/uploads\/2017\/03\/RealeAvintiaRcgMgp_2017_JOC0502-1.jpg","width":5184,"height":3456,"caption":"Presentaci\u00f3n ESPONSORAMA MotoGP 2017; Circuito de Andorra"},{"@type":"BreadcrumbList","@id":"http:\/\/esponsorama.ad\/ca\/equipo-reale-avintia-racing-listo-empezar-la-temporada-qatar\/#breadcrumb","itemListElement":[{"@type":"ListItem","position":1,"name":"Home","item":"http:\/\/esponsorama.ad\/ca\/"},{"@type":"ListItem","position":2,"name":"L&#8217;equip Reale Avintia Racing a punt per comen\u00e7ar la temporada a Qatar"}]},{"@type":"WebSite","@id":"http:\/\/esponsorama.ad\/es\/#website","url":"http:\/\/esponsorama.ad\/es\/","name":"Esponsorama","description":"Specialist in motorsport sponsorship and event promotions","potentialAction":[{"@type":"SearchAction","target":{"@type":"EntryPoint","urlTemplate":"http:\/\/esponsorama.ad\/es\/?s={search_term_string}"},"query-input":{"@type":"PropertyValueSpecification","valueRequired":true,"valueName":"search_term_string"}}],"inLanguage":"ca-AD"},{"@type":"Person","@id":"http:\/\/esponsorama.ad\/es\/#\/schema\/person\/a5cde74945183d737066e46b61c6f9c4","name":"Xavi Andornet","image":{"@type":"ImageObject","inLanguage":"ca-AD","@id":"http:\/\/esponsorama.ad\/es\/#\/schema\/person\/image\/","url":"https:\/\/secure.gravatar.com\/avatar\/f10eaf9ad601244a2357c9fd7cd9805ed166cfaaf76d5d9ab08a9d873e70147a?s=96&d=mm&r=g","contentUrl":"https:\/\/secure.gravatar.com\/avatar\/f10eaf9ad601244a2357c9fd7cd9805ed166cfaaf76d5d9ab08a9d873e70147a?s=96&d=mm&r=g","caption":"Xavi Andornet"},"sameAs":["http:\/\/www.andornet.ad"],"url":"http:\/\/esponsorama.ad\/ca\/author\/andornet\/"}]}},"_links":{"self":[{"href":"http:\/\/esponsorama.ad\/ca\/wp-json\/wp\/v2\/posts\/2046","targetHints":{"allow":["GET"]}}],"collection":[{"href":"http:\/\/esponsorama.ad\/ca\/wp-json\/wp\/v2\/posts"}],"about":[{"href":"http:\/\/esponsorama.ad\/ca\/wp-json\/wp\/v2\/types\/post"}],"author":[{"embeddable":true,"href":"http:\/\/esponsorama.ad\/ca\/wp-json\/wp\/v2\/users\/6"}],"replies":[{"embeddable":true,"href":"http:\/\/esponsorama.ad\/ca\/wp-json\/wp\/v2\/comments?post=2046"}],"version-history":[{"count":0,"href":"http:\/\/esponsorama.ad\/ca\/wp-json\/wp\/v2\/posts\/2046\/revisions"}],"wp:featuredmedia":[{"embeddable":true,"href":"http:\/\/esponsorama.ad\/ca\/wp-json\/wp\/v2\/media\/2043"}],"wp:attachment":[{"href":"http:\/\/esponsorama.ad\/ca\/wp-json\/wp\/v2\/media?parent=2046"}],"wp:term":[{"taxonomy":"category","embeddable":true,"href":"http:\/\/esponsorama.ad\/ca\/wp-json\/wp\/v2\/categories?post=2046"},{"taxonomy":"post_tag","embeddable":true,"href":"http:\/\/esponsorama.ad\/ca\/wp-json\/wp\/v2\/tags?post=2046"}],"curies":[{"name":"wp","href":"https:\/\/api.w.org\/{rel}","templated":true}]}}