{"id":2126,"date":"2017-03-23T22:16:45","date_gmt":"2017-03-23T20:16:45","guid":{"rendered":"http:\/\/esponsorama.ad\/?p=2126"},"modified":"2017-03-31T13:50:03","modified_gmt":"2017-03-31T11:50:03","slug":"sexto-mejor-tiempo-loris-baz-buenas-sensaciones-hector-barbera-primer-dia-qatar","status":"publish","type":"post","link":"http:\/\/esponsorama.ad\/ca\/sexto-mejor-tiempo-loris-baz-buenas-sensaciones-hector-barbera-primer-dia-qatar\/","title":{"rendered":"Sis\u00e8 millor temps Loris Baz i bones sensacions per H\u00e9ctor Barber\u00e1"},"content":{"rendered":"<p>El primer dia de la temporada 2017 del Campionat del M\u00f3n de MotoGP ha estat for\u00e7a positiu per a l&#8217;equip Reale Avintia Racing. Loris Baz ha acabat sis\u00e8 a la primera sessi\u00f3 lliure de 45 minuts i ha estat la segona millor Ducati a nom\u00e9s 17 mil\u00b7l\u00e8simes de segon de Jorge Lorenzo. Sens dubte un gran comen\u00e7ament per al pilot franc\u00e8s que ja est\u00e0 entre els deu m\u00e9s r\u00e0pids i, si dem\u00e0 es compleixen les previsions de pluja, estaria classificat per a la primera Q2 de la temporada.<\/p>\n<p>Per H\u00e9ctor Barber\u00e1 la primera jornada tamb\u00e9 ha estat positiva. L\u00f2gicament la seva posici\u00f3 no \u00e9s la millor i la seva millor volta tampoc, per\u00f2 despr\u00e9s de gaireb\u00e9 un mes recuperant-se d&#8217;una lesi\u00f3 de clav\u00edcula, i amb tres dies de test menys que els seus rivals, les seves sensacions sobre de la moto han estat molt bones. Dem\u00e0, si les condicions climatol\u00f2giques ho permeten, el pilot de l&#8217;equip Reale Avintia Racing espera poder seguir treballant en la posada a punt de la seva Ducati.<\/p>\n\n<p>&#8220;L&#8217;adher\u00e8ncia era molt dolent al principi i molt diferent del test, aix\u00ed que hem esperat una mica a qu\u00e8 es neteg\u00e9s la pista. Tamb\u00e9 feia molt m\u00e9s vent que al test i hem hagut de buscar el punt de frenada en la recta. Ens han faltat coses que provar per a la carrera perqu\u00e8 hem tingut un petit problema amb la segona moto, per\u00f2 estic molt content perqu\u00e8 amb el pneum\u00e0tic tou hem rodat r\u00e0pid i no m&#8217;esperava en el primer lliure fer aquest temps. \u00c9s un bon circuit per les Ducati perqu\u00e8 corren molt en la recta, per\u00f2 no la meva, perqu\u00e8 s\u00f3c molt alt, per\u00f2 avui hem vist que no nom\u00e9s van b\u00e9 en les rectes.\u201d<\/p>\n\n<p>&#8220;Les sensacions han estat for\u00e7a positives, perqu\u00e8 encara que la lesi\u00f3 l\u00f2gicament em molesta en les frenades, acceleracions i canvis de direcci\u00f3, \u00e9s una cosa que puc suportar. El que m\u00e9s he notat \u00e9s que els altres porten aqu\u00ed tres dies d&#8217;entrenaments i nosaltres nom\u00e9s 45 minuts i amb una posada a punt que no era la millor. Aqu\u00ed l&#8217;electr\u00f2nica compta molt, el meu enginyer electr\u00f2nic necessita saber el que necessito per anar r\u00e0pid i aix\u00f2 en una sessi\u00f3 \u00e9s gaireb\u00e9 impossible fer-ho. Per\u00f2 estic satisfet perqu\u00e8 acabar a nom\u00e9s un segon de la millor Ducati sense haver estat en el test crec que \u00e9s una cosa molt positiva. Tamb\u00e9 he estat for\u00e7a temps aturat al box reservant forces per quan toqui estr\u00e8nyer .\u201d<\/p>\n","protected":false},"excerpt":{"rendered":"<p>El primer dia de la temporada 2017 del Campionat del M\u00f3n de MotoGP ha estat for\u00e7a positiu per a l&#8217;equip Reale Avintia Racing. Loris Baz ha acabat sis\u00e8 a la primera sessi\u00f3 lliure de 45 minuts i ha estat la segona millor Ducati a nom\u00e9s 17 mil\u00b7l\u00e8simes de segon de Jorge Lorenzo. Sens dubte un [&hellip;]<\/p>\n","protected":false},"author":6,"featured_media":2119,"comment_status":"closed","ping_status":"closed","sticky":false,"template":"","format":"standard","meta":{"footnotes":""},"categories":[3],"tags":[],"class_list":["post-2126","post","type-post","status-publish","format-standard","has-post-thumbnail","hentry","category-motogp"],"yoast_head":"<!-- This site is optimized with the Yoast SEO plugin v27.1.1 - https:\/\/yoast.com\/product\/yoast-seo-wordpress\/ -->\n<title>Sis\u00e8 millor temps Loris Baz i bones sensacions per H\u00e9ctor Barber\u00e1 - Esponsorama<\/title>\n<meta name=\"robots\" content=\"index, follow, max-snippet:-1, max-image-preview:large, max-video-preview:-1\" \/>\n<link rel=\"canonical\" href=\"http:\/\/esponsorama.ad\/ca\/sexto-mejor-tiempo-loris-baz-buenas-sensaciones-hector-barbera-primer-dia-qatar\/\" \/>\n<meta property=\"og:locale\" content=\"en_US\" \/>\n<meta property=\"og:type\" content=\"article\" \/>\n<meta property=\"og:title\" content=\"Sis\u00e8 millor temps Loris Baz i bones sensacions per H\u00e9ctor Barber\u00e1 - Esponsorama\" \/>\n<meta property=\"og:description\" content=\"El primer dia de la temporada 2017 del Campionat del M\u00f3n de MotoGP ha estat for\u00e7a positiu per a l&#8217;equip Reale Avintia Racing. Loris Baz ha acabat sis\u00e8 a la primera sessi\u00f3 lliure de 45 minuts i ha estat la segona millor Ducati a nom\u00e9s 17 mil\u00b7l\u00e8simes de segon de Jorge Lorenzo. Sens dubte un [&hellip;]\" \/>\n<meta property=\"og:url\" content=\"http:\/\/esponsorama.ad\/ca\/sexto-mejor-tiempo-loris-baz-buenas-sensaciones-hector-barbera-primer-dia-qatar\/\" \/>\n<meta property=\"og:site_name\" content=\"Esponsorama\" \/>\n<meta property=\"article:published_time\" content=\"2017-03-23T20:16:45+00:00\" \/>\n<meta property=\"article:modified_time\" content=\"2017-03-31T11:50:03+00:00\" \/>\n<meta property=\"og:image\" content=\"http:\/\/esponsorama.ad\/wp-content\/uploads\/2017\/03\/AVINTIA-6779.jpg\" \/>\n\t<meta property=\"og:image:width\" content=\"4300\" \/>\n\t<meta property=\"og:image:height\" content=\"2867\" \/>\n\t<meta property=\"og:image:type\" content=\"image\/jpeg\" \/>\n<meta name=\"author\" content=\"Xavi Andornet\" \/>\n<meta name=\"twitter:card\" content=\"summary_large_image\" \/>\n<meta name=\"twitter:label1\" content=\"Written by\" \/>\n\t<meta name=\"twitter:data1\" content=\"Xavi Andornet\" \/>\n\t<meta name=\"twitter:label2\" content=\"Est. reading time\" \/>\n\t<meta name=\"twitter:data2\" content=\"2 minutes\" \/>\n<script type=\"application\/ld+json\" class=\"yoast-schema-graph\">{\"@context\":\"https:\/\/schema.org\",\"@graph\":[{\"@type\":\"Article\",\"@id\":\"http:\/\/esponsorama.ad\/ca\/sexto-mejor-tiempo-loris-baz-buenas-sensaciones-hector-barbera-primer-dia-qatar\/#article\",\"isPartOf\":{\"@id\":\"http:\/\/esponsorama.ad\/ca\/sexto-mejor-tiempo-loris-baz-buenas-sensaciones-hector-barbera-primer-dia-qatar\/\"},\"author\":{\"name\":\"Xavi Andornet\",\"@id\":\"http:\/\/esponsorama.ad\/es\/#\/schema\/person\/a5cde74945183d737066e46b61c6f9c4\"},\"headline\":\"Sis\u00e8 millor temps Loris Baz i bones sensacions per H\u00e9ctor Barber\u00e1\",\"datePublished\":\"2017-03-23T20:16:45+00:00\",\"dateModified\":\"2017-03-31T11:50:03+00:00\",\"mainEntityOfPage\":{\"@id\":\"http:\/\/esponsorama.ad\/ca\/sexto-mejor-tiempo-loris-baz-buenas-sensaciones-hector-barbera-primer-dia-qatar\/\"},\"wordCount\":462,\"image\":{\"@id\":\"http:\/\/esponsorama.ad\/ca\/sexto-mejor-tiempo-loris-baz-buenas-sensaciones-hector-barbera-primer-dia-qatar\/#primaryimage\"},\"thumbnailUrl\":\"http:\/\/esponsorama.ad\/wp-content\/uploads\/2017\/03\/AVINTIA-6779.jpg\",\"articleSection\":[\"MotoGP\"],\"inLanguage\":\"ca-AD\"},{\"@type\":\"WebPage\",\"@id\":\"http:\/\/esponsorama.ad\/ca\/sexto-mejor-tiempo-loris-baz-buenas-sensaciones-hector-barbera-primer-dia-qatar\/\",\"url\":\"http:\/\/esponsorama.ad\/ca\/sexto-mejor-tiempo-loris-baz-buenas-sensaciones-hector-barbera-primer-dia-qatar\/\",\"name\":\"Sis\u00e8 millor temps Loris Baz i bones sensacions per H\u00e9ctor Barber\u00e1 - Esponsorama\",\"isPartOf\":{\"@id\":\"http:\/\/esponsorama.ad\/es\/#website\"},\"primaryImageOfPage\":{\"@id\":\"http:\/\/esponsorama.ad\/ca\/sexto-mejor-tiempo-loris-baz-buenas-sensaciones-hector-barbera-primer-dia-qatar\/#primaryimage\"},\"image\":{\"@id\":\"http:\/\/esponsorama.ad\/ca\/sexto-mejor-tiempo-loris-baz-buenas-sensaciones-hector-barbera-primer-dia-qatar\/#primaryimage\"},\"thumbnailUrl\":\"http:\/\/esponsorama.ad\/wp-content\/uploads\/2017\/03\/AVINTIA-6779.jpg\",\"datePublished\":\"2017-03-23T20:16:45+00:00\",\"dateModified\":\"2017-03-31T11:50:03+00:00\",\"author\":{\"@id\":\"http:\/\/esponsorama.ad\/es\/#\/schema\/person\/a5cde74945183d737066e46b61c6f9c4\"},\"breadcrumb\":{\"@id\":\"http:\/\/esponsorama.ad\/ca\/sexto-mejor-tiempo-loris-baz-buenas-sensaciones-hector-barbera-primer-dia-qatar\/#breadcrumb\"},\"inLanguage\":\"ca-AD\",\"potentialAction\":[{\"@type\":\"ReadAction\",\"target\":[\"http:\/\/esponsorama.ad\/ca\/sexto-mejor-tiempo-loris-baz-buenas-sensaciones-hector-barbera-primer-dia-qatar\/\"]}]},{\"@type\":\"ImageObject\",\"inLanguage\":\"ca-AD\",\"@id\":\"http:\/\/esponsorama.ad\/ca\/sexto-mejor-tiempo-loris-baz-buenas-sensaciones-hector-barbera-primer-dia-qatar\/#primaryimage\",\"url\":\"http:\/\/esponsorama.ad\/wp-content\/uploads\/2017\/03\/AVINTIA-6779.jpg\",\"contentUrl\":\"http:\/\/esponsorama.ad\/wp-content\/uploads\/2017\/03\/AVINTIA-6779.jpg\",\"width\":4300,\"height\":2867},{\"@type\":\"BreadcrumbList\",\"@id\":\"http:\/\/esponsorama.ad\/ca\/sexto-mejor-tiempo-loris-baz-buenas-sensaciones-hector-barbera-primer-dia-qatar\/#breadcrumb\",\"itemListElement\":[{\"@type\":\"ListItem\",\"position\":1,\"name\":\"Home\",\"item\":\"http:\/\/esponsorama.ad\/es\/\"},{\"@type\":\"ListItem\",\"position\":2,\"name\":\"Sis\u00e8 millor temps Loris Baz i bones sensacions per H\u00e9ctor Barber\u00e1\"}]},{\"@type\":\"WebSite\",\"@id\":\"http:\/\/esponsorama.ad\/es\/#website\",\"url\":\"http:\/\/esponsorama.ad\/es\/\",\"name\":\"Esponsorama\",\"description\":\"Specialist in motorsport sponsorship and event promotions\",\"potentialAction\":[{\"@type\":\"SearchAction\",\"target\":{\"@type\":\"EntryPoint\",\"urlTemplate\":\"http:\/\/esponsorama.ad\/es\/?s={search_term_string}\"},\"query-input\":{\"@type\":\"PropertyValueSpecification\",\"valueRequired\":true,\"valueName\":\"search_term_string\"}}],\"inLanguage\":\"ca-AD\"},{\"@type\":\"Person\",\"@id\":\"http:\/\/esponsorama.ad\/es\/#\/schema\/person\/a5cde74945183d737066e46b61c6f9c4\",\"name\":\"Xavi Andornet\",\"image\":{\"@type\":\"ImageObject\",\"inLanguage\":\"ca-AD\",\"@id\":\"http:\/\/esponsorama.ad\/es\/#\/schema\/person\/image\/\",\"url\":\"https:\/\/secure.gravatar.com\/avatar\/f10eaf9ad601244a2357c9fd7cd9805ed166cfaaf76d5d9ab08a9d873e70147a?s=96&d=mm&r=g\",\"contentUrl\":\"https:\/\/secure.gravatar.com\/avatar\/f10eaf9ad601244a2357c9fd7cd9805ed166cfaaf76d5d9ab08a9d873e70147a?s=96&d=mm&r=g\",\"caption\":\"Xavi Andornet\"},\"sameAs\":[\"http:\/\/www.andornet.ad\"],\"url\":\"http:\/\/esponsorama.ad\/ca\/author\/andornet\/\"}]}<\/script>\n<!-- \/ Yoast SEO plugin. -->","yoast_head_json":{"title":"Sis\u00e8 millor temps Loris Baz i bones sensacions per H\u00e9ctor Barber\u00e1 - Esponsorama","robots":{"index":"index","follow":"follow","max-snippet":"max-snippet:-1","max-image-preview":"max-image-preview:large","max-video-preview":"max-video-preview:-1"},"canonical":"http:\/\/esponsorama.ad\/ca\/sexto-mejor-tiempo-loris-baz-buenas-sensaciones-hector-barbera-primer-dia-qatar\/","og_locale":"en_US","og_type":"article","og_title":"Sis\u00e8 millor temps Loris Baz i bones sensacions per H\u00e9ctor Barber\u00e1 - Esponsorama","og_description":"El primer dia de la temporada 2017 del Campionat del M\u00f3n de MotoGP ha estat for\u00e7a positiu per a l&#8217;equip Reale Avintia Racing. Loris Baz ha acabat sis\u00e8 a la primera sessi\u00f3 lliure de 45 minuts i ha estat la segona millor Ducati a nom\u00e9s 17 mil\u00b7l\u00e8simes de segon de Jorge Lorenzo. Sens dubte un [&hellip;]","og_url":"http:\/\/esponsorama.ad\/ca\/sexto-mejor-tiempo-loris-baz-buenas-sensaciones-hector-barbera-primer-dia-qatar\/","og_site_name":"Esponsorama","article_published_time":"2017-03-23T20:16:45+00:00","article_modified_time":"2017-03-31T11:50:03+00:00","og_image":[{"width":4300,"height":2867,"url":"http:\/\/esponsorama.ad\/wp-content\/uploads\/2017\/03\/AVINTIA-6779.jpg","type":"image\/jpeg"}],"author":"Xavi Andornet","twitter_card":"summary_large_image","twitter_misc":{"Written by":"Xavi Andornet","Est. reading time":"2 minutes"},"schema":{"@context":"https:\/\/schema.org","@graph":[{"@type":"Article","@id":"http:\/\/esponsorama.ad\/ca\/sexto-mejor-tiempo-loris-baz-buenas-sensaciones-hector-barbera-primer-dia-qatar\/#article","isPartOf":{"@id":"http:\/\/esponsorama.ad\/ca\/sexto-mejor-tiempo-loris-baz-buenas-sensaciones-hector-barbera-primer-dia-qatar\/"},"author":{"name":"Xavi Andornet","@id":"http:\/\/esponsorama.ad\/es\/#\/schema\/person\/a5cde74945183d737066e46b61c6f9c4"},"headline":"Sis\u00e8 millor temps Loris Baz i bones sensacions per H\u00e9ctor Barber\u00e1","datePublished":"2017-03-23T20:16:45+00:00","dateModified":"2017-03-31T11:50:03+00:00","mainEntityOfPage":{"@id":"http:\/\/esponsorama.ad\/ca\/sexto-mejor-tiempo-loris-baz-buenas-sensaciones-hector-barbera-primer-dia-qatar\/"},"wordCount":462,"image":{"@id":"http:\/\/esponsorama.ad\/ca\/sexto-mejor-tiempo-loris-baz-buenas-sensaciones-hector-barbera-primer-dia-qatar\/#primaryimage"},"thumbnailUrl":"http:\/\/esponsorama.ad\/wp-content\/uploads\/2017\/03\/AVINTIA-6779.jpg","articleSection":["MotoGP"],"inLanguage":"ca-AD"},{"@type":"WebPage","@id":"http:\/\/esponsorama.ad\/ca\/sexto-mejor-tiempo-loris-baz-buenas-sensaciones-hector-barbera-primer-dia-qatar\/","url":"http:\/\/esponsorama.ad\/ca\/sexto-mejor-tiempo-loris-baz-buenas-sensaciones-hector-barbera-primer-dia-qatar\/","name":"Sis\u00e8 millor temps Loris Baz i bones sensacions per H\u00e9ctor Barber\u00e1 - Esponsorama","isPartOf":{"@id":"http:\/\/esponsorama.ad\/es\/#website"},"primaryImageOfPage":{"@id":"http:\/\/esponsorama.ad\/ca\/sexto-mejor-tiempo-loris-baz-buenas-sensaciones-hector-barbera-primer-dia-qatar\/#primaryimage"},"image":{"@id":"http:\/\/esponsorama.ad\/ca\/sexto-mejor-tiempo-loris-baz-buenas-sensaciones-hector-barbera-primer-dia-qatar\/#primaryimage"},"thumbnailUrl":"http:\/\/esponsorama.ad\/wp-content\/uploads\/2017\/03\/AVINTIA-6779.jpg","datePublished":"2017-03-23T20:16:45+00:00","dateModified":"2017-03-31T11:50:03+00:00","author":{"@id":"http:\/\/esponsorama.ad\/es\/#\/schema\/person\/a5cde74945183d737066e46b61c6f9c4"},"breadcrumb":{"@id":"http:\/\/esponsorama.ad\/ca\/sexto-mejor-tiempo-loris-baz-buenas-sensaciones-hector-barbera-primer-dia-qatar\/#breadcrumb"},"inLanguage":"ca-AD","potentialAction":[{"@type":"ReadAction","target":["http:\/\/esponsorama.ad\/ca\/sexto-mejor-tiempo-loris-baz-buenas-sensaciones-hector-barbera-primer-dia-qatar\/"]}]},{"@type":"ImageObject","inLanguage":"ca-AD","@id":"http:\/\/esponsorama.ad\/ca\/sexto-mejor-tiempo-loris-baz-buenas-sensaciones-hector-barbera-primer-dia-qatar\/#primaryimage","url":"http:\/\/esponsorama.ad\/wp-content\/uploads\/2017\/03\/AVINTIA-6779.jpg","contentUrl":"http:\/\/esponsorama.ad\/wp-content\/uploads\/2017\/03\/AVINTIA-6779.jpg","width":4300,"height":2867},{"@type":"BreadcrumbList","@id":"http:\/\/esponsorama.ad\/ca\/sexto-mejor-tiempo-loris-baz-buenas-sensaciones-hector-barbera-primer-dia-qatar\/#breadcrumb","itemListElement":[{"@type":"ListItem","position":1,"name":"Home","item":"http:\/\/esponsorama.ad\/es\/"},{"@type":"ListItem","position":2,"name":"Sis\u00e8 millor temps Loris Baz i bones sensacions per H\u00e9ctor Barber\u00e1"}]},{"@type":"WebSite","@id":"http:\/\/esponsorama.ad\/es\/#website","url":"http:\/\/esponsorama.ad\/es\/","name":"Esponsorama","description":"Specialist in motorsport sponsorship and event promotions","potentialAction":[{"@type":"SearchAction","target":{"@type":"EntryPoint","urlTemplate":"http:\/\/esponsorama.ad\/es\/?s={search_term_string}"},"query-input":{"@type":"PropertyValueSpecification","valueRequired":true,"valueName":"search_term_string"}}],"inLanguage":"ca-AD"},{"@type":"Person","@id":"http:\/\/esponsorama.ad\/es\/#\/schema\/person\/a5cde74945183d737066e46b61c6f9c4","name":"Xavi Andornet","image":{"@type":"ImageObject","inLanguage":"ca-AD","@id":"http:\/\/esponsorama.ad\/es\/#\/schema\/person\/image\/","url":"https:\/\/secure.gravatar.com\/avatar\/f10eaf9ad601244a2357c9fd7cd9805ed166cfaaf76d5d9ab08a9d873e70147a?s=96&d=mm&r=g","contentUrl":"https:\/\/secure.gravatar.com\/avatar\/f10eaf9ad601244a2357c9fd7cd9805ed166cfaaf76d5d9ab08a9d873e70147a?s=96&d=mm&r=g","caption":"Xavi Andornet"},"sameAs":["http:\/\/www.andornet.ad"],"url":"http:\/\/esponsorama.ad\/ca\/author\/andornet\/"}]}},"_links":{"self":[{"href":"http:\/\/esponsorama.ad\/ca\/wp-json\/wp\/v2\/posts\/2126","targetHints":{"allow":["GET"]}}],"collection":[{"href":"http:\/\/esponsorama.ad\/ca\/wp-json\/wp\/v2\/posts"}],"about":[{"href":"http:\/\/esponsorama.ad\/ca\/wp-json\/wp\/v2\/types\/post"}],"author":[{"embeddable":true,"href":"http:\/\/esponsorama.ad\/ca\/wp-json\/wp\/v2\/users\/6"}],"replies":[{"embeddable":true,"href":"http:\/\/esponsorama.ad\/ca\/wp-json\/wp\/v2\/comments?post=2126"}],"version-history":[{"count":0,"href":"http:\/\/esponsorama.ad\/ca\/wp-json\/wp\/v2\/posts\/2126\/revisions"}],"wp:featuredmedia":[{"embeddable":true,"href":"http:\/\/esponsorama.ad\/ca\/wp-json\/wp\/v2\/media\/2119"}],"wp:attachment":[{"href":"http:\/\/esponsorama.ad\/ca\/wp-json\/wp\/v2\/media?parent=2126"}],"wp:term":[{"taxonomy":"category","embeddable":true,"href":"http:\/\/esponsorama.ad\/ca\/wp-json\/wp\/v2\/categories?post=2126"},{"taxonomy":"post_tag","embeddable":true,"href":"http:\/\/esponsorama.ad\/ca\/wp-json\/wp\/v2\/tags?post=2126"}],"curies":[{"name":"wp","href":"https:\/\/api.w.org\/{rel}","templated":true}]}}