{"id":2380,"date":"2017-04-08T14:23:40","date_gmt":"2017-04-08T12:23:40","guid":{"rendered":"http:\/\/esponsorama.ad\/?p=2380"},"modified":"2017-04-08T14:23:40","modified_gmt":"2017-04-08T12:23:40","slug":"mezcla-sensaciones-baz-barbera-primer-dia-argentina","status":"publish","type":"post","link":"http:\/\/esponsorama.ad\/ca\/mezcla-sensaciones-baz-barbera-primer-dia-argentina\/","title":{"rendered":"Barreja de sensacions per Baz i Barber\u00e1 el primer dia a l&#8217;Argentina"},"content":{"rendered":"<p>Els pilots de l&#8217;equip Reale Avintia Racing, Loris Baz i H\u00e9ctor Barber\u00e1 han acabat el primer dia a l&#8217;Argentina amb diferents sensacions. Al mat\u00ed Barber\u00e1 ha acabat vuit\u00e8 i confiat en poder millorar en la sessi\u00f3 de la tarda, mentrestant Baz, ha tingut un problema electr\u00f2nic en una de les seves motos ha acabat m\u00e9s endarrerit.<\/p>\n<p>Per\u00f2 a la tarda ha passat el contrari. El pilot franc\u00e8s de l&#8217;equip Reale Avintia Racing ha donat un gran pas endavant, i despr\u00e9s de millorar els seus temps amb el pneum\u00e0tic del darrere dur de Michelin, ha sortit a l&#8217;atac amb el tou i s&#8217;ha fet amb el sis\u00e8 millor temps del dia. Per a Barber\u00e1 l&#8217;\u00faltima sessi\u00f3 del dia ha estat m\u00e9s complicada i al final ha acabat 15\u00e8 en la combinada de temps. La primera jornada al circuit de Termas de R\u00edo Hondo ha estat molt disputada amb quinze pilots en menys d&#8217;un segon.<\/p>\n\n<p>&#8220;Aquest mat\u00ed hem tingut un problema en una moto, per\u00f2 no ha estat res. A m\u00e9s aqu\u00ed la primera tanda nom\u00e9s serveix per netejar la pista i no era molt important. A la tarda hem provat diverses coses que han funcionat molt b\u00e9, he fet molt bon temps amb el pneum\u00e0tic del darrere dur, i al final he muntat el tou i darrere de Maverick he fet un temps molt bo. Crec que podria haver estat millor amb el dur davant, per\u00f2 estic molt content. Cada vegada que surto a la pista millorem i aix\u00f2 \u00e9s el m\u00e9s important. Gaudeixo molt a sobre de la moto i tot i que tinc gastroenteritis, el dia ha estat molt positiu\u201d<\/p>\n\n<p>&#8220;No estic content. Al mat\u00ed ha anat m\u00e9s o menys b\u00e9, per\u00f2 a la tarda ens hem planificat malament i hem fet proves que no han funcionat. Tinc poc a dir, l&#8217;\u00fanica cosa positiva \u00e9s que anant malament, he fet el temps sol i tampoc estem tan lluny. Tenim clara la direcci\u00f3 per dem\u00e0 i l&#8217;objectiu mat\u00ed al FP3 ser\u00e0 passar el tall per entrar a la Q2. Anem a intentar-ho, i si no ho aconseguim, estic segur que podem estar molt a prop perqu\u00e8 tinc bones sensacions i aqu\u00ed les Ducati funcionen molt b\u00e9. &#8220;<\/p>\n","protected":false},"excerpt":{"rendered":"<p>Els pilots de l&#8217;equip Reale Avintia Racing, Loris Baz i H\u00e9ctor Barber\u00e1 han acabat el primer dia a l&#8217;Argentina amb diferents sensacions. Al mat\u00ed Barber\u00e1 ha acabat vuit\u00e8 i confiat en poder millorar en la sessi\u00f3 de la tarda, mentrestant Baz, ha tingut un problema electr\u00f2nic en una de les seves motos ha acabat m\u00e9s [&hellip;]<\/p>\n","protected":false},"author":6,"featured_media":2376,"comment_status":"closed","ping_status":"closed","sticky":false,"template":"","format":"standard","meta":{"footnotes":""},"categories":[3],"tags":[],"class_list":["post-2380","post","type-post","status-publish","format-standard","has-post-thumbnail","hentry","category-motogp"],"yoast_head":"<!-- This site is optimized with the Yoast SEO plugin v27.1.1 - https:\/\/yoast.com\/product\/yoast-seo-wordpress\/ -->\n<title>Barreja de sensacions per Baz i Barber\u00e1 el primer dia a l&#039;Argentina - Esponsorama<\/title>\n<meta name=\"robots\" content=\"index, follow, max-snippet:-1, max-image-preview:large, max-video-preview:-1\" \/>\n<link rel=\"canonical\" href=\"http:\/\/esponsorama.ad\/ca\/mezcla-sensaciones-baz-barbera-primer-dia-argentina\/\" \/>\n<meta property=\"og:locale\" content=\"en_US\" \/>\n<meta property=\"og:type\" content=\"article\" \/>\n<meta property=\"og:title\" content=\"Barreja de sensacions per Baz i Barber\u00e1 el primer dia a l&#039;Argentina - Esponsorama\" \/>\n<meta property=\"og:description\" content=\"Els pilots de l&#8217;equip Reale Avintia Racing, Loris Baz i H\u00e9ctor Barber\u00e1 han acabat el primer dia a l&#8217;Argentina amb diferents sensacions. Al mat\u00ed Barber\u00e1 ha acabat vuit\u00e8 i confiat en poder millorar en la sessi\u00f3 de la tarda, mentrestant Baz, ha tingut un problema electr\u00f2nic en una de les seves motos ha acabat m\u00e9s [&hellip;]\" \/>\n<meta property=\"og:url\" content=\"http:\/\/esponsorama.ad\/ca\/mezcla-sensaciones-baz-barbera-primer-dia-argentina\/\" \/>\n<meta property=\"og:site_name\" content=\"Esponsorama\" \/>\n<meta property=\"article:published_time\" content=\"2017-04-08T12:23:40+00:00\" \/>\n<meta property=\"og:image\" content=\"http:\/\/esponsorama.ad\/wp-content\/uploads\/2017\/04\/02_ARG_2017_AVINTIA-22437-1024x683.jpg\" \/>\n\t<meta property=\"og:image:width\" content=\"1024\" \/>\n\t<meta property=\"og:image:height\" content=\"683\" \/>\n\t<meta property=\"og:image:type\" content=\"image\/jpeg\" \/>\n<meta name=\"author\" content=\"Xavi Andornet\" \/>\n<meta name=\"twitter:card\" content=\"summary_large_image\" \/>\n<meta name=\"twitter:label1\" content=\"Written by\" \/>\n\t<meta name=\"twitter:data1\" content=\"Xavi Andornet\" \/>\n\t<meta name=\"twitter:label2\" content=\"Est. reading time\" \/>\n\t<meta name=\"twitter:data2\" content=\"2 minutes\" \/>\n<script type=\"application\/ld+json\" class=\"yoast-schema-graph\">{\"@context\":\"https:\/\/schema.org\",\"@graph\":[{\"@type\":\"Article\",\"@id\":\"http:\/\/esponsorama.ad\/ca\/mezcla-sensaciones-baz-barbera-primer-dia-argentina\/#article\",\"isPartOf\":{\"@id\":\"http:\/\/esponsorama.ad\/ca\/mezcla-sensaciones-baz-barbera-primer-dia-argentina\/\"},\"author\":{\"name\":\"Xavi Andornet\",\"@id\":\"http:\/\/esponsorama.ad\/es\/#\/schema\/person\/a5cde74945183d737066e46b61c6f9c4\"},\"headline\":\"Barreja de sensacions per Baz i Barber\u00e1 el primer dia a l&#8217;Argentina\",\"datePublished\":\"2017-04-08T12:23:40+00:00\",\"mainEntityOfPage\":{\"@id\":\"http:\/\/esponsorama.ad\/ca\/mezcla-sensaciones-baz-barbera-primer-dia-argentina\/\"},\"wordCount\":402,\"image\":{\"@id\":\"http:\/\/esponsorama.ad\/ca\/mezcla-sensaciones-baz-barbera-primer-dia-argentina\/#primaryimage\"},\"thumbnailUrl\":\"http:\/\/esponsorama.ad\/wp-content\/uploads\/2017\/04\/02_ARG_2017_AVINTIA-22437.jpg\",\"articleSection\":[\"MotoGP\"],\"inLanguage\":\"ca-AD\"},{\"@type\":\"WebPage\",\"@id\":\"http:\/\/esponsorama.ad\/ca\/mezcla-sensaciones-baz-barbera-primer-dia-argentina\/\",\"url\":\"http:\/\/esponsorama.ad\/ca\/mezcla-sensaciones-baz-barbera-primer-dia-argentina\/\",\"name\":\"Barreja de sensacions per Baz i Barber\u00e1 el primer dia a l'Argentina - Esponsorama\",\"isPartOf\":{\"@id\":\"http:\/\/esponsorama.ad\/es\/#website\"},\"primaryImageOfPage\":{\"@id\":\"http:\/\/esponsorama.ad\/ca\/mezcla-sensaciones-baz-barbera-primer-dia-argentina\/#primaryimage\"},\"image\":{\"@id\":\"http:\/\/esponsorama.ad\/ca\/mezcla-sensaciones-baz-barbera-primer-dia-argentina\/#primaryimage\"},\"thumbnailUrl\":\"http:\/\/esponsorama.ad\/wp-content\/uploads\/2017\/04\/02_ARG_2017_AVINTIA-22437.jpg\",\"datePublished\":\"2017-04-08T12:23:40+00:00\",\"author\":{\"@id\":\"http:\/\/esponsorama.ad\/es\/#\/schema\/person\/a5cde74945183d737066e46b61c6f9c4\"},\"breadcrumb\":{\"@id\":\"http:\/\/esponsorama.ad\/ca\/mezcla-sensaciones-baz-barbera-primer-dia-argentina\/#breadcrumb\"},\"inLanguage\":\"ca-AD\",\"potentialAction\":[{\"@type\":\"ReadAction\",\"target\":[\"http:\/\/esponsorama.ad\/ca\/mezcla-sensaciones-baz-barbera-primer-dia-argentina\/\"]}]},{\"@type\":\"ImageObject\",\"inLanguage\":\"ca-AD\",\"@id\":\"http:\/\/esponsorama.ad\/ca\/mezcla-sensaciones-baz-barbera-primer-dia-argentina\/#primaryimage\",\"url\":\"http:\/\/esponsorama.ad\/wp-content\/uploads\/2017\/04\/02_ARG_2017_AVINTIA-22437.jpg\",\"contentUrl\":\"http:\/\/esponsorama.ad\/wp-content\/uploads\/2017\/04\/02_ARG_2017_AVINTIA-22437.jpg\",\"width\":4597,\"height\":3065},{\"@type\":\"BreadcrumbList\",\"@id\":\"http:\/\/esponsorama.ad\/ca\/mezcla-sensaciones-baz-barbera-primer-dia-argentina\/#breadcrumb\",\"itemListElement\":[{\"@type\":\"ListItem\",\"position\":1,\"name\":\"Home\",\"item\":\"http:\/\/esponsorama.ad\/ca\/\"},{\"@type\":\"ListItem\",\"position\":2,\"name\":\"Barreja de sensacions per Baz i Barber\u00e1 el primer dia a l&#8217;Argentina\"}]},{\"@type\":\"WebSite\",\"@id\":\"http:\/\/esponsorama.ad\/es\/#website\",\"url\":\"http:\/\/esponsorama.ad\/es\/\",\"name\":\"Esponsorama\",\"description\":\"Specialist in motorsport sponsorship and event promotions\",\"potentialAction\":[{\"@type\":\"SearchAction\",\"target\":{\"@type\":\"EntryPoint\",\"urlTemplate\":\"http:\/\/esponsorama.ad\/es\/?s={search_term_string}\"},\"query-input\":{\"@type\":\"PropertyValueSpecification\",\"valueRequired\":true,\"valueName\":\"search_term_string\"}}],\"inLanguage\":\"ca-AD\"},{\"@type\":\"Person\",\"@id\":\"http:\/\/esponsorama.ad\/es\/#\/schema\/person\/a5cde74945183d737066e46b61c6f9c4\",\"name\":\"Xavi Andornet\",\"image\":{\"@type\":\"ImageObject\",\"inLanguage\":\"ca-AD\",\"@id\":\"http:\/\/esponsorama.ad\/es\/#\/schema\/person\/image\/\",\"url\":\"https:\/\/secure.gravatar.com\/avatar\/f10eaf9ad601244a2357c9fd7cd9805ed166cfaaf76d5d9ab08a9d873e70147a?s=96&d=mm&r=g\",\"contentUrl\":\"https:\/\/secure.gravatar.com\/avatar\/f10eaf9ad601244a2357c9fd7cd9805ed166cfaaf76d5d9ab08a9d873e70147a?s=96&d=mm&r=g\",\"caption\":\"Xavi Andornet\"},\"sameAs\":[\"http:\/\/www.andornet.ad\"],\"url\":\"http:\/\/esponsorama.ad\/ca\/author\/andornet\/\"}]}<\/script>\n<!-- \/ Yoast SEO plugin. -->","yoast_head_json":{"title":"Barreja de sensacions per Baz i Barber\u00e1 el primer dia a l'Argentina - Esponsorama","robots":{"index":"index","follow":"follow","max-snippet":"max-snippet:-1","max-image-preview":"max-image-preview:large","max-video-preview":"max-video-preview:-1"},"canonical":"http:\/\/esponsorama.ad\/ca\/mezcla-sensaciones-baz-barbera-primer-dia-argentina\/","og_locale":"en_US","og_type":"article","og_title":"Barreja de sensacions per Baz i Barber\u00e1 el primer dia a l'Argentina - Esponsorama","og_description":"Els pilots de l&#8217;equip Reale Avintia Racing, Loris Baz i H\u00e9ctor Barber\u00e1 han acabat el primer dia a l&#8217;Argentina amb diferents sensacions. Al mat\u00ed Barber\u00e1 ha acabat vuit\u00e8 i confiat en poder millorar en la sessi\u00f3 de la tarda, mentrestant Baz, ha tingut un problema electr\u00f2nic en una de les seves motos ha acabat m\u00e9s [&hellip;]","og_url":"http:\/\/esponsorama.ad\/ca\/mezcla-sensaciones-baz-barbera-primer-dia-argentina\/","og_site_name":"Esponsorama","article_published_time":"2017-04-08T12:23:40+00:00","og_image":[{"width":1024,"height":683,"url":"http:\/\/esponsorama.ad\/wp-content\/uploads\/2017\/04\/02_ARG_2017_AVINTIA-22437-1024x683.jpg","type":"image\/jpeg"}],"author":"Xavi Andornet","twitter_card":"summary_large_image","twitter_misc":{"Written by":"Xavi Andornet","Est. reading time":"2 minutes"},"schema":{"@context":"https:\/\/schema.org","@graph":[{"@type":"Article","@id":"http:\/\/esponsorama.ad\/ca\/mezcla-sensaciones-baz-barbera-primer-dia-argentina\/#article","isPartOf":{"@id":"http:\/\/esponsorama.ad\/ca\/mezcla-sensaciones-baz-barbera-primer-dia-argentina\/"},"author":{"name":"Xavi Andornet","@id":"http:\/\/esponsorama.ad\/es\/#\/schema\/person\/a5cde74945183d737066e46b61c6f9c4"},"headline":"Barreja de sensacions per Baz i Barber\u00e1 el primer dia a l&#8217;Argentina","datePublished":"2017-04-08T12:23:40+00:00","mainEntityOfPage":{"@id":"http:\/\/esponsorama.ad\/ca\/mezcla-sensaciones-baz-barbera-primer-dia-argentina\/"},"wordCount":402,"image":{"@id":"http:\/\/esponsorama.ad\/ca\/mezcla-sensaciones-baz-barbera-primer-dia-argentina\/#primaryimage"},"thumbnailUrl":"http:\/\/esponsorama.ad\/wp-content\/uploads\/2017\/04\/02_ARG_2017_AVINTIA-22437.jpg","articleSection":["MotoGP"],"inLanguage":"ca-AD"},{"@type":"WebPage","@id":"http:\/\/esponsorama.ad\/ca\/mezcla-sensaciones-baz-barbera-primer-dia-argentina\/","url":"http:\/\/esponsorama.ad\/ca\/mezcla-sensaciones-baz-barbera-primer-dia-argentina\/","name":"Barreja de sensacions per Baz i Barber\u00e1 el primer dia a l'Argentina - Esponsorama","isPartOf":{"@id":"http:\/\/esponsorama.ad\/es\/#website"},"primaryImageOfPage":{"@id":"http:\/\/esponsorama.ad\/ca\/mezcla-sensaciones-baz-barbera-primer-dia-argentina\/#primaryimage"},"image":{"@id":"http:\/\/esponsorama.ad\/ca\/mezcla-sensaciones-baz-barbera-primer-dia-argentina\/#primaryimage"},"thumbnailUrl":"http:\/\/esponsorama.ad\/wp-content\/uploads\/2017\/04\/02_ARG_2017_AVINTIA-22437.jpg","datePublished":"2017-04-08T12:23:40+00:00","author":{"@id":"http:\/\/esponsorama.ad\/es\/#\/schema\/person\/a5cde74945183d737066e46b61c6f9c4"},"breadcrumb":{"@id":"http:\/\/esponsorama.ad\/ca\/mezcla-sensaciones-baz-barbera-primer-dia-argentina\/#breadcrumb"},"inLanguage":"ca-AD","potentialAction":[{"@type":"ReadAction","target":["http:\/\/esponsorama.ad\/ca\/mezcla-sensaciones-baz-barbera-primer-dia-argentina\/"]}]},{"@type":"ImageObject","inLanguage":"ca-AD","@id":"http:\/\/esponsorama.ad\/ca\/mezcla-sensaciones-baz-barbera-primer-dia-argentina\/#primaryimage","url":"http:\/\/esponsorama.ad\/wp-content\/uploads\/2017\/04\/02_ARG_2017_AVINTIA-22437.jpg","contentUrl":"http:\/\/esponsorama.ad\/wp-content\/uploads\/2017\/04\/02_ARG_2017_AVINTIA-22437.jpg","width":4597,"height":3065},{"@type":"BreadcrumbList","@id":"http:\/\/esponsorama.ad\/ca\/mezcla-sensaciones-baz-barbera-primer-dia-argentina\/#breadcrumb","itemListElement":[{"@type":"ListItem","position":1,"name":"Home","item":"http:\/\/esponsorama.ad\/ca\/"},{"@type":"ListItem","position":2,"name":"Barreja de sensacions per Baz i Barber\u00e1 el primer dia a l&#8217;Argentina"}]},{"@type":"WebSite","@id":"http:\/\/esponsorama.ad\/es\/#website","url":"http:\/\/esponsorama.ad\/es\/","name":"Esponsorama","description":"Specialist in motorsport sponsorship and event promotions","potentialAction":[{"@type":"SearchAction","target":{"@type":"EntryPoint","urlTemplate":"http:\/\/esponsorama.ad\/es\/?s={search_term_string}"},"query-input":{"@type":"PropertyValueSpecification","valueRequired":true,"valueName":"search_term_string"}}],"inLanguage":"ca-AD"},{"@type":"Person","@id":"http:\/\/esponsorama.ad\/es\/#\/schema\/person\/a5cde74945183d737066e46b61c6f9c4","name":"Xavi Andornet","image":{"@type":"ImageObject","inLanguage":"ca-AD","@id":"http:\/\/esponsorama.ad\/es\/#\/schema\/person\/image\/","url":"https:\/\/secure.gravatar.com\/avatar\/f10eaf9ad601244a2357c9fd7cd9805ed166cfaaf76d5d9ab08a9d873e70147a?s=96&d=mm&r=g","contentUrl":"https:\/\/secure.gravatar.com\/avatar\/f10eaf9ad601244a2357c9fd7cd9805ed166cfaaf76d5d9ab08a9d873e70147a?s=96&d=mm&r=g","caption":"Xavi Andornet"},"sameAs":["http:\/\/www.andornet.ad"],"url":"http:\/\/esponsorama.ad\/ca\/author\/andornet\/"}]}},"_links":{"self":[{"href":"http:\/\/esponsorama.ad\/ca\/wp-json\/wp\/v2\/posts\/2380","targetHints":{"allow":["GET"]}}],"collection":[{"href":"http:\/\/esponsorama.ad\/ca\/wp-json\/wp\/v2\/posts"}],"about":[{"href":"http:\/\/esponsorama.ad\/ca\/wp-json\/wp\/v2\/types\/post"}],"author":[{"embeddable":true,"href":"http:\/\/esponsorama.ad\/ca\/wp-json\/wp\/v2\/users\/6"}],"replies":[{"embeddable":true,"href":"http:\/\/esponsorama.ad\/ca\/wp-json\/wp\/v2\/comments?post=2380"}],"version-history":[{"count":0,"href":"http:\/\/esponsorama.ad\/ca\/wp-json\/wp\/v2\/posts\/2380\/revisions"}],"wp:featuredmedia":[{"embeddable":true,"href":"http:\/\/esponsorama.ad\/ca\/wp-json\/wp\/v2\/media\/2376"}],"wp:attachment":[{"href":"http:\/\/esponsorama.ad\/ca\/wp-json\/wp\/v2\/media?parent=2380"}],"wp:term":[{"taxonomy":"category","embeddable":true,"href":"http:\/\/esponsorama.ad\/ca\/wp-json\/wp\/v2\/categories?post=2380"},{"taxonomy":"post_tag","embeddable":true,"href":"http:\/\/esponsorama.ad\/ca\/wp-json\/wp\/v2\/tags?post=2380"}],"curies":[{"name":"wp","href":"https:\/\/api.w.org\/{rel}","templated":true}]}}