{"id":2413,"date":"2017-04-09T23:45:29","date_gmt":"2017-04-09T21:45:29","guid":{"rendered":"http:\/\/esponsorama.ad\/?p=2413"},"modified":"2017-04-10T15:37:18","modified_gmt":"2017-04-10T13:37:18","slug":"loris-baz-noveno-los-cronometrados-gran-premio-argentina","status":"publish","type":"post","link":"http:\/\/esponsorama.ad\/ca\/loris-baz-noveno-los-cronometrados-gran-premio-argentina\/","title":{"rendered":"Loris Baz nov\u00e8 en els cronometrats per al Gran Premi d&#8217;Argentina"},"content":{"rendered":"<p>El pilot de l&#8217;equip Reale Avintia Racing, Loris Baz, eixir\u00e0 dem\u00e0 des de la tercera l\u00ednia de la graella al Gran Premi d&#8217;Argentina despr\u00e9s d&#8217;aconseguir el nov\u00e8 millor temps en els entrenaments cronometrats en qu\u00e8 la pluja ha estat protagonista. La seva gran volta d&#8217;ahir l&#8217;ha servit per passar directament a la Q2 i el franc\u00e8s de 24 anys no ha deixat passar la seva oportunitat. Baz est\u00e0 preparat sigui quina sigui la condici\u00f3 per a la cursa a 25 voltes de dem\u00e0, perqu\u00e8 a m\u00e9s d&#8217;anar fort en mullat, aquest mat\u00ed al FP3 ha tingut un ritme r\u00e0pid i constant amb l&#8217;asfalt sec.Per el seu company al Reale Avintia Racing, H\u00e9ctor Barber\u00e1, el dia no ha estat gens senzill. Amb feina per fer en la posada a punt de la seva Ducati Desmosedici GP16, l&#8217;espanyol no ha pogut passar el tall en el FP3, i amb l&#8217;asfalt mullat en la Q1, no ha acabat de trobar molt bones sensacions. Barber\u00e0 sortir\u00e0 dem\u00e0 des de la 21a posici\u00f3, tot i que espera poder remuntar durant la carrera.<\/p>\n\n<p>&#8220;Estic content, per\u00f2 sobretot per com ha anat el FP3 aquest mat\u00ed, perqu\u00e8 he tingut molt bon ritme en sec rodant amb M\u00e1rquez. Per\u00f2 despr\u00e9s a la Q2 he acabat una mica decebut, perqu\u00e8 en aquestes condicions sempre ho faig prou b\u00e9. Per\u00f2 al final estava molt sec per anar amb els pneum\u00e0tics de pluja i amb el meu pes he destrossat el davanter. Encara que la veritat \u00e9s que la tercera l\u00ednia \u00e9s per estar contents, perqu\u00e8 tenim molt bon ritme i si fem una bona sortida crec que puc estar amb els de davant. Dem\u00e0 veurem fins on podem arribar.\u201d<\/p>\n\n<p>&#8220;Avui ha estat un dia complicat. Al FP3 hav\u00edem de provar diverses coses i no hem tingut temps per a res, perqu\u00e8 despr\u00e9s de cinc voltes s&#8217;ha posat a ploure. Despr\u00e9s al FP4 la condici\u00f3 era estranya, no estava del tot mullat i no hem anat tan malament. per\u00f2 en la Q1 hem provat una moto diferent a la primera sortida i despr\u00e9s en la que m\u00e9s m&#8217;agradava ens hem equivocat amb l&#8217;elecci\u00f3 del pneum\u00e0tic. no vull posar excuses, per\u00f2 encara no tenim una base sobre la qual treballar i aix\u00ed \u00e9s molt dif\u00edcil trobar bones sensacions. A veure dem\u00e0 qu\u00e8 condicions ens trobem, per\u00f2 com sempre, intentar\u00e9 fer-ho el millor que pugui.\u201d<\/p>\n","protected":false},"excerpt":{"rendered":"<p>El pilot de l&#8217;equip Reale Avintia Racing, Loris Baz, eixir\u00e0 dem\u00e0 des de la tercera l\u00ednia de la graella al Gran Premi d&#8217;Argentina despr\u00e9s d&#8217;aconseguir el nov\u00e8 millor temps en els entrenaments cronometrats en qu\u00e8 la pluja ha estat protagonista. La seva gran volta d&#8217;ahir l&#8217;ha servit per passar directament a la Q2 i el [&hellip;]<\/p>\n","protected":false},"author":6,"featured_media":2403,"comment_status":"closed","ping_status":"closed","sticky":false,"template":"","format":"standard","meta":{"footnotes":""},"categories":[3],"tags":[],"class_list":["post-2413","post","type-post","status-publish","format-standard","has-post-thumbnail","hentry","category-motogp"],"yoast_head":"<!-- This site is optimized with the Yoast SEO plugin v27.1.1 - https:\/\/yoast.com\/product\/yoast-seo-wordpress\/ -->\n<title>Loris Baz nov\u00e8 en els cronometrats per al Gran Premi d&#039;Argentina - Esponsorama<\/title>\n<meta name=\"robots\" content=\"index, follow, max-snippet:-1, max-image-preview:large, max-video-preview:-1\" \/>\n<link rel=\"canonical\" href=\"http:\/\/esponsorama.ad\/ca\/loris-baz-noveno-los-cronometrados-gran-premio-argentina\/\" \/>\n<meta property=\"og:locale\" content=\"en_US\" \/>\n<meta property=\"og:type\" content=\"article\" \/>\n<meta property=\"og:title\" content=\"Loris Baz nov\u00e8 en els cronometrats per al Gran Premi d&#039;Argentina - Esponsorama\" \/>\n<meta property=\"og:description\" content=\"El pilot de l&#8217;equip Reale Avintia Racing, Loris Baz, eixir\u00e0 dem\u00e0 des de la tercera l\u00ednia de la graella al Gran Premi d&#8217;Argentina despr\u00e9s d&#8217;aconseguir el nov\u00e8 millor temps en els entrenaments cronometrats en qu\u00e8 la pluja ha estat protagonista. La seva gran volta d&#8217;ahir l&#8217;ha servit per passar directament a la Q2 i el [&hellip;]\" \/>\n<meta property=\"og:url\" content=\"http:\/\/esponsorama.ad\/ca\/loris-baz-noveno-los-cronometrados-gran-premio-argentina\/\" \/>\n<meta property=\"og:site_name\" content=\"Esponsorama\" \/>\n<meta property=\"article:published_time\" content=\"2017-04-09T21:45:29+00:00\" \/>\n<meta property=\"article:modified_time\" content=\"2017-04-10T13:37:18+00:00\" \/>\n<meta property=\"og:image\" content=\"http:\/\/esponsorama.ad\/wp-content\/uploads\/2017\/04\/02_ARG_2017_AVINTIA-9560.jpg\" \/>\n\t<meta property=\"og:image:width\" content=\"4542\" \/>\n\t<meta property=\"og:image:height\" content=\"3028\" \/>\n\t<meta property=\"og:image:type\" content=\"image\/jpeg\" \/>\n<meta name=\"author\" content=\"Xavi Andornet\" \/>\n<meta name=\"twitter:card\" content=\"summary_large_image\" \/>\n<meta name=\"twitter:label1\" content=\"Written by\" \/>\n\t<meta name=\"twitter:data1\" content=\"Xavi Andornet\" \/>\n\t<meta name=\"twitter:label2\" content=\"Est. reading time\" \/>\n\t<meta name=\"twitter:data2\" content=\"2 minutes\" \/>\n<script type=\"application\/ld+json\" class=\"yoast-schema-graph\">{\"@context\":\"https:\/\/schema.org\",\"@graph\":[{\"@type\":\"Article\",\"@id\":\"http:\/\/esponsorama.ad\/ca\/loris-baz-noveno-los-cronometrados-gran-premio-argentina\/#article\",\"isPartOf\":{\"@id\":\"http:\/\/esponsorama.ad\/ca\/loris-baz-noveno-los-cronometrados-gran-premio-argentina\/\"},\"author\":{\"name\":\"Xavi Andornet\",\"@id\":\"http:\/\/esponsorama.ad\/es\/#\/schema\/person\/a5cde74945183d737066e46b61c6f9c4\"},\"headline\":\"Loris Baz nov\u00e8 en els cronometrats per al Gran Premi d&#8217;Argentina\",\"datePublished\":\"2017-04-09T21:45:29+00:00\",\"dateModified\":\"2017-04-10T13:37:18+00:00\",\"mainEntityOfPage\":{\"@id\":\"http:\/\/esponsorama.ad\/ca\/loris-baz-noveno-los-cronometrados-gran-premio-argentina\/\"},\"wordCount\":429,\"image\":{\"@id\":\"http:\/\/esponsorama.ad\/ca\/loris-baz-noveno-los-cronometrados-gran-premio-argentina\/#primaryimage\"},\"thumbnailUrl\":\"http:\/\/esponsorama.ad\/wp-content\/uploads\/2017\/04\/02_ARG_2017_AVINTIA-9560.jpg\",\"articleSection\":[\"MotoGP\"],\"inLanguage\":\"ca-AD\"},{\"@type\":\"WebPage\",\"@id\":\"http:\/\/esponsorama.ad\/ca\/loris-baz-noveno-los-cronometrados-gran-premio-argentina\/\",\"url\":\"http:\/\/esponsorama.ad\/ca\/loris-baz-noveno-los-cronometrados-gran-premio-argentina\/\",\"name\":\"Loris Baz nov\u00e8 en els cronometrats per al Gran Premi d'Argentina - Esponsorama\",\"isPartOf\":{\"@id\":\"http:\/\/esponsorama.ad\/es\/#website\"},\"primaryImageOfPage\":{\"@id\":\"http:\/\/esponsorama.ad\/ca\/loris-baz-noveno-los-cronometrados-gran-premio-argentina\/#primaryimage\"},\"image\":{\"@id\":\"http:\/\/esponsorama.ad\/ca\/loris-baz-noveno-los-cronometrados-gran-premio-argentina\/#primaryimage\"},\"thumbnailUrl\":\"http:\/\/esponsorama.ad\/wp-content\/uploads\/2017\/04\/02_ARG_2017_AVINTIA-9560.jpg\",\"datePublished\":\"2017-04-09T21:45:29+00:00\",\"dateModified\":\"2017-04-10T13:37:18+00:00\",\"author\":{\"@id\":\"http:\/\/esponsorama.ad\/es\/#\/schema\/person\/a5cde74945183d737066e46b61c6f9c4\"},\"breadcrumb\":{\"@id\":\"http:\/\/esponsorama.ad\/ca\/loris-baz-noveno-los-cronometrados-gran-premio-argentina\/#breadcrumb\"},\"inLanguage\":\"ca-AD\",\"potentialAction\":[{\"@type\":\"ReadAction\",\"target\":[\"http:\/\/esponsorama.ad\/ca\/loris-baz-noveno-los-cronometrados-gran-premio-argentina\/\"]}]},{\"@type\":\"ImageObject\",\"inLanguage\":\"ca-AD\",\"@id\":\"http:\/\/esponsorama.ad\/ca\/loris-baz-noveno-los-cronometrados-gran-premio-argentina\/#primaryimage\",\"url\":\"http:\/\/esponsorama.ad\/wp-content\/uploads\/2017\/04\/02_ARG_2017_AVINTIA-9560.jpg\",\"contentUrl\":\"http:\/\/esponsorama.ad\/wp-content\/uploads\/2017\/04\/02_ARG_2017_AVINTIA-9560.jpg\",\"width\":4542,\"height\":3028},{\"@type\":\"BreadcrumbList\",\"@id\":\"http:\/\/esponsorama.ad\/ca\/loris-baz-noveno-los-cronometrados-gran-premio-argentina\/#breadcrumb\",\"itemListElement\":[{\"@type\":\"ListItem\",\"position\":1,\"name\":\"Home\",\"item\":\"http:\/\/esponsorama.ad\/ca\/\"},{\"@type\":\"ListItem\",\"position\":2,\"name\":\"Loris Baz nov\u00e8 en els cronometrats per al Gran Premi d&#8217;Argentina\"}]},{\"@type\":\"WebSite\",\"@id\":\"http:\/\/esponsorama.ad\/es\/#website\",\"url\":\"http:\/\/esponsorama.ad\/es\/\",\"name\":\"Esponsorama\",\"description\":\"Specialist in motorsport sponsorship and event promotions\",\"potentialAction\":[{\"@type\":\"SearchAction\",\"target\":{\"@type\":\"EntryPoint\",\"urlTemplate\":\"http:\/\/esponsorama.ad\/es\/?s={search_term_string}\"},\"query-input\":{\"@type\":\"PropertyValueSpecification\",\"valueRequired\":true,\"valueName\":\"search_term_string\"}}],\"inLanguage\":\"ca-AD\"},{\"@type\":\"Person\",\"@id\":\"http:\/\/esponsorama.ad\/es\/#\/schema\/person\/a5cde74945183d737066e46b61c6f9c4\",\"name\":\"Xavi Andornet\",\"image\":{\"@type\":\"ImageObject\",\"inLanguage\":\"ca-AD\",\"@id\":\"http:\/\/esponsorama.ad\/es\/#\/schema\/person\/image\/\",\"url\":\"https:\/\/secure.gravatar.com\/avatar\/f10eaf9ad601244a2357c9fd7cd9805ed166cfaaf76d5d9ab08a9d873e70147a?s=96&d=mm&r=g\",\"contentUrl\":\"https:\/\/secure.gravatar.com\/avatar\/f10eaf9ad601244a2357c9fd7cd9805ed166cfaaf76d5d9ab08a9d873e70147a?s=96&d=mm&r=g\",\"caption\":\"Xavi Andornet\"},\"sameAs\":[\"http:\/\/www.andornet.ad\"],\"url\":\"http:\/\/esponsorama.ad\/ca\/author\/andornet\/\"}]}<\/script>\n<!-- \/ Yoast SEO plugin. -->","yoast_head_json":{"title":"Loris Baz nov\u00e8 en els cronometrats per al Gran Premi d'Argentina - Esponsorama","robots":{"index":"index","follow":"follow","max-snippet":"max-snippet:-1","max-image-preview":"max-image-preview:large","max-video-preview":"max-video-preview:-1"},"canonical":"http:\/\/esponsorama.ad\/ca\/loris-baz-noveno-los-cronometrados-gran-premio-argentina\/","og_locale":"en_US","og_type":"article","og_title":"Loris Baz nov\u00e8 en els cronometrats per al Gran Premi d'Argentina - Esponsorama","og_description":"El pilot de l&#8217;equip Reale Avintia Racing, Loris Baz, eixir\u00e0 dem\u00e0 des de la tercera l\u00ednia de la graella al Gran Premi d&#8217;Argentina despr\u00e9s d&#8217;aconseguir el nov\u00e8 millor temps en els entrenaments cronometrats en qu\u00e8 la pluja ha estat protagonista. La seva gran volta d&#8217;ahir l&#8217;ha servit per passar directament a la Q2 i el [&hellip;]","og_url":"http:\/\/esponsorama.ad\/ca\/loris-baz-noveno-los-cronometrados-gran-premio-argentina\/","og_site_name":"Esponsorama","article_published_time":"2017-04-09T21:45:29+00:00","article_modified_time":"2017-04-10T13:37:18+00:00","og_image":[{"width":4542,"height":3028,"url":"http:\/\/esponsorama.ad\/wp-content\/uploads\/2017\/04\/02_ARG_2017_AVINTIA-9560.jpg","type":"image\/jpeg"}],"author":"Xavi Andornet","twitter_card":"summary_large_image","twitter_misc":{"Written by":"Xavi Andornet","Est. reading time":"2 minutes"},"schema":{"@context":"https:\/\/schema.org","@graph":[{"@type":"Article","@id":"http:\/\/esponsorama.ad\/ca\/loris-baz-noveno-los-cronometrados-gran-premio-argentina\/#article","isPartOf":{"@id":"http:\/\/esponsorama.ad\/ca\/loris-baz-noveno-los-cronometrados-gran-premio-argentina\/"},"author":{"name":"Xavi Andornet","@id":"http:\/\/esponsorama.ad\/es\/#\/schema\/person\/a5cde74945183d737066e46b61c6f9c4"},"headline":"Loris Baz nov\u00e8 en els cronometrats per al Gran Premi d&#8217;Argentina","datePublished":"2017-04-09T21:45:29+00:00","dateModified":"2017-04-10T13:37:18+00:00","mainEntityOfPage":{"@id":"http:\/\/esponsorama.ad\/ca\/loris-baz-noveno-los-cronometrados-gran-premio-argentina\/"},"wordCount":429,"image":{"@id":"http:\/\/esponsorama.ad\/ca\/loris-baz-noveno-los-cronometrados-gran-premio-argentina\/#primaryimage"},"thumbnailUrl":"http:\/\/esponsorama.ad\/wp-content\/uploads\/2017\/04\/02_ARG_2017_AVINTIA-9560.jpg","articleSection":["MotoGP"],"inLanguage":"ca-AD"},{"@type":"WebPage","@id":"http:\/\/esponsorama.ad\/ca\/loris-baz-noveno-los-cronometrados-gran-premio-argentina\/","url":"http:\/\/esponsorama.ad\/ca\/loris-baz-noveno-los-cronometrados-gran-premio-argentina\/","name":"Loris Baz nov\u00e8 en els cronometrats per al Gran Premi d'Argentina - Esponsorama","isPartOf":{"@id":"http:\/\/esponsorama.ad\/es\/#website"},"primaryImageOfPage":{"@id":"http:\/\/esponsorama.ad\/ca\/loris-baz-noveno-los-cronometrados-gran-premio-argentina\/#primaryimage"},"image":{"@id":"http:\/\/esponsorama.ad\/ca\/loris-baz-noveno-los-cronometrados-gran-premio-argentina\/#primaryimage"},"thumbnailUrl":"http:\/\/esponsorama.ad\/wp-content\/uploads\/2017\/04\/02_ARG_2017_AVINTIA-9560.jpg","datePublished":"2017-04-09T21:45:29+00:00","dateModified":"2017-04-10T13:37:18+00:00","author":{"@id":"http:\/\/esponsorama.ad\/es\/#\/schema\/person\/a5cde74945183d737066e46b61c6f9c4"},"breadcrumb":{"@id":"http:\/\/esponsorama.ad\/ca\/loris-baz-noveno-los-cronometrados-gran-premio-argentina\/#breadcrumb"},"inLanguage":"ca-AD","potentialAction":[{"@type":"ReadAction","target":["http:\/\/esponsorama.ad\/ca\/loris-baz-noveno-los-cronometrados-gran-premio-argentina\/"]}]},{"@type":"ImageObject","inLanguage":"ca-AD","@id":"http:\/\/esponsorama.ad\/ca\/loris-baz-noveno-los-cronometrados-gran-premio-argentina\/#primaryimage","url":"http:\/\/esponsorama.ad\/wp-content\/uploads\/2017\/04\/02_ARG_2017_AVINTIA-9560.jpg","contentUrl":"http:\/\/esponsorama.ad\/wp-content\/uploads\/2017\/04\/02_ARG_2017_AVINTIA-9560.jpg","width":4542,"height":3028},{"@type":"BreadcrumbList","@id":"http:\/\/esponsorama.ad\/ca\/loris-baz-noveno-los-cronometrados-gran-premio-argentina\/#breadcrumb","itemListElement":[{"@type":"ListItem","position":1,"name":"Home","item":"http:\/\/esponsorama.ad\/ca\/"},{"@type":"ListItem","position":2,"name":"Loris Baz nov\u00e8 en els cronometrats per al Gran Premi d&#8217;Argentina"}]},{"@type":"WebSite","@id":"http:\/\/esponsorama.ad\/es\/#website","url":"http:\/\/esponsorama.ad\/es\/","name":"Esponsorama","description":"Specialist in motorsport sponsorship and event promotions","potentialAction":[{"@type":"SearchAction","target":{"@type":"EntryPoint","urlTemplate":"http:\/\/esponsorama.ad\/es\/?s={search_term_string}"},"query-input":{"@type":"PropertyValueSpecification","valueRequired":true,"valueName":"search_term_string"}}],"inLanguage":"ca-AD"},{"@type":"Person","@id":"http:\/\/esponsorama.ad\/es\/#\/schema\/person\/a5cde74945183d737066e46b61c6f9c4","name":"Xavi Andornet","image":{"@type":"ImageObject","inLanguage":"ca-AD","@id":"http:\/\/esponsorama.ad\/es\/#\/schema\/person\/image\/","url":"https:\/\/secure.gravatar.com\/avatar\/f10eaf9ad601244a2357c9fd7cd9805ed166cfaaf76d5d9ab08a9d873e70147a?s=96&d=mm&r=g","contentUrl":"https:\/\/secure.gravatar.com\/avatar\/f10eaf9ad601244a2357c9fd7cd9805ed166cfaaf76d5d9ab08a9d873e70147a?s=96&d=mm&r=g","caption":"Xavi Andornet"},"sameAs":["http:\/\/www.andornet.ad"],"url":"http:\/\/esponsorama.ad\/ca\/author\/andornet\/"}]}},"_links":{"self":[{"href":"http:\/\/esponsorama.ad\/ca\/wp-json\/wp\/v2\/posts\/2413","targetHints":{"allow":["GET"]}}],"collection":[{"href":"http:\/\/esponsorama.ad\/ca\/wp-json\/wp\/v2\/posts"}],"about":[{"href":"http:\/\/esponsorama.ad\/ca\/wp-json\/wp\/v2\/types\/post"}],"author":[{"embeddable":true,"href":"http:\/\/esponsorama.ad\/ca\/wp-json\/wp\/v2\/users\/6"}],"replies":[{"embeddable":true,"href":"http:\/\/esponsorama.ad\/ca\/wp-json\/wp\/v2\/comments?post=2413"}],"version-history":[{"count":0,"href":"http:\/\/esponsorama.ad\/ca\/wp-json\/wp\/v2\/posts\/2413\/revisions"}],"wp:featuredmedia":[{"embeddable":true,"href":"http:\/\/esponsorama.ad\/ca\/wp-json\/wp\/v2\/media\/2403"}],"wp:attachment":[{"href":"http:\/\/esponsorama.ad\/ca\/wp-json\/wp\/v2\/media?parent=2413"}],"wp:term":[{"taxonomy":"category","embeddable":true,"href":"http:\/\/esponsorama.ad\/ca\/wp-json\/wp\/v2\/categories?post=2413"},{"taxonomy":"post_tag","embeddable":true,"href":"http:\/\/esponsorama.ad\/ca\/wp-json\/wp\/v2\/tags?post=2413"}],"curies":[{"name":"wp","href":"https:\/\/api.w.org\/{rel}","templated":true}]}}