{"id":3171,"date":"2017-05-05T17:09:05","date_gmt":"2017-05-05T15:09:05","guid":{"rendered":"http:\/\/esponsorama.ad\/?p=3171"},"modified":"2017-05-11T13:50:59","modified_gmt":"2017-05-11T11:50:59","slug":"arranque-positivo-vicente-perez-gran-premio-espana","status":"publish","type":"post","link":"http:\/\/esponsorama.ad\/ca\/arranque-positivo-vicente-perez-gran-premio-espana\/","title":{"rendered":"Arrencada positiu per a Vicente P\u00e9rez al Gran Premi d&#8217;Espanya"},"content":{"rendered":"<p>El circuit de Jerez s&#8217;ha llevat el divendres sota la pluja i sense donar treva a la categoria de Moto3 per tenir una FP1 en condicions \u00f2ptimes.<br \/>\nVicente P\u00e9rez, de la Reale Avintia Academy i participant com &#8220;wild card&#8221; al Gran Premi d&#8217;Espanya de Moto3, ha rodat molt b\u00e9 sota la pluja; finalitzant\u00a0tercer en els primers entrenaments lliures, amb un temps de 2&#8217;01.348. Per\u00f2, en aquesta primera presa de contacte no s&#8217;ha pogut agafar cap refer\u00e8ncia que li serveixi de cara a la resta de Gran Premi.<\/p>\n<div class=\"column\">\n<p>Per a la FP2 el sol havia assecat la pista i aix\u00f2 ha valgut per saber on es trobava el nostre pilot valenci\u00e0. Vicente ha estat provant diverses coses de la seva KTM i s&#8217;ha classificat vint\u00e8 tercer en els segons lliures, amb un temps de 1&#8217;52.373.<\/p>\n<p>&nbsp;<\/p>\n\n<p>&#8220;A la segona sessi\u00f3 d&#8217;entrenaments ha estat m\u00e9s dif\u00edcil la situaci\u00f3 perqu\u00e8 la pista estava seca i la resta de pilots venien d&#8217;haver realitzat el test aqu\u00ed; nosaltres hem vingut a cegues, per dir-ho. Al final ens hem situat en el lloc 23, per\u00f2 estem molt enganxats. Hi ha diversos pilots que estan un pas per sobre, per\u00f2 tamb\u00e9 han muntat pneum\u00e0tics nous. Estic molt positiu i dem\u00e0 segur que podem estar lluitant per a un bon resultat&#8221;<\/p>\n<p>&nbsp;<\/p>\n\n<p><span style=\"line-height: 1.5;\">&#8220;A Vicente li veig molt concentrat i treballant molt b\u00e9. A la segona sessi\u00f3 som on realment ens toca estar, com &#8220;Wild Card&#8221;. Tot el treball s&#8217;ha anat cap a la segona sessi\u00f3, ja que a la primera est\u00e0vem en condicions de sec. Pot millorar bastant i amb les circumst\u00e0ncies que hem tingut li dono de puntuaci\u00f3 un notable. Els pilots del Mundial tenen un \u00faltim empenta, que a nosaltres encara ens costa. Dem\u00e0, si fem una bona FP3 podem despr\u00e9s fer una Qualifying correcta i aix\u00ed, estar en el top 20&#8243;<\/span><\/p>\n<\/div>\n","protected":false},"excerpt":{"rendered":"<p>El circuit de Jerez s&#8217;ha llevat el divendres sota la pluja i sense donar treva a la categoria de Moto3 per tenir una FP1 en condicions \u00f2ptimes. Vicente P\u00e9rez, de la Reale Avintia Academy i participant com &#8220;wild card&#8221; al Gran Premi d&#8217;Espanya de Moto3, ha rodat molt b\u00e9 sota la pluja; finalitzant\u00a0tercer en els [&hellip;]<\/p>\n","protected":false},"author":6,"featured_media":3181,"comment_status":"closed","ping_status":"closed","sticky":false,"template":"","format":"standard","meta":{"footnotes":""},"categories":[10],"tags":[],"class_list":["post-3171","post","type-post","status-publish","format-standard","has-post-thumbnail","hentry"],"yoast_head":"<!-- This site is optimized with the Yoast SEO plugin v27.1.1 - https:\/\/yoast.com\/product\/yoast-seo-wordpress\/ -->\n<title>Arrencada positiu per a Vicente P\u00e9rez al Gran Premi d&#039;Espanya - Esponsorama<\/title>\n<meta name=\"robots\" content=\"index, follow, max-snippet:-1, max-image-preview:large, max-video-preview:-1\" \/>\n<link rel=\"canonical\" href=\"http:\/\/esponsorama.ad\/ca\/arranque-positivo-vicente-perez-gran-premio-espana\/\" \/>\n<meta property=\"og:locale\" content=\"en_US\" \/>\n<meta property=\"og:type\" content=\"article\" \/>\n<meta property=\"og:title\" content=\"Arrencada positiu per a Vicente P\u00e9rez al Gran Premi d&#039;Espanya - Esponsorama\" \/>\n<meta property=\"og:description\" content=\"El circuit de Jerez s&#8217;ha llevat el divendres sota la pluja i sense donar treva a la categoria de Moto3 per tenir una FP1 en condicions \u00f2ptimes. Vicente P\u00e9rez, de la Reale Avintia Academy i participant com &#8220;wild card&#8221; al Gran Premi d&#8217;Espanya de Moto3, ha rodat molt b\u00e9 sota la pluja; finalitzant\u00a0tercer en els [&hellip;]\" \/>\n<meta property=\"og:url\" content=\"http:\/\/esponsorama.ad\/ca\/arranque-positivo-vicente-perez-gran-premio-espana\/\" \/>\n<meta property=\"og:site_name\" content=\"Esponsorama\" \/>\n<meta property=\"article:published_time\" content=\"2017-05-05T15:09:05+00:00\" \/>\n<meta property=\"article:modified_time\" content=\"2017-05-11T11:50:59+00:00\" \/>\n<meta property=\"og:image\" content=\"http:\/\/esponsorama.ad\/wp-content\/uploads\/2017\/05\/04Jerez17M3-8096.jpg\" \/>\n\t<meta property=\"og:image:width\" content=\"4595\" \/>\n\t<meta property=\"og:image:height\" content=\"3063\" \/>\n\t<meta property=\"og:image:type\" content=\"image\/jpeg\" \/>\n<meta name=\"author\" content=\"Xavi Andornet\" \/>\n<meta name=\"twitter:card\" content=\"summary_large_image\" \/>\n<meta name=\"twitter:label1\" content=\"Written by\" \/>\n\t<meta name=\"twitter:data1\" content=\"Xavi Andornet\" \/>\n\t<meta name=\"twitter:label2\" content=\"Est. reading time\" \/>\n\t<meta name=\"twitter:data2\" content=\"2 minutes\" \/>\n<script type=\"application\/ld+json\" class=\"yoast-schema-graph\">{\"@context\":\"https:\/\/schema.org\",\"@graph\":[{\"@type\":\"Article\",\"@id\":\"http:\/\/esponsorama.ad\/ca\/arranque-positivo-vicente-perez-gran-premio-espana\/#article\",\"isPartOf\":{\"@id\":\"http:\/\/esponsorama.ad\/ca\/arranque-positivo-vicente-perez-gran-premio-espana\/\"},\"author\":{\"name\":\"Xavi Andornet\",\"@id\":\"http:\/\/esponsorama.ad\/es\/#\/schema\/person\/a5cde74945183d737066e46b61c6f9c4\"},\"headline\":\"Arrencada positiu per a Vicente P\u00e9rez al Gran Premi d&#8217;Espanya\",\"datePublished\":\"2017-05-05T15:09:05+00:00\",\"dateModified\":\"2017-05-11T11:50:59+00:00\",\"mainEntityOfPage\":{\"@id\":\"http:\/\/esponsorama.ad\/ca\/arranque-positivo-vicente-perez-gran-premio-espana\/\"},\"wordCount\":334,\"image\":{\"@id\":\"http:\/\/esponsorama.ad\/ca\/arranque-positivo-vicente-perez-gran-premio-espana\/#primaryimage\"},\"thumbnailUrl\":\"http:\/\/esponsorama.ad\/wp-content\/uploads\/2017\/05\/04Jerez17M3-8096.jpg\",\"articleSection\":[\"\"],\"inLanguage\":\"ca-AD\"},{\"@type\":\"WebPage\",\"@id\":\"http:\/\/esponsorama.ad\/ca\/arranque-positivo-vicente-perez-gran-premio-espana\/\",\"url\":\"http:\/\/esponsorama.ad\/ca\/arranque-positivo-vicente-perez-gran-premio-espana\/\",\"name\":\"Arrencada positiu per a Vicente P\u00e9rez al Gran Premi d'Espanya - Esponsorama\",\"isPartOf\":{\"@id\":\"http:\/\/esponsorama.ad\/es\/#website\"},\"primaryImageOfPage\":{\"@id\":\"http:\/\/esponsorama.ad\/ca\/arranque-positivo-vicente-perez-gran-premio-espana\/#primaryimage\"},\"image\":{\"@id\":\"http:\/\/esponsorama.ad\/ca\/arranque-positivo-vicente-perez-gran-premio-espana\/#primaryimage\"},\"thumbnailUrl\":\"http:\/\/esponsorama.ad\/wp-content\/uploads\/2017\/05\/04Jerez17M3-8096.jpg\",\"datePublished\":\"2017-05-05T15:09:05+00:00\",\"dateModified\":\"2017-05-11T11:50:59+00:00\",\"author\":{\"@id\":\"http:\/\/esponsorama.ad\/es\/#\/schema\/person\/a5cde74945183d737066e46b61c6f9c4\"},\"breadcrumb\":{\"@id\":\"http:\/\/esponsorama.ad\/ca\/arranque-positivo-vicente-perez-gran-premio-espana\/#breadcrumb\"},\"inLanguage\":\"ca-AD\",\"potentialAction\":[{\"@type\":\"ReadAction\",\"target\":[\"http:\/\/esponsorama.ad\/ca\/arranque-positivo-vicente-perez-gran-premio-espana\/\"]}]},{\"@type\":\"ImageObject\",\"inLanguage\":\"ca-AD\",\"@id\":\"http:\/\/esponsorama.ad\/ca\/arranque-positivo-vicente-perez-gran-premio-espana\/#primaryimage\",\"url\":\"http:\/\/esponsorama.ad\/wp-content\/uploads\/2017\/05\/04Jerez17M3-8096.jpg\",\"contentUrl\":\"http:\/\/esponsorama.ad\/wp-content\/uploads\/2017\/05\/04Jerez17M3-8096.jpg\",\"width\":4595,\"height\":3063},{\"@type\":\"BreadcrumbList\",\"@id\":\"http:\/\/esponsorama.ad\/ca\/arranque-positivo-vicente-perez-gran-premio-espana\/#breadcrumb\",\"itemListElement\":[{\"@type\":\"ListItem\",\"position\":1,\"name\":\"Home\",\"item\":\"http:\/\/esponsorama.ad\/en\/\"},{\"@type\":\"ListItem\",\"position\":2,\"name\":\"Arrencada positiu per a Vicente P\u00e9rez al Gran Premi d&#8217;Espanya\"}]},{\"@type\":\"WebSite\",\"@id\":\"http:\/\/esponsorama.ad\/es\/#website\",\"url\":\"http:\/\/esponsorama.ad\/es\/\",\"name\":\"Esponsorama\",\"description\":\"Specialist in motorsport sponsorship and event promotions\",\"potentialAction\":[{\"@type\":\"SearchAction\",\"target\":{\"@type\":\"EntryPoint\",\"urlTemplate\":\"http:\/\/esponsorama.ad\/es\/?s={search_term_string}\"},\"query-input\":{\"@type\":\"PropertyValueSpecification\",\"valueRequired\":true,\"valueName\":\"search_term_string\"}}],\"inLanguage\":\"ca-AD\"},{\"@type\":\"Person\",\"@id\":\"http:\/\/esponsorama.ad\/es\/#\/schema\/person\/a5cde74945183d737066e46b61c6f9c4\",\"name\":\"Xavi Andornet\",\"image\":{\"@type\":\"ImageObject\",\"inLanguage\":\"ca-AD\",\"@id\":\"http:\/\/esponsorama.ad\/es\/#\/schema\/person\/image\/\",\"url\":\"https:\/\/secure.gravatar.com\/avatar\/f10eaf9ad601244a2357c9fd7cd9805ed166cfaaf76d5d9ab08a9d873e70147a?s=96&d=mm&r=g\",\"contentUrl\":\"https:\/\/secure.gravatar.com\/avatar\/f10eaf9ad601244a2357c9fd7cd9805ed166cfaaf76d5d9ab08a9d873e70147a?s=96&d=mm&r=g\",\"caption\":\"Xavi Andornet\"},\"sameAs\":[\"http:\/\/www.andornet.ad\"],\"url\":\"http:\/\/esponsorama.ad\/ca\/author\/andornet\/\"}]}<\/script>\n<!-- \/ Yoast SEO plugin. -->","yoast_head_json":{"title":"Arrencada positiu per a Vicente P\u00e9rez al Gran Premi d'Espanya - Esponsorama","robots":{"index":"index","follow":"follow","max-snippet":"max-snippet:-1","max-image-preview":"max-image-preview:large","max-video-preview":"max-video-preview:-1"},"canonical":"http:\/\/esponsorama.ad\/ca\/arranque-positivo-vicente-perez-gran-premio-espana\/","og_locale":"en_US","og_type":"article","og_title":"Arrencada positiu per a Vicente P\u00e9rez al Gran Premi d'Espanya - Esponsorama","og_description":"El circuit de Jerez s&#8217;ha llevat el divendres sota la pluja i sense donar treva a la categoria de Moto3 per tenir una FP1 en condicions \u00f2ptimes. Vicente P\u00e9rez, de la Reale Avintia Academy i participant com &#8220;wild card&#8221; al Gran Premi d&#8217;Espanya de Moto3, ha rodat molt b\u00e9 sota la pluja; finalitzant\u00a0tercer en els [&hellip;]","og_url":"http:\/\/esponsorama.ad\/ca\/arranque-positivo-vicente-perez-gran-premio-espana\/","og_site_name":"Esponsorama","article_published_time":"2017-05-05T15:09:05+00:00","article_modified_time":"2017-05-11T11:50:59+00:00","og_image":[{"width":4595,"height":3063,"url":"http:\/\/esponsorama.ad\/wp-content\/uploads\/2017\/05\/04Jerez17M3-8096.jpg","type":"image\/jpeg"}],"author":"Xavi Andornet","twitter_card":"summary_large_image","twitter_misc":{"Written by":"Xavi Andornet","Est. reading time":"2 minutes"},"schema":{"@context":"https:\/\/schema.org","@graph":[{"@type":"Article","@id":"http:\/\/esponsorama.ad\/ca\/arranque-positivo-vicente-perez-gran-premio-espana\/#article","isPartOf":{"@id":"http:\/\/esponsorama.ad\/ca\/arranque-positivo-vicente-perez-gran-premio-espana\/"},"author":{"name":"Xavi Andornet","@id":"http:\/\/esponsorama.ad\/es\/#\/schema\/person\/a5cde74945183d737066e46b61c6f9c4"},"headline":"Arrencada positiu per a Vicente P\u00e9rez al Gran Premi d&#8217;Espanya","datePublished":"2017-05-05T15:09:05+00:00","dateModified":"2017-05-11T11:50:59+00:00","mainEntityOfPage":{"@id":"http:\/\/esponsorama.ad\/ca\/arranque-positivo-vicente-perez-gran-premio-espana\/"},"wordCount":334,"image":{"@id":"http:\/\/esponsorama.ad\/ca\/arranque-positivo-vicente-perez-gran-premio-espana\/#primaryimage"},"thumbnailUrl":"http:\/\/esponsorama.ad\/wp-content\/uploads\/2017\/05\/04Jerez17M3-8096.jpg","articleSection":[""],"inLanguage":"ca-AD"},{"@type":"WebPage","@id":"http:\/\/esponsorama.ad\/ca\/arranque-positivo-vicente-perez-gran-premio-espana\/","url":"http:\/\/esponsorama.ad\/ca\/arranque-positivo-vicente-perez-gran-premio-espana\/","name":"Arrencada positiu per a Vicente P\u00e9rez al Gran Premi d'Espanya - Esponsorama","isPartOf":{"@id":"http:\/\/esponsorama.ad\/es\/#website"},"primaryImageOfPage":{"@id":"http:\/\/esponsorama.ad\/ca\/arranque-positivo-vicente-perez-gran-premio-espana\/#primaryimage"},"image":{"@id":"http:\/\/esponsorama.ad\/ca\/arranque-positivo-vicente-perez-gran-premio-espana\/#primaryimage"},"thumbnailUrl":"http:\/\/esponsorama.ad\/wp-content\/uploads\/2017\/05\/04Jerez17M3-8096.jpg","datePublished":"2017-05-05T15:09:05+00:00","dateModified":"2017-05-11T11:50:59+00:00","author":{"@id":"http:\/\/esponsorama.ad\/es\/#\/schema\/person\/a5cde74945183d737066e46b61c6f9c4"},"breadcrumb":{"@id":"http:\/\/esponsorama.ad\/ca\/arranque-positivo-vicente-perez-gran-premio-espana\/#breadcrumb"},"inLanguage":"ca-AD","potentialAction":[{"@type":"ReadAction","target":["http:\/\/esponsorama.ad\/ca\/arranque-positivo-vicente-perez-gran-premio-espana\/"]}]},{"@type":"ImageObject","inLanguage":"ca-AD","@id":"http:\/\/esponsorama.ad\/ca\/arranque-positivo-vicente-perez-gran-premio-espana\/#primaryimage","url":"http:\/\/esponsorama.ad\/wp-content\/uploads\/2017\/05\/04Jerez17M3-8096.jpg","contentUrl":"http:\/\/esponsorama.ad\/wp-content\/uploads\/2017\/05\/04Jerez17M3-8096.jpg","width":4595,"height":3063},{"@type":"BreadcrumbList","@id":"http:\/\/esponsorama.ad\/ca\/arranque-positivo-vicente-perez-gran-premio-espana\/#breadcrumb","itemListElement":[{"@type":"ListItem","position":1,"name":"Home","item":"http:\/\/esponsorama.ad\/en\/"},{"@type":"ListItem","position":2,"name":"Arrencada positiu per a Vicente P\u00e9rez al Gran Premi d&#8217;Espanya"}]},{"@type":"WebSite","@id":"http:\/\/esponsorama.ad\/es\/#website","url":"http:\/\/esponsorama.ad\/es\/","name":"Esponsorama","description":"Specialist in motorsport sponsorship and event promotions","potentialAction":[{"@type":"SearchAction","target":{"@type":"EntryPoint","urlTemplate":"http:\/\/esponsorama.ad\/es\/?s={search_term_string}"},"query-input":{"@type":"PropertyValueSpecification","valueRequired":true,"valueName":"search_term_string"}}],"inLanguage":"ca-AD"},{"@type":"Person","@id":"http:\/\/esponsorama.ad\/es\/#\/schema\/person\/a5cde74945183d737066e46b61c6f9c4","name":"Xavi Andornet","image":{"@type":"ImageObject","inLanguage":"ca-AD","@id":"http:\/\/esponsorama.ad\/es\/#\/schema\/person\/image\/","url":"https:\/\/secure.gravatar.com\/avatar\/f10eaf9ad601244a2357c9fd7cd9805ed166cfaaf76d5d9ab08a9d873e70147a?s=96&d=mm&r=g","contentUrl":"https:\/\/secure.gravatar.com\/avatar\/f10eaf9ad601244a2357c9fd7cd9805ed166cfaaf76d5d9ab08a9d873e70147a?s=96&d=mm&r=g","caption":"Xavi Andornet"},"sameAs":["http:\/\/www.andornet.ad"],"url":"http:\/\/esponsorama.ad\/ca\/author\/andornet\/"}]}},"_links":{"self":[{"href":"http:\/\/esponsorama.ad\/ca\/wp-json\/wp\/v2\/posts\/3171","targetHints":{"allow":["GET"]}}],"collection":[{"href":"http:\/\/esponsorama.ad\/ca\/wp-json\/wp\/v2\/posts"}],"about":[{"href":"http:\/\/esponsorama.ad\/ca\/wp-json\/wp\/v2\/types\/post"}],"author":[{"embeddable":true,"href":"http:\/\/esponsorama.ad\/ca\/wp-json\/wp\/v2\/users\/6"}],"replies":[{"embeddable":true,"href":"http:\/\/esponsorama.ad\/ca\/wp-json\/wp\/v2\/comments?post=3171"}],"version-history":[{"count":0,"href":"http:\/\/esponsorama.ad\/ca\/wp-json\/wp\/v2\/posts\/3171\/revisions"}],"wp:featuredmedia":[{"embeddable":true,"href":"http:\/\/esponsorama.ad\/ca\/wp-json\/wp\/v2\/media\/3181"}],"wp:attachment":[{"href":"http:\/\/esponsorama.ad\/ca\/wp-json\/wp\/v2\/media?parent=3171"}],"wp:term":[{"taxonomy":"category","embeddable":true,"href":"http:\/\/esponsorama.ad\/ca\/wp-json\/wp\/v2\/categories?post=3171"},{"taxonomy":"post_tag","embeddable":true,"href":"http:\/\/esponsorama.ad\/ca\/wp-json\/wp\/v2\/tags?post=3171"}],"curies":[{"name":"wp","href":"https:\/\/api.w.org\/{rel}","templated":true}]}}