{"id":3277,"date":"2017-05-06T16:39:36","date_gmt":"2017-05-06T14:39:36","guid":{"rendered":"http:\/\/esponsorama.ad\/?p=3277"},"modified":"2017-05-06T18:20:21","modified_gmt":"2017-05-06T16:20:21","slug":"vicente-perez-cumple-las-expectativas-crono-jerez","status":"publish","type":"post","link":"http:\/\/esponsorama.ad\/ca\/vicente-perez-cumple-las-expectativas-crono-jerez\/","title":{"rendered":"Vicente P\u00e9rez compleix les expectatives en el crono de Jerez"},"content":{"rendered":"<div class=\"column\">\n<p>El circuit de Jerez ha estat acompanyat per les altes temperatures i, per al delit dels participants i la seva afici\u00f3, en Moto3 s&#8217;ha pogut viure una interessant jornada de cronometrats.<br \/>\nEl &#8220;wild card&#8221; en aquest Gran Premi d&#8217;Espanya de la Reale Avintia Academy, Vicente P\u00e9rez, ha pogut rodar en condicions molt bones; aix\u00f2 li ha perm\u00e8s classificar-se dins de l&#8217;objectiu que l&#8217;equip tenia marcat.<\/p>\n<p>La Reale Avintia Academy ha marcat un top 20 com la posici\u00f3 \u00f2ptima per al pilot Valenci\u00e0.<\/p>\n<\/div>\n<div class=\"column\">\n<p>Vicente dem\u00e0 sortir\u00e0 en graella en la amb vintena posici\u00f3, amb un excel\u00b7lent crono de 1&#8217;47.385 i bon rodatge, que li va a beneficiar de cara a la pr\u00f2xima cita del FIM CEV.<\/p>\n<p>&nbsp;<\/p>\n\n<p>&#8220;Estic bastant content. Hem aconseguit el nostre objectiu, que era top 20. Amb el que em quedo per destacar \u00e9s el temps que hem fet. S&#8217;ha realitzat una tasca molt bona per a l&#8217;entrenament i aix\u00f2 s&#8217;ha vist en el crono . Estic treballant molt per optar a estar m\u00e9s amunt en el FIM CEV i avui he marcat un dels meus millors temps. L&#8217;important \u00e9s que tinc molt poca difer\u00e8ncia amb els meus rivals; si hagu\u00e9s fet sis d\u00e8cimes menys podria classificar-me quart, que \u00e9s la m\u00ednima. Dem\u00e0 espero fer una bona sortida i estar lluitant estar dins dels punts. Vull donar les gr\u00e0cies sempre a l&#8217;equip, el meu m\u00e0nager i el circuit de Val\u00e8ncia que sempre em donen suport&#8221;<\/p>\n<p>&nbsp;<\/p>\n\n<p>&#8220;Estem molt satisfets amb el top 20. A l&#8217;inici de la sessi\u00f3 de classificaci\u00f3 ens hem emocionat perqu\u00e8 ha estat set\u00e8 molt de temps. Per a un &#8220;wild card&#8221; fer aquesta posici\u00f3, a un esc\u00e0s segon del l\u00edder, \u00e9s un \u00e8xit. Vicente compta amb molt de ritme en carrera i si t\u00e9 una sortida correcta pot emportar-se algun punt. Si sap aprofitar la calor de l&#8217;afici\u00f3 segur que far\u00e0 una gran carrera\u201d<\/p>\n<\/div>\n","protected":false},"excerpt":{"rendered":"<p>El circuit de Jerez ha estat acompanyat per les altes temperatures i, per al delit dels participants i la seva afici\u00f3, en Moto3 s&#8217;ha pogut viure una interessant jornada de cronometrats. El &#8220;wild card&#8221; en aquest Gran Premi d&#8217;Espanya de la Reale Avintia Academy, Vicente P\u00e9rez, ha pogut rodar en condicions molt bones; aix\u00f2 li [&hellip;]<\/p>\n","protected":false},"author":6,"featured_media":3257,"comment_status":"closed","ping_status":"closed","sticky":false,"template":"","format":"standard","meta":{"footnotes":""},"categories":[10],"tags":[],"class_list":["post-3277","post","type-post","status-publish","format-standard","has-post-thumbnail","hentry"],"yoast_head":"<!-- This site is optimized with the Yoast SEO plugin v27.1.1 - https:\/\/yoast.com\/product\/yoast-seo-wordpress\/ -->\n<title>Vicente P\u00e9rez compleix les expectatives en el crono de Jerez - Esponsorama<\/title>\n<meta name=\"robots\" content=\"index, follow, max-snippet:-1, max-image-preview:large, max-video-preview:-1\" \/>\n<link rel=\"canonical\" href=\"http:\/\/esponsorama.ad\/ca\/vicente-perez-cumple-las-expectativas-crono-jerez\/\" \/>\n<meta property=\"og:locale\" content=\"en_US\" \/>\n<meta property=\"og:type\" content=\"article\" \/>\n<meta property=\"og:title\" content=\"Vicente P\u00e9rez compleix les expectatives en el crono de Jerez - Esponsorama\" \/>\n<meta property=\"og:description\" content=\"El circuit de Jerez ha estat acompanyat per les altes temperatures i, per al delit dels participants i la seva afici\u00f3, en Moto3 s&#8217;ha pogut viure una interessant jornada de cronometrats. El &#8220;wild card&#8221; en aquest Gran Premi d&#8217;Espanya de la Reale Avintia Academy, Vicente P\u00e9rez, ha pogut rodar en condicions molt bones; aix\u00f2 li [&hellip;]\" \/>\n<meta property=\"og:url\" content=\"http:\/\/esponsorama.ad\/ca\/vicente-perez-cumple-las-expectativas-crono-jerez\/\" \/>\n<meta property=\"og:site_name\" content=\"Esponsorama\" \/>\n<meta property=\"article:published_time\" content=\"2017-05-06T14:39:36+00:00\" \/>\n<meta property=\"article:modified_time\" content=\"2017-05-06T16:20:21+00:00\" \/>\n<meta property=\"og:image\" content=\"http:\/\/esponsorama.ad\/wp-content\/uploads\/2017\/05\/04Jerez17-0759-1024x683.jpg\" \/>\n\t<meta property=\"og:image:width\" content=\"1024\" \/>\n\t<meta property=\"og:image:height\" content=\"683\" \/>\n\t<meta property=\"og:image:type\" content=\"image\/jpeg\" \/>\n<meta name=\"author\" content=\"Xavi Andornet\" \/>\n<meta name=\"twitter:card\" content=\"summary_large_image\" \/>\n<meta name=\"twitter:label1\" content=\"Written by\" \/>\n\t<meta name=\"twitter:data1\" content=\"Xavi Andornet\" \/>\n\t<meta name=\"twitter:label2\" content=\"Est. reading time\" \/>\n\t<meta name=\"twitter:data2\" content=\"2 minutes\" \/>\n<script type=\"application\/ld+json\" class=\"yoast-schema-graph\">{\"@context\":\"https:\/\/schema.org\",\"@graph\":[{\"@type\":\"Article\",\"@id\":\"http:\/\/esponsorama.ad\/ca\/vicente-perez-cumple-las-expectativas-crono-jerez\/#article\",\"isPartOf\":{\"@id\":\"http:\/\/esponsorama.ad\/ca\/vicente-perez-cumple-las-expectativas-crono-jerez\/\"},\"author\":{\"name\":\"Xavi Andornet\",\"@id\":\"http:\/\/esponsorama.ad\/es\/#\/schema\/person\/a5cde74945183d737066e46b61c6f9c4\"},\"headline\":\"Vicente P\u00e9rez compleix les expectatives en el crono de Jerez\",\"datePublished\":\"2017-05-06T14:39:36+00:00\",\"dateModified\":\"2017-05-06T16:20:21+00:00\",\"mainEntityOfPage\":{\"@id\":\"http:\/\/esponsorama.ad\/ca\/vicente-perez-cumple-las-expectativas-crono-jerez\/\"},\"wordCount\":341,\"image\":{\"@id\":\"http:\/\/esponsorama.ad\/ca\/vicente-perez-cumple-las-expectativas-crono-jerez\/#primaryimage\"},\"thumbnailUrl\":\"http:\/\/esponsorama.ad\/wp-content\/uploads\/2017\/05\/04Jerez17-0759.jpg\",\"articleSection\":[\"\"],\"inLanguage\":\"ca-AD\"},{\"@type\":\"WebPage\",\"@id\":\"http:\/\/esponsorama.ad\/ca\/vicente-perez-cumple-las-expectativas-crono-jerez\/\",\"url\":\"http:\/\/esponsorama.ad\/ca\/vicente-perez-cumple-las-expectativas-crono-jerez\/\",\"name\":\"Vicente P\u00e9rez compleix les expectatives en el crono de Jerez - Esponsorama\",\"isPartOf\":{\"@id\":\"http:\/\/esponsorama.ad\/es\/#website\"},\"primaryImageOfPage\":{\"@id\":\"http:\/\/esponsorama.ad\/ca\/vicente-perez-cumple-las-expectativas-crono-jerez\/#primaryimage\"},\"image\":{\"@id\":\"http:\/\/esponsorama.ad\/ca\/vicente-perez-cumple-las-expectativas-crono-jerez\/#primaryimage\"},\"thumbnailUrl\":\"http:\/\/esponsorama.ad\/wp-content\/uploads\/2017\/05\/04Jerez17-0759.jpg\",\"datePublished\":\"2017-05-06T14:39:36+00:00\",\"dateModified\":\"2017-05-06T16:20:21+00:00\",\"author\":{\"@id\":\"http:\/\/esponsorama.ad\/es\/#\/schema\/person\/a5cde74945183d737066e46b61c6f9c4\"},\"breadcrumb\":{\"@id\":\"http:\/\/esponsorama.ad\/ca\/vicente-perez-cumple-las-expectativas-crono-jerez\/#breadcrumb\"},\"inLanguage\":\"ca-AD\",\"potentialAction\":[{\"@type\":\"ReadAction\",\"target\":[\"http:\/\/esponsorama.ad\/ca\/vicente-perez-cumple-las-expectativas-crono-jerez\/\"]}]},{\"@type\":\"ImageObject\",\"inLanguage\":\"ca-AD\",\"@id\":\"http:\/\/esponsorama.ad\/ca\/vicente-perez-cumple-las-expectativas-crono-jerez\/#primaryimage\",\"url\":\"http:\/\/esponsorama.ad\/wp-content\/uploads\/2017\/05\/04Jerez17-0759.jpg\",\"contentUrl\":\"http:\/\/esponsorama.ad\/wp-content\/uploads\/2017\/05\/04Jerez17-0759.jpg\",\"width\":3671,\"height\":2447},{\"@type\":\"BreadcrumbList\",\"@id\":\"http:\/\/esponsorama.ad\/ca\/vicente-perez-cumple-las-expectativas-crono-jerez\/#breadcrumb\",\"itemListElement\":[{\"@type\":\"ListItem\",\"position\":1,\"name\":\"Home\",\"item\":\"http:\/\/esponsorama.ad\/en\/\"},{\"@type\":\"ListItem\",\"position\":2,\"name\":\"Vicente P\u00e9rez compleix les expectatives en el crono de Jerez\"}]},{\"@type\":\"WebSite\",\"@id\":\"http:\/\/esponsorama.ad\/es\/#website\",\"url\":\"http:\/\/esponsorama.ad\/es\/\",\"name\":\"Esponsorama\",\"description\":\"Specialist in motorsport sponsorship and event promotions\",\"potentialAction\":[{\"@type\":\"SearchAction\",\"target\":{\"@type\":\"EntryPoint\",\"urlTemplate\":\"http:\/\/esponsorama.ad\/es\/?s={search_term_string}\"},\"query-input\":{\"@type\":\"PropertyValueSpecification\",\"valueRequired\":true,\"valueName\":\"search_term_string\"}}],\"inLanguage\":\"ca-AD\"},{\"@type\":\"Person\",\"@id\":\"http:\/\/esponsorama.ad\/es\/#\/schema\/person\/a5cde74945183d737066e46b61c6f9c4\",\"name\":\"Xavi Andornet\",\"image\":{\"@type\":\"ImageObject\",\"inLanguage\":\"ca-AD\",\"@id\":\"http:\/\/esponsorama.ad\/es\/#\/schema\/person\/image\/\",\"url\":\"https:\/\/secure.gravatar.com\/avatar\/f10eaf9ad601244a2357c9fd7cd9805ed166cfaaf76d5d9ab08a9d873e70147a?s=96&d=mm&r=g\",\"contentUrl\":\"https:\/\/secure.gravatar.com\/avatar\/f10eaf9ad601244a2357c9fd7cd9805ed166cfaaf76d5d9ab08a9d873e70147a?s=96&d=mm&r=g\",\"caption\":\"Xavi Andornet\"},\"sameAs\":[\"http:\/\/www.andornet.ad\"],\"url\":\"http:\/\/esponsorama.ad\/ca\/author\/andornet\/\"}]}<\/script>\n<!-- \/ Yoast SEO plugin. -->","yoast_head_json":{"title":"Vicente P\u00e9rez compleix les expectatives en el crono de Jerez - Esponsorama","robots":{"index":"index","follow":"follow","max-snippet":"max-snippet:-1","max-image-preview":"max-image-preview:large","max-video-preview":"max-video-preview:-1"},"canonical":"http:\/\/esponsorama.ad\/ca\/vicente-perez-cumple-las-expectativas-crono-jerez\/","og_locale":"en_US","og_type":"article","og_title":"Vicente P\u00e9rez compleix les expectatives en el crono de Jerez - Esponsorama","og_description":"El circuit de Jerez ha estat acompanyat per les altes temperatures i, per al delit dels participants i la seva afici\u00f3, en Moto3 s&#8217;ha pogut viure una interessant jornada de cronometrats. El &#8220;wild card&#8221; en aquest Gran Premi d&#8217;Espanya de la Reale Avintia Academy, Vicente P\u00e9rez, ha pogut rodar en condicions molt bones; aix\u00f2 li [&hellip;]","og_url":"http:\/\/esponsorama.ad\/ca\/vicente-perez-cumple-las-expectativas-crono-jerez\/","og_site_name":"Esponsorama","article_published_time":"2017-05-06T14:39:36+00:00","article_modified_time":"2017-05-06T16:20:21+00:00","og_image":[{"width":1024,"height":683,"url":"http:\/\/esponsorama.ad\/wp-content\/uploads\/2017\/05\/04Jerez17-0759-1024x683.jpg","type":"image\/jpeg"}],"author":"Xavi Andornet","twitter_card":"summary_large_image","twitter_misc":{"Written by":"Xavi Andornet","Est. reading time":"2 minutes"},"schema":{"@context":"https:\/\/schema.org","@graph":[{"@type":"Article","@id":"http:\/\/esponsorama.ad\/ca\/vicente-perez-cumple-las-expectativas-crono-jerez\/#article","isPartOf":{"@id":"http:\/\/esponsorama.ad\/ca\/vicente-perez-cumple-las-expectativas-crono-jerez\/"},"author":{"name":"Xavi Andornet","@id":"http:\/\/esponsorama.ad\/es\/#\/schema\/person\/a5cde74945183d737066e46b61c6f9c4"},"headline":"Vicente P\u00e9rez compleix les expectatives en el crono de Jerez","datePublished":"2017-05-06T14:39:36+00:00","dateModified":"2017-05-06T16:20:21+00:00","mainEntityOfPage":{"@id":"http:\/\/esponsorama.ad\/ca\/vicente-perez-cumple-las-expectativas-crono-jerez\/"},"wordCount":341,"image":{"@id":"http:\/\/esponsorama.ad\/ca\/vicente-perez-cumple-las-expectativas-crono-jerez\/#primaryimage"},"thumbnailUrl":"http:\/\/esponsorama.ad\/wp-content\/uploads\/2017\/05\/04Jerez17-0759.jpg","articleSection":[""],"inLanguage":"ca-AD"},{"@type":"WebPage","@id":"http:\/\/esponsorama.ad\/ca\/vicente-perez-cumple-las-expectativas-crono-jerez\/","url":"http:\/\/esponsorama.ad\/ca\/vicente-perez-cumple-las-expectativas-crono-jerez\/","name":"Vicente P\u00e9rez compleix les expectatives en el crono de Jerez - Esponsorama","isPartOf":{"@id":"http:\/\/esponsorama.ad\/es\/#website"},"primaryImageOfPage":{"@id":"http:\/\/esponsorama.ad\/ca\/vicente-perez-cumple-las-expectativas-crono-jerez\/#primaryimage"},"image":{"@id":"http:\/\/esponsorama.ad\/ca\/vicente-perez-cumple-las-expectativas-crono-jerez\/#primaryimage"},"thumbnailUrl":"http:\/\/esponsorama.ad\/wp-content\/uploads\/2017\/05\/04Jerez17-0759.jpg","datePublished":"2017-05-06T14:39:36+00:00","dateModified":"2017-05-06T16:20:21+00:00","author":{"@id":"http:\/\/esponsorama.ad\/es\/#\/schema\/person\/a5cde74945183d737066e46b61c6f9c4"},"breadcrumb":{"@id":"http:\/\/esponsorama.ad\/ca\/vicente-perez-cumple-las-expectativas-crono-jerez\/#breadcrumb"},"inLanguage":"ca-AD","potentialAction":[{"@type":"ReadAction","target":["http:\/\/esponsorama.ad\/ca\/vicente-perez-cumple-las-expectativas-crono-jerez\/"]}]},{"@type":"ImageObject","inLanguage":"ca-AD","@id":"http:\/\/esponsorama.ad\/ca\/vicente-perez-cumple-las-expectativas-crono-jerez\/#primaryimage","url":"http:\/\/esponsorama.ad\/wp-content\/uploads\/2017\/05\/04Jerez17-0759.jpg","contentUrl":"http:\/\/esponsorama.ad\/wp-content\/uploads\/2017\/05\/04Jerez17-0759.jpg","width":3671,"height":2447},{"@type":"BreadcrumbList","@id":"http:\/\/esponsorama.ad\/ca\/vicente-perez-cumple-las-expectativas-crono-jerez\/#breadcrumb","itemListElement":[{"@type":"ListItem","position":1,"name":"Home","item":"http:\/\/esponsorama.ad\/en\/"},{"@type":"ListItem","position":2,"name":"Vicente P\u00e9rez compleix les expectatives en el crono de Jerez"}]},{"@type":"WebSite","@id":"http:\/\/esponsorama.ad\/es\/#website","url":"http:\/\/esponsorama.ad\/es\/","name":"Esponsorama","description":"Specialist in motorsport sponsorship and event promotions","potentialAction":[{"@type":"SearchAction","target":{"@type":"EntryPoint","urlTemplate":"http:\/\/esponsorama.ad\/es\/?s={search_term_string}"},"query-input":{"@type":"PropertyValueSpecification","valueRequired":true,"valueName":"search_term_string"}}],"inLanguage":"ca-AD"},{"@type":"Person","@id":"http:\/\/esponsorama.ad\/es\/#\/schema\/person\/a5cde74945183d737066e46b61c6f9c4","name":"Xavi Andornet","image":{"@type":"ImageObject","inLanguage":"ca-AD","@id":"http:\/\/esponsorama.ad\/es\/#\/schema\/person\/image\/","url":"https:\/\/secure.gravatar.com\/avatar\/f10eaf9ad601244a2357c9fd7cd9805ed166cfaaf76d5d9ab08a9d873e70147a?s=96&d=mm&r=g","contentUrl":"https:\/\/secure.gravatar.com\/avatar\/f10eaf9ad601244a2357c9fd7cd9805ed166cfaaf76d5d9ab08a9d873e70147a?s=96&d=mm&r=g","caption":"Xavi Andornet"},"sameAs":["http:\/\/www.andornet.ad"],"url":"http:\/\/esponsorama.ad\/ca\/author\/andornet\/"}]}},"_links":{"self":[{"href":"http:\/\/esponsorama.ad\/ca\/wp-json\/wp\/v2\/posts\/3277","targetHints":{"allow":["GET"]}}],"collection":[{"href":"http:\/\/esponsorama.ad\/ca\/wp-json\/wp\/v2\/posts"}],"about":[{"href":"http:\/\/esponsorama.ad\/ca\/wp-json\/wp\/v2\/types\/post"}],"author":[{"embeddable":true,"href":"http:\/\/esponsorama.ad\/ca\/wp-json\/wp\/v2\/users\/6"}],"replies":[{"embeddable":true,"href":"http:\/\/esponsorama.ad\/ca\/wp-json\/wp\/v2\/comments?post=3277"}],"version-history":[{"count":0,"href":"http:\/\/esponsorama.ad\/ca\/wp-json\/wp\/v2\/posts\/3277\/revisions"}],"wp:featuredmedia":[{"embeddable":true,"href":"http:\/\/esponsorama.ad\/ca\/wp-json\/wp\/v2\/media\/3257"}],"wp:attachment":[{"href":"http:\/\/esponsorama.ad\/ca\/wp-json\/wp\/v2\/media?parent=3277"}],"wp:term":[{"taxonomy":"category","embeddable":true,"href":"http:\/\/esponsorama.ad\/ca\/wp-json\/wp\/v2\/categories?post=3277"},{"taxonomy":"post_tag","embeddable":true,"href":"http:\/\/esponsorama.ad\/ca\/wp-json\/wp\/v2\/tags?post=3277"}],"curies":[{"name":"wp","href":"https:\/\/api.w.org\/{rel}","templated":true}]}}