{"id":3320,"date":"2017-05-07T16:16:54","date_gmt":"2017-05-07T14:16:54","guid":{"rendered":"http:\/\/esponsorama.ad\/?p=3320"},"modified":"2017-05-07T16:16:54","modified_gmt":"2017-05-07T14:16:54","slug":"domingo-agridulce-reale-avintia-academy-jerez-2","status":"publish","type":"post","link":"http:\/\/esponsorama.ad\/ca\/domingo-agridulce-reale-avintia-academy-jerez-2\/","title":{"rendered":"Diumenge agredol\u00e7 per a la Reale Avintia Academy a Jerez"},"content":{"rendered":"<div class=\"column\">\n<p>Avui diumenge, al Gran Premi d&#8217;Espanya s&#8217;ha vist truncada la idea de poder acabar una bona carrera per a la Reale Avintia Academy.<\/p>\n<p>Aquest mat\u00ed, Vicente P\u00e9rez realitzava un warm up amb il\u00b7lusi\u00f3 i la idea de poder lluir-se i quedar en una posici\u00f3 \u00f2ptima de Moto3.<br \/>\nEls ingredients estaven posats en carrera, per\u00f2 la mala sort ha aconseguit que el nostre pilot valenci\u00e0 s&#8217;hagi anat a terra al revolt 13 del tra\u00e7at andal\u00fas; tan sols, en<\/p>\n<\/div>\n<div class=\"section\">\n<div class=\"layoutArea\">\n<div class=\"column\">\n<p>la segona volta s&#8217;han acabat les seves opcions.<\/p>\n<\/div>\n<\/div>\n<div class=\"layoutArea\">\n<div class=\"column\">\n<p>Ara, Vicente ja t\u00e9 posada la mirada en la propera cita del FIM CEV, que ser\u00e0 d&#8217;aqu\u00ed a quinde dies al circuit franc\u00e8s de Le Mans. L&#8217;equip est\u00e0 satisfet perqu\u00e8 s&#8217;est\u00e0 anant pel bon cam\u00ed i es pot fer una temporada molt bona.<\/p>\n\n<div class=\"column\">\n<p>&#8220;El cap de setmana ha estat positiu perqu\u00e8 hem fet una bona feina, tant l&#8217;equip com jo. Hem tingut un contratemps en cursa, encara que m&#8217;he caigut tot sol. Ja estic mirant cap al FIM CEV de Le Mans a veure si podem estar en els llocs de davant. Al cap de setmana de nota li donaria un 7,5; els dos punts i mig de menys s\u00f3n per la carrera. He apr\u00e8s molt aquests dies, perqu\u00e8 aqu\u00ed fins a l&#8217;\u00faltim de Moto3 va r\u00e0pid. Vull agrair una vegada m\u00e9s al meu equip i la meva m\u00e0nager Tom\u00e0s, que fa tot el possible perqu\u00e8 jo estigui aqu\u00ed.\u00a0La propera prova de Le Mans \u00e9s diferent perqu\u00e8 directament comen\u00e7a amb els cronos, per\u00f2 anem amb moltes ganes perqu\u00e8 sortim del Mundial amb un gran ritme. Espero estar davant des del principi i poder rematar amb una bona carrera.\u201d<\/p>\n\n<p><span id=\"gmail-result_box\" lang=\"ca\">&#8220;El treball de Vicente durant tot aquest Gran Premi ha estat molt bo; ha estat molt r\u00e0pid, competitiu i la moto, l&#8217;equip ha estat magn\u00edfic. El podi o la vict\u00f2ria, ja que \u00e9s un pilot molt competitiu i amb un bon equip de pack ha estat francament bo, per\u00f2 la pena ha estat la cursa. S&#8217;ha vist en P19 i estant forta, per\u00f2 li ha faltat aquest punt de calma que d\u00f3na l&#8217;experi\u00e8ncia. Vicente ha d&#8217;estar preparat mentalment per lluitar a Le Mans per el podi o la vict\u00f2ria, hi ha que \u00e9s un pilot molt competitiu i amb un bon equip darrera.&#8221;\u00a0<\/span><\/p>\n<\/div>\n<\/div>\n<\/div>\n<\/div>\n","protected":false},"excerpt":{"rendered":"<p>Avui diumenge, al Gran Premi d&#8217;Espanya s&#8217;ha vist truncada la idea de poder acabar una bona carrera per a la Reale Avintia Academy. Aquest mat\u00ed, Vicente P\u00e9rez realitzava un warm up amb il\u00b7lusi\u00f3 i la idea de poder lluir-se i quedar en una posici\u00f3 \u00f2ptima de Moto3. Els ingredients estaven posats en carrera, per\u00f2 la [&hellip;]<\/p>\n","protected":false},"author":6,"featured_media":3322,"comment_status":"closed","ping_status":"closed","sticky":false,"template":"","format":"standard","meta":{"footnotes":""},"categories":[10],"tags":[],"class_list":["post-3320","post","type-post","status-publish","format-standard","has-post-thumbnail","hentry"],"yoast_head":"<!-- This site is optimized with the Yoast SEO plugin v27.1.1 - https:\/\/yoast.com\/product\/yoast-seo-wordpress\/ -->\n<title>Diumenge agredol\u00e7 per a la Reale Avintia Academy a Jerez - Esponsorama<\/title>\n<meta name=\"robots\" content=\"index, follow, max-snippet:-1, max-image-preview:large, max-video-preview:-1\" \/>\n<link rel=\"canonical\" href=\"http:\/\/esponsorama.ad\/ca\/domingo-agridulce-reale-avintia-academy-jerez-2\/\" \/>\n<meta property=\"og:locale\" content=\"en_US\" \/>\n<meta property=\"og:type\" content=\"article\" \/>\n<meta property=\"og:title\" content=\"Diumenge agredol\u00e7 per a la Reale Avintia Academy a Jerez - Esponsorama\" \/>\n<meta property=\"og:description\" content=\"Avui diumenge, al Gran Premi d&#8217;Espanya s&#8217;ha vist truncada la idea de poder acabar una bona carrera per a la Reale Avintia Academy. Aquest mat\u00ed, Vicente P\u00e9rez realitzava un warm up amb il\u00b7lusi\u00f3 i la idea de poder lluir-se i quedar en una posici\u00f3 \u00f2ptima de Moto3. Els ingredients estaven posats en carrera, per\u00f2 la [&hellip;]\" \/>\n<meta property=\"og:url\" content=\"http:\/\/esponsorama.ad\/ca\/domingo-agridulce-reale-avintia-academy-jerez-2\/\" \/>\n<meta property=\"og:site_name\" content=\"Esponsorama\" \/>\n<meta property=\"article:published_time\" content=\"2017-05-07T14:16:54+00:00\" \/>\n<meta property=\"og:image\" content=\"http:\/\/esponsorama.ad\/wp-content\/uploads\/2017\/05\/AX11650-1024x683.jpg\" \/>\n\t<meta property=\"og:image:width\" content=\"1024\" \/>\n\t<meta property=\"og:image:height\" content=\"683\" \/>\n\t<meta property=\"og:image:type\" content=\"image\/jpeg\" \/>\n<meta name=\"author\" content=\"Xavi Andornet\" \/>\n<meta name=\"twitter:card\" content=\"summary_large_image\" \/>\n<meta name=\"twitter:label1\" content=\"Written by\" \/>\n\t<meta name=\"twitter:data1\" content=\"Xavi Andornet\" \/>\n\t<meta name=\"twitter:label2\" content=\"Est. reading time\" \/>\n\t<meta name=\"twitter:data2\" content=\"2 minutes\" \/>\n<script type=\"application\/ld+json\" class=\"yoast-schema-graph\">{\"@context\":\"https:\/\/schema.org\",\"@graph\":[{\"@type\":\"Article\",\"@id\":\"http:\/\/esponsorama.ad\/ca\/domingo-agridulce-reale-avintia-academy-jerez-2\/#article\",\"isPartOf\":{\"@id\":\"http:\/\/esponsorama.ad\/ca\/domingo-agridulce-reale-avintia-academy-jerez-2\/\"},\"author\":{\"name\":\"Xavi Andornet\",\"@id\":\"http:\/\/esponsorama.ad\/es\/#\/schema\/person\/a5cde74945183d737066e46b61c6f9c4\"},\"headline\":\"Diumenge agredol\u00e7 per a la Reale Avintia Academy a Jerez\",\"datePublished\":\"2017-05-07T14:16:54+00:00\",\"mainEntityOfPage\":{\"@id\":\"http:\/\/esponsorama.ad\/ca\/domingo-agridulce-reale-avintia-academy-jerez-2\/\"},\"wordCount\":413,\"image\":{\"@id\":\"http:\/\/esponsorama.ad\/ca\/domingo-agridulce-reale-avintia-academy-jerez-2\/#primaryimage\"},\"thumbnailUrl\":\"http:\/\/esponsorama.ad\/wp-content\/uploads\/2017\/05\/AX11650.jpg\",\"articleSection\":[\"\"],\"inLanguage\":\"ca-AD\"},{\"@type\":\"WebPage\",\"@id\":\"http:\/\/esponsorama.ad\/ca\/domingo-agridulce-reale-avintia-academy-jerez-2\/\",\"url\":\"http:\/\/esponsorama.ad\/ca\/domingo-agridulce-reale-avintia-academy-jerez-2\/\",\"name\":\"Diumenge agredol\u00e7 per a la Reale Avintia Academy a Jerez - Esponsorama\",\"isPartOf\":{\"@id\":\"http:\/\/esponsorama.ad\/es\/#website\"},\"primaryImageOfPage\":{\"@id\":\"http:\/\/esponsorama.ad\/ca\/domingo-agridulce-reale-avintia-academy-jerez-2\/#primaryimage\"},\"image\":{\"@id\":\"http:\/\/esponsorama.ad\/ca\/domingo-agridulce-reale-avintia-academy-jerez-2\/#primaryimage\"},\"thumbnailUrl\":\"http:\/\/esponsorama.ad\/wp-content\/uploads\/2017\/05\/AX11650.jpg\",\"datePublished\":\"2017-05-07T14:16:54+00:00\",\"author\":{\"@id\":\"http:\/\/esponsorama.ad\/es\/#\/schema\/person\/a5cde74945183d737066e46b61c6f9c4\"},\"breadcrumb\":{\"@id\":\"http:\/\/esponsorama.ad\/ca\/domingo-agridulce-reale-avintia-academy-jerez-2\/#breadcrumb\"},\"inLanguage\":\"ca-AD\",\"potentialAction\":[{\"@type\":\"ReadAction\",\"target\":[\"http:\/\/esponsorama.ad\/ca\/domingo-agridulce-reale-avintia-academy-jerez-2\/\"]}]},{\"@type\":\"ImageObject\",\"inLanguage\":\"ca-AD\",\"@id\":\"http:\/\/esponsorama.ad\/ca\/domingo-agridulce-reale-avintia-academy-jerez-2\/#primaryimage\",\"url\":\"http:\/\/esponsorama.ad\/wp-content\/uploads\/2017\/05\/AX11650.jpg\",\"contentUrl\":\"http:\/\/esponsorama.ad\/wp-content\/uploads\/2017\/05\/AX11650.jpg\",\"width\":5472,\"height\":3648},{\"@type\":\"BreadcrumbList\",\"@id\":\"http:\/\/esponsorama.ad\/ca\/domingo-agridulce-reale-avintia-academy-jerez-2\/#breadcrumb\",\"itemListElement\":[{\"@type\":\"ListItem\",\"position\":1,\"name\":\"Home\",\"item\":\"http:\/\/esponsorama.ad\/en\/\"},{\"@type\":\"ListItem\",\"position\":2,\"name\":\"Diumenge agredol\u00e7 per a la Reale Avintia Academy a Jerez\"}]},{\"@type\":\"WebSite\",\"@id\":\"http:\/\/esponsorama.ad\/es\/#website\",\"url\":\"http:\/\/esponsorama.ad\/es\/\",\"name\":\"Esponsorama\",\"description\":\"Specialist in motorsport sponsorship and event promotions\",\"potentialAction\":[{\"@type\":\"SearchAction\",\"target\":{\"@type\":\"EntryPoint\",\"urlTemplate\":\"http:\/\/esponsorama.ad\/es\/?s={search_term_string}\"},\"query-input\":{\"@type\":\"PropertyValueSpecification\",\"valueRequired\":true,\"valueName\":\"search_term_string\"}}],\"inLanguage\":\"ca-AD\"},{\"@type\":\"Person\",\"@id\":\"http:\/\/esponsorama.ad\/es\/#\/schema\/person\/a5cde74945183d737066e46b61c6f9c4\",\"name\":\"Xavi Andornet\",\"image\":{\"@type\":\"ImageObject\",\"inLanguage\":\"ca-AD\",\"@id\":\"http:\/\/esponsorama.ad\/es\/#\/schema\/person\/image\/\",\"url\":\"https:\/\/secure.gravatar.com\/avatar\/f10eaf9ad601244a2357c9fd7cd9805ed166cfaaf76d5d9ab08a9d873e70147a?s=96&d=mm&r=g\",\"contentUrl\":\"https:\/\/secure.gravatar.com\/avatar\/f10eaf9ad601244a2357c9fd7cd9805ed166cfaaf76d5d9ab08a9d873e70147a?s=96&d=mm&r=g\",\"caption\":\"Xavi Andornet\"},\"sameAs\":[\"http:\/\/www.andornet.ad\"],\"url\":\"http:\/\/esponsorama.ad\/ca\/author\/andornet\/\"}]}<\/script>\n<!-- \/ Yoast SEO plugin. -->","yoast_head_json":{"title":"Diumenge agredol\u00e7 per a la Reale Avintia Academy a Jerez - Esponsorama","robots":{"index":"index","follow":"follow","max-snippet":"max-snippet:-1","max-image-preview":"max-image-preview:large","max-video-preview":"max-video-preview:-1"},"canonical":"http:\/\/esponsorama.ad\/ca\/domingo-agridulce-reale-avintia-academy-jerez-2\/","og_locale":"en_US","og_type":"article","og_title":"Diumenge agredol\u00e7 per a la Reale Avintia Academy a Jerez - Esponsorama","og_description":"Avui diumenge, al Gran Premi d&#8217;Espanya s&#8217;ha vist truncada la idea de poder acabar una bona carrera per a la Reale Avintia Academy. Aquest mat\u00ed, Vicente P\u00e9rez realitzava un warm up amb il\u00b7lusi\u00f3 i la idea de poder lluir-se i quedar en una posici\u00f3 \u00f2ptima de Moto3. Els ingredients estaven posats en carrera, per\u00f2 la [&hellip;]","og_url":"http:\/\/esponsorama.ad\/ca\/domingo-agridulce-reale-avintia-academy-jerez-2\/","og_site_name":"Esponsorama","article_published_time":"2017-05-07T14:16:54+00:00","og_image":[{"width":1024,"height":683,"url":"http:\/\/esponsorama.ad\/wp-content\/uploads\/2017\/05\/AX11650-1024x683.jpg","type":"image\/jpeg"}],"author":"Xavi Andornet","twitter_card":"summary_large_image","twitter_misc":{"Written by":"Xavi Andornet","Est. reading time":"2 minutes"},"schema":{"@context":"https:\/\/schema.org","@graph":[{"@type":"Article","@id":"http:\/\/esponsorama.ad\/ca\/domingo-agridulce-reale-avintia-academy-jerez-2\/#article","isPartOf":{"@id":"http:\/\/esponsorama.ad\/ca\/domingo-agridulce-reale-avintia-academy-jerez-2\/"},"author":{"name":"Xavi Andornet","@id":"http:\/\/esponsorama.ad\/es\/#\/schema\/person\/a5cde74945183d737066e46b61c6f9c4"},"headline":"Diumenge agredol\u00e7 per a la Reale Avintia Academy a Jerez","datePublished":"2017-05-07T14:16:54+00:00","mainEntityOfPage":{"@id":"http:\/\/esponsorama.ad\/ca\/domingo-agridulce-reale-avintia-academy-jerez-2\/"},"wordCount":413,"image":{"@id":"http:\/\/esponsorama.ad\/ca\/domingo-agridulce-reale-avintia-academy-jerez-2\/#primaryimage"},"thumbnailUrl":"http:\/\/esponsorama.ad\/wp-content\/uploads\/2017\/05\/AX11650.jpg","articleSection":[""],"inLanguage":"ca-AD"},{"@type":"WebPage","@id":"http:\/\/esponsorama.ad\/ca\/domingo-agridulce-reale-avintia-academy-jerez-2\/","url":"http:\/\/esponsorama.ad\/ca\/domingo-agridulce-reale-avintia-academy-jerez-2\/","name":"Diumenge agredol\u00e7 per a la Reale Avintia Academy a Jerez - Esponsorama","isPartOf":{"@id":"http:\/\/esponsorama.ad\/es\/#website"},"primaryImageOfPage":{"@id":"http:\/\/esponsorama.ad\/ca\/domingo-agridulce-reale-avintia-academy-jerez-2\/#primaryimage"},"image":{"@id":"http:\/\/esponsorama.ad\/ca\/domingo-agridulce-reale-avintia-academy-jerez-2\/#primaryimage"},"thumbnailUrl":"http:\/\/esponsorama.ad\/wp-content\/uploads\/2017\/05\/AX11650.jpg","datePublished":"2017-05-07T14:16:54+00:00","author":{"@id":"http:\/\/esponsorama.ad\/es\/#\/schema\/person\/a5cde74945183d737066e46b61c6f9c4"},"breadcrumb":{"@id":"http:\/\/esponsorama.ad\/ca\/domingo-agridulce-reale-avintia-academy-jerez-2\/#breadcrumb"},"inLanguage":"ca-AD","potentialAction":[{"@type":"ReadAction","target":["http:\/\/esponsorama.ad\/ca\/domingo-agridulce-reale-avintia-academy-jerez-2\/"]}]},{"@type":"ImageObject","inLanguage":"ca-AD","@id":"http:\/\/esponsorama.ad\/ca\/domingo-agridulce-reale-avintia-academy-jerez-2\/#primaryimage","url":"http:\/\/esponsorama.ad\/wp-content\/uploads\/2017\/05\/AX11650.jpg","contentUrl":"http:\/\/esponsorama.ad\/wp-content\/uploads\/2017\/05\/AX11650.jpg","width":5472,"height":3648},{"@type":"BreadcrumbList","@id":"http:\/\/esponsorama.ad\/ca\/domingo-agridulce-reale-avintia-academy-jerez-2\/#breadcrumb","itemListElement":[{"@type":"ListItem","position":1,"name":"Home","item":"http:\/\/esponsorama.ad\/en\/"},{"@type":"ListItem","position":2,"name":"Diumenge agredol\u00e7 per a la Reale Avintia Academy a Jerez"}]},{"@type":"WebSite","@id":"http:\/\/esponsorama.ad\/es\/#website","url":"http:\/\/esponsorama.ad\/es\/","name":"Esponsorama","description":"Specialist in motorsport sponsorship and event promotions","potentialAction":[{"@type":"SearchAction","target":{"@type":"EntryPoint","urlTemplate":"http:\/\/esponsorama.ad\/es\/?s={search_term_string}"},"query-input":{"@type":"PropertyValueSpecification","valueRequired":true,"valueName":"search_term_string"}}],"inLanguage":"ca-AD"},{"@type":"Person","@id":"http:\/\/esponsorama.ad\/es\/#\/schema\/person\/a5cde74945183d737066e46b61c6f9c4","name":"Xavi Andornet","image":{"@type":"ImageObject","inLanguage":"ca-AD","@id":"http:\/\/esponsorama.ad\/es\/#\/schema\/person\/image\/","url":"https:\/\/secure.gravatar.com\/avatar\/f10eaf9ad601244a2357c9fd7cd9805ed166cfaaf76d5d9ab08a9d873e70147a?s=96&d=mm&r=g","contentUrl":"https:\/\/secure.gravatar.com\/avatar\/f10eaf9ad601244a2357c9fd7cd9805ed166cfaaf76d5d9ab08a9d873e70147a?s=96&d=mm&r=g","caption":"Xavi Andornet"},"sameAs":["http:\/\/www.andornet.ad"],"url":"http:\/\/esponsorama.ad\/ca\/author\/andornet\/"}]}},"_links":{"self":[{"href":"http:\/\/esponsorama.ad\/ca\/wp-json\/wp\/v2\/posts\/3320","targetHints":{"allow":["GET"]}}],"collection":[{"href":"http:\/\/esponsorama.ad\/ca\/wp-json\/wp\/v2\/posts"}],"about":[{"href":"http:\/\/esponsorama.ad\/ca\/wp-json\/wp\/v2\/types\/post"}],"author":[{"embeddable":true,"href":"http:\/\/esponsorama.ad\/ca\/wp-json\/wp\/v2\/users\/6"}],"replies":[{"embeddable":true,"href":"http:\/\/esponsorama.ad\/ca\/wp-json\/wp\/v2\/comments?post=3320"}],"version-history":[{"count":0,"href":"http:\/\/esponsorama.ad\/ca\/wp-json\/wp\/v2\/posts\/3320\/revisions"}],"wp:featuredmedia":[{"embeddable":true,"href":"http:\/\/esponsorama.ad\/ca\/wp-json\/wp\/v2\/media\/3322"}],"wp:attachment":[{"href":"http:\/\/esponsorama.ad\/ca\/wp-json\/wp\/v2\/media?parent=3320"}],"wp:term":[{"taxonomy":"category","embeddable":true,"href":"http:\/\/esponsorama.ad\/ca\/wp-json\/wp\/v2\/categories?post=3320"},{"taxonomy":"post_tag","embeddable":true,"href":"http:\/\/esponsorama.ad\/ca\/wp-json\/wp\/v2\/tags?post=3320"}],"curies":[{"name":"wp","href":"https:\/\/api.w.org\/{rel}","templated":true}]}}