{"id":3392,"date":"2017-05-16T12:11:28","date_gmt":"2017-05-16T10:11:28","guid":{"rendered":"http:\/\/esponsorama.ad\/?p=3392"},"modified":"2017-05-16T12:11:28","modified_gmt":"2017-05-16T10:11:28","slug":"los-pilotos-reale-avintia-racing-llegan-fuertes-le-mans","status":"publish","type":"post","link":"http:\/\/esponsorama.ad\/ca\/los-pilotos-reale-avintia-racing-llegan-fuertes-le-mans\/","title":{"rendered":"Els pilots de Reale Avintia Racing arriben forts a Le Mans"},"content":{"rendered":"<p>Els pilots de l&#8217;equip Reale Avintia Racing, H\u00e9ctor Barber\u00e1 i Loris Baz, ja estan de cam\u00ed a Le Mans, on tindr\u00e0 lloc aquest cap de setmana la cinquena prova del Campionat del M\u00f3n de MotoGP. El Gran Premi de Fran\u00e7a \u00e9s la cursa de casa de Loris Baz i enguany arriba disposat a donar una alegria als seus seguidors en el m\u00edtic circuit gal. En l&#8217;\u00faltima carrera a Jerez les coses no van sortir com esperava, per\u00f2 en el test va fer un pas endavant i arriba al m\u00e0xim per donar-ho tot davant del seu p\u00fablic.<\/p>\n<p>Per\u00f2 encara que Loris corre a casa, el seu company H\u00e9ctor Barber\u00e1 tamb\u00e9 arriba a Le Mans amb la motivaci\u00f3 pels n\u00favols despr\u00e9s d&#8217;un dia de test molt positiu a Jerez. Despr\u00e9s de canviar la seva posici\u00f3 sobre la moto, per fi ha trobat les sensacions que li faltaven amb el tren davanter de la seva Ducati Desmosedici GP16, i aquest cap de setmana espera poder confirmar aquest bon &#8216;feeling&#8217; amb un gran resultat.<\/p>\n<p>El circuit de 4.185 metres ha estat completament reasfaltat durant l&#8217;hivern, per tant, el divendres ser\u00e0 un dia important per a comprovar l&#8217;adher\u00e8ncia de la nova superf\u00edcie de Le Mans i treballar en la posada a punt de les motos.<\/p>\n\n<p>&#8220;Arribem al Gran Premi de Le Mans despr\u00e9s de trobar unes sensacions molt esperan\u00e7adores en el test de Jerez. El circuit crec que ens pot anar b\u00e9 i haurem de veure com va el nou asfalt. Per\u00f2 el m\u00e9s important \u00e9s el pas endavant que vam donar pel que fa a &#8216;feeling&#8217; amb la moto, i aquest cap de setmana \u00e9s el moment de donar-li la volta a la truita. Les primeres carreres han estat molt dif\u00edcils perqu\u00e8 no tenia sensacions amb la roda del davant, per\u00f2 a Jerez vam modificar molt la meva posici\u00f3 sobre de la moto i vaig poder comen\u00e7ar a emp\u00e8nyer m\u00e9s i a rodar m\u00e9s r\u00e0pid. Crec que hem trobat el cam\u00ed i a Le Mans hem de confirmar-ho.&#8221;<\/p>\n\n<p>&#8220;La carrera casa sempre \u00e9s una cosa molt especial, sempre em fa il\u00b7lusi\u00f3 c\u00f3rrer davant de tota la gent que ve a aquest Gran Premi perqu\u00e8 \u00e9s una cosa molt bonica. Tamb\u00e9 hi ha molts m\u00e9s compromisos i distraccions durant el cap de setmana, tots els meus patrocinadors estaran en Le Mans, per la qual cosa \u00e9s important organitzar b\u00e9 tot per estar centrat en las carreras. Es preveu un temps bastant bo i el circuit ha estat reasfaltat, aix\u00ed que canviar\u00e0 tot bastant. A Jerez no ens va anar molt b\u00e9, per\u00f2 Le Mans \u00e9s un circuit on ens pot anar millor, hi ha grans frenades i aquest \u00e9s un dels meus punts forts amb aquesta moto. Aix\u00ed que espero poder fer una bona carrera i dedicar-la als meus fans. &#8220;<\/p>\n","protected":false},"excerpt":{"rendered":"<p>Els pilots de l&#8217;equip Reale Avintia Racing, H\u00e9ctor Barber\u00e1 i Loris Baz, ja estan de cam\u00ed a Le Mans, on tindr\u00e0 lloc aquest cap de setmana la cinquena prova del Campionat del M\u00f3n de MotoGP. El Gran Premi de Fran\u00e7a \u00e9s la cursa de casa de Loris Baz i enguany arriba disposat a donar una [&hellip;]<\/p>\n","protected":false},"author":6,"featured_media":3349,"comment_status":"closed","ping_status":"closed","sticky":false,"template":"","format":"standard","meta":{"footnotes":""},"categories":[3],"tags":[],"class_list":["post-3392","post","type-post","status-publish","format-standard","has-post-thumbnail","hentry","category-motogp"],"yoast_head":"<!-- This site is optimized with the Yoast SEO plugin v27.1.1 - https:\/\/yoast.com\/product\/yoast-seo-wordpress\/ -->\n<title>Els pilots de Reale Avintia Racing arriben forts a Le Mans - Esponsorama<\/title>\n<meta name=\"robots\" content=\"index, follow, max-snippet:-1, max-image-preview:large, max-video-preview:-1\" \/>\n<link rel=\"canonical\" href=\"http:\/\/esponsorama.ad\/ca\/los-pilotos-reale-avintia-racing-llegan-fuertes-le-mans\/\" \/>\n<meta property=\"og:locale\" content=\"en_US\" \/>\n<meta property=\"og:type\" content=\"article\" \/>\n<meta property=\"og:title\" content=\"Els pilots de Reale Avintia Racing arriben forts a Le Mans - Esponsorama\" \/>\n<meta property=\"og:description\" content=\"Els pilots de l&#8217;equip Reale Avintia Racing, H\u00e9ctor Barber\u00e1 i Loris Baz, ja estan de cam\u00ed a Le Mans, on tindr\u00e0 lloc aquest cap de setmana la cinquena prova del Campionat del M\u00f3n de MotoGP. El Gran Premi de Fran\u00e7a \u00e9s la cursa de casa de Loris Baz i enguany arriba disposat a donar una [&hellip;]\" \/>\n<meta property=\"og:url\" content=\"http:\/\/esponsorama.ad\/ca\/los-pilotos-reale-avintia-racing-llegan-fuertes-le-mans\/\" \/>\n<meta property=\"og:site_name\" content=\"Esponsorama\" \/>\n<meta property=\"article:published_time\" content=\"2017-05-16T10:11:28+00:00\" \/>\n<meta property=\"og:image\" content=\"http:\/\/esponsorama.ad\/wp-content\/uploads\/2017\/05\/04Jerez17-8119-1024x683.jpg\" \/>\n\t<meta property=\"og:image:width\" content=\"1024\" \/>\n\t<meta property=\"og:image:height\" content=\"683\" \/>\n\t<meta property=\"og:image:type\" content=\"image\/jpeg\" \/>\n<meta name=\"author\" content=\"Xavi Andornet\" \/>\n<meta name=\"twitter:card\" content=\"summary_large_image\" \/>\n<meta name=\"twitter:label1\" content=\"Written by\" \/>\n\t<meta name=\"twitter:data1\" content=\"Xavi Andornet\" \/>\n\t<meta name=\"twitter:label2\" content=\"Est. reading time\" \/>\n\t<meta name=\"twitter:data2\" content=\"2 minutes\" \/>\n<script type=\"application\/ld+json\" class=\"yoast-schema-graph\">{\"@context\":\"https:\/\/schema.org\",\"@graph\":[{\"@type\":\"Article\",\"@id\":\"http:\/\/esponsorama.ad\/ca\/los-pilotos-reale-avintia-racing-llegan-fuertes-le-mans\/#article\",\"isPartOf\":{\"@id\":\"http:\/\/esponsorama.ad\/ca\/los-pilotos-reale-avintia-racing-llegan-fuertes-le-mans\/\"},\"author\":{\"name\":\"Xavi Andornet\",\"@id\":\"http:\/\/esponsorama.ad\/es\/#\/schema\/person\/a5cde74945183d737066e46b61c6f9c4\"},\"headline\":\"Els pilots de Reale Avintia Racing arriben forts a Le Mans\",\"datePublished\":\"2017-05-16T10:11:28+00:00\",\"mainEntityOfPage\":{\"@id\":\"http:\/\/esponsorama.ad\/ca\/los-pilotos-reale-avintia-racing-llegan-fuertes-le-mans\/\"},\"wordCount\":504,\"image\":{\"@id\":\"http:\/\/esponsorama.ad\/ca\/los-pilotos-reale-avintia-racing-llegan-fuertes-le-mans\/#primaryimage\"},\"thumbnailUrl\":\"http:\/\/esponsorama.ad\/wp-content\/uploads\/2017\/05\/04Jerez17-8119.jpg\",\"articleSection\":[\"MotoGP\"],\"inLanguage\":\"ca-AD\"},{\"@type\":\"WebPage\",\"@id\":\"http:\/\/esponsorama.ad\/ca\/los-pilotos-reale-avintia-racing-llegan-fuertes-le-mans\/\",\"url\":\"http:\/\/esponsorama.ad\/ca\/los-pilotos-reale-avintia-racing-llegan-fuertes-le-mans\/\",\"name\":\"Els pilots de Reale Avintia Racing arriben forts a Le Mans - Esponsorama\",\"isPartOf\":{\"@id\":\"http:\/\/esponsorama.ad\/es\/#website\"},\"primaryImageOfPage\":{\"@id\":\"http:\/\/esponsorama.ad\/ca\/los-pilotos-reale-avintia-racing-llegan-fuertes-le-mans\/#primaryimage\"},\"image\":{\"@id\":\"http:\/\/esponsorama.ad\/ca\/los-pilotos-reale-avintia-racing-llegan-fuertes-le-mans\/#primaryimage\"},\"thumbnailUrl\":\"http:\/\/esponsorama.ad\/wp-content\/uploads\/2017\/05\/04Jerez17-8119.jpg\",\"datePublished\":\"2017-05-16T10:11:28+00:00\",\"author\":{\"@id\":\"http:\/\/esponsorama.ad\/es\/#\/schema\/person\/a5cde74945183d737066e46b61c6f9c4\"},\"breadcrumb\":{\"@id\":\"http:\/\/esponsorama.ad\/ca\/los-pilotos-reale-avintia-racing-llegan-fuertes-le-mans\/#breadcrumb\"},\"inLanguage\":\"ca-AD\",\"potentialAction\":[{\"@type\":\"ReadAction\",\"target\":[\"http:\/\/esponsorama.ad\/ca\/los-pilotos-reale-avintia-racing-llegan-fuertes-le-mans\/\"]}]},{\"@type\":\"ImageObject\",\"inLanguage\":\"ca-AD\",\"@id\":\"http:\/\/esponsorama.ad\/ca\/los-pilotos-reale-avintia-racing-llegan-fuertes-le-mans\/#primaryimage\",\"url\":\"http:\/\/esponsorama.ad\/wp-content\/uploads\/2017\/05\/04Jerez17-8119.jpg\",\"contentUrl\":\"http:\/\/esponsorama.ad\/wp-content\/uploads\/2017\/05\/04Jerez17-8119.jpg\",\"width\":4193,\"height\":2795},{\"@type\":\"BreadcrumbList\",\"@id\":\"http:\/\/esponsorama.ad\/ca\/los-pilotos-reale-avintia-racing-llegan-fuertes-le-mans\/#breadcrumb\",\"itemListElement\":[{\"@type\":\"ListItem\",\"position\":1,\"name\":\"Home\",\"item\":\"http:\/\/esponsorama.ad\/en\/\"},{\"@type\":\"ListItem\",\"position\":2,\"name\":\"Els pilots de Reale Avintia Racing arriben forts a Le Mans\"}]},{\"@type\":\"WebSite\",\"@id\":\"http:\/\/esponsorama.ad\/es\/#website\",\"url\":\"http:\/\/esponsorama.ad\/es\/\",\"name\":\"Esponsorama\",\"description\":\"Specialist in motorsport sponsorship and event promotions\",\"potentialAction\":[{\"@type\":\"SearchAction\",\"target\":{\"@type\":\"EntryPoint\",\"urlTemplate\":\"http:\/\/esponsorama.ad\/es\/?s={search_term_string}\"},\"query-input\":{\"@type\":\"PropertyValueSpecification\",\"valueRequired\":true,\"valueName\":\"search_term_string\"}}],\"inLanguage\":\"ca-AD\"},{\"@type\":\"Person\",\"@id\":\"http:\/\/esponsorama.ad\/es\/#\/schema\/person\/a5cde74945183d737066e46b61c6f9c4\",\"name\":\"Xavi Andornet\",\"image\":{\"@type\":\"ImageObject\",\"inLanguage\":\"ca-AD\",\"@id\":\"http:\/\/esponsorama.ad\/es\/#\/schema\/person\/image\/\",\"url\":\"https:\/\/secure.gravatar.com\/avatar\/f10eaf9ad601244a2357c9fd7cd9805ed166cfaaf76d5d9ab08a9d873e70147a?s=96&d=mm&r=g\",\"contentUrl\":\"https:\/\/secure.gravatar.com\/avatar\/f10eaf9ad601244a2357c9fd7cd9805ed166cfaaf76d5d9ab08a9d873e70147a?s=96&d=mm&r=g\",\"caption\":\"Xavi Andornet\"},\"sameAs\":[\"http:\/\/www.andornet.ad\"],\"url\":\"http:\/\/esponsorama.ad\/ca\/author\/andornet\/\"}]}<\/script>\n<!-- \/ Yoast SEO plugin. -->","yoast_head_json":{"title":"Els pilots de Reale Avintia Racing arriben forts a Le Mans - Esponsorama","robots":{"index":"index","follow":"follow","max-snippet":"max-snippet:-1","max-image-preview":"max-image-preview:large","max-video-preview":"max-video-preview:-1"},"canonical":"http:\/\/esponsorama.ad\/ca\/los-pilotos-reale-avintia-racing-llegan-fuertes-le-mans\/","og_locale":"en_US","og_type":"article","og_title":"Els pilots de Reale Avintia Racing arriben forts a Le Mans - Esponsorama","og_description":"Els pilots de l&#8217;equip Reale Avintia Racing, H\u00e9ctor Barber\u00e1 i Loris Baz, ja estan de cam\u00ed a Le Mans, on tindr\u00e0 lloc aquest cap de setmana la cinquena prova del Campionat del M\u00f3n de MotoGP. El Gran Premi de Fran\u00e7a \u00e9s la cursa de casa de Loris Baz i enguany arriba disposat a donar una [&hellip;]","og_url":"http:\/\/esponsorama.ad\/ca\/los-pilotos-reale-avintia-racing-llegan-fuertes-le-mans\/","og_site_name":"Esponsorama","article_published_time":"2017-05-16T10:11:28+00:00","og_image":[{"width":1024,"height":683,"url":"http:\/\/esponsorama.ad\/wp-content\/uploads\/2017\/05\/04Jerez17-8119-1024x683.jpg","type":"image\/jpeg"}],"author":"Xavi Andornet","twitter_card":"summary_large_image","twitter_misc":{"Written by":"Xavi Andornet","Est. reading time":"2 minutes"},"schema":{"@context":"https:\/\/schema.org","@graph":[{"@type":"Article","@id":"http:\/\/esponsorama.ad\/ca\/los-pilotos-reale-avintia-racing-llegan-fuertes-le-mans\/#article","isPartOf":{"@id":"http:\/\/esponsorama.ad\/ca\/los-pilotos-reale-avintia-racing-llegan-fuertes-le-mans\/"},"author":{"name":"Xavi Andornet","@id":"http:\/\/esponsorama.ad\/es\/#\/schema\/person\/a5cde74945183d737066e46b61c6f9c4"},"headline":"Els pilots de Reale Avintia Racing arriben forts a Le Mans","datePublished":"2017-05-16T10:11:28+00:00","mainEntityOfPage":{"@id":"http:\/\/esponsorama.ad\/ca\/los-pilotos-reale-avintia-racing-llegan-fuertes-le-mans\/"},"wordCount":504,"image":{"@id":"http:\/\/esponsorama.ad\/ca\/los-pilotos-reale-avintia-racing-llegan-fuertes-le-mans\/#primaryimage"},"thumbnailUrl":"http:\/\/esponsorama.ad\/wp-content\/uploads\/2017\/05\/04Jerez17-8119.jpg","articleSection":["MotoGP"],"inLanguage":"ca-AD"},{"@type":"WebPage","@id":"http:\/\/esponsorama.ad\/ca\/los-pilotos-reale-avintia-racing-llegan-fuertes-le-mans\/","url":"http:\/\/esponsorama.ad\/ca\/los-pilotos-reale-avintia-racing-llegan-fuertes-le-mans\/","name":"Els pilots de Reale Avintia Racing arriben forts a Le Mans - Esponsorama","isPartOf":{"@id":"http:\/\/esponsorama.ad\/es\/#website"},"primaryImageOfPage":{"@id":"http:\/\/esponsorama.ad\/ca\/los-pilotos-reale-avintia-racing-llegan-fuertes-le-mans\/#primaryimage"},"image":{"@id":"http:\/\/esponsorama.ad\/ca\/los-pilotos-reale-avintia-racing-llegan-fuertes-le-mans\/#primaryimage"},"thumbnailUrl":"http:\/\/esponsorama.ad\/wp-content\/uploads\/2017\/05\/04Jerez17-8119.jpg","datePublished":"2017-05-16T10:11:28+00:00","author":{"@id":"http:\/\/esponsorama.ad\/es\/#\/schema\/person\/a5cde74945183d737066e46b61c6f9c4"},"breadcrumb":{"@id":"http:\/\/esponsorama.ad\/ca\/los-pilotos-reale-avintia-racing-llegan-fuertes-le-mans\/#breadcrumb"},"inLanguage":"ca-AD","potentialAction":[{"@type":"ReadAction","target":["http:\/\/esponsorama.ad\/ca\/los-pilotos-reale-avintia-racing-llegan-fuertes-le-mans\/"]}]},{"@type":"ImageObject","inLanguage":"ca-AD","@id":"http:\/\/esponsorama.ad\/ca\/los-pilotos-reale-avintia-racing-llegan-fuertes-le-mans\/#primaryimage","url":"http:\/\/esponsorama.ad\/wp-content\/uploads\/2017\/05\/04Jerez17-8119.jpg","contentUrl":"http:\/\/esponsorama.ad\/wp-content\/uploads\/2017\/05\/04Jerez17-8119.jpg","width":4193,"height":2795},{"@type":"BreadcrumbList","@id":"http:\/\/esponsorama.ad\/ca\/los-pilotos-reale-avintia-racing-llegan-fuertes-le-mans\/#breadcrumb","itemListElement":[{"@type":"ListItem","position":1,"name":"Home","item":"http:\/\/esponsorama.ad\/en\/"},{"@type":"ListItem","position":2,"name":"Els pilots de Reale Avintia Racing arriben forts a Le Mans"}]},{"@type":"WebSite","@id":"http:\/\/esponsorama.ad\/es\/#website","url":"http:\/\/esponsorama.ad\/es\/","name":"Esponsorama","description":"Specialist in motorsport sponsorship and event promotions","potentialAction":[{"@type":"SearchAction","target":{"@type":"EntryPoint","urlTemplate":"http:\/\/esponsorama.ad\/es\/?s={search_term_string}"},"query-input":{"@type":"PropertyValueSpecification","valueRequired":true,"valueName":"search_term_string"}}],"inLanguage":"ca-AD"},{"@type":"Person","@id":"http:\/\/esponsorama.ad\/es\/#\/schema\/person\/a5cde74945183d737066e46b61c6f9c4","name":"Xavi Andornet","image":{"@type":"ImageObject","inLanguage":"ca-AD","@id":"http:\/\/esponsorama.ad\/es\/#\/schema\/person\/image\/","url":"https:\/\/secure.gravatar.com\/avatar\/f10eaf9ad601244a2357c9fd7cd9805ed166cfaaf76d5d9ab08a9d873e70147a?s=96&d=mm&r=g","contentUrl":"https:\/\/secure.gravatar.com\/avatar\/f10eaf9ad601244a2357c9fd7cd9805ed166cfaaf76d5d9ab08a9d873e70147a?s=96&d=mm&r=g","caption":"Xavi Andornet"},"sameAs":["http:\/\/www.andornet.ad"],"url":"http:\/\/esponsorama.ad\/ca\/author\/andornet\/"}]}},"_links":{"self":[{"href":"http:\/\/esponsorama.ad\/ca\/wp-json\/wp\/v2\/posts\/3392","targetHints":{"allow":["GET"]}}],"collection":[{"href":"http:\/\/esponsorama.ad\/ca\/wp-json\/wp\/v2\/posts"}],"about":[{"href":"http:\/\/esponsorama.ad\/ca\/wp-json\/wp\/v2\/types\/post"}],"author":[{"embeddable":true,"href":"http:\/\/esponsorama.ad\/ca\/wp-json\/wp\/v2\/users\/6"}],"replies":[{"embeddable":true,"href":"http:\/\/esponsorama.ad\/ca\/wp-json\/wp\/v2\/comments?post=3392"}],"version-history":[{"count":0,"href":"http:\/\/esponsorama.ad\/ca\/wp-json\/wp\/v2\/posts\/3392\/revisions"}],"wp:featuredmedia":[{"embeddable":true,"href":"http:\/\/esponsorama.ad\/ca\/wp-json\/wp\/v2\/media\/3349"}],"wp:attachment":[{"href":"http:\/\/esponsorama.ad\/ca\/wp-json\/wp\/v2\/media?parent=3392"}],"wp:term":[{"taxonomy":"category","embeddable":true,"href":"http:\/\/esponsorama.ad\/ca\/wp-json\/wp\/v2\/categories?post=3392"},{"taxonomy":"post_tag","embeddable":true,"href":"http:\/\/esponsorama.ad\/ca\/wp-json\/wp\/v2\/tags?post=3392"}],"curies":[{"name":"wp","href":"https:\/\/api.w.org\/{rel}","templated":true}]}}