{"id":3750,"date":"2017-06-02T18:12:30","date_gmt":"2017-06-02T16:12:30","guid":{"rendered":"http:\/\/esponsorama.ad\/?p=3750"},"modified":"2017-06-02T18:13:42","modified_gmt":"2017-06-02T16:13:42","slug":"hector-barbera-vuela-primer-dia-mugello","status":"publish","type":"post","link":"http:\/\/esponsorama.ad\/ca\/hector-barbera-vuela-primer-dia-mugello\/","title":{"rendered":"H\u00e9ctor Barber\u00e1 vola el primer dia a Mugello"},"content":{"rendered":"<p style=\"margin: 0cm; margin-bottom: .0001pt;\"><b><span style=\"font-family: Arial; color: black;\">El Gran Premi d&#8217;It\u00e0lia ha comen\u00e7at de forma positiva per H\u00e9ctor Barber\u00e1, amb el pilot del Reale Avintia Racing vuit\u00e8 en la combinada de temps despr\u00e9s de les dues primeres sessions d&#8217;entrenaments lliures del cap de setmana. Al mat\u00ed Barber\u00e1 ha trobat r\u00e0pidament les sensacions amb la seva Ducati Desmosedici GP16 i ha acabat la sessi\u00f3 amb el cinqu\u00e8 millor temps. A la tarda amb m\u00e9s calor, ha estat sis\u00e8, amb un temps sol dues mil\u00b7l\u00e8simes de segon m\u00e9s lent que el del mat\u00ed. El pilot del Reale Avintia ha estat el m\u00e9s r\u00e0pid en la recta principal de Mugello, amb una velocitat m\u00e0xima de 352.2 km \/ h. Per\u00f2 el m\u00e9s important \u00e9s que ha comen\u00e7at el cap de setmana amb bon peu despr\u00e9s d&#8217;un inici de campionat molt complicat.<\/span><\/b><\/p>\n<p style=\"margin: 0cm; margin-bottom: .0001pt;\"><b><span style=\"font-family: Arial; color: black;\">Per Loris Baz el primer dia a It\u00e0lia ha estat una mica m\u00e9s dif\u00edcil. El pilot franc\u00e8s de 24 anys ha tingut problemes per treure el m\u00e0xim dels nous pneum\u00e0tics davanters de Michelin, per\u00f2 treballant amb el seu equip espera poder trobar dem\u00e0 una soluci\u00f3 que li permeti millorar la seva posici\u00f3 a la graella.<\/span><\/b><\/p>\n<p style=\"margin: 0cm; margin-bottom: .0001pt;\"><\/p>\n<p style=\"margin: 0cm; margin-bottom: .0001pt;\"><b><span style=\"font-family: Arial; color: black;\">&#8220;Estic molt content perqu\u00e8 feia molt temps que no comen\u00e7\u00e0vem b\u00e9 un cap de setmana. En el test de Jerez ja vam veure la llum, a Le Mans no vam poder confirmar-ho, per\u00f2 els entrenaments que vam fer a Barcelona abans d&#8217;arribar aqu\u00ed van ser clau. Han estat les cinc carreres m\u00e9s dif\u00edcils de la meva vida, perqu\u00e8 s\u00e9 que tinc els mitjans per estar davant i els pilots que porten la meva moto estaven m\u00e9s amunt, per\u00f2 no tenia sensacions bones i aix\u00ed era molt dif\u00edcil. Aquesta moto va n\u00e9ixer per anar amb ales, per aix\u00f2 hem treballat a carregar m\u00e9s pes davant i els resultats s&#8217;estan veient. Jo tenia clar que no se m&#8217;havia oblidat pilotar i tamb\u00e9 el meu equip, per aix\u00f2 no han deixat de donar-me suport i sembla que ja hem trobat el cam\u00ed. Dem\u00e0 cal aprofitar el moment, tractar de passar a la Q2 i donar-ho tot per sortir el m\u00e9s amunt possible.&#8221;<br \/>\n<\/span><\/b><\/p>\n<p style=\"margin: 0cm; margin-bottom: .0001pt;\"><\/p>\n<p style=\"margin: 0cm; margin-bottom: .0001pt;\"><b><span style=\"font-family: Arial; color: black;\">&#8220;Ha estat un dia una mica complicat. Amb els nous pneum\u00e0tics encara hem de treballar en la posada a punt, perqu\u00e8 encara que a Barcelona ens va ser millor, aqu\u00ed tenim molt &#8216;chatter&#8217; i la moto empeny molt la part del davant. Per\u00f2 el positiu \u00e9s que hem fet un pas del mat\u00ed a la tarda i les sensacions han millorat poc a poc. Estem en el bon cam\u00ed i dem\u00e0 espero poder trobar el &#8216;feeling&#8217; que tenia amb l&#8217;altre pneum\u00e0tic. De moment no penso en la Q2, nom\u00e9s en millorar, perqu\u00e8 el m\u00e9s important ara mateix \u00e9s tenir la feina feta per la cursa de diumenge.&#8221;<br \/>\n<\/span><\/b><\/p>\n","protected":false},"excerpt":{"rendered":"<p>El Gran Premi d&#8217;It\u00e0lia ha comen\u00e7at de forma positiva per H\u00e9ctor Barber\u00e1, amb el pilot del Reale Avintia Racing vuit\u00e8 en la combinada de temps despr\u00e9s de les dues primeres sessions d&#8217;entrenaments lliures del cap de setmana. Al mat\u00ed Barber\u00e1 ha trobat r\u00e0pidament les sensacions amb la seva Ducati Desmosedici GP16 i ha acabat la [&hellip;]<\/p>\n","protected":false},"author":6,"featured_media":3738,"comment_status":"closed","ping_status":"closed","sticky":false,"template":"","format":"standard","meta":{"footnotes":""},"categories":[3],"tags":[],"class_list":["post-3750","post","type-post","status-publish","format-standard","has-post-thumbnail","hentry","category-motogp"],"yoast_head":"<!-- This site is optimized with the Yoast SEO plugin v27.1.1 - https:\/\/yoast.com\/product\/yoast-seo-wordpress\/ -->\n<title>H\u00e9ctor Barber\u00e1 vola el primer dia a Mugello - Esponsorama<\/title>\n<meta name=\"robots\" content=\"index, follow, max-snippet:-1, max-image-preview:large, max-video-preview:-1\" \/>\n<link rel=\"canonical\" href=\"http:\/\/esponsorama.ad\/ca\/hector-barbera-vuela-primer-dia-mugello\/\" \/>\n<meta property=\"og:locale\" content=\"en_US\" \/>\n<meta property=\"og:type\" content=\"article\" \/>\n<meta property=\"og:title\" content=\"H\u00e9ctor Barber\u00e1 vola el primer dia a Mugello - Esponsorama\" \/>\n<meta property=\"og:description\" content=\"El Gran Premi d&#8217;It\u00e0lia ha comen\u00e7at de forma positiva per H\u00e9ctor Barber\u00e1, amb el pilot del Reale Avintia Racing vuit\u00e8 en la combinada de temps despr\u00e9s de les dues primeres sessions d&#8217;entrenaments lliures del cap de setmana. Al mat\u00ed Barber\u00e1 ha trobat r\u00e0pidament les sensacions amb la seva Ducati Desmosedici GP16 i ha acabat la [&hellip;]\" \/>\n<meta property=\"og:url\" content=\"http:\/\/esponsorama.ad\/ca\/hector-barbera-vuela-primer-dia-mugello\/\" \/>\n<meta property=\"og:site_name\" content=\"Esponsorama\" \/>\n<meta property=\"article:published_time\" content=\"2017-06-02T16:12:30+00:00\" \/>\n<meta property=\"article:modified_time\" content=\"2017-06-02T16:13:42+00:00\" \/>\n<meta property=\"og:image\" content=\"http:\/\/esponsorama.ad\/wp-content\/uploads\/2017\/06\/06Mugello17MgpESPONSORMAJOC1504-1024x683.jpg\" \/>\n\t<meta property=\"og:image:width\" content=\"1024\" \/>\n\t<meta property=\"og:image:height\" content=\"683\" \/>\n\t<meta property=\"og:image:type\" content=\"image\/jpeg\" \/>\n<meta name=\"author\" content=\"Xavi Andornet\" \/>\n<meta name=\"twitter:card\" content=\"summary_large_image\" \/>\n<meta name=\"twitter:label1\" content=\"Written by\" \/>\n\t<meta name=\"twitter:data1\" content=\"Xavi Andornet\" \/>\n\t<meta name=\"twitter:label2\" content=\"Est. reading time\" \/>\n\t<meta name=\"twitter:data2\" content=\"2 minutes\" \/>\n<script type=\"application\/ld+json\" class=\"yoast-schema-graph\">{\"@context\":\"https:\/\/schema.org\",\"@graph\":[{\"@type\":\"Article\",\"@id\":\"http:\/\/esponsorama.ad\/ca\/hector-barbera-vuela-primer-dia-mugello\/#article\",\"isPartOf\":{\"@id\":\"http:\/\/esponsorama.ad\/ca\/hector-barbera-vuela-primer-dia-mugello\/\"},\"author\":{\"name\":\"Xavi Andornet\",\"@id\":\"http:\/\/esponsorama.ad\/es\/#\/schema\/person\/a5cde74945183d737066e46b61c6f9c4\"},\"headline\":\"H\u00e9ctor Barber\u00e1 vola el primer dia a Mugello\",\"datePublished\":\"2017-06-02T16:12:30+00:00\",\"dateModified\":\"2017-06-02T16:13:42+00:00\",\"mainEntityOfPage\":{\"@id\":\"http:\/\/esponsorama.ad\/ca\/hector-barbera-vuela-primer-dia-mugello\/\"},\"wordCount\":501,\"image\":{\"@id\":\"http:\/\/esponsorama.ad\/ca\/hector-barbera-vuela-primer-dia-mugello\/#primaryimage\"},\"thumbnailUrl\":\"http:\/\/esponsorama.ad\/wp-content\/uploads\/2017\/06\/06Mugello17MgpESPONSORMAJOC1504.jpg\",\"articleSection\":[\"MotoGP\"],\"inLanguage\":\"ca-AD\"},{\"@type\":\"WebPage\",\"@id\":\"http:\/\/esponsorama.ad\/ca\/hector-barbera-vuela-primer-dia-mugello\/\",\"url\":\"http:\/\/esponsorama.ad\/ca\/hector-barbera-vuela-primer-dia-mugello\/\",\"name\":\"H\u00e9ctor Barber\u00e1 vola el primer dia a Mugello - Esponsorama\",\"isPartOf\":{\"@id\":\"http:\/\/esponsorama.ad\/es\/#website\"},\"primaryImageOfPage\":{\"@id\":\"http:\/\/esponsorama.ad\/ca\/hector-barbera-vuela-primer-dia-mugello\/#primaryimage\"},\"image\":{\"@id\":\"http:\/\/esponsorama.ad\/ca\/hector-barbera-vuela-primer-dia-mugello\/#primaryimage\"},\"thumbnailUrl\":\"http:\/\/esponsorama.ad\/wp-content\/uploads\/2017\/06\/06Mugello17MgpESPONSORMAJOC1504.jpg\",\"datePublished\":\"2017-06-02T16:12:30+00:00\",\"dateModified\":\"2017-06-02T16:13:42+00:00\",\"author\":{\"@id\":\"http:\/\/esponsorama.ad\/es\/#\/schema\/person\/a5cde74945183d737066e46b61c6f9c4\"},\"breadcrumb\":{\"@id\":\"http:\/\/esponsorama.ad\/ca\/hector-barbera-vuela-primer-dia-mugello\/#breadcrumb\"},\"inLanguage\":\"ca-AD\",\"potentialAction\":[{\"@type\":\"ReadAction\",\"target\":[\"http:\/\/esponsorama.ad\/ca\/hector-barbera-vuela-primer-dia-mugello\/\"]}]},{\"@type\":\"ImageObject\",\"inLanguage\":\"ca-AD\",\"@id\":\"http:\/\/esponsorama.ad\/ca\/hector-barbera-vuela-primer-dia-mugello\/#primaryimage\",\"url\":\"http:\/\/esponsorama.ad\/wp-content\/uploads\/2017\/06\/06Mugello17MgpESPONSORMAJOC1504.jpg\",\"contentUrl\":\"http:\/\/esponsorama.ad\/wp-content\/uploads\/2017\/06\/06Mugello17MgpESPONSORMAJOC1504.jpg\",\"width\":5184,\"height\":3456,\"caption\":\"06 Mugello 1, 2, 3 y 4 de junio de 2017. Circuito de Mugello, Scarperia, ITALIA.MotoGP, MGP, mgp, motogp\"},{\"@type\":\"BreadcrumbList\",\"@id\":\"http:\/\/esponsorama.ad\/ca\/hector-barbera-vuela-primer-dia-mugello\/#breadcrumb\",\"itemListElement\":[{\"@type\":\"ListItem\",\"position\":1,\"name\":\"Home\",\"item\":\"http:\/\/esponsorama.ad\/en\/\"},{\"@type\":\"ListItem\",\"position\":2,\"name\":\"H\u00e9ctor Barber\u00e1 vola el primer dia a Mugello\"}]},{\"@type\":\"WebSite\",\"@id\":\"http:\/\/esponsorama.ad\/es\/#website\",\"url\":\"http:\/\/esponsorama.ad\/es\/\",\"name\":\"Esponsorama\",\"description\":\"Specialist in motorsport sponsorship and event promotions\",\"potentialAction\":[{\"@type\":\"SearchAction\",\"target\":{\"@type\":\"EntryPoint\",\"urlTemplate\":\"http:\/\/esponsorama.ad\/es\/?s={search_term_string}\"},\"query-input\":{\"@type\":\"PropertyValueSpecification\",\"valueRequired\":true,\"valueName\":\"search_term_string\"}}],\"inLanguage\":\"ca-AD\"},{\"@type\":\"Person\",\"@id\":\"http:\/\/esponsorama.ad\/es\/#\/schema\/person\/a5cde74945183d737066e46b61c6f9c4\",\"name\":\"Xavi Andornet\",\"image\":{\"@type\":\"ImageObject\",\"inLanguage\":\"ca-AD\",\"@id\":\"http:\/\/esponsorama.ad\/es\/#\/schema\/person\/image\/\",\"url\":\"https:\/\/secure.gravatar.com\/avatar\/f10eaf9ad601244a2357c9fd7cd9805ed166cfaaf76d5d9ab08a9d873e70147a?s=96&d=mm&r=g\",\"contentUrl\":\"https:\/\/secure.gravatar.com\/avatar\/f10eaf9ad601244a2357c9fd7cd9805ed166cfaaf76d5d9ab08a9d873e70147a?s=96&d=mm&r=g\",\"caption\":\"Xavi Andornet\"},\"sameAs\":[\"http:\/\/www.andornet.ad\"],\"url\":\"http:\/\/esponsorama.ad\/ca\/author\/andornet\/\"}]}<\/script>\n<!-- \/ Yoast SEO plugin. -->","yoast_head_json":{"title":"H\u00e9ctor Barber\u00e1 vola el primer dia a Mugello - Esponsorama","robots":{"index":"index","follow":"follow","max-snippet":"max-snippet:-1","max-image-preview":"max-image-preview:large","max-video-preview":"max-video-preview:-1"},"canonical":"http:\/\/esponsorama.ad\/ca\/hector-barbera-vuela-primer-dia-mugello\/","og_locale":"en_US","og_type":"article","og_title":"H\u00e9ctor Barber\u00e1 vola el primer dia a Mugello - Esponsorama","og_description":"El Gran Premi d&#8217;It\u00e0lia ha comen\u00e7at de forma positiva per H\u00e9ctor Barber\u00e1, amb el pilot del Reale Avintia Racing vuit\u00e8 en la combinada de temps despr\u00e9s de les dues primeres sessions d&#8217;entrenaments lliures del cap de setmana. Al mat\u00ed Barber\u00e1 ha trobat r\u00e0pidament les sensacions amb la seva Ducati Desmosedici GP16 i ha acabat la [&hellip;]","og_url":"http:\/\/esponsorama.ad\/ca\/hector-barbera-vuela-primer-dia-mugello\/","og_site_name":"Esponsorama","article_published_time":"2017-06-02T16:12:30+00:00","article_modified_time":"2017-06-02T16:13:42+00:00","og_image":[{"width":1024,"height":683,"url":"http:\/\/esponsorama.ad\/wp-content\/uploads\/2017\/06\/06Mugello17MgpESPONSORMAJOC1504-1024x683.jpg","type":"image\/jpeg"}],"author":"Xavi Andornet","twitter_card":"summary_large_image","twitter_misc":{"Written by":"Xavi Andornet","Est. reading time":"2 minutes"},"schema":{"@context":"https:\/\/schema.org","@graph":[{"@type":"Article","@id":"http:\/\/esponsorama.ad\/ca\/hector-barbera-vuela-primer-dia-mugello\/#article","isPartOf":{"@id":"http:\/\/esponsorama.ad\/ca\/hector-barbera-vuela-primer-dia-mugello\/"},"author":{"name":"Xavi Andornet","@id":"http:\/\/esponsorama.ad\/es\/#\/schema\/person\/a5cde74945183d737066e46b61c6f9c4"},"headline":"H\u00e9ctor Barber\u00e1 vola el primer dia a Mugello","datePublished":"2017-06-02T16:12:30+00:00","dateModified":"2017-06-02T16:13:42+00:00","mainEntityOfPage":{"@id":"http:\/\/esponsorama.ad\/ca\/hector-barbera-vuela-primer-dia-mugello\/"},"wordCount":501,"image":{"@id":"http:\/\/esponsorama.ad\/ca\/hector-barbera-vuela-primer-dia-mugello\/#primaryimage"},"thumbnailUrl":"http:\/\/esponsorama.ad\/wp-content\/uploads\/2017\/06\/06Mugello17MgpESPONSORMAJOC1504.jpg","articleSection":["MotoGP"],"inLanguage":"ca-AD"},{"@type":"WebPage","@id":"http:\/\/esponsorama.ad\/ca\/hector-barbera-vuela-primer-dia-mugello\/","url":"http:\/\/esponsorama.ad\/ca\/hector-barbera-vuela-primer-dia-mugello\/","name":"H\u00e9ctor Barber\u00e1 vola el primer dia a Mugello - Esponsorama","isPartOf":{"@id":"http:\/\/esponsorama.ad\/es\/#website"},"primaryImageOfPage":{"@id":"http:\/\/esponsorama.ad\/ca\/hector-barbera-vuela-primer-dia-mugello\/#primaryimage"},"image":{"@id":"http:\/\/esponsorama.ad\/ca\/hector-barbera-vuela-primer-dia-mugello\/#primaryimage"},"thumbnailUrl":"http:\/\/esponsorama.ad\/wp-content\/uploads\/2017\/06\/06Mugello17MgpESPONSORMAJOC1504.jpg","datePublished":"2017-06-02T16:12:30+00:00","dateModified":"2017-06-02T16:13:42+00:00","author":{"@id":"http:\/\/esponsorama.ad\/es\/#\/schema\/person\/a5cde74945183d737066e46b61c6f9c4"},"breadcrumb":{"@id":"http:\/\/esponsorama.ad\/ca\/hector-barbera-vuela-primer-dia-mugello\/#breadcrumb"},"inLanguage":"ca-AD","potentialAction":[{"@type":"ReadAction","target":["http:\/\/esponsorama.ad\/ca\/hector-barbera-vuela-primer-dia-mugello\/"]}]},{"@type":"ImageObject","inLanguage":"ca-AD","@id":"http:\/\/esponsorama.ad\/ca\/hector-barbera-vuela-primer-dia-mugello\/#primaryimage","url":"http:\/\/esponsorama.ad\/wp-content\/uploads\/2017\/06\/06Mugello17MgpESPONSORMAJOC1504.jpg","contentUrl":"http:\/\/esponsorama.ad\/wp-content\/uploads\/2017\/06\/06Mugello17MgpESPONSORMAJOC1504.jpg","width":5184,"height":3456,"caption":"06 Mugello 1, 2, 3 y 4 de junio de 2017. Circuito de Mugello, Scarperia, ITALIA.MotoGP, MGP, mgp, motogp"},{"@type":"BreadcrumbList","@id":"http:\/\/esponsorama.ad\/ca\/hector-barbera-vuela-primer-dia-mugello\/#breadcrumb","itemListElement":[{"@type":"ListItem","position":1,"name":"Home","item":"http:\/\/esponsorama.ad\/en\/"},{"@type":"ListItem","position":2,"name":"H\u00e9ctor Barber\u00e1 vola el primer dia a Mugello"}]},{"@type":"WebSite","@id":"http:\/\/esponsorama.ad\/es\/#website","url":"http:\/\/esponsorama.ad\/es\/","name":"Esponsorama","description":"Specialist in motorsport sponsorship and event promotions","potentialAction":[{"@type":"SearchAction","target":{"@type":"EntryPoint","urlTemplate":"http:\/\/esponsorama.ad\/es\/?s={search_term_string}"},"query-input":{"@type":"PropertyValueSpecification","valueRequired":true,"valueName":"search_term_string"}}],"inLanguage":"ca-AD"},{"@type":"Person","@id":"http:\/\/esponsorama.ad\/es\/#\/schema\/person\/a5cde74945183d737066e46b61c6f9c4","name":"Xavi Andornet","image":{"@type":"ImageObject","inLanguage":"ca-AD","@id":"http:\/\/esponsorama.ad\/es\/#\/schema\/person\/image\/","url":"https:\/\/secure.gravatar.com\/avatar\/f10eaf9ad601244a2357c9fd7cd9805ed166cfaaf76d5d9ab08a9d873e70147a?s=96&d=mm&r=g","contentUrl":"https:\/\/secure.gravatar.com\/avatar\/f10eaf9ad601244a2357c9fd7cd9805ed166cfaaf76d5d9ab08a9d873e70147a?s=96&d=mm&r=g","caption":"Xavi Andornet"},"sameAs":["http:\/\/www.andornet.ad"],"url":"http:\/\/esponsorama.ad\/ca\/author\/andornet\/"}]}},"_links":{"self":[{"href":"http:\/\/esponsorama.ad\/ca\/wp-json\/wp\/v2\/posts\/3750","targetHints":{"allow":["GET"]}}],"collection":[{"href":"http:\/\/esponsorama.ad\/ca\/wp-json\/wp\/v2\/posts"}],"about":[{"href":"http:\/\/esponsorama.ad\/ca\/wp-json\/wp\/v2\/types\/post"}],"author":[{"embeddable":true,"href":"http:\/\/esponsorama.ad\/ca\/wp-json\/wp\/v2\/users\/6"}],"replies":[{"embeddable":true,"href":"http:\/\/esponsorama.ad\/ca\/wp-json\/wp\/v2\/comments?post=3750"}],"version-history":[{"count":0,"href":"http:\/\/esponsorama.ad\/ca\/wp-json\/wp\/v2\/posts\/3750\/revisions"}],"wp:featuredmedia":[{"embeddable":true,"href":"http:\/\/esponsorama.ad\/ca\/wp-json\/wp\/v2\/media\/3738"}],"wp:attachment":[{"href":"http:\/\/esponsorama.ad\/ca\/wp-json\/wp\/v2\/media?parent=3750"}],"wp:term":[{"taxonomy":"category","embeddable":true,"href":"http:\/\/esponsorama.ad\/ca\/wp-json\/wp\/v2\/categories?post=3750"},{"taxonomy":"post_tag","embeddable":true,"href":"http:\/\/esponsorama.ad\/ca\/wp-json\/wp\/v2\/tags?post=3750"}],"curies":[{"name":"wp","href":"https:\/\/api.w.org\/{rel}","templated":true}]}}