{"id":3876,"date":"2017-06-09T16:58:31","date_gmt":"2017-06-09T14:58:31","guid":{"rendered":"http:\/\/esponsorama.ad\/?p=3876"},"modified":"2017-06-09T16:58:31","modified_gmt":"2017-06-09T14:58:31","slug":"divendres-rodatge-per-vicente-perez-gran-premi-catalunya","status":"publish","type":"post","link":"http:\/\/esponsorama.ad\/ca\/divendres-rodatge-per-vicente-perez-gran-premi-catalunya\/","title":{"rendered":"Divendres de rodatge per a Vicente P\u00e9rez en el Gran Premi de Catalunya"},"content":{"rendered":"<p>El Circuit de Barcelona-Catalunya ha rebut als pilots del Mundial de MotoGP sota la pluja; durant la matinada de divendres hi ha hagut petites tempestes que s\u2019han allargat fins a l\u2019inici de l\u2019activitat en pista. La categoria de Moto3 ha comen\u00e7at a rodar amb la pista humida, provocant que els lliures del mat\u00ed no fossin del tot profitosos. La jornada semblava que havia d\u2019anar de menys a m\u00e9s per a Vicente P\u00e9rez, qui des de primera hora ha anat millorant y sentint-se cada cop m\u00e9s c\u00f2mode a sobre la seva KTM. El pilot valenci\u00e0 ha marcat un temps de 2\u201909.336, el qual l\u2019ha situat disset\u00e8 a la taula de temps.<\/p>\n<p>Per la tarda, les condicions han estat completament diferents i, amb la pista totalment seca, tots els pilots han rebaixat les marques del mat\u00ed fins a rodar en els temps que acostumen a anar les Moto3 en aquesta pista. Vicente no ha trobat el seu lloc en aquesta segona sessi\u00f3, tot i que l\u2019ha aprofitat per aprendre millor el tra\u00e7at catal\u00e0 que no coneix massa. El valenci\u00e0 ha acabat 31\u00ba, amb un temps de 1\u201957.312 y moltes ganes de tornar a pujar a la moto dem\u00e0 al mat\u00ed.<\/p>\n<p>Aquestes condicions mixtes han sigut un bon entrenament de cara al cap de setmana que ve, que el FIM CEV correr\u00e0 a Montmel\u00f3, i mai es pot preveure el que deparar\u00e0 la meteorologia.<\/p>\n\n<p>\u201cEl primer lliure ha estat b\u00e9 perqu\u00e8 hem aconseguit marcar un bon ritme amb la pista mullada, el que ens ha perm\u00e8s acabar a la dissetena pla\u00e7a y sentir-me c\u00f2mode rodant. A la tarda, les coses han canviat y el fallo ha estat meu; no m\u2019he plantejat b\u00e9 l\u2019entrenament. Aix\u00ed que ara el meu cap ja pensa en dem\u00e0, aquest nom\u00e9s ha estat l\u2019inici del cap de setmana i l\u2019important \u00e9s fer-ho be dem\u00e0 i diumenge. Se que dem\u00e0 podem millorar i estic tranquil\u201d.<\/p>\n\n<p>\u201cHa sigut un dia complicat. Al FP2 ha rodat en sec per primera vegada aqu\u00ed y Montmel\u00f3 \u00e9s una pista complicada, amb poc grip. El nivell del Vicente \u00e9s superior, pot estar en posicions millors, aix\u00ed que ara nom\u00e9s podem seguir treballant m\u00e9s i entendre el perqu\u00e8 no hem sigut capa\u00e7os de ser r\u00e0pids i estar on ens toca. Tamb\u00e9 s\u2019ha de destacar que el sortir al FP1 amb aigua ens ha perjudicat respecte als equips mundialistes; ells tenen millor ritme i tamb\u00e9 les coses m\u00e9s clares a l\u2019hora de posar a punt la moto\u201d.<\/p>\n","protected":false},"excerpt":{"rendered":"<p>El Circuit de Barcelona-Catalunya ha rebut als pilots del Mundial de MotoGP sota la pluja; durant la matinada de divendres hi ha hagut petites tempestes que s\u2019han allargat fins a l\u2019inici de l\u2019activitat en pista. La categoria de Moto3 ha comen\u00e7at a rodar amb la pista humida, provocant que els lliures del mat\u00ed no fossin [&hellip;]<\/p>\n","protected":false},"author":6,"featured_media":3866,"comment_status":"closed","ping_status":"closed","sticky":false,"template":"","format":"standard","meta":{"footnotes":""},"categories":[10],"tags":[],"class_list":["post-3876","post","type-post","status-publish","format-standard","has-post-thumbnail","hentry"],"yoast_head":"<!-- This site is optimized with the Yoast SEO plugin v27.1.1 - https:\/\/yoast.com\/product\/yoast-seo-wordpress\/ -->\n<title>Divendres de rodatge per a Vicente P\u00e9rez en el Gran Premi de Catalunya - Esponsorama<\/title>\n<meta name=\"robots\" content=\"index, follow, max-snippet:-1, max-image-preview:large, max-video-preview:-1\" \/>\n<link rel=\"canonical\" href=\"http:\/\/esponsorama.ad\/ca\/divendres-rodatge-per-vicente-perez-gran-premi-catalunya\/\" \/>\n<meta property=\"og:locale\" content=\"en_US\" \/>\n<meta property=\"og:type\" content=\"article\" \/>\n<meta property=\"og:title\" content=\"Divendres de rodatge per a Vicente P\u00e9rez en el Gran Premi de Catalunya - Esponsorama\" \/>\n<meta property=\"og:description\" content=\"El Circuit de Barcelona-Catalunya ha rebut als pilots del Mundial de MotoGP sota la pluja; durant la matinada de divendres hi ha hagut petites tempestes que s\u2019han allargat fins a l\u2019inici de l\u2019activitat en pista. La categoria de Moto3 ha comen\u00e7at a rodar amb la pista humida, provocant que els lliures del mat\u00ed no fossin [&hellip;]\" \/>\n<meta property=\"og:url\" content=\"http:\/\/esponsorama.ad\/ca\/divendres-rodatge-per-vicente-perez-gran-premi-catalunya\/\" \/>\n<meta property=\"og:site_name\" content=\"Esponsorama\" \/>\n<meta property=\"article:published_time\" content=\"2017-06-09T14:58:31+00:00\" \/>\n<meta property=\"og:image\" content=\"http:\/\/esponsorama.ad\/wp-content\/uploads\/2017\/06\/07Montmelo17M3-2956.jpg\" \/>\n\t<meta property=\"og:image:width\" content=\"4159\" \/>\n\t<meta property=\"og:image:height\" content=\"2773\" \/>\n\t<meta property=\"og:image:type\" content=\"image\/jpeg\" \/>\n<meta name=\"author\" content=\"Xavi Andornet\" \/>\n<meta name=\"twitter:card\" content=\"summary_large_image\" \/>\n<meta name=\"twitter:label1\" content=\"Written by\" \/>\n\t<meta name=\"twitter:data1\" content=\"Xavi Andornet\" \/>\n\t<meta name=\"twitter:label2\" content=\"Est. reading time\" \/>\n\t<meta name=\"twitter:data2\" content=\"2 minutes\" \/>\n<script type=\"application\/ld+json\" class=\"yoast-schema-graph\">{\"@context\":\"https:\/\/schema.org\",\"@graph\":[{\"@type\":\"Article\",\"@id\":\"http:\/\/esponsorama.ad\/ca\/divendres-rodatge-per-vicente-perez-gran-premi-catalunya\/#article\",\"isPartOf\":{\"@id\":\"http:\/\/esponsorama.ad\/ca\/divendres-rodatge-per-vicente-perez-gran-premi-catalunya\/\"},\"author\":{\"name\":\"Xavi Andornet\",\"@id\":\"http:\/\/esponsorama.ad\/es\/#\/schema\/person\/a5cde74945183d737066e46b61c6f9c4\"},\"headline\":\"Divendres de rodatge per a Vicente P\u00e9rez en el Gran Premi de Catalunya\",\"datePublished\":\"2017-06-09T14:58:31+00:00\",\"mainEntityOfPage\":{\"@id\":\"http:\/\/esponsorama.ad\/ca\/divendres-rodatge-per-vicente-perez-gran-premi-catalunya\/\"},\"wordCount\":458,\"image\":{\"@id\":\"http:\/\/esponsorama.ad\/ca\/divendres-rodatge-per-vicente-perez-gran-premi-catalunya\/#primaryimage\"},\"thumbnailUrl\":\"http:\/\/esponsorama.ad\/wp-content\/uploads\/2017\/06\/07Montmelo17M3-2956.jpg\",\"articleSection\":[\"\"],\"inLanguage\":\"ca-AD\"},{\"@type\":\"WebPage\",\"@id\":\"http:\/\/esponsorama.ad\/ca\/divendres-rodatge-per-vicente-perez-gran-premi-catalunya\/\",\"url\":\"http:\/\/esponsorama.ad\/ca\/divendres-rodatge-per-vicente-perez-gran-premi-catalunya\/\",\"name\":\"Divendres de rodatge per a Vicente P\u00e9rez en el Gran Premi de Catalunya - Esponsorama\",\"isPartOf\":{\"@id\":\"http:\/\/esponsorama.ad\/es\/#website\"},\"primaryImageOfPage\":{\"@id\":\"http:\/\/esponsorama.ad\/ca\/divendres-rodatge-per-vicente-perez-gran-premi-catalunya\/#primaryimage\"},\"image\":{\"@id\":\"http:\/\/esponsorama.ad\/ca\/divendres-rodatge-per-vicente-perez-gran-premi-catalunya\/#primaryimage\"},\"thumbnailUrl\":\"http:\/\/esponsorama.ad\/wp-content\/uploads\/2017\/06\/07Montmelo17M3-2956.jpg\",\"datePublished\":\"2017-06-09T14:58:31+00:00\",\"author\":{\"@id\":\"http:\/\/esponsorama.ad\/es\/#\/schema\/person\/a5cde74945183d737066e46b61c6f9c4\"},\"breadcrumb\":{\"@id\":\"http:\/\/esponsorama.ad\/ca\/divendres-rodatge-per-vicente-perez-gran-premi-catalunya\/#breadcrumb\"},\"inLanguage\":\"ca-AD\",\"potentialAction\":[{\"@type\":\"ReadAction\",\"target\":[\"http:\/\/esponsorama.ad\/ca\/divendres-rodatge-per-vicente-perez-gran-premi-catalunya\/\"]}]},{\"@type\":\"ImageObject\",\"inLanguage\":\"ca-AD\",\"@id\":\"http:\/\/esponsorama.ad\/ca\/divendres-rodatge-per-vicente-perez-gran-premi-catalunya\/#primaryimage\",\"url\":\"http:\/\/esponsorama.ad\/wp-content\/uploads\/2017\/06\/07Montmelo17M3-2956.jpg\",\"contentUrl\":\"http:\/\/esponsorama.ad\/wp-content\/uploads\/2017\/06\/07Montmelo17M3-2956.jpg\",\"width\":4159,\"height\":2773},{\"@type\":\"BreadcrumbList\",\"@id\":\"http:\/\/esponsorama.ad\/ca\/divendres-rodatge-per-vicente-perez-gran-premi-catalunya\/#breadcrumb\",\"itemListElement\":[{\"@type\":\"ListItem\",\"position\":1,\"name\":\"Home\",\"item\":\"http:\/\/esponsorama.ad\/en\/\"},{\"@type\":\"ListItem\",\"position\":2,\"name\":\"Divendres de rodatge per a Vicente P\u00e9rez en el Gran Premi de Catalunya\"}]},{\"@type\":\"WebSite\",\"@id\":\"http:\/\/esponsorama.ad\/es\/#website\",\"url\":\"http:\/\/esponsorama.ad\/es\/\",\"name\":\"Esponsorama\",\"description\":\"Specialist in motorsport sponsorship and event promotions\",\"potentialAction\":[{\"@type\":\"SearchAction\",\"target\":{\"@type\":\"EntryPoint\",\"urlTemplate\":\"http:\/\/esponsorama.ad\/es\/?s={search_term_string}\"},\"query-input\":{\"@type\":\"PropertyValueSpecification\",\"valueRequired\":true,\"valueName\":\"search_term_string\"}}],\"inLanguage\":\"ca-AD\"},{\"@type\":\"Person\",\"@id\":\"http:\/\/esponsorama.ad\/es\/#\/schema\/person\/a5cde74945183d737066e46b61c6f9c4\",\"name\":\"Xavi Andornet\",\"image\":{\"@type\":\"ImageObject\",\"inLanguage\":\"ca-AD\",\"@id\":\"http:\/\/esponsorama.ad\/es\/#\/schema\/person\/image\/\",\"url\":\"https:\/\/secure.gravatar.com\/avatar\/f10eaf9ad601244a2357c9fd7cd9805ed166cfaaf76d5d9ab08a9d873e70147a?s=96&d=mm&r=g\",\"contentUrl\":\"https:\/\/secure.gravatar.com\/avatar\/f10eaf9ad601244a2357c9fd7cd9805ed166cfaaf76d5d9ab08a9d873e70147a?s=96&d=mm&r=g\",\"caption\":\"Xavi Andornet\"},\"sameAs\":[\"http:\/\/www.andornet.ad\"],\"url\":\"http:\/\/esponsorama.ad\/ca\/author\/andornet\/\"}]}<\/script>\n<!-- \/ Yoast SEO plugin. -->","yoast_head_json":{"title":"Divendres de rodatge per a Vicente P\u00e9rez en el Gran Premi de Catalunya - Esponsorama","robots":{"index":"index","follow":"follow","max-snippet":"max-snippet:-1","max-image-preview":"max-image-preview:large","max-video-preview":"max-video-preview:-1"},"canonical":"http:\/\/esponsorama.ad\/ca\/divendres-rodatge-per-vicente-perez-gran-premi-catalunya\/","og_locale":"en_US","og_type":"article","og_title":"Divendres de rodatge per a Vicente P\u00e9rez en el Gran Premi de Catalunya - Esponsorama","og_description":"El Circuit de Barcelona-Catalunya ha rebut als pilots del Mundial de MotoGP sota la pluja; durant la matinada de divendres hi ha hagut petites tempestes que s\u2019han allargat fins a l\u2019inici de l\u2019activitat en pista. La categoria de Moto3 ha comen\u00e7at a rodar amb la pista humida, provocant que els lliures del mat\u00ed no fossin [&hellip;]","og_url":"http:\/\/esponsorama.ad\/ca\/divendres-rodatge-per-vicente-perez-gran-premi-catalunya\/","og_site_name":"Esponsorama","article_published_time":"2017-06-09T14:58:31+00:00","og_image":[{"width":4159,"height":2773,"url":"http:\/\/esponsorama.ad\/wp-content\/uploads\/2017\/06\/07Montmelo17M3-2956.jpg","type":"image\/jpeg"}],"author":"Xavi Andornet","twitter_card":"summary_large_image","twitter_misc":{"Written by":"Xavi Andornet","Est. reading time":"2 minutes"},"schema":{"@context":"https:\/\/schema.org","@graph":[{"@type":"Article","@id":"http:\/\/esponsorama.ad\/ca\/divendres-rodatge-per-vicente-perez-gran-premi-catalunya\/#article","isPartOf":{"@id":"http:\/\/esponsorama.ad\/ca\/divendres-rodatge-per-vicente-perez-gran-premi-catalunya\/"},"author":{"name":"Xavi Andornet","@id":"http:\/\/esponsorama.ad\/es\/#\/schema\/person\/a5cde74945183d737066e46b61c6f9c4"},"headline":"Divendres de rodatge per a Vicente P\u00e9rez en el Gran Premi de Catalunya","datePublished":"2017-06-09T14:58:31+00:00","mainEntityOfPage":{"@id":"http:\/\/esponsorama.ad\/ca\/divendres-rodatge-per-vicente-perez-gran-premi-catalunya\/"},"wordCount":458,"image":{"@id":"http:\/\/esponsorama.ad\/ca\/divendres-rodatge-per-vicente-perez-gran-premi-catalunya\/#primaryimage"},"thumbnailUrl":"http:\/\/esponsorama.ad\/wp-content\/uploads\/2017\/06\/07Montmelo17M3-2956.jpg","articleSection":[""],"inLanguage":"ca-AD"},{"@type":"WebPage","@id":"http:\/\/esponsorama.ad\/ca\/divendres-rodatge-per-vicente-perez-gran-premi-catalunya\/","url":"http:\/\/esponsorama.ad\/ca\/divendres-rodatge-per-vicente-perez-gran-premi-catalunya\/","name":"Divendres de rodatge per a Vicente P\u00e9rez en el Gran Premi de Catalunya - Esponsorama","isPartOf":{"@id":"http:\/\/esponsorama.ad\/es\/#website"},"primaryImageOfPage":{"@id":"http:\/\/esponsorama.ad\/ca\/divendres-rodatge-per-vicente-perez-gran-premi-catalunya\/#primaryimage"},"image":{"@id":"http:\/\/esponsorama.ad\/ca\/divendres-rodatge-per-vicente-perez-gran-premi-catalunya\/#primaryimage"},"thumbnailUrl":"http:\/\/esponsorama.ad\/wp-content\/uploads\/2017\/06\/07Montmelo17M3-2956.jpg","datePublished":"2017-06-09T14:58:31+00:00","author":{"@id":"http:\/\/esponsorama.ad\/es\/#\/schema\/person\/a5cde74945183d737066e46b61c6f9c4"},"breadcrumb":{"@id":"http:\/\/esponsorama.ad\/ca\/divendres-rodatge-per-vicente-perez-gran-premi-catalunya\/#breadcrumb"},"inLanguage":"ca-AD","potentialAction":[{"@type":"ReadAction","target":["http:\/\/esponsorama.ad\/ca\/divendres-rodatge-per-vicente-perez-gran-premi-catalunya\/"]}]},{"@type":"ImageObject","inLanguage":"ca-AD","@id":"http:\/\/esponsorama.ad\/ca\/divendres-rodatge-per-vicente-perez-gran-premi-catalunya\/#primaryimage","url":"http:\/\/esponsorama.ad\/wp-content\/uploads\/2017\/06\/07Montmelo17M3-2956.jpg","contentUrl":"http:\/\/esponsorama.ad\/wp-content\/uploads\/2017\/06\/07Montmelo17M3-2956.jpg","width":4159,"height":2773},{"@type":"BreadcrumbList","@id":"http:\/\/esponsorama.ad\/ca\/divendres-rodatge-per-vicente-perez-gran-premi-catalunya\/#breadcrumb","itemListElement":[{"@type":"ListItem","position":1,"name":"Home","item":"http:\/\/esponsorama.ad\/en\/"},{"@type":"ListItem","position":2,"name":"Divendres de rodatge per a Vicente P\u00e9rez en el Gran Premi de Catalunya"}]},{"@type":"WebSite","@id":"http:\/\/esponsorama.ad\/es\/#website","url":"http:\/\/esponsorama.ad\/es\/","name":"Esponsorama","description":"Specialist in motorsport sponsorship and event promotions","potentialAction":[{"@type":"SearchAction","target":{"@type":"EntryPoint","urlTemplate":"http:\/\/esponsorama.ad\/es\/?s={search_term_string}"},"query-input":{"@type":"PropertyValueSpecification","valueRequired":true,"valueName":"search_term_string"}}],"inLanguage":"ca-AD"},{"@type":"Person","@id":"http:\/\/esponsorama.ad\/es\/#\/schema\/person\/a5cde74945183d737066e46b61c6f9c4","name":"Xavi Andornet","image":{"@type":"ImageObject","inLanguage":"ca-AD","@id":"http:\/\/esponsorama.ad\/es\/#\/schema\/person\/image\/","url":"https:\/\/secure.gravatar.com\/avatar\/f10eaf9ad601244a2357c9fd7cd9805ed166cfaaf76d5d9ab08a9d873e70147a?s=96&d=mm&r=g","contentUrl":"https:\/\/secure.gravatar.com\/avatar\/f10eaf9ad601244a2357c9fd7cd9805ed166cfaaf76d5d9ab08a9d873e70147a?s=96&d=mm&r=g","caption":"Xavi Andornet"},"sameAs":["http:\/\/www.andornet.ad"],"url":"http:\/\/esponsorama.ad\/ca\/author\/andornet\/"}]}},"_links":{"self":[{"href":"http:\/\/esponsorama.ad\/ca\/wp-json\/wp\/v2\/posts\/3876","targetHints":{"allow":["GET"]}}],"collection":[{"href":"http:\/\/esponsorama.ad\/ca\/wp-json\/wp\/v2\/posts"}],"about":[{"href":"http:\/\/esponsorama.ad\/ca\/wp-json\/wp\/v2\/types\/post"}],"author":[{"embeddable":true,"href":"http:\/\/esponsorama.ad\/ca\/wp-json\/wp\/v2\/users\/6"}],"replies":[{"embeddable":true,"href":"http:\/\/esponsorama.ad\/ca\/wp-json\/wp\/v2\/comments?post=3876"}],"version-history":[{"count":0,"href":"http:\/\/esponsorama.ad\/ca\/wp-json\/wp\/v2\/posts\/3876\/revisions"}],"wp:featuredmedia":[{"embeddable":true,"href":"http:\/\/esponsorama.ad\/ca\/wp-json\/wp\/v2\/media\/3866"}],"wp:attachment":[{"href":"http:\/\/esponsorama.ad\/ca\/wp-json\/wp\/v2\/media?parent=3876"}],"wp:term":[{"taxonomy":"category","embeddable":true,"href":"http:\/\/esponsorama.ad\/ca\/wp-json\/wp\/v2\/categories?post=3876"},{"taxonomy":"post_tag","embeddable":true,"href":"http:\/\/esponsorama.ad\/ca\/wp-json\/wp\/v2\/tags?post=3876"}],"curies":[{"name":"wp","href":"https:\/\/api.w.org\/{rel}","templated":true}]}}