{"id":4507,"date":"2017-06-20T09:29:17","date_gmt":"2017-06-20T07:29:17","guid":{"rendered":"http:\/\/esponsorama.ad\/?p=4507"},"modified":"2017-06-23T17:54:22","modified_gmt":"2017-06-23T15:54:22","slug":"los-pilotos-reale-avintia-racing-llegan-la-catedral-del-motociclismo","status":"publish","type":"post","link":"http:\/\/esponsorama.ad\/ca\/los-pilotos-reale-avintia-racing-llegan-la-catedral-del-motociclismo\/","title":{"rendered":"Els pilots de Reale Avintia Racing arriben a la Catedral del Motociclisme"},"content":{"rendered":"<p>Despr\u00e9s d&#8217;un cap de setmana de descans dels pilots de Reale Avintia Racing, H\u00e9ctor Barber\u00e1 i Loris Baz, viatjaran aquest cap de setmana al circuit d&#8217;Assen per disputar la vuitena cita del Campionat del M\u00f3n de MotoGP 2017. El Gran Premi d&#8217;Holanda ser\u00e0 el primer de dos caps de setmana de carreres consecutius que marcaran el final de la primera part de la temporada a Alemanya. Per\u00f2 abans de posar rumb Sachsenring, Barber\u00e1 i Baz disputaran el fam\u00f3s &#8216;Dutch TT&#8217; a Assen aquest diumenge.<\/p>\n<p>El circuit de 4,5km \u00e9s un dels predilectes dels pilots de Reale Avintia i tots dos esperen estar lluitant pel &#8216;Top 10&#8217; a la Catedral del Motociclisme. L&#8217;any passat la carrera va ser interrompuda per la pluja i despr\u00e9s de 14 voltes i en la segona part a 12 voltes, H\u00e9ctor Barber\u00e1 va aconseguir remuntar fins al sis\u00e8 lloc.<\/p>\n<p>Per Loris Baz ser\u00e0 la seva primera vegada a Assen amb Ducati, l&#8217;any passat es va perdre la cursa per una lesi\u00f3, per\u00f2 aquest cop arriba amb moltes ganes de lluitar per un bon resultat.<\/p>\n\n<p>&#8220;Despr\u00e9s del bon cap de setmana a Barcelona aquesta setmana he estat entrenant molt dur i amb m\u00e9s motivaci\u00f3 que mai. Arribo a Assen amb moltes ganes de millorar el que vam fer en l&#8217;\u00faltima carrera i acabar d&#8217;oblidar la primera part de la temporada amb un altre gran resultat. El circuit m&#8217;agrada molt i haurem de treballar dur des del divendres per treure el m\u00e0xim partit dels pneum\u00e0tics i triar b\u00e9 els de carrera. Ser\u00e0 important fer-ho b\u00e9 a Assen i a Alemanya per acabar la primera part de la temporada amb bon gust de boca. &#8221;<\/p>\n\n<p>&#8220;Estic content d&#8217;anar a Assen perqu\u00e8 \u00e9s un circuit que m&#8217;encanta. El cap de setmana de descans ha vingut b\u00e9 perqu\u00e8 estava una mica cansat despr\u00e9s de Mugello i Barcelona. Per\u00f2 a m\u00e9s de descansar he entrenat b\u00e9 per arribar fort a un dels meus circuits predilectes. L&#8217;any passat estava lesionat i no vaig poder c\u00f3rrer all\u00e0, aix\u00ed que estic desitjant poder rodar amb la meva Ducati. S&#8217;haur\u00e0 de veure com va el cap de setmana perqu\u00e8, tot i que les previsions no s\u00f3n dolentes, a Assen sempre pot apar\u00e8ixer la pluja. Tamb\u00e9 caldr\u00e0 treballar per triar b\u00e9 els pneum\u00e0tics. L&#8217;important \u00e9s que vaig amb ganes d&#8217;acabar b\u00e9 la primera meitat de la temporada amb les dues properes carreres.\u201d<\/p>\n","protected":false},"excerpt":{"rendered":"<p>Despr\u00e9s d&#8217;un cap de setmana de descans dels pilots de Reale Avintia Racing, H\u00e9ctor Barber\u00e1 i Loris Baz, viatjaran aquest cap de setmana al circuit d&#8217;Assen per disputar la vuitena cita del Campionat del M\u00f3n de MotoGP 2017. El Gran Premi d&#8217;Holanda ser\u00e0 el primer de dos caps de setmana de carreres consecutius que marcaran [&hellip;]<\/p>\n","protected":false},"author":6,"featured_media":3987,"comment_status":"closed","ping_status":"closed","sticky":false,"template":"","format":"standard","meta":{"footnotes":""},"categories":[3],"tags":[],"class_list":["post-4507","post","type-post","status-publish","format-standard","has-post-thumbnail","hentry","category-motogp"],"yoast_head":"<!-- This site is optimized with the Yoast SEO plugin v27.1.1 - https:\/\/yoast.com\/product\/yoast-seo-wordpress\/ -->\n<title>Els pilots de Reale Avintia Racing arriben a la Catedral del Motociclisme - Esponsorama<\/title>\n<meta name=\"robots\" content=\"index, follow, max-snippet:-1, max-image-preview:large, max-video-preview:-1\" \/>\n<link rel=\"canonical\" href=\"http:\/\/esponsorama.ad\/ca\/los-pilotos-reale-avintia-racing-llegan-la-catedral-del-motociclismo\/\" \/>\n<meta property=\"og:locale\" content=\"en_US\" \/>\n<meta property=\"og:type\" content=\"article\" \/>\n<meta property=\"og:title\" content=\"Els pilots de Reale Avintia Racing arriben a la Catedral del Motociclisme - Esponsorama\" \/>\n<meta property=\"og:description\" content=\"Despr\u00e9s d&#8217;un cap de setmana de descans dels pilots de Reale Avintia Racing, H\u00e9ctor Barber\u00e1 i Loris Baz, viatjaran aquest cap de setmana al circuit d&#8217;Assen per disputar la vuitena cita del Campionat del M\u00f3n de MotoGP 2017. El Gran Premi d&#8217;Holanda ser\u00e0 el primer de dos caps de setmana de carreres consecutius que marcaran [&hellip;]\" \/>\n<meta property=\"og:url\" content=\"http:\/\/esponsorama.ad\/ca\/los-pilotos-reale-avintia-racing-llegan-la-catedral-del-motociclismo\/\" \/>\n<meta property=\"og:site_name\" content=\"Esponsorama\" \/>\n<meta property=\"article:published_time\" content=\"2017-06-20T07:29:17+00:00\" \/>\n<meta property=\"article:modified_time\" content=\"2017-06-23T15:54:22+00:00\" \/>\n<meta property=\"og:image\" content=\"http:\/\/esponsorama.ad\/wp-content\/uploads\/2017\/06\/07Montmelo17MgpESPONSORAMA_JOC2952-1024x683.jpg\" \/>\n\t<meta property=\"og:image:width\" content=\"1024\" \/>\n\t<meta property=\"og:image:height\" content=\"683\" \/>\n\t<meta property=\"og:image:type\" content=\"image\/jpeg\" \/>\n<meta name=\"author\" content=\"Xavi Andornet\" \/>\n<meta name=\"twitter:card\" content=\"summary_large_image\" \/>\n<meta name=\"twitter:label1\" content=\"Written by\" \/>\n\t<meta name=\"twitter:data1\" content=\"Xavi Andornet\" \/>\n\t<meta name=\"twitter:label2\" content=\"Est. reading time\" \/>\n\t<meta name=\"twitter:data2\" content=\"2 minutes\" \/>\n<script type=\"application\/ld+json\" class=\"yoast-schema-graph\">{\"@context\":\"https:\/\/schema.org\",\"@graph\":[{\"@type\":\"Article\",\"@id\":\"http:\/\/esponsorama.ad\/ca\/los-pilotos-reale-avintia-racing-llegan-la-catedral-del-motociclismo\/#article\",\"isPartOf\":{\"@id\":\"http:\/\/esponsorama.ad\/ca\/los-pilotos-reale-avintia-racing-llegan-la-catedral-del-motociclismo\/\"},\"author\":{\"name\":\"Xavi Andornet\",\"@id\":\"http:\/\/esponsorama.ad\/es\/#\/schema\/person\/a5cde74945183d737066e46b61c6f9c4\"},\"headline\":\"Els pilots de Reale Avintia Racing arriben a la Catedral del Motociclisme\",\"datePublished\":\"2017-06-20T07:29:17+00:00\",\"dateModified\":\"2017-06-23T15:54:22+00:00\",\"mainEntityOfPage\":{\"@id\":\"http:\/\/esponsorama.ad\/ca\/los-pilotos-reale-avintia-racing-llegan-la-catedral-del-motociclismo\/\"},\"wordCount\":424,\"image\":{\"@id\":\"http:\/\/esponsorama.ad\/ca\/los-pilotos-reale-avintia-racing-llegan-la-catedral-del-motociclismo\/#primaryimage\"},\"thumbnailUrl\":\"http:\/\/esponsorama.ad\/wp-content\/uploads\/2017\/06\/07Montmelo17MgpESPONSORAMA_JOC2952.jpg\",\"articleSection\":[\"MotoGP\"],\"inLanguage\":\"ca-AD\"},{\"@type\":\"WebPage\",\"@id\":\"http:\/\/esponsorama.ad\/ca\/los-pilotos-reale-avintia-racing-llegan-la-catedral-del-motociclismo\/\",\"url\":\"http:\/\/esponsorama.ad\/ca\/los-pilotos-reale-avintia-racing-llegan-la-catedral-del-motociclismo\/\",\"name\":\"Els pilots de Reale Avintia Racing arriben a la Catedral del Motociclisme - Esponsorama\",\"isPartOf\":{\"@id\":\"http:\/\/esponsorama.ad\/es\/#website\"},\"primaryImageOfPage\":{\"@id\":\"http:\/\/esponsorama.ad\/ca\/los-pilotos-reale-avintia-racing-llegan-la-catedral-del-motociclismo\/#primaryimage\"},\"image\":{\"@id\":\"http:\/\/esponsorama.ad\/ca\/los-pilotos-reale-avintia-racing-llegan-la-catedral-del-motociclismo\/#primaryimage\"},\"thumbnailUrl\":\"http:\/\/esponsorama.ad\/wp-content\/uploads\/2017\/06\/07Montmelo17MgpESPONSORAMA_JOC2952.jpg\",\"datePublished\":\"2017-06-20T07:29:17+00:00\",\"dateModified\":\"2017-06-23T15:54:22+00:00\",\"author\":{\"@id\":\"http:\/\/esponsorama.ad\/es\/#\/schema\/person\/a5cde74945183d737066e46b61c6f9c4\"},\"breadcrumb\":{\"@id\":\"http:\/\/esponsorama.ad\/ca\/los-pilotos-reale-avintia-racing-llegan-la-catedral-del-motociclismo\/#breadcrumb\"},\"inLanguage\":\"ca-AD\",\"potentialAction\":[{\"@type\":\"ReadAction\",\"target\":[\"http:\/\/esponsorama.ad\/ca\/los-pilotos-reale-avintia-racing-llegan-la-catedral-del-motociclismo\/\"]}]},{\"@type\":\"ImageObject\",\"inLanguage\":\"ca-AD\",\"@id\":\"http:\/\/esponsorama.ad\/ca\/los-pilotos-reale-avintia-racing-llegan-la-catedral-del-motociclismo\/#primaryimage\",\"url\":\"http:\/\/esponsorama.ad\/wp-content\/uploads\/2017\/06\/07Montmelo17MgpESPONSORAMA_JOC2952.jpg\",\"contentUrl\":\"http:\/\/esponsorama.ad\/wp-content\/uploads\/2017\/06\/07Montmelo17MgpESPONSORAMA_JOC2952.jpg\",\"width\":5184,\"height\":3456,\"caption\":\"07 Montmel\u00f3 9,10, 11 y 12 de junio de 2017. Circuito de Montmel\u00f3, Catalu\u00f1a, ESPA\u00d1A. MotoGP, MGP, mgp, motogp\"},{\"@type\":\"BreadcrumbList\",\"@id\":\"http:\/\/esponsorama.ad\/ca\/los-pilotos-reale-avintia-racing-llegan-la-catedral-del-motociclismo\/#breadcrumb\",\"itemListElement\":[{\"@type\":\"ListItem\",\"position\":1,\"name\":\"Home\",\"item\":\"http:\/\/esponsorama.ad\/en\/\"},{\"@type\":\"ListItem\",\"position\":2,\"name\":\"Els pilots de Reale Avintia Racing arriben a la Catedral del Motociclisme\"}]},{\"@type\":\"WebSite\",\"@id\":\"http:\/\/esponsorama.ad\/es\/#website\",\"url\":\"http:\/\/esponsorama.ad\/es\/\",\"name\":\"Esponsorama\",\"description\":\"Specialist in motorsport sponsorship and event promotions\",\"potentialAction\":[{\"@type\":\"SearchAction\",\"target\":{\"@type\":\"EntryPoint\",\"urlTemplate\":\"http:\/\/esponsorama.ad\/es\/?s={search_term_string}\"},\"query-input\":{\"@type\":\"PropertyValueSpecification\",\"valueRequired\":true,\"valueName\":\"search_term_string\"}}],\"inLanguage\":\"ca-AD\"},{\"@type\":\"Person\",\"@id\":\"http:\/\/esponsorama.ad\/es\/#\/schema\/person\/a5cde74945183d737066e46b61c6f9c4\",\"name\":\"Xavi Andornet\",\"image\":{\"@type\":\"ImageObject\",\"inLanguage\":\"ca-AD\",\"@id\":\"http:\/\/esponsorama.ad\/es\/#\/schema\/person\/image\/\",\"url\":\"https:\/\/secure.gravatar.com\/avatar\/f10eaf9ad601244a2357c9fd7cd9805ed166cfaaf76d5d9ab08a9d873e70147a?s=96&d=mm&r=g\",\"contentUrl\":\"https:\/\/secure.gravatar.com\/avatar\/f10eaf9ad601244a2357c9fd7cd9805ed166cfaaf76d5d9ab08a9d873e70147a?s=96&d=mm&r=g\",\"caption\":\"Xavi Andornet\"},\"sameAs\":[\"http:\/\/www.andornet.ad\"],\"url\":\"http:\/\/esponsorama.ad\/ca\/author\/andornet\/\"}]}<\/script>\n<!-- \/ Yoast SEO plugin. -->","yoast_head_json":{"title":"Els pilots de Reale Avintia Racing arriben a la Catedral del Motociclisme - Esponsorama","robots":{"index":"index","follow":"follow","max-snippet":"max-snippet:-1","max-image-preview":"max-image-preview:large","max-video-preview":"max-video-preview:-1"},"canonical":"http:\/\/esponsorama.ad\/ca\/los-pilotos-reale-avintia-racing-llegan-la-catedral-del-motociclismo\/","og_locale":"en_US","og_type":"article","og_title":"Els pilots de Reale Avintia Racing arriben a la Catedral del Motociclisme - Esponsorama","og_description":"Despr\u00e9s d&#8217;un cap de setmana de descans dels pilots de Reale Avintia Racing, H\u00e9ctor Barber\u00e1 i Loris Baz, viatjaran aquest cap de setmana al circuit d&#8217;Assen per disputar la vuitena cita del Campionat del M\u00f3n de MotoGP 2017. El Gran Premi d&#8217;Holanda ser\u00e0 el primer de dos caps de setmana de carreres consecutius que marcaran [&hellip;]","og_url":"http:\/\/esponsorama.ad\/ca\/los-pilotos-reale-avintia-racing-llegan-la-catedral-del-motociclismo\/","og_site_name":"Esponsorama","article_published_time":"2017-06-20T07:29:17+00:00","article_modified_time":"2017-06-23T15:54:22+00:00","og_image":[{"width":1024,"height":683,"url":"http:\/\/esponsorama.ad\/wp-content\/uploads\/2017\/06\/07Montmelo17MgpESPONSORAMA_JOC2952-1024x683.jpg","type":"image\/jpeg"}],"author":"Xavi Andornet","twitter_card":"summary_large_image","twitter_misc":{"Written by":"Xavi Andornet","Est. reading time":"2 minutes"},"schema":{"@context":"https:\/\/schema.org","@graph":[{"@type":"Article","@id":"http:\/\/esponsorama.ad\/ca\/los-pilotos-reale-avintia-racing-llegan-la-catedral-del-motociclismo\/#article","isPartOf":{"@id":"http:\/\/esponsorama.ad\/ca\/los-pilotos-reale-avintia-racing-llegan-la-catedral-del-motociclismo\/"},"author":{"name":"Xavi Andornet","@id":"http:\/\/esponsorama.ad\/es\/#\/schema\/person\/a5cde74945183d737066e46b61c6f9c4"},"headline":"Els pilots de Reale Avintia Racing arriben a la Catedral del Motociclisme","datePublished":"2017-06-20T07:29:17+00:00","dateModified":"2017-06-23T15:54:22+00:00","mainEntityOfPage":{"@id":"http:\/\/esponsorama.ad\/ca\/los-pilotos-reale-avintia-racing-llegan-la-catedral-del-motociclismo\/"},"wordCount":424,"image":{"@id":"http:\/\/esponsorama.ad\/ca\/los-pilotos-reale-avintia-racing-llegan-la-catedral-del-motociclismo\/#primaryimage"},"thumbnailUrl":"http:\/\/esponsorama.ad\/wp-content\/uploads\/2017\/06\/07Montmelo17MgpESPONSORAMA_JOC2952.jpg","articleSection":["MotoGP"],"inLanguage":"ca-AD"},{"@type":"WebPage","@id":"http:\/\/esponsorama.ad\/ca\/los-pilotos-reale-avintia-racing-llegan-la-catedral-del-motociclismo\/","url":"http:\/\/esponsorama.ad\/ca\/los-pilotos-reale-avintia-racing-llegan-la-catedral-del-motociclismo\/","name":"Els pilots de Reale Avintia Racing arriben a la Catedral del Motociclisme - Esponsorama","isPartOf":{"@id":"http:\/\/esponsorama.ad\/es\/#website"},"primaryImageOfPage":{"@id":"http:\/\/esponsorama.ad\/ca\/los-pilotos-reale-avintia-racing-llegan-la-catedral-del-motociclismo\/#primaryimage"},"image":{"@id":"http:\/\/esponsorama.ad\/ca\/los-pilotos-reale-avintia-racing-llegan-la-catedral-del-motociclismo\/#primaryimage"},"thumbnailUrl":"http:\/\/esponsorama.ad\/wp-content\/uploads\/2017\/06\/07Montmelo17MgpESPONSORAMA_JOC2952.jpg","datePublished":"2017-06-20T07:29:17+00:00","dateModified":"2017-06-23T15:54:22+00:00","author":{"@id":"http:\/\/esponsorama.ad\/es\/#\/schema\/person\/a5cde74945183d737066e46b61c6f9c4"},"breadcrumb":{"@id":"http:\/\/esponsorama.ad\/ca\/los-pilotos-reale-avintia-racing-llegan-la-catedral-del-motociclismo\/#breadcrumb"},"inLanguage":"ca-AD","potentialAction":[{"@type":"ReadAction","target":["http:\/\/esponsorama.ad\/ca\/los-pilotos-reale-avintia-racing-llegan-la-catedral-del-motociclismo\/"]}]},{"@type":"ImageObject","inLanguage":"ca-AD","@id":"http:\/\/esponsorama.ad\/ca\/los-pilotos-reale-avintia-racing-llegan-la-catedral-del-motociclismo\/#primaryimage","url":"http:\/\/esponsorama.ad\/wp-content\/uploads\/2017\/06\/07Montmelo17MgpESPONSORAMA_JOC2952.jpg","contentUrl":"http:\/\/esponsorama.ad\/wp-content\/uploads\/2017\/06\/07Montmelo17MgpESPONSORAMA_JOC2952.jpg","width":5184,"height":3456,"caption":"07 Montmel\u00f3 9,10, 11 y 12 de junio de 2017. Circuito de Montmel\u00f3, Catalu\u00f1a, ESPA\u00d1A. MotoGP, MGP, mgp, motogp"},{"@type":"BreadcrumbList","@id":"http:\/\/esponsorama.ad\/ca\/los-pilotos-reale-avintia-racing-llegan-la-catedral-del-motociclismo\/#breadcrumb","itemListElement":[{"@type":"ListItem","position":1,"name":"Home","item":"http:\/\/esponsorama.ad\/en\/"},{"@type":"ListItem","position":2,"name":"Els pilots de Reale Avintia Racing arriben a la Catedral del Motociclisme"}]},{"@type":"WebSite","@id":"http:\/\/esponsorama.ad\/es\/#website","url":"http:\/\/esponsorama.ad\/es\/","name":"Esponsorama","description":"Specialist in motorsport sponsorship and event promotions","potentialAction":[{"@type":"SearchAction","target":{"@type":"EntryPoint","urlTemplate":"http:\/\/esponsorama.ad\/es\/?s={search_term_string}"},"query-input":{"@type":"PropertyValueSpecification","valueRequired":true,"valueName":"search_term_string"}}],"inLanguage":"ca-AD"},{"@type":"Person","@id":"http:\/\/esponsorama.ad\/es\/#\/schema\/person\/a5cde74945183d737066e46b61c6f9c4","name":"Xavi Andornet","image":{"@type":"ImageObject","inLanguage":"ca-AD","@id":"http:\/\/esponsorama.ad\/es\/#\/schema\/person\/image\/","url":"https:\/\/secure.gravatar.com\/avatar\/f10eaf9ad601244a2357c9fd7cd9805ed166cfaaf76d5d9ab08a9d873e70147a?s=96&d=mm&r=g","contentUrl":"https:\/\/secure.gravatar.com\/avatar\/f10eaf9ad601244a2357c9fd7cd9805ed166cfaaf76d5d9ab08a9d873e70147a?s=96&d=mm&r=g","caption":"Xavi Andornet"},"sameAs":["http:\/\/www.andornet.ad"],"url":"http:\/\/esponsorama.ad\/ca\/author\/andornet\/"}]}},"_links":{"self":[{"href":"http:\/\/esponsorama.ad\/ca\/wp-json\/wp\/v2\/posts\/4507","targetHints":{"allow":["GET"]}}],"collection":[{"href":"http:\/\/esponsorama.ad\/ca\/wp-json\/wp\/v2\/posts"}],"about":[{"href":"http:\/\/esponsorama.ad\/ca\/wp-json\/wp\/v2\/types\/post"}],"author":[{"embeddable":true,"href":"http:\/\/esponsorama.ad\/ca\/wp-json\/wp\/v2\/users\/6"}],"replies":[{"embeddable":true,"href":"http:\/\/esponsorama.ad\/ca\/wp-json\/wp\/v2\/comments?post=4507"}],"version-history":[{"count":0,"href":"http:\/\/esponsorama.ad\/ca\/wp-json\/wp\/v2\/posts\/4507\/revisions"}],"wp:featuredmedia":[{"embeddable":true,"href":"http:\/\/esponsorama.ad\/ca\/wp-json\/wp\/v2\/media\/3987"}],"wp:attachment":[{"href":"http:\/\/esponsorama.ad\/ca\/wp-json\/wp\/v2\/media?parent=4507"}],"wp:term":[{"taxonomy":"category","embeddable":true,"href":"http:\/\/esponsorama.ad\/ca\/wp-json\/wp\/v2\/categories?post=4507"},{"taxonomy":"post_tag","embeddable":true,"href":"http:\/\/esponsorama.ad\/ca\/wp-json\/wp\/v2\/tags?post=4507"}],"curies":[{"name":"wp","href":"https:\/\/api.w.org\/{rel}","templated":true}]}}