{"id":503,"date":"2016-07-22T17:00:13","date_gmt":"2016-07-22T15:00:13","guid":{"rendered":"http:\/\/esponsorama.ad\/?p=503"},"modified":"2016-07-22T18:19:57","modified_gmt":"2016-07-22T16:19:57","slug":"un-noveno-puesto-que-sabe-a-poco-para-barbera-y-avintia-racing","status":"publish","type":"post","link":"http:\/\/esponsorama.ad\/ca\/un-noveno-puesto-que-sabe-a-poco-para-barbera-y-avintia-racing\/","title":{"rendered":"Un nov\u00e8 lloc que pod\u00eda ser millor per en Barber\u00e0 i Avintia Racing"},"content":{"rendered":"<p>Les condicions climatol\u00f2giques han estat una vegada m\u00e9s protagonistes a Sachsenring, i han impedit a l\u2019H\u00e9ctor Barber\u00e1 i l&#8217;equip Avintia Racing, aconseguir un grand\u00edssim resultat. Despr\u00e9s d&#8217;aconseguir la segona posici\u00f3 de la graella en els entrenaments cronometrats disputats en sec, avui en Barber\u00e1, ha demostrat en el warm-up, que sota la pluja tamb\u00e9 podia ser molt competitiu. En apagar-se el sem\u00e0for vermell, ha pogut confirmar les bones sensacions del mat\u00ed sobre l&#8217;asfalt mullat lluitant en el grup del davant, i quan la pista s&#8217;ha anat assecant ha passat a l&#8217;atac fins col\u00b7locar-se segon, per darrere de l\u2019Andrea Dovizioso i per davant d\u2019en Valentino Rossi. A falta de set voltes per al final ha parat a canviar de moto, i encara que el seu ritme en condicions mixtes tampoc ha estat dolent, ha perdut unes precioses posicions fins a creuar la meta nov\u00e8. Un bon resultat, per\u00f2 que sens dubte pod\u00eda ser millor despr\u00e9s d&#8217;estar davant. Tot i aix\u00ed, el balan\u00e7 de la primera meitat de l&#8217;any \u00e9s molt positiu, perqu\u00e8 en Barber\u00e1 segueix set\u00e8 en el campionat, i com a primera Ducati.<\/p>\n<p>En Loris Baz tamb\u00e9 ha comen\u00e7at la cursa amb moltes expectatives despr\u00e9s de mostrar un gran ritme en el warm-up. Per\u00f2 el pilot franc\u00e8s d\u2019Avintia Racing no ha encertat amb l&#8217;elecci\u00f3 de pneum\u00e0tics quan la pista estava mullada, i tampoc en canviar de moto, el que l&#8217;ha obligat a passar un cop m\u00e9s per boxes. En Baz ha acabat 17\u00e8, i el m\u00e9s positiu del cap de setmana del seu retorn, \u00e9s que el seu peu no li ha molestat sobre de la moto.<\/p>\n<p>En Barber\u00e1 i en Baz viatjaran ara a Spielberg per entrenar durant dos dies al Red Bull Ring, escenari del pr\u00f2xim Gran Premi d&#8217;\u00c0ustria del 12 al 14 d&#8217;agost.<\/p>\n<p><strong>\u00a0<\/strong><\/p>\n<p><strong>H\u00c9CTOR BARBER\u00c1 #8 \/ @HectorBarbera P9<\/strong><\/p>\n<p>&#8220;Ha estat una carrera boja i no hem tingut sort. Despr\u00e9s de 15 voltes la pista s&#8217;ha assecat i la condici\u00f3 mixta a mi sempre em costa m\u00e9s. Mentre estava mullat he donat el m\u00e0xim i est\u00e0vem molt ben classificats, per\u00f2 despr\u00e9s del canvi de moto no ha anat tan b\u00e9. A la primera volta he perdut molt de temps, venia gent llan\u00e7ada que havia canviat de moto unes voltes abans i hem perdut posicions. Al final, la part positiva \u00e9s que ha estat una de les carreres en les que m\u00e9s a prop hem entrat dels de davant i l&#8217;equip ha fet un grand\u00edssim treball durant tot el cap de setmana. Ahir ens vam ficar segons en la graella i avui hem estat aqu\u00ed fins pr\u00e0cticament el final de la cursa. Ha estat una ll\u00e0stima que al final no s&#8217;hagi vist el resultat, per\u00f2 el nov\u00e8 lloc no est\u00e0 tan malament. Tornem a ser competitius amb aigua i en sec, de manera que abans o despr\u00e9s els resultats arribaran. Anem a la parada classificats setens i com a primera Ducati, aix\u00ed que hem d&#8217;estar contents &#8220;.<\/p>\n<p><strong>\u00a0<\/strong><\/p>\n<p><strong>LORIS BAZ #76 \/ @lorisbaz P17<\/strong><\/p>\n<p>&#8220;La cursa ha estat un desastre des de la primera a l&#8217;\u00faltima volta. Havia de mullar-se la pista i al final s&#8217;ha assecat. En aquestes condicions no ten\u00edem la millor goma davantera i havia d&#8217;arriscar molt en no poder fer pas per corba. He entrat a canviar de moto aviat, per\u00f2 creia que era impossible anar amb slick darrere, i he hagut de parar de nou per sortir amb el mixt. Quan he donat una volta, he vist que amb el slick ja es podia anar, per\u00f2 la condici\u00f3 de la pista canviava tan r\u00e0pid que era impossible encertar. Al final no anava tan malament, per\u00f2 ja havia perdut dues voltes i no tenia sentit arriscar. La part positiva \u00e9s que, encara que la cama ara em fa bastant mal, no m&#8217;ha molestat gens sobre de la moto. Ara ens anem a \u00c0ustria per al test, a veure si podem aprendre alguna cosa que ens ajudi, perqu\u00e8 ha estat la pitjor primera meitat de temporada de la meva vida. Nom\u00e9s espero que la segona vagi millor&#8221;.<\/p>\n<p>&nbsp;<\/p>\n<div id='gallery-1' class='gallery galleryid-503 gallery-columns-4 gallery-size-thumbnail'><figure class='gallery-item'>\n\t\t\t<div class='gallery-icon landscape'>\n\t\t\t\t<a href='http:\/\/esponsorama.ad\/wp-content\/uploads\/2016\/07\/09_SACHSEN_MGP_AVINTIA-0170.jpg' title=\"\" data-rl_title=\"\" class=\"rl-gallery-link\" data-rl_caption=\"\" data-rel=\"lightbox-gallery-1\"><img loading=\"lazy\" decoding=\"async\" width=\"150\" height=\"150\" src=\"http:\/\/esponsorama.ad\/wp-content\/uploads\/2016\/07\/09_SACHSEN_MGP_AVINTIA-0170-150x150.jpg\" class=\"attachment-thumbnail size-thumbnail\" alt=\"\" \/><\/a>\n\t\t\t<\/div><\/figure><figure class='gallery-item'>\n\t\t\t<div class='gallery-icon landscape'>\n\t\t\t\t<a href='http:\/\/esponsorama.ad\/wp-content\/uploads\/2016\/07\/09_SACHSEN_MGP_AVINTIA-0480.jpg' title=\"\" data-rl_title=\"\" class=\"rl-gallery-link\" data-rl_caption=\"\" data-rel=\"lightbox-gallery-1\"><img loading=\"lazy\" decoding=\"async\" width=\"150\" height=\"150\" src=\"http:\/\/esponsorama.ad\/wp-content\/uploads\/2016\/07\/09_SACHSEN_MGP_AVINTIA-0480-150x150.jpg\" class=\"attachment-thumbnail size-thumbnail\" alt=\"\" \/><\/a>\n\t\t\t<\/div><\/figure><figure class='gallery-item'>\n\t\t\t<div class='gallery-icon landscape'>\n\t\t\t\t<a href='http:\/\/esponsorama.ad\/wp-content\/uploads\/2016\/07\/JOC5138.jpg' title=\"\" data-rl_title=\"\" class=\"rl-gallery-link\" data-rl_caption=\"\" data-rel=\"lightbox-gallery-1\"><img loading=\"lazy\" decoding=\"async\" width=\"150\" height=\"150\" src=\"http:\/\/esponsorama.ad\/wp-content\/uploads\/2016\/07\/JOC5138-150x150.jpg\" class=\"attachment-thumbnail size-thumbnail\" alt=\"\" \/><\/a>\n\t\t\t<\/div><\/figure><figure class='gallery-item'>\n\t\t\t<div class='gallery-icon landscape'>\n\t\t\t\t<a href='http:\/\/esponsorama.ad\/wp-content\/uploads\/2016\/07\/09_SACHSEN_MGP_AVINTIA-1027.jpg' title=\"\" data-rl_title=\"\" class=\"rl-gallery-link\" data-rl_caption=\"\" data-rel=\"lightbox-gallery-1\"><img loading=\"lazy\" decoding=\"async\" width=\"150\" height=\"150\" src=\"http:\/\/esponsorama.ad\/wp-content\/uploads\/2016\/07\/09_SACHSEN_MGP_AVINTIA-1027-150x150.jpg\" class=\"attachment-thumbnail size-thumbnail\" alt=\"\" \/><\/a>\n\t\t\t<\/div><\/figure>\n\t\t<\/div>\n\n","protected":false},"excerpt":{"rendered":"<p>Les condicions climatol\u00f2giques han estat una vegada m\u00e9s protagonistes a Sachsenring, i han impedit a l\u2019H\u00e9ctor Barber\u00e1 i l&#8217;equip Avintia Racing, aconseguir un grand\u00edssim resultat. Despr\u00e9s d&#8217;aconseguir la segona posici\u00f3 de la graella en els entrenaments cronometrats disputats en sec, avui en Barber\u00e1, ha demostrat en el warm-up, que sota la pluja tamb\u00e9 podia ser [&hellip;]<\/p>\n","protected":false},"author":6,"featured_media":505,"comment_status":"closed","ping_status":"closed","sticky":false,"template":"","format":"standard","meta":{"footnotes":""},"categories":[3],"tags":[],"class_list":["post-503","post","type-post","status-publish","format-standard","has-post-thumbnail","hentry","category-motogp"],"yoast_head":"<!-- This site is optimized with the Yoast SEO plugin v27.1.1 - https:\/\/yoast.com\/product\/yoast-seo-wordpress\/ -->\n<title>Un nov\u00e8 lloc que pod\u00eda ser millor per en Barber\u00e0 i Avintia Racing - Esponsorama<\/title>\n<meta name=\"robots\" content=\"index, follow, max-snippet:-1, max-image-preview:large, max-video-preview:-1\" \/>\n<link rel=\"canonical\" href=\"http:\/\/esponsorama.ad\/ca\/un-noveno-puesto-que-sabe-a-poco-para-barbera-y-avintia-racing\/\" \/>\n<meta property=\"og:locale\" content=\"en_US\" \/>\n<meta property=\"og:type\" content=\"article\" \/>\n<meta property=\"og:title\" content=\"Un nov\u00e8 lloc que pod\u00eda ser millor per en Barber\u00e0 i Avintia Racing - Esponsorama\" \/>\n<meta property=\"og:description\" content=\"Les condicions climatol\u00f2giques han estat una vegada m\u00e9s protagonistes a Sachsenring, i han impedit a l\u2019H\u00e9ctor Barber\u00e1 i l&#8217;equip Avintia Racing, aconseguir un grand\u00edssim resultat. Despr\u00e9s d&#8217;aconseguir la segona posici\u00f3 de la graella en els entrenaments cronometrats disputats en sec, avui en Barber\u00e1, ha demostrat en el warm-up, que sota la pluja tamb\u00e9 podia ser [&hellip;]\" \/>\n<meta property=\"og:url\" content=\"http:\/\/esponsorama.ad\/ca\/un-noveno-puesto-que-sabe-a-poco-para-barbera-y-avintia-racing\/\" \/>\n<meta property=\"og:site_name\" content=\"Esponsorama\" \/>\n<meta property=\"article:published_time\" content=\"2016-07-22T15:00:13+00:00\" \/>\n<meta property=\"article:modified_time\" content=\"2016-07-22T16:19:57+00:00\" \/>\n<meta property=\"og:image\" content=\"http:\/\/esponsorama.ad\/wp-content\/uploads\/2016\/07\/09_SACHSEN_MGP_AVINTIA-0170.jpg\" \/>\n\t<meta property=\"og:image:width\" content=\"3882\" \/>\n\t<meta property=\"og:image:height\" content=\"2588\" \/>\n\t<meta property=\"og:image:type\" content=\"image\/jpeg\" \/>\n<meta name=\"author\" content=\"Xavi Andornet\" \/>\n<meta name=\"twitter:card\" content=\"summary_large_image\" \/>\n<meta name=\"twitter:label1\" content=\"Written by\" \/>\n\t<meta name=\"twitter:data1\" content=\"Xavi Andornet\" \/>\n\t<meta name=\"twitter:label2\" content=\"Est. reading time\" \/>\n\t<meta name=\"twitter:data2\" content=\"4 minutes\" \/>\n<script type=\"application\/ld+json\" class=\"yoast-schema-graph\">{\"@context\":\"https:\/\/schema.org\",\"@graph\":[{\"@type\":\"Article\",\"@id\":\"http:\/\/esponsorama.ad\/ca\/un-noveno-puesto-que-sabe-a-poco-para-barbera-y-avintia-racing\/#article\",\"isPartOf\":{\"@id\":\"http:\/\/esponsorama.ad\/ca\/un-noveno-puesto-que-sabe-a-poco-para-barbera-y-avintia-racing\/\"},\"author\":{\"name\":\"Xavi Andornet\",\"@id\":\"http:\/\/esponsorama.ad\/es\/#\/schema\/person\/a5cde74945183d737066e46b61c6f9c4\"},\"headline\":\"Un nov\u00e8 lloc que pod\u00eda ser millor per en Barber\u00e0 i Avintia Racing\",\"datePublished\":\"2016-07-22T15:00:13+00:00\",\"dateModified\":\"2016-07-22T16:19:57+00:00\",\"mainEntityOfPage\":{\"@id\":\"http:\/\/esponsorama.ad\/ca\/un-noveno-puesto-que-sabe-a-poco-para-barbera-y-avintia-racing\/\"},\"wordCount\":716,\"image\":{\"@id\":\"http:\/\/esponsorama.ad\/ca\/un-noveno-puesto-que-sabe-a-poco-para-barbera-y-avintia-racing\/#primaryimage\"},\"thumbnailUrl\":\"http:\/\/esponsorama.ad\/wp-content\/uploads\/2016\/07\/09_SACHSEN_MGP_AVINTIA-0170.jpg\",\"articleSection\":[\"MotoGP\"],\"inLanguage\":\"ca-AD\"},{\"@type\":\"WebPage\",\"@id\":\"http:\/\/esponsorama.ad\/ca\/un-noveno-puesto-que-sabe-a-poco-para-barbera-y-avintia-racing\/\",\"url\":\"http:\/\/esponsorama.ad\/ca\/un-noveno-puesto-que-sabe-a-poco-para-barbera-y-avintia-racing\/\",\"name\":\"Un nov\u00e8 lloc que pod\u00eda ser millor per en Barber\u00e0 i Avintia Racing - Esponsorama\",\"isPartOf\":{\"@id\":\"http:\/\/esponsorama.ad\/es\/#website\"},\"primaryImageOfPage\":{\"@id\":\"http:\/\/esponsorama.ad\/ca\/un-noveno-puesto-que-sabe-a-poco-para-barbera-y-avintia-racing\/#primaryimage\"},\"image\":{\"@id\":\"http:\/\/esponsorama.ad\/ca\/un-noveno-puesto-que-sabe-a-poco-para-barbera-y-avintia-racing\/#primaryimage\"},\"thumbnailUrl\":\"http:\/\/esponsorama.ad\/wp-content\/uploads\/2016\/07\/09_SACHSEN_MGP_AVINTIA-0170.jpg\",\"datePublished\":\"2016-07-22T15:00:13+00:00\",\"dateModified\":\"2016-07-22T16:19:57+00:00\",\"author\":{\"@id\":\"http:\/\/esponsorama.ad\/es\/#\/schema\/person\/a5cde74945183d737066e46b61c6f9c4\"},\"breadcrumb\":{\"@id\":\"http:\/\/esponsorama.ad\/ca\/un-noveno-puesto-que-sabe-a-poco-para-barbera-y-avintia-racing\/#breadcrumb\"},\"inLanguage\":\"ca-AD\",\"potentialAction\":[{\"@type\":\"ReadAction\",\"target\":[\"http:\/\/esponsorama.ad\/ca\/un-noveno-puesto-que-sabe-a-poco-para-barbera-y-avintia-racing\/\"]}]},{\"@type\":\"ImageObject\",\"inLanguage\":\"ca-AD\",\"@id\":\"http:\/\/esponsorama.ad\/ca\/un-noveno-puesto-que-sabe-a-poco-para-barbera-y-avintia-racing\/#primaryimage\",\"url\":\"http:\/\/esponsorama.ad\/wp-content\/uploads\/2016\/07\/09_SACHSEN_MGP_AVINTIA-0170.jpg\",\"contentUrl\":\"http:\/\/esponsorama.ad\/wp-content\/uploads\/2016\/07\/09_SACHSEN_MGP_AVINTIA-0170.jpg\",\"width\":3882,\"height\":2588},{\"@type\":\"BreadcrumbList\",\"@id\":\"http:\/\/esponsorama.ad\/ca\/un-noveno-puesto-que-sabe-a-poco-para-barbera-y-avintia-racing\/#breadcrumb\",\"itemListElement\":[{\"@type\":\"ListItem\",\"position\":1,\"name\":\"Home\",\"item\":\"http:\/\/esponsorama.ad\/ca\/\"},{\"@type\":\"ListItem\",\"position\":2,\"name\":\"Un nov\u00e8 lloc que pod\u00eda ser millor per en Barber\u00e0 i Avintia Racing\"}]},{\"@type\":\"WebSite\",\"@id\":\"http:\/\/esponsorama.ad\/es\/#website\",\"url\":\"http:\/\/esponsorama.ad\/es\/\",\"name\":\"Esponsorama\",\"description\":\"Specialist in motorsport sponsorship and event promotions\",\"potentialAction\":[{\"@type\":\"SearchAction\",\"target\":{\"@type\":\"EntryPoint\",\"urlTemplate\":\"http:\/\/esponsorama.ad\/es\/?s={search_term_string}\"},\"query-input\":{\"@type\":\"PropertyValueSpecification\",\"valueRequired\":true,\"valueName\":\"search_term_string\"}}],\"inLanguage\":\"ca-AD\"},{\"@type\":\"Person\",\"@id\":\"http:\/\/esponsorama.ad\/es\/#\/schema\/person\/a5cde74945183d737066e46b61c6f9c4\",\"name\":\"Xavi Andornet\",\"image\":{\"@type\":\"ImageObject\",\"inLanguage\":\"ca-AD\",\"@id\":\"http:\/\/esponsorama.ad\/es\/#\/schema\/person\/image\/\",\"url\":\"https:\/\/secure.gravatar.com\/avatar\/f10eaf9ad601244a2357c9fd7cd9805ed166cfaaf76d5d9ab08a9d873e70147a?s=96&d=mm&r=g\",\"contentUrl\":\"https:\/\/secure.gravatar.com\/avatar\/f10eaf9ad601244a2357c9fd7cd9805ed166cfaaf76d5d9ab08a9d873e70147a?s=96&d=mm&r=g\",\"caption\":\"Xavi Andornet\"},\"sameAs\":[\"http:\/\/www.andornet.ad\"],\"url\":\"http:\/\/esponsorama.ad\/ca\/author\/andornet\/\"}]}<\/script>\n<!-- \/ Yoast SEO plugin. -->","yoast_head_json":{"title":"Un nov\u00e8 lloc que pod\u00eda ser millor per en Barber\u00e0 i Avintia Racing - Esponsorama","robots":{"index":"index","follow":"follow","max-snippet":"max-snippet:-1","max-image-preview":"max-image-preview:large","max-video-preview":"max-video-preview:-1"},"canonical":"http:\/\/esponsorama.ad\/ca\/un-noveno-puesto-que-sabe-a-poco-para-barbera-y-avintia-racing\/","og_locale":"en_US","og_type":"article","og_title":"Un nov\u00e8 lloc que pod\u00eda ser millor per en Barber\u00e0 i Avintia Racing - Esponsorama","og_description":"Les condicions climatol\u00f2giques han estat una vegada m\u00e9s protagonistes a Sachsenring, i han impedit a l\u2019H\u00e9ctor Barber\u00e1 i l&#8217;equip Avintia Racing, aconseguir un grand\u00edssim resultat. Despr\u00e9s d&#8217;aconseguir la segona posici\u00f3 de la graella en els entrenaments cronometrats disputats en sec, avui en Barber\u00e1, ha demostrat en el warm-up, que sota la pluja tamb\u00e9 podia ser [&hellip;]","og_url":"http:\/\/esponsorama.ad\/ca\/un-noveno-puesto-que-sabe-a-poco-para-barbera-y-avintia-racing\/","og_site_name":"Esponsorama","article_published_time":"2016-07-22T15:00:13+00:00","article_modified_time":"2016-07-22T16:19:57+00:00","og_image":[{"width":3882,"height":2588,"url":"http:\/\/esponsorama.ad\/wp-content\/uploads\/2016\/07\/09_SACHSEN_MGP_AVINTIA-0170.jpg","type":"image\/jpeg"}],"author":"Xavi Andornet","twitter_card":"summary_large_image","twitter_misc":{"Written by":"Xavi Andornet","Est. reading time":"4 minutes"},"schema":{"@context":"https:\/\/schema.org","@graph":[{"@type":"Article","@id":"http:\/\/esponsorama.ad\/ca\/un-noveno-puesto-que-sabe-a-poco-para-barbera-y-avintia-racing\/#article","isPartOf":{"@id":"http:\/\/esponsorama.ad\/ca\/un-noveno-puesto-que-sabe-a-poco-para-barbera-y-avintia-racing\/"},"author":{"name":"Xavi Andornet","@id":"http:\/\/esponsorama.ad\/es\/#\/schema\/person\/a5cde74945183d737066e46b61c6f9c4"},"headline":"Un nov\u00e8 lloc que pod\u00eda ser millor per en Barber\u00e0 i Avintia Racing","datePublished":"2016-07-22T15:00:13+00:00","dateModified":"2016-07-22T16:19:57+00:00","mainEntityOfPage":{"@id":"http:\/\/esponsorama.ad\/ca\/un-noveno-puesto-que-sabe-a-poco-para-barbera-y-avintia-racing\/"},"wordCount":716,"image":{"@id":"http:\/\/esponsorama.ad\/ca\/un-noveno-puesto-que-sabe-a-poco-para-barbera-y-avintia-racing\/#primaryimage"},"thumbnailUrl":"http:\/\/esponsorama.ad\/wp-content\/uploads\/2016\/07\/09_SACHSEN_MGP_AVINTIA-0170.jpg","articleSection":["MotoGP"],"inLanguage":"ca-AD"},{"@type":"WebPage","@id":"http:\/\/esponsorama.ad\/ca\/un-noveno-puesto-que-sabe-a-poco-para-barbera-y-avintia-racing\/","url":"http:\/\/esponsorama.ad\/ca\/un-noveno-puesto-que-sabe-a-poco-para-barbera-y-avintia-racing\/","name":"Un nov\u00e8 lloc que pod\u00eda ser millor per en Barber\u00e0 i Avintia Racing - Esponsorama","isPartOf":{"@id":"http:\/\/esponsorama.ad\/es\/#website"},"primaryImageOfPage":{"@id":"http:\/\/esponsorama.ad\/ca\/un-noveno-puesto-que-sabe-a-poco-para-barbera-y-avintia-racing\/#primaryimage"},"image":{"@id":"http:\/\/esponsorama.ad\/ca\/un-noveno-puesto-que-sabe-a-poco-para-barbera-y-avintia-racing\/#primaryimage"},"thumbnailUrl":"http:\/\/esponsorama.ad\/wp-content\/uploads\/2016\/07\/09_SACHSEN_MGP_AVINTIA-0170.jpg","datePublished":"2016-07-22T15:00:13+00:00","dateModified":"2016-07-22T16:19:57+00:00","author":{"@id":"http:\/\/esponsorama.ad\/es\/#\/schema\/person\/a5cde74945183d737066e46b61c6f9c4"},"breadcrumb":{"@id":"http:\/\/esponsorama.ad\/ca\/un-noveno-puesto-que-sabe-a-poco-para-barbera-y-avintia-racing\/#breadcrumb"},"inLanguage":"ca-AD","potentialAction":[{"@type":"ReadAction","target":["http:\/\/esponsorama.ad\/ca\/un-noveno-puesto-que-sabe-a-poco-para-barbera-y-avintia-racing\/"]}]},{"@type":"ImageObject","inLanguage":"ca-AD","@id":"http:\/\/esponsorama.ad\/ca\/un-noveno-puesto-que-sabe-a-poco-para-barbera-y-avintia-racing\/#primaryimage","url":"http:\/\/esponsorama.ad\/wp-content\/uploads\/2016\/07\/09_SACHSEN_MGP_AVINTIA-0170.jpg","contentUrl":"http:\/\/esponsorama.ad\/wp-content\/uploads\/2016\/07\/09_SACHSEN_MGP_AVINTIA-0170.jpg","width":3882,"height":2588},{"@type":"BreadcrumbList","@id":"http:\/\/esponsorama.ad\/ca\/un-noveno-puesto-que-sabe-a-poco-para-barbera-y-avintia-racing\/#breadcrumb","itemListElement":[{"@type":"ListItem","position":1,"name":"Home","item":"http:\/\/esponsorama.ad\/ca\/"},{"@type":"ListItem","position":2,"name":"Un nov\u00e8 lloc que pod\u00eda ser millor per en Barber\u00e0 i Avintia Racing"}]},{"@type":"WebSite","@id":"http:\/\/esponsorama.ad\/es\/#website","url":"http:\/\/esponsorama.ad\/es\/","name":"Esponsorama","description":"Specialist in motorsport sponsorship and event promotions","potentialAction":[{"@type":"SearchAction","target":{"@type":"EntryPoint","urlTemplate":"http:\/\/esponsorama.ad\/es\/?s={search_term_string}"},"query-input":{"@type":"PropertyValueSpecification","valueRequired":true,"valueName":"search_term_string"}}],"inLanguage":"ca-AD"},{"@type":"Person","@id":"http:\/\/esponsorama.ad\/es\/#\/schema\/person\/a5cde74945183d737066e46b61c6f9c4","name":"Xavi Andornet","image":{"@type":"ImageObject","inLanguage":"ca-AD","@id":"http:\/\/esponsorama.ad\/es\/#\/schema\/person\/image\/","url":"https:\/\/secure.gravatar.com\/avatar\/f10eaf9ad601244a2357c9fd7cd9805ed166cfaaf76d5d9ab08a9d873e70147a?s=96&d=mm&r=g","contentUrl":"https:\/\/secure.gravatar.com\/avatar\/f10eaf9ad601244a2357c9fd7cd9805ed166cfaaf76d5d9ab08a9d873e70147a?s=96&d=mm&r=g","caption":"Xavi Andornet"},"sameAs":["http:\/\/www.andornet.ad"],"url":"http:\/\/esponsorama.ad\/ca\/author\/andornet\/"}]}},"_links":{"self":[{"href":"http:\/\/esponsorama.ad\/ca\/wp-json\/wp\/v2\/posts\/503","targetHints":{"allow":["GET"]}}],"collection":[{"href":"http:\/\/esponsorama.ad\/ca\/wp-json\/wp\/v2\/posts"}],"about":[{"href":"http:\/\/esponsorama.ad\/ca\/wp-json\/wp\/v2\/types\/post"}],"author":[{"embeddable":true,"href":"http:\/\/esponsorama.ad\/ca\/wp-json\/wp\/v2\/users\/6"}],"replies":[{"embeddable":true,"href":"http:\/\/esponsorama.ad\/ca\/wp-json\/wp\/v2\/comments?post=503"}],"version-history":[{"count":0,"href":"http:\/\/esponsorama.ad\/ca\/wp-json\/wp\/v2\/posts\/503\/revisions"}],"wp:featuredmedia":[{"embeddable":true,"href":"http:\/\/esponsorama.ad\/ca\/wp-json\/wp\/v2\/media\/505"}],"wp:attachment":[{"href":"http:\/\/esponsorama.ad\/ca\/wp-json\/wp\/v2\/media?parent=503"}],"wp:term":[{"taxonomy":"category","embeddable":true,"href":"http:\/\/esponsorama.ad\/ca\/wp-json\/wp\/v2\/categories?post=503"},{"taxonomy":"post_tag","embeddable":true,"href":"http:\/\/esponsorama.ad\/ca\/wp-json\/wp\/v2\/tags?post=503"}],"curies":[{"name":"wp","href":"https:\/\/api.w.org\/{rel}","templated":true}]}}