{"id":5097,"date":"2017-07-19T19:25:44","date_gmt":"2017-07-19T17:25:44","guid":{"rendered":"http:\/\/esponsorama.ad\/?p=5097"},"modified":"2017-07-19T19:25:44","modified_gmt":"2017-07-19T17:25:44","slug":"reale-avintia-academy-puja-al-podi-valencia-amb-vicente-perez","status":"publish","type":"post","link":"http:\/\/esponsorama.ad\/ca\/reale-avintia-academy-puja-al-podi-valencia-amb-vicente-perez\/","title":{"rendered":"Reale Avintia Academy puja al podi a Val\u00e8ncia amb Vicente P\u00e9rez"},"content":{"rendered":"<div class=\"column\">\n<p>El diumenge del FIM CEV al circuit valenci\u00e0 Ricardo Tormo s&#8217;ha viscut amb intensitat per a la Reale Avintia Academy. Els pilots de l&#8217;equip han ofert alguna alegria a tots i segueixen en el seu progr\u00e9s d&#8217;evoluci\u00f3.<\/p>\n<p>Vicente P\u00e9rez partia des de la pole i amb moltes possibilitats d&#8217;endur-se alguna vict\u00f2ria. A la primera cursa ha estat lluitant pel podi per\u00f2 finalment s&#8217;ha hagut de conformar amb la quarta pla\u00e7a. Ja, en la segona hem pogut veure al valenci\u00e0 pujar-se al podi. Una dosi d&#8217;energia i punts per col\u00b7locar-se cinqu\u00e8 a la general.<\/p>\n<p>Makar Yurchenko arrencava de l&#8217;onzena posici\u00f3, per\u00f2 amb poca difer\u00e8ncia de temps respecte als seus rivals. Tant en la primera com en la segona carrera s&#8217;ha mantingut en la mateixa pla\u00e7a i no ha pogut lluitar per llocs de davant. El kazakh se situa nov\u00e8 de la classificaci\u00f3 del campionat.<\/p>\n<p>En l&#8217;European Talent Cup la cursa d&#8217;avui no ha estat bona per als pilots de Reale Avintia Academy, que tenien moltes ganes de poder assolir resultats com en la cita de Montmel\u00f3.<\/p>\n<\/div>\n<div class=\"column\">\n<p>El millor classificat avui ha estat Andreas P\u00e9rez, amb un cinqu\u00e8 lloc que li fa sumar onze punts m\u00e9s i es mant\u00e9 segon de la classificaci\u00f3 general del campionat. A la cursa no ha pogut fer una sortida bona i aix\u00f2 li ha fet quedar-se al segon grup i amb molta dist\u00e0ncia del grup que liderava.<\/p>\n<p>Iker Garc\u00eda ha estat la nota m\u00e9s agredol\u00e7a avui diumenge, ja que no s&#8217;ha pogut demostrar que estava amb gran ritme per fer bona carrera. A la segona volta ha protagonitzat una caiguda, que l&#8217;ha deixat fora de cursa.<\/p>\n<p>Jos\u00e9 Su\u00e1rez ha creuat la l\u00ednia de meta en el lloc 17\u00e8. Per al pilot murci\u00e0 espera tenir un resultat m\u00e9s amunt per\u00f2 a poc a poc arribar\u00e0 a aquest objectiu marcat d&#8217;un top 10.<\/p>\n<p>La propera cita del FIM CEV ser\u00e0 al circuit portugu\u00e8s d&#8217;Estoril el 22-23 de juliol.<\/p>\n\n<p>&#8220;Estic molt content amb el meu primer p\u00f2dium. Crec que ten\u00edem potencial per fer un millor resultat per\u00f2 la necessitat d&#8217;aconseguir el meu primer podi m&#8217;ha condicionat una mica. Agrair a tot l&#8217;equip el gran treball i a lluitar per millorar la cinquena pla\u00e7a al campionat. &#8221;<\/p>\n\n<p>&#8220;No estic content amb el resultat per\u00f2 si amb la feina realitzada. Seguirem aquesta l\u00ednia de treball perqu\u00e8 estic confiat de poder estar m\u00e9s endavant. &#8221;<\/p>\n\n<p>&#8220;Un cinqu\u00e8 lloc no est\u00e0 malament per\u00f2 esperava fer-ho millor. El millor \u00e9s que vam poder puntuar i mantenir-nos segons del campionat. Espero que en la propera, Estoril, puguem donar una alegria a l&#8217;equip. &#8221;<\/p>\n\n<p>&#8220;Avui esperava tenir millor resultat en la cursa de l&#8217;European Talent Cup, per\u00f2 crec que anem millorant a poc a poc. Vull donar les gr\u00e0cies a tot l&#8217;equip que sempre em recolza molt en el treball.<\/p>\n\n<p>&#8220;Una pena la caiguda d&#8217;avui perqu\u00e8 anava amb moltes ganes de lluitar i donar-ho tot per aconseguir estar en una bona posici\u00f3. Ara a seguir treballant i llestos per a Estoril. &#8221;<\/p>\n<p>&nbsp;<\/p>\n<\/div>\n","protected":false},"excerpt":{"rendered":"<p>El diumenge del FIM CEV al circuit valenci\u00e0 Ricardo Tormo s&#8217;ha viscut amb intensitat per a la Reale Avintia Academy. Els pilots de l&#8217;equip han ofert alguna alegria a tots i segueixen en el seu progr\u00e9s d&#8217;evoluci\u00f3. Vicente P\u00e9rez partia des de la pole i amb moltes possibilitats d&#8217;endur-se alguna vict\u00f2ria. A la primera cursa [&hellip;]<\/p>\n","protected":false},"author":6,"featured_media":5075,"comment_status":"closed","ping_status":"closed","sticky":false,"template":"","format":"standard","meta":{"footnotes":""},"categories":[10],"tags":[],"class_list":["post-5097","post","type-post","status-publish","format-standard","has-post-thumbnail","hentry"],"yoast_head":"<!-- This site is optimized with the Yoast SEO plugin v27.1.1 - https:\/\/yoast.com\/product\/yoast-seo-wordpress\/ -->\n<title>Reale Avintia Academy puja al podi a Val\u00e8ncia amb Vicente P\u00e9rez - Esponsorama<\/title>\n<meta name=\"robots\" content=\"index, follow, max-snippet:-1, max-image-preview:large, max-video-preview:-1\" \/>\n<link rel=\"canonical\" href=\"http:\/\/esponsorama.ad\/ca\/reale-avintia-academy-puja-al-podi-valencia-amb-vicente-perez\/\" \/>\n<meta property=\"og:locale\" content=\"en_US\" \/>\n<meta property=\"og:type\" content=\"article\" \/>\n<meta property=\"og:title\" content=\"Reale Avintia Academy puja al podi a Val\u00e8ncia amb Vicente P\u00e9rez - Esponsorama\" \/>\n<meta property=\"og:description\" content=\"El diumenge del FIM CEV al circuit valenci\u00e0 Ricardo Tormo s&#8217;ha viscut amb intensitat per a la Reale Avintia Academy. Els pilots de l&#8217;equip han ofert alguna alegria a tots i segueixen en el seu progr\u00e9s d&#8217;evoluci\u00f3. Vicente P\u00e9rez partia des de la pole i amb moltes possibilitats d&#8217;endur-se alguna vict\u00f2ria. A la primera cursa [&hellip;]\" \/>\n<meta property=\"og:url\" content=\"http:\/\/esponsorama.ad\/ca\/reale-avintia-academy-puja-al-podi-valencia-amb-vicente-perez\/\" \/>\n<meta property=\"og:site_name\" content=\"Esponsorama\" \/>\n<meta property=\"article:published_time\" content=\"2017-07-19T17:25:44+00:00\" \/>\n<meta property=\"og:image\" content=\"http:\/\/esponsorama.ad\/wp-content\/uploads\/2017\/07\/MG_9941.jpg\" \/>\n\t<meta property=\"og:image:width\" content=\"4272\" \/>\n\t<meta property=\"og:image:height\" content=\"2848\" \/>\n\t<meta property=\"og:image:type\" content=\"image\/jpeg\" \/>\n<meta name=\"author\" content=\"Xavi Andornet\" \/>\n<meta name=\"twitter:card\" content=\"summary_large_image\" \/>\n<meta name=\"twitter:label1\" content=\"Written by\" \/>\n\t<meta name=\"twitter:data1\" content=\"Xavi Andornet\" \/>\n\t<meta name=\"twitter:label2\" content=\"Est. reading time\" \/>\n\t<meta name=\"twitter:data2\" content=\"3 minutes\" \/>\n<script type=\"application\/ld+json\" class=\"yoast-schema-graph\">{\"@context\":\"https:\/\/schema.org\",\"@graph\":[{\"@type\":\"Article\",\"@id\":\"http:\/\/esponsorama.ad\/ca\/reale-avintia-academy-puja-al-podi-valencia-amb-vicente-perez\/#article\",\"isPartOf\":{\"@id\":\"http:\/\/esponsorama.ad\/ca\/reale-avintia-academy-puja-al-podi-valencia-amb-vicente-perez\/\"},\"author\":{\"name\":\"Xavi Andornet\",\"@id\":\"http:\/\/esponsorama.ad\/es\/#\/schema\/person\/a5cde74945183d737066e46b61c6f9c4\"},\"headline\":\"Reale Avintia Academy puja al podi a Val\u00e8ncia amb Vicente P\u00e9rez\",\"datePublished\":\"2017-07-19T17:25:44+00:00\",\"mainEntityOfPage\":{\"@id\":\"http:\/\/esponsorama.ad\/ca\/reale-avintia-academy-puja-al-podi-valencia-amb-vicente-perez\/\"},\"wordCount\":543,\"image\":{\"@id\":\"http:\/\/esponsorama.ad\/ca\/reale-avintia-academy-puja-al-podi-valencia-amb-vicente-perez\/#primaryimage\"},\"thumbnailUrl\":\"http:\/\/esponsorama.ad\/wp-content\/uploads\/2017\/07\/MG_9941.jpg\",\"articleSection\":[\"\"],\"inLanguage\":\"ca-AD\"},{\"@type\":\"WebPage\",\"@id\":\"http:\/\/esponsorama.ad\/ca\/reale-avintia-academy-puja-al-podi-valencia-amb-vicente-perez\/\",\"url\":\"http:\/\/esponsorama.ad\/ca\/reale-avintia-academy-puja-al-podi-valencia-amb-vicente-perez\/\",\"name\":\"Reale Avintia Academy puja al podi a Val\u00e8ncia amb Vicente P\u00e9rez - Esponsorama\",\"isPartOf\":{\"@id\":\"http:\/\/esponsorama.ad\/es\/#website\"},\"primaryImageOfPage\":{\"@id\":\"http:\/\/esponsorama.ad\/ca\/reale-avintia-academy-puja-al-podi-valencia-amb-vicente-perez\/#primaryimage\"},\"image\":{\"@id\":\"http:\/\/esponsorama.ad\/ca\/reale-avintia-academy-puja-al-podi-valencia-amb-vicente-perez\/#primaryimage\"},\"thumbnailUrl\":\"http:\/\/esponsorama.ad\/wp-content\/uploads\/2017\/07\/MG_9941.jpg\",\"datePublished\":\"2017-07-19T17:25:44+00:00\",\"author\":{\"@id\":\"http:\/\/esponsorama.ad\/es\/#\/schema\/person\/a5cde74945183d737066e46b61c6f9c4\"},\"breadcrumb\":{\"@id\":\"http:\/\/esponsorama.ad\/ca\/reale-avintia-academy-puja-al-podi-valencia-amb-vicente-perez\/#breadcrumb\"},\"inLanguage\":\"ca-AD\",\"potentialAction\":[{\"@type\":\"ReadAction\",\"target\":[\"http:\/\/esponsorama.ad\/ca\/reale-avintia-academy-puja-al-podi-valencia-amb-vicente-perez\/\"]}]},{\"@type\":\"ImageObject\",\"inLanguage\":\"ca-AD\",\"@id\":\"http:\/\/esponsorama.ad\/ca\/reale-avintia-academy-puja-al-podi-valencia-amb-vicente-perez\/#primaryimage\",\"url\":\"http:\/\/esponsorama.ad\/wp-content\/uploads\/2017\/07\/MG_9941.jpg\",\"contentUrl\":\"http:\/\/esponsorama.ad\/wp-content\/uploads\/2017\/07\/MG_9941.jpg\",\"width\":4272,\"height\":2848},{\"@type\":\"BreadcrumbList\",\"@id\":\"http:\/\/esponsorama.ad\/ca\/reale-avintia-academy-puja-al-podi-valencia-amb-vicente-perez\/#breadcrumb\",\"itemListElement\":[{\"@type\":\"ListItem\",\"position\":1,\"name\":\"Home\",\"item\":\"http:\/\/esponsorama.ad\/en\/\"},{\"@type\":\"ListItem\",\"position\":2,\"name\":\"Reale Avintia Academy puja al podi a Val\u00e8ncia amb Vicente P\u00e9rez\"}]},{\"@type\":\"WebSite\",\"@id\":\"http:\/\/esponsorama.ad\/es\/#website\",\"url\":\"http:\/\/esponsorama.ad\/es\/\",\"name\":\"Esponsorama\",\"description\":\"Specialist in motorsport sponsorship and event promotions\",\"potentialAction\":[{\"@type\":\"SearchAction\",\"target\":{\"@type\":\"EntryPoint\",\"urlTemplate\":\"http:\/\/esponsorama.ad\/es\/?s={search_term_string}\"},\"query-input\":{\"@type\":\"PropertyValueSpecification\",\"valueRequired\":true,\"valueName\":\"search_term_string\"}}],\"inLanguage\":\"ca-AD\"},{\"@type\":\"Person\",\"@id\":\"http:\/\/esponsorama.ad\/es\/#\/schema\/person\/a5cde74945183d737066e46b61c6f9c4\",\"name\":\"Xavi Andornet\",\"image\":{\"@type\":\"ImageObject\",\"inLanguage\":\"ca-AD\",\"@id\":\"http:\/\/esponsorama.ad\/es\/#\/schema\/person\/image\/\",\"url\":\"https:\/\/secure.gravatar.com\/avatar\/f10eaf9ad601244a2357c9fd7cd9805ed166cfaaf76d5d9ab08a9d873e70147a?s=96&d=mm&r=g\",\"contentUrl\":\"https:\/\/secure.gravatar.com\/avatar\/f10eaf9ad601244a2357c9fd7cd9805ed166cfaaf76d5d9ab08a9d873e70147a?s=96&d=mm&r=g\",\"caption\":\"Xavi Andornet\"},\"sameAs\":[\"http:\/\/www.andornet.ad\"],\"url\":\"http:\/\/esponsorama.ad\/ca\/author\/andornet\/\"}]}<\/script>\n<!-- \/ Yoast SEO plugin. -->","yoast_head_json":{"title":"Reale Avintia Academy puja al podi a Val\u00e8ncia amb Vicente P\u00e9rez - Esponsorama","robots":{"index":"index","follow":"follow","max-snippet":"max-snippet:-1","max-image-preview":"max-image-preview:large","max-video-preview":"max-video-preview:-1"},"canonical":"http:\/\/esponsorama.ad\/ca\/reale-avintia-academy-puja-al-podi-valencia-amb-vicente-perez\/","og_locale":"en_US","og_type":"article","og_title":"Reale Avintia Academy puja al podi a Val\u00e8ncia amb Vicente P\u00e9rez - Esponsorama","og_description":"El diumenge del FIM CEV al circuit valenci\u00e0 Ricardo Tormo s&#8217;ha viscut amb intensitat per a la Reale Avintia Academy. Els pilots de l&#8217;equip han ofert alguna alegria a tots i segueixen en el seu progr\u00e9s d&#8217;evoluci\u00f3. Vicente P\u00e9rez partia des de la pole i amb moltes possibilitats d&#8217;endur-se alguna vict\u00f2ria. A la primera cursa [&hellip;]","og_url":"http:\/\/esponsorama.ad\/ca\/reale-avintia-academy-puja-al-podi-valencia-amb-vicente-perez\/","og_site_name":"Esponsorama","article_published_time":"2017-07-19T17:25:44+00:00","og_image":[{"width":4272,"height":2848,"url":"http:\/\/esponsorama.ad\/wp-content\/uploads\/2017\/07\/MG_9941.jpg","type":"image\/jpeg"}],"author":"Xavi Andornet","twitter_card":"summary_large_image","twitter_misc":{"Written by":"Xavi Andornet","Est. reading time":"3 minutes"},"schema":{"@context":"https:\/\/schema.org","@graph":[{"@type":"Article","@id":"http:\/\/esponsorama.ad\/ca\/reale-avintia-academy-puja-al-podi-valencia-amb-vicente-perez\/#article","isPartOf":{"@id":"http:\/\/esponsorama.ad\/ca\/reale-avintia-academy-puja-al-podi-valencia-amb-vicente-perez\/"},"author":{"name":"Xavi Andornet","@id":"http:\/\/esponsorama.ad\/es\/#\/schema\/person\/a5cde74945183d737066e46b61c6f9c4"},"headline":"Reale Avintia Academy puja al podi a Val\u00e8ncia amb Vicente P\u00e9rez","datePublished":"2017-07-19T17:25:44+00:00","mainEntityOfPage":{"@id":"http:\/\/esponsorama.ad\/ca\/reale-avintia-academy-puja-al-podi-valencia-amb-vicente-perez\/"},"wordCount":543,"image":{"@id":"http:\/\/esponsorama.ad\/ca\/reale-avintia-academy-puja-al-podi-valencia-amb-vicente-perez\/#primaryimage"},"thumbnailUrl":"http:\/\/esponsorama.ad\/wp-content\/uploads\/2017\/07\/MG_9941.jpg","articleSection":[""],"inLanguage":"ca-AD"},{"@type":"WebPage","@id":"http:\/\/esponsorama.ad\/ca\/reale-avintia-academy-puja-al-podi-valencia-amb-vicente-perez\/","url":"http:\/\/esponsorama.ad\/ca\/reale-avintia-academy-puja-al-podi-valencia-amb-vicente-perez\/","name":"Reale Avintia Academy puja al podi a Val\u00e8ncia amb Vicente P\u00e9rez - Esponsorama","isPartOf":{"@id":"http:\/\/esponsorama.ad\/es\/#website"},"primaryImageOfPage":{"@id":"http:\/\/esponsorama.ad\/ca\/reale-avintia-academy-puja-al-podi-valencia-amb-vicente-perez\/#primaryimage"},"image":{"@id":"http:\/\/esponsorama.ad\/ca\/reale-avintia-academy-puja-al-podi-valencia-amb-vicente-perez\/#primaryimage"},"thumbnailUrl":"http:\/\/esponsorama.ad\/wp-content\/uploads\/2017\/07\/MG_9941.jpg","datePublished":"2017-07-19T17:25:44+00:00","author":{"@id":"http:\/\/esponsorama.ad\/es\/#\/schema\/person\/a5cde74945183d737066e46b61c6f9c4"},"breadcrumb":{"@id":"http:\/\/esponsorama.ad\/ca\/reale-avintia-academy-puja-al-podi-valencia-amb-vicente-perez\/#breadcrumb"},"inLanguage":"ca-AD","potentialAction":[{"@type":"ReadAction","target":["http:\/\/esponsorama.ad\/ca\/reale-avintia-academy-puja-al-podi-valencia-amb-vicente-perez\/"]}]},{"@type":"ImageObject","inLanguage":"ca-AD","@id":"http:\/\/esponsorama.ad\/ca\/reale-avintia-academy-puja-al-podi-valencia-amb-vicente-perez\/#primaryimage","url":"http:\/\/esponsorama.ad\/wp-content\/uploads\/2017\/07\/MG_9941.jpg","contentUrl":"http:\/\/esponsorama.ad\/wp-content\/uploads\/2017\/07\/MG_9941.jpg","width":4272,"height":2848},{"@type":"BreadcrumbList","@id":"http:\/\/esponsorama.ad\/ca\/reale-avintia-academy-puja-al-podi-valencia-amb-vicente-perez\/#breadcrumb","itemListElement":[{"@type":"ListItem","position":1,"name":"Home","item":"http:\/\/esponsorama.ad\/en\/"},{"@type":"ListItem","position":2,"name":"Reale Avintia Academy puja al podi a Val\u00e8ncia amb Vicente P\u00e9rez"}]},{"@type":"WebSite","@id":"http:\/\/esponsorama.ad\/es\/#website","url":"http:\/\/esponsorama.ad\/es\/","name":"Esponsorama","description":"Specialist in motorsport sponsorship and event promotions","potentialAction":[{"@type":"SearchAction","target":{"@type":"EntryPoint","urlTemplate":"http:\/\/esponsorama.ad\/es\/?s={search_term_string}"},"query-input":{"@type":"PropertyValueSpecification","valueRequired":true,"valueName":"search_term_string"}}],"inLanguage":"ca-AD"},{"@type":"Person","@id":"http:\/\/esponsorama.ad\/es\/#\/schema\/person\/a5cde74945183d737066e46b61c6f9c4","name":"Xavi Andornet","image":{"@type":"ImageObject","inLanguage":"ca-AD","@id":"http:\/\/esponsorama.ad\/es\/#\/schema\/person\/image\/","url":"https:\/\/secure.gravatar.com\/avatar\/f10eaf9ad601244a2357c9fd7cd9805ed166cfaaf76d5d9ab08a9d873e70147a?s=96&d=mm&r=g","contentUrl":"https:\/\/secure.gravatar.com\/avatar\/f10eaf9ad601244a2357c9fd7cd9805ed166cfaaf76d5d9ab08a9d873e70147a?s=96&d=mm&r=g","caption":"Xavi Andornet"},"sameAs":["http:\/\/www.andornet.ad"],"url":"http:\/\/esponsorama.ad\/ca\/author\/andornet\/"}]}},"_links":{"self":[{"href":"http:\/\/esponsorama.ad\/ca\/wp-json\/wp\/v2\/posts\/5097","targetHints":{"allow":["GET"]}}],"collection":[{"href":"http:\/\/esponsorama.ad\/ca\/wp-json\/wp\/v2\/posts"}],"about":[{"href":"http:\/\/esponsorama.ad\/ca\/wp-json\/wp\/v2\/types\/post"}],"author":[{"embeddable":true,"href":"http:\/\/esponsorama.ad\/ca\/wp-json\/wp\/v2\/users\/6"}],"replies":[{"embeddable":true,"href":"http:\/\/esponsorama.ad\/ca\/wp-json\/wp\/v2\/comments?post=5097"}],"version-history":[{"count":0,"href":"http:\/\/esponsorama.ad\/ca\/wp-json\/wp\/v2\/posts\/5097\/revisions"}],"wp:featuredmedia":[{"embeddable":true,"href":"http:\/\/esponsorama.ad\/ca\/wp-json\/wp\/v2\/media\/5075"}],"wp:attachment":[{"href":"http:\/\/esponsorama.ad\/ca\/wp-json\/wp\/v2\/media?parent=5097"}],"wp:term":[{"taxonomy":"category","embeddable":true,"href":"http:\/\/esponsorama.ad\/ca\/wp-json\/wp\/v2\/categories?post=5097"},{"taxonomy":"post_tag","embeddable":true,"href":"http:\/\/esponsorama.ad\/ca\/wp-json\/wp\/v2\/tags?post=5097"}],"curies":[{"name":"wp","href":"https:\/\/api.w.org\/{rel}","templated":true}]}}