{"id":5359,"date":"2017-08-04T18:28:02","date_gmt":"2017-08-04T16:28:02","guid":{"rendered":"http:\/\/esponsorama.ad\/?p=5359"},"modified":"2017-08-04T19:02:20","modified_gmt":"2017-08-04T17:02:20","slug":"barbera-comienza-fuerte-brno-termina-quinto-primer-dia-3","status":"publish","type":"post","link":"http:\/\/esponsorama.ad\/ca\/barbera-comienza-fuerte-brno-termina-quinto-primer-dia-3\/","title":{"rendered":"Barber\u00e0 comen\u00e7a fort a Brno i acaba cinqu\u00e8 el primer dia"},"content":{"rendered":"<p>El Campionat del M\u00f3n de MotoGP ha arrencat de nou avui al circuit de Brno amb els primers entrenaments lliures per al Gran Premi de la Rep\u00fablica Txeca. H\u00e9ctor Barber\u00e1 ha demostrat que el treball realitzat durant l&#8217;aturada d&#8217;estiu est\u00e0 donant els seus fruits i ha estat davant, tant en mullat aquest mat\u00ed, com a la tarda amb l&#8217;asfalt completament sec. El pilot espanyol de l&#8217;equip Reale Avintia Racing ha liderat les dues sessions acabant vuit\u00e8 en el FP1 i cinqu\u00e8 en el FP2. Sens dubte una gran manera de comen\u00e7ar la segona meitat de la temporada. Per a Loris Baz tamb\u00e9 ha estat un dia positiu, sobretot perqu\u00e8 ha pogut comprovar que les mol\u00e8sties al bra\u00e7 dret ja s\u00f3n part del passat. El pilot de 24 anys ha aprofitat la pluja del mat\u00ed per donar moltes voltes i provar el rendiment dels pneum\u00e0tics Michelin, els resultats han estat molt positius. A la tarda la pista s&#8217;ha assecat bastant r\u00e0pid i Baz ha acabat satisfet, tot i que encara ha de treballar amb el seu equip per millorar la seva confian\u00e7a en els sots i poder estr\u00e8nyer mat\u00ed per buscar la millor posici\u00f3 possible en la graella.<\/p>\n\n<p>&#8220;Ha estat un dia bastant complet i es pot dir que hem anat r\u00e0pid en les tres condicions que avui hem tingut. Al mat\u00ed en aigua hem acabat vuitens, per\u00f2 les meves sensacions han estat molt bones i he pogut liderar mitja sessi\u00f3. Amb el terra mitj\u00e0 mullat a la tarda no ha anat del tot malament, s\u00f3n unes condicions que a mi no m&#8217;agraden molt est\u00e0vem a prop del &#8216;top 10&#8217;. Al final s&#8217;ha assecat la pista i hem anat r\u00e0pid. Hem arribat a estar primers i al final hem acabat el dia cinquens. Falten moltes coses que canviar, la moto \u00e9s r\u00e0pida i la difer\u00e8ncia les marca el pilot. El mes passat no he tingut vacances, he entrenat gaireb\u00e9 com en pretemporada i arribo a la segona meitat de l&#8217;any amb les piles carregades . \u00c9s nom\u00e9s el primer dia, per\u00f2 l&#8217;equip i jo estem forts i crec que podem fer un bon cap de setmana. &#8221;<\/p>\n\n<p>&#8220;El bra\u00e7 no m&#8217;ha donat cap problema i aix\u00f2 \u00e9s una bona not\u00edcia. Aquest mat\u00ed hem treballat molt en el ritme de carrera en mullat, perqu\u00e8 si plou diumenge \u00e9s important saber on som. I tamb\u00e9 era important saber si es pot completar la carrera amb el compost m\u00e9s tou de Michelin que l&#8217;any passat van donar bastants problemes. A la tarda la pista s&#8217;ha assecat bastant r\u00e0pid i no ha anat malament. Em segueix faltant confian\u00e7a en la part davantera i he perdut algunes d\u00e8cimes en la meva millor volta darrere de Lannone, per\u00f2 hem de seguir treballant en la part davantera de la moto per poder lluitar per estar entre els deu primers dem\u00e0\u201d.<\/p>\n","protected":false},"excerpt":{"rendered":"<p>El Campionat del M\u00f3n de MotoGP ha arrencat de nou avui al circuit de Brno amb els primers entrenaments lliures per al Gran Premi de la Rep\u00fablica Txeca. H\u00e9ctor Barber\u00e1 ha demostrat que el treball realitzat durant l&#8217;aturada d&#8217;estiu est\u00e0 donant els seus fruits i ha estat davant, tant en mullat aquest mat\u00ed, com a [&hellip;]<\/p>\n","protected":false},"author":6,"featured_media":5330,"comment_status":"closed","ping_status":"closed","sticky":false,"template":"","format":"standard","meta":{"footnotes":""},"categories":[3],"tags":[],"class_list":["post-5359","post","type-post","status-publish","format-standard","has-post-thumbnail","hentry","category-motogp"],"yoast_head":"<!-- This site is optimized with the Yoast SEO plugin v27.1.1 - https:\/\/yoast.com\/product\/yoast-seo-wordpress\/ -->\n<title>Barber\u00e0 comen\u00e7a fort a Brno i acaba cinqu\u00e8 el primer dia - Esponsorama<\/title>\n<meta name=\"robots\" content=\"index, follow, max-snippet:-1, max-image-preview:large, max-video-preview:-1\" \/>\n<link rel=\"canonical\" href=\"http:\/\/esponsorama.ad\/ca\/barbera-comienza-fuerte-brno-termina-quinto-primer-dia-3\/\" \/>\n<meta property=\"og:locale\" content=\"en_US\" \/>\n<meta property=\"og:type\" content=\"article\" \/>\n<meta property=\"og:title\" content=\"Barber\u00e0 comen\u00e7a fort a Brno i acaba cinqu\u00e8 el primer dia - Esponsorama\" \/>\n<meta property=\"og:description\" content=\"El Campionat del M\u00f3n de MotoGP ha arrencat de nou avui al circuit de Brno amb els primers entrenaments lliures per al Gran Premi de la Rep\u00fablica Txeca. H\u00e9ctor Barber\u00e1 ha demostrat que el treball realitzat durant l&#8217;aturada d&#8217;estiu est\u00e0 donant els seus fruits i ha estat davant, tant en mullat aquest mat\u00ed, com a [&hellip;]\" \/>\n<meta property=\"og:url\" content=\"http:\/\/esponsorama.ad\/ca\/barbera-comienza-fuerte-brno-termina-quinto-primer-dia-3\/\" \/>\n<meta property=\"og:site_name\" content=\"Esponsorama\" \/>\n<meta property=\"article:published_time\" content=\"2017-08-04T16:28:02+00:00\" \/>\n<meta property=\"article:modified_time\" content=\"2017-08-04T17:02:20+00:00\" \/>\n<meta property=\"og:image\" content=\"http:\/\/esponsorama.ad\/wp-content\/uploads\/2017\/08\/10RCheca17MgpESPONSORAMA_FK3163.jpg\" \/>\n\t<meta property=\"og:image:width\" content=\"4808\" \/>\n\t<meta property=\"og:image:height\" content=\"3205\" \/>\n\t<meta property=\"og:image:type\" content=\"image\/jpeg\" \/>\n<meta name=\"author\" content=\"Xavi Andornet\" \/>\n<meta name=\"twitter:card\" content=\"summary_large_image\" \/>\n<meta name=\"twitter:label1\" content=\"Written by\" \/>\n\t<meta name=\"twitter:data1\" content=\"Xavi Andornet\" \/>\n\t<meta name=\"twitter:label2\" content=\"Est. reading time\" \/>\n\t<meta name=\"twitter:data2\" content=\"3 minutes\" \/>\n<script type=\"application\/ld+json\" class=\"yoast-schema-graph\">{\"@context\":\"https:\/\/schema.org\",\"@graph\":[{\"@type\":\"Article\",\"@id\":\"http:\/\/esponsorama.ad\/ca\/barbera-comienza-fuerte-brno-termina-quinto-primer-dia-3\/#article\",\"isPartOf\":{\"@id\":\"http:\/\/esponsorama.ad\/ca\/barbera-comienza-fuerte-brno-termina-quinto-primer-dia-3\/\"},\"author\":{\"name\":\"Xavi Andornet\",\"@id\":\"http:\/\/esponsorama.ad\/es\/#\/schema\/person\/a5cde74945183d737066e46b61c6f9c4\"},\"headline\":\"Barber\u00e0 comen\u00e7a fort a Brno i acaba cinqu\u00e8 el primer dia\",\"datePublished\":\"2017-08-04T16:28:02+00:00\",\"dateModified\":\"2017-08-04T17:02:20+00:00\",\"mainEntityOfPage\":{\"@id\":\"http:\/\/esponsorama.ad\/ca\/barbera-comienza-fuerte-brno-termina-quinto-primer-dia-3\/\"},\"wordCount\":513,\"image\":{\"@id\":\"http:\/\/esponsorama.ad\/ca\/barbera-comienza-fuerte-brno-termina-quinto-primer-dia-3\/#primaryimage\"},\"thumbnailUrl\":\"http:\/\/esponsorama.ad\/wp-content\/uploads\/2017\/08\/10RCheca17MgpESPONSORAMA_FK3163.jpg\",\"articleSection\":[\"MotoGP\"],\"inLanguage\":\"ca-AD\"},{\"@type\":\"WebPage\",\"@id\":\"http:\/\/esponsorama.ad\/ca\/barbera-comienza-fuerte-brno-termina-quinto-primer-dia-3\/\",\"url\":\"http:\/\/esponsorama.ad\/ca\/barbera-comienza-fuerte-brno-termina-quinto-primer-dia-3\/\",\"name\":\"Barber\u00e0 comen\u00e7a fort a Brno i acaba cinqu\u00e8 el primer dia - Esponsorama\",\"isPartOf\":{\"@id\":\"http:\/\/esponsorama.ad\/es\/#website\"},\"primaryImageOfPage\":{\"@id\":\"http:\/\/esponsorama.ad\/ca\/barbera-comienza-fuerte-brno-termina-quinto-primer-dia-3\/#primaryimage\"},\"image\":{\"@id\":\"http:\/\/esponsorama.ad\/ca\/barbera-comienza-fuerte-brno-termina-quinto-primer-dia-3\/#primaryimage\"},\"thumbnailUrl\":\"http:\/\/esponsorama.ad\/wp-content\/uploads\/2017\/08\/10RCheca17MgpESPONSORAMA_FK3163.jpg\",\"datePublished\":\"2017-08-04T16:28:02+00:00\",\"dateModified\":\"2017-08-04T17:02:20+00:00\",\"author\":{\"@id\":\"http:\/\/esponsorama.ad\/es\/#\/schema\/person\/a5cde74945183d737066e46b61c6f9c4\"},\"breadcrumb\":{\"@id\":\"http:\/\/esponsorama.ad\/ca\/barbera-comienza-fuerte-brno-termina-quinto-primer-dia-3\/#breadcrumb\"},\"inLanguage\":\"ca-AD\",\"potentialAction\":[{\"@type\":\"ReadAction\",\"target\":[\"http:\/\/esponsorama.ad\/ca\/barbera-comienza-fuerte-brno-termina-quinto-primer-dia-3\/\"]}]},{\"@type\":\"ImageObject\",\"inLanguage\":\"ca-AD\",\"@id\":\"http:\/\/esponsorama.ad\/ca\/barbera-comienza-fuerte-brno-termina-quinto-primer-dia-3\/#primaryimage\",\"url\":\"http:\/\/esponsorama.ad\/wp-content\/uploads\/2017\/08\/10RCheca17MgpESPONSORAMA_FK3163.jpg\",\"contentUrl\":\"http:\/\/esponsorama.ad\/wp-content\/uploads\/2017\/08\/10RCheca17MgpESPONSORAMA_FK3163.jpg\",\"width\":4808,\"height\":3205,\"caption\":\"10 Republica Checa 3 a 6 de agosto de 2017. Circuito de Brno. Rep\u00fablica Checa. MotoGP, MGP, mgp, motogp\"},{\"@type\":\"BreadcrumbList\",\"@id\":\"http:\/\/esponsorama.ad\/ca\/barbera-comienza-fuerte-brno-termina-quinto-primer-dia-3\/#breadcrumb\",\"itemListElement\":[{\"@type\":\"ListItem\",\"position\":1,\"name\":\"Home\",\"item\":\"http:\/\/esponsorama.ad\/en\/\"},{\"@type\":\"ListItem\",\"position\":2,\"name\":\"Barber\u00e0 comen\u00e7a fort a Brno i acaba cinqu\u00e8 el primer dia\"}]},{\"@type\":\"WebSite\",\"@id\":\"http:\/\/esponsorama.ad\/es\/#website\",\"url\":\"http:\/\/esponsorama.ad\/es\/\",\"name\":\"Esponsorama\",\"description\":\"Specialist in motorsport sponsorship and event promotions\",\"potentialAction\":[{\"@type\":\"SearchAction\",\"target\":{\"@type\":\"EntryPoint\",\"urlTemplate\":\"http:\/\/esponsorama.ad\/es\/?s={search_term_string}\"},\"query-input\":{\"@type\":\"PropertyValueSpecification\",\"valueRequired\":true,\"valueName\":\"search_term_string\"}}],\"inLanguage\":\"ca-AD\"},{\"@type\":\"Person\",\"@id\":\"http:\/\/esponsorama.ad\/es\/#\/schema\/person\/a5cde74945183d737066e46b61c6f9c4\",\"name\":\"Xavi Andornet\",\"image\":{\"@type\":\"ImageObject\",\"inLanguage\":\"ca-AD\",\"@id\":\"http:\/\/esponsorama.ad\/es\/#\/schema\/person\/image\/\",\"url\":\"https:\/\/secure.gravatar.com\/avatar\/f10eaf9ad601244a2357c9fd7cd9805ed166cfaaf76d5d9ab08a9d873e70147a?s=96&d=mm&r=g\",\"contentUrl\":\"https:\/\/secure.gravatar.com\/avatar\/f10eaf9ad601244a2357c9fd7cd9805ed166cfaaf76d5d9ab08a9d873e70147a?s=96&d=mm&r=g\",\"caption\":\"Xavi Andornet\"},\"sameAs\":[\"http:\/\/www.andornet.ad\"],\"url\":\"http:\/\/esponsorama.ad\/ca\/author\/andornet\/\"}]}<\/script>\n<!-- \/ Yoast SEO plugin. -->","yoast_head_json":{"title":"Barber\u00e0 comen\u00e7a fort a Brno i acaba cinqu\u00e8 el primer dia - Esponsorama","robots":{"index":"index","follow":"follow","max-snippet":"max-snippet:-1","max-image-preview":"max-image-preview:large","max-video-preview":"max-video-preview:-1"},"canonical":"http:\/\/esponsorama.ad\/ca\/barbera-comienza-fuerte-brno-termina-quinto-primer-dia-3\/","og_locale":"en_US","og_type":"article","og_title":"Barber\u00e0 comen\u00e7a fort a Brno i acaba cinqu\u00e8 el primer dia - Esponsorama","og_description":"El Campionat del M\u00f3n de MotoGP ha arrencat de nou avui al circuit de Brno amb els primers entrenaments lliures per al Gran Premi de la Rep\u00fablica Txeca. H\u00e9ctor Barber\u00e1 ha demostrat que el treball realitzat durant l&#8217;aturada d&#8217;estiu est\u00e0 donant els seus fruits i ha estat davant, tant en mullat aquest mat\u00ed, com a [&hellip;]","og_url":"http:\/\/esponsorama.ad\/ca\/barbera-comienza-fuerte-brno-termina-quinto-primer-dia-3\/","og_site_name":"Esponsorama","article_published_time":"2017-08-04T16:28:02+00:00","article_modified_time":"2017-08-04T17:02:20+00:00","og_image":[{"width":4808,"height":3205,"url":"http:\/\/esponsorama.ad\/wp-content\/uploads\/2017\/08\/10RCheca17MgpESPONSORAMA_FK3163.jpg","type":"image\/jpeg"}],"author":"Xavi Andornet","twitter_card":"summary_large_image","twitter_misc":{"Written by":"Xavi Andornet","Est. reading time":"3 minutes"},"schema":{"@context":"https:\/\/schema.org","@graph":[{"@type":"Article","@id":"http:\/\/esponsorama.ad\/ca\/barbera-comienza-fuerte-brno-termina-quinto-primer-dia-3\/#article","isPartOf":{"@id":"http:\/\/esponsorama.ad\/ca\/barbera-comienza-fuerte-brno-termina-quinto-primer-dia-3\/"},"author":{"name":"Xavi Andornet","@id":"http:\/\/esponsorama.ad\/es\/#\/schema\/person\/a5cde74945183d737066e46b61c6f9c4"},"headline":"Barber\u00e0 comen\u00e7a fort a Brno i acaba cinqu\u00e8 el primer dia","datePublished":"2017-08-04T16:28:02+00:00","dateModified":"2017-08-04T17:02:20+00:00","mainEntityOfPage":{"@id":"http:\/\/esponsorama.ad\/ca\/barbera-comienza-fuerte-brno-termina-quinto-primer-dia-3\/"},"wordCount":513,"image":{"@id":"http:\/\/esponsorama.ad\/ca\/barbera-comienza-fuerte-brno-termina-quinto-primer-dia-3\/#primaryimage"},"thumbnailUrl":"http:\/\/esponsorama.ad\/wp-content\/uploads\/2017\/08\/10RCheca17MgpESPONSORAMA_FK3163.jpg","articleSection":["MotoGP"],"inLanguage":"ca-AD"},{"@type":"WebPage","@id":"http:\/\/esponsorama.ad\/ca\/barbera-comienza-fuerte-brno-termina-quinto-primer-dia-3\/","url":"http:\/\/esponsorama.ad\/ca\/barbera-comienza-fuerte-brno-termina-quinto-primer-dia-3\/","name":"Barber\u00e0 comen\u00e7a fort a Brno i acaba cinqu\u00e8 el primer dia - Esponsorama","isPartOf":{"@id":"http:\/\/esponsorama.ad\/es\/#website"},"primaryImageOfPage":{"@id":"http:\/\/esponsorama.ad\/ca\/barbera-comienza-fuerte-brno-termina-quinto-primer-dia-3\/#primaryimage"},"image":{"@id":"http:\/\/esponsorama.ad\/ca\/barbera-comienza-fuerte-brno-termina-quinto-primer-dia-3\/#primaryimage"},"thumbnailUrl":"http:\/\/esponsorama.ad\/wp-content\/uploads\/2017\/08\/10RCheca17MgpESPONSORAMA_FK3163.jpg","datePublished":"2017-08-04T16:28:02+00:00","dateModified":"2017-08-04T17:02:20+00:00","author":{"@id":"http:\/\/esponsorama.ad\/es\/#\/schema\/person\/a5cde74945183d737066e46b61c6f9c4"},"breadcrumb":{"@id":"http:\/\/esponsorama.ad\/ca\/barbera-comienza-fuerte-brno-termina-quinto-primer-dia-3\/#breadcrumb"},"inLanguage":"ca-AD","potentialAction":[{"@type":"ReadAction","target":["http:\/\/esponsorama.ad\/ca\/barbera-comienza-fuerte-brno-termina-quinto-primer-dia-3\/"]}]},{"@type":"ImageObject","inLanguage":"ca-AD","@id":"http:\/\/esponsorama.ad\/ca\/barbera-comienza-fuerte-brno-termina-quinto-primer-dia-3\/#primaryimage","url":"http:\/\/esponsorama.ad\/wp-content\/uploads\/2017\/08\/10RCheca17MgpESPONSORAMA_FK3163.jpg","contentUrl":"http:\/\/esponsorama.ad\/wp-content\/uploads\/2017\/08\/10RCheca17MgpESPONSORAMA_FK3163.jpg","width":4808,"height":3205,"caption":"10 Republica Checa 3 a 6 de agosto de 2017. Circuito de Brno. Rep\u00fablica Checa. MotoGP, MGP, mgp, motogp"},{"@type":"BreadcrumbList","@id":"http:\/\/esponsorama.ad\/ca\/barbera-comienza-fuerte-brno-termina-quinto-primer-dia-3\/#breadcrumb","itemListElement":[{"@type":"ListItem","position":1,"name":"Home","item":"http:\/\/esponsorama.ad\/en\/"},{"@type":"ListItem","position":2,"name":"Barber\u00e0 comen\u00e7a fort a Brno i acaba cinqu\u00e8 el primer dia"}]},{"@type":"WebSite","@id":"http:\/\/esponsorama.ad\/es\/#website","url":"http:\/\/esponsorama.ad\/es\/","name":"Esponsorama","description":"Specialist in motorsport sponsorship and event promotions","potentialAction":[{"@type":"SearchAction","target":{"@type":"EntryPoint","urlTemplate":"http:\/\/esponsorama.ad\/es\/?s={search_term_string}"},"query-input":{"@type":"PropertyValueSpecification","valueRequired":true,"valueName":"search_term_string"}}],"inLanguage":"ca-AD"},{"@type":"Person","@id":"http:\/\/esponsorama.ad\/es\/#\/schema\/person\/a5cde74945183d737066e46b61c6f9c4","name":"Xavi Andornet","image":{"@type":"ImageObject","inLanguage":"ca-AD","@id":"http:\/\/esponsorama.ad\/es\/#\/schema\/person\/image\/","url":"https:\/\/secure.gravatar.com\/avatar\/f10eaf9ad601244a2357c9fd7cd9805ed166cfaaf76d5d9ab08a9d873e70147a?s=96&d=mm&r=g","contentUrl":"https:\/\/secure.gravatar.com\/avatar\/f10eaf9ad601244a2357c9fd7cd9805ed166cfaaf76d5d9ab08a9d873e70147a?s=96&d=mm&r=g","caption":"Xavi Andornet"},"sameAs":["http:\/\/www.andornet.ad"],"url":"http:\/\/esponsorama.ad\/ca\/author\/andornet\/"}]}},"_links":{"self":[{"href":"http:\/\/esponsorama.ad\/ca\/wp-json\/wp\/v2\/posts\/5359","targetHints":{"allow":["GET"]}}],"collection":[{"href":"http:\/\/esponsorama.ad\/ca\/wp-json\/wp\/v2\/posts"}],"about":[{"href":"http:\/\/esponsorama.ad\/ca\/wp-json\/wp\/v2\/types\/post"}],"author":[{"embeddable":true,"href":"http:\/\/esponsorama.ad\/ca\/wp-json\/wp\/v2\/users\/6"}],"replies":[{"embeddable":true,"href":"http:\/\/esponsorama.ad\/ca\/wp-json\/wp\/v2\/comments?post=5359"}],"version-history":[{"count":0,"href":"http:\/\/esponsorama.ad\/ca\/wp-json\/wp\/v2\/posts\/5359\/revisions"}],"wp:featuredmedia":[{"embeddable":true,"href":"http:\/\/esponsorama.ad\/ca\/wp-json\/wp\/v2\/media\/5330"}],"wp:attachment":[{"href":"http:\/\/esponsorama.ad\/ca\/wp-json\/wp\/v2\/media?parent=5359"}],"wp:term":[{"taxonomy":"category","embeddable":true,"href":"http:\/\/esponsorama.ad\/ca\/wp-json\/wp\/v2\/categories?post=5359"},{"taxonomy":"post_tag","embeddable":true,"href":"http:\/\/esponsorama.ad\/ca\/wp-json\/wp\/v2\/tags?post=5359"}],"curies":[{"name":"wp","href":"https:\/\/api.w.org\/{rel}","templated":true}]}}