{"id":543,"date":"2016-07-20T17:38:13","date_gmt":"2016-07-20T15:38:13","guid":{"rendered":"http:\/\/esponsorama.ad\/?p=543"},"modified":"2016-07-20T19:57:27","modified_gmt":"2016-07-20T17:57:27","slug":"en-barbera-de-nou-en-el-top-10-en-baz-suma-quatre-punts-a-casa","status":"publish","type":"post","link":"http:\/\/esponsorama.ad\/ca\/en-barbera-de-nou-en-el-top-10-en-baz-suma-quatre-punts-a-casa\/","title":{"rendered":"En Barber\u00e0 de nou en el Top 10, en Baz suma quatre punts a casa"},"content":{"rendered":"<p>L&#8217;equip Avintia Racing ha acabat el Gran Premi de Fran\u00e7a de manera positiva despr\u00e9s que els cronometrats no fossin del tot b\u00e9 per als dos pilots. Per\u00f2 avui diumenge, hi ha hagut una bona evoluci\u00f3 i tots dos han aguantat sobre de la moto en cursa at\u00edpica, amb moltes caigudes. Despr\u00e9s de 28 voltes a l&#8217;exigent tra\u00e7at de Le Mans, l\u2019H\u00e9ctor Barber\u00e1 i en Loris Baz han aconseguit creuar la meta i acabar amb for\u00e7a per al pr\u00f2xim Gran Premi a It\u00e0lia.<\/p>\n<p>L\u2019H\u00e9ctor ha tingut un inici dolent perqu\u00e8 s&#8217;ha tocat al primer revolt i s&#8217;ha quedat relegat a l&#8217;\u00faltima posici\u00f3. A poc a poc ha anat escalant posicions fins a creuar la meta vuit\u00e8 i lluitar per la setena pla\u00e7a fins a l&#8217;\u00faltima volta. A m\u00e9s, en Barber\u00e1 i Avintia Racing segueixen ocupant la vuitena posici\u00f3 en la provisional del campionat despr\u00e9s de cinc carreres.<\/p>\n<p>Per la seva banda, en Loris no ha estat del tot c\u00f2mode sobre la moto en la seva carrera de casa i per a ell ha estat un dels pitjors caps de setmana com a pilot. Perqu\u00e8, tot i haver sumat quatre punts, les seves sensacions no han estat bones a Le Mans.<\/p>\n<p><strong>H\u00c9CTOR BARBER\u00c1 #8 \/ @HectorBarbera P8<\/strong><\/p>\n<p>&#8220;La veritat \u00e9s que he d&#8217;estar content amb aquest vuit\u00e8 lloc. Le Mans \u00e9s una pista que sempre em costa molt, sobretot en els canvis de direcci\u00f3, perqu\u00e8 com ja vam veure a Austin a aquesta moto li costa molt girar. Per\u00f2 com ja he dit la posici\u00f3 \u00e9s bona i seguim sumant punts que \u00e9s l&#8217;important. La cursa ha estat molt lluitada i se m&#8217;ha escapat el set\u00e8 lloc per molt poc, al principi he tingut un toc i he hagut de remuntar des de l&#8217;\u00faltima posici\u00f3. Les caigudes dels nostres rivals ens ha ajudat, per\u00f2 la pista estava igual per a tothom, jo he sabut ser conservador i arriscar quan ha tocat. L&#8217;equip ha treballat molt dur durant tot el cap de setmana, hem tingut paci\u00e8ncia i hem fet el millor que ens permet la nostra moto. Per aix\u00f2 estic content, perqu\u00e8 he pogut lluitar durant tota la carrera. &#8221;<\/p>\n<p><strong>LORIS BAZ #76 \/ @lorisbaz P12<\/strong><\/p>\n<p>&#8220;Ha estat un dels pitjors caps de setmana de la meva vida perqu\u00e8 crec que mai havia tingut un problema amb tan poca soluci\u00f3, hem provat totes les opcions possibles i totes han anat fatal. La sortida ha estat molt bona i he guanyat bastantes posicions, per\u00f2 despr\u00e9s m&#8217;he quedat enrere i m&#8217;era impossible mantenir el ritme dels altres. Per aix\u00f2, no hi ha molt m\u00e9s a dir, nom\u00e9s que he tingut molta sort perqu\u00e8 hi ha hagut moltes caigudes i he aconseguit sumar alguns punts. S\u00ed, hem acabat dotzens, per\u00f2 no \u00e9s un resultat real, perqu\u00e8 s&#8217;han caigut 8 pilots, hem acabat molt lluny i la moto ha estat impossible de pilotar. Desitjo que a Mugello ens portin algun pneum\u00e0tic que ens vagi millor i sin\u00f3 intentarem provar una altra soluci\u00f3, encara que ara mateix no sabem qu\u00e8 m\u00e9s provar. &#8220;<\/p>\n","protected":false},"excerpt":{"rendered":"<p>L&#8217;equip Avintia Racing ha acabat el Gran Premi de Fran\u00e7a de manera positiva despr\u00e9s que els cronometrats no fossin del tot b\u00e9 per als dos pilots. Per\u00f2 avui diumenge, hi ha hagut una bona evoluci\u00f3 i tots dos han aguantat sobre de la moto en cursa at\u00edpica, amb moltes caigudes. Despr\u00e9s de 28 voltes a [&hellip;]<\/p>\n","protected":false},"author":6,"featured_media":384,"comment_status":"closed","ping_status":"closed","sticky":false,"template":"","format":"standard","meta":{"footnotes":""},"categories":[3],"tags":[],"class_list":["post-543","post","type-post","status-publish","format-standard","has-post-thumbnail","hentry","category-motogp"],"yoast_head":"<!-- This site is optimized with the Yoast SEO plugin v27.1.1 - https:\/\/yoast.com\/product\/yoast-seo-wordpress\/ -->\n<title>En Barber\u00e0 de nou en el Top 10, en Baz suma quatre punts a casa - Esponsorama<\/title>\n<meta name=\"robots\" content=\"index, follow, max-snippet:-1, max-image-preview:large, max-video-preview:-1\" \/>\n<link rel=\"canonical\" href=\"http:\/\/esponsorama.ad\/ca\/en-barbera-de-nou-en-el-top-10-en-baz-suma-quatre-punts-a-casa\/\" \/>\n<meta property=\"og:locale\" content=\"en_US\" \/>\n<meta property=\"og:type\" content=\"article\" \/>\n<meta property=\"og:title\" content=\"En Barber\u00e0 de nou en el Top 10, en Baz suma quatre punts a casa - Esponsorama\" \/>\n<meta property=\"og:description\" content=\"L&#8217;equip Avintia Racing ha acabat el Gran Premi de Fran\u00e7a de manera positiva despr\u00e9s que els cronometrats no fossin del tot b\u00e9 per als dos pilots. Per\u00f2 avui diumenge, hi ha hagut una bona evoluci\u00f3 i tots dos han aguantat sobre de la moto en cursa at\u00edpica, amb moltes caigudes. Despr\u00e9s de 28 voltes a [&hellip;]\" \/>\n<meta property=\"og:url\" content=\"http:\/\/esponsorama.ad\/ca\/en-barbera-de-nou-en-el-top-10-en-baz-suma-quatre-punts-a-casa\/\" \/>\n<meta property=\"og:site_name\" content=\"Esponsorama\" \/>\n<meta property=\"article:published_time\" content=\"2016-07-20T15:38:13+00:00\" \/>\n<meta property=\"article:modified_time\" content=\"2016-07-20T17:57:27+00:00\" \/>\n<meta property=\"og:image\" content=\"http:\/\/esponsorama.ad\/wp-content\/uploads\/2016\/06\/05Francia16Mgp-2749.jpg\" \/>\n\t<meta property=\"og:image:width\" content=\"4837\" \/>\n\t<meta property=\"og:image:height\" content=\"3225\" \/>\n\t<meta property=\"og:image:type\" content=\"image\/jpeg\" \/>\n<meta name=\"author\" content=\"Xavi Andornet\" \/>\n<meta name=\"twitter:card\" content=\"summary_large_image\" \/>\n<meta name=\"twitter:label1\" content=\"Written by\" \/>\n\t<meta name=\"twitter:data1\" content=\"Xavi Andornet\" \/>\n\t<meta name=\"twitter:label2\" content=\"Est. reading time\" \/>\n\t<meta name=\"twitter:data2\" content=\"3 minutes\" \/>\n<script type=\"application\/ld+json\" class=\"yoast-schema-graph\">{\"@context\":\"https:\/\/schema.org\",\"@graph\":[{\"@type\":\"Article\",\"@id\":\"http:\/\/esponsorama.ad\/ca\/en-barbera-de-nou-en-el-top-10-en-baz-suma-quatre-punts-a-casa\/#article\",\"isPartOf\":{\"@id\":\"http:\/\/esponsorama.ad\/ca\/en-barbera-de-nou-en-el-top-10-en-baz-suma-quatre-punts-a-casa\/\"},\"author\":{\"name\":\"Xavi Andornet\",\"@id\":\"http:\/\/esponsorama.ad\/es\/#\/schema\/person\/a5cde74945183d737066e46b61c6f9c4\"},\"headline\":\"En Barber\u00e0 de nou en el Top 10, en Baz suma quatre punts a casa\",\"datePublished\":\"2016-07-20T15:38:13+00:00\",\"dateModified\":\"2016-07-20T17:57:27+00:00\",\"mainEntityOfPage\":{\"@id\":\"http:\/\/esponsorama.ad\/ca\/en-barbera-de-nou-en-el-top-10-en-baz-suma-quatre-punts-a-casa\/\"},\"wordCount\":537,\"image\":{\"@id\":\"http:\/\/esponsorama.ad\/ca\/en-barbera-de-nou-en-el-top-10-en-baz-suma-quatre-punts-a-casa\/#primaryimage\"},\"thumbnailUrl\":\"http:\/\/esponsorama.ad\/wp-content\/uploads\/2016\/06\/05Francia16Mgp-2749.jpg\",\"articleSection\":[\"MotoGP\"],\"inLanguage\":\"ca-AD\"},{\"@type\":\"WebPage\",\"@id\":\"http:\/\/esponsorama.ad\/ca\/en-barbera-de-nou-en-el-top-10-en-baz-suma-quatre-punts-a-casa\/\",\"url\":\"http:\/\/esponsorama.ad\/ca\/en-barbera-de-nou-en-el-top-10-en-baz-suma-quatre-punts-a-casa\/\",\"name\":\"En Barber\u00e0 de nou en el Top 10, en Baz suma quatre punts a casa - Esponsorama\",\"isPartOf\":{\"@id\":\"http:\/\/esponsorama.ad\/es\/#website\"},\"primaryImageOfPage\":{\"@id\":\"http:\/\/esponsorama.ad\/ca\/en-barbera-de-nou-en-el-top-10-en-baz-suma-quatre-punts-a-casa\/#primaryimage\"},\"image\":{\"@id\":\"http:\/\/esponsorama.ad\/ca\/en-barbera-de-nou-en-el-top-10-en-baz-suma-quatre-punts-a-casa\/#primaryimage\"},\"thumbnailUrl\":\"http:\/\/esponsorama.ad\/wp-content\/uploads\/2016\/06\/05Francia16Mgp-2749.jpg\",\"datePublished\":\"2016-07-20T15:38:13+00:00\",\"dateModified\":\"2016-07-20T17:57:27+00:00\",\"author\":{\"@id\":\"http:\/\/esponsorama.ad\/es\/#\/schema\/person\/a5cde74945183d737066e46b61c6f9c4\"},\"breadcrumb\":{\"@id\":\"http:\/\/esponsorama.ad\/ca\/en-barbera-de-nou-en-el-top-10-en-baz-suma-quatre-punts-a-casa\/#breadcrumb\"},\"inLanguage\":\"ca-AD\",\"potentialAction\":[{\"@type\":\"ReadAction\",\"target\":[\"http:\/\/esponsorama.ad\/ca\/en-barbera-de-nou-en-el-top-10-en-baz-suma-quatre-punts-a-casa\/\"]}]},{\"@type\":\"ImageObject\",\"inLanguage\":\"ca-AD\",\"@id\":\"http:\/\/esponsorama.ad\/ca\/en-barbera-de-nou-en-el-top-10-en-baz-suma-quatre-punts-a-casa\/#primaryimage\",\"url\":\"http:\/\/esponsorama.ad\/wp-content\/uploads\/2016\/06\/05Francia16Mgp-2749.jpg\",\"contentUrl\":\"http:\/\/esponsorama.ad\/wp-content\/uploads\/2016\/06\/05Francia16Mgp-2749.jpg\",\"width\":4837,\"height\":3225},{\"@type\":\"BreadcrumbList\",\"@id\":\"http:\/\/esponsorama.ad\/ca\/en-barbera-de-nou-en-el-top-10-en-baz-suma-quatre-punts-a-casa\/#breadcrumb\",\"itemListElement\":[{\"@type\":\"ListItem\",\"position\":1,\"name\":\"Home\",\"item\":\"http:\/\/esponsorama.ad\/en\/\"},{\"@type\":\"ListItem\",\"position\":2,\"name\":\"En Barber\u00e0 de nou en el Top 10, en Baz suma quatre punts a casa\"}]},{\"@type\":\"WebSite\",\"@id\":\"http:\/\/esponsorama.ad\/es\/#website\",\"url\":\"http:\/\/esponsorama.ad\/es\/\",\"name\":\"Esponsorama\",\"description\":\"Specialist in motorsport sponsorship and event promotions\",\"potentialAction\":[{\"@type\":\"SearchAction\",\"target\":{\"@type\":\"EntryPoint\",\"urlTemplate\":\"http:\/\/esponsorama.ad\/es\/?s={search_term_string}\"},\"query-input\":{\"@type\":\"PropertyValueSpecification\",\"valueRequired\":true,\"valueName\":\"search_term_string\"}}],\"inLanguage\":\"ca-AD\"},{\"@type\":\"Person\",\"@id\":\"http:\/\/esponsorama.ad\/es\/#\/schema\/person\/a5cde74945183d737066e46b61c6f9c4\",\"name\":\"Xavi Andornet\",\"image\":{\"@type\":\"ImageObject\",\"inLanguage\":\"ca-AD\",\"@id\":\"http:\/\/esponsorama.ad\/es\/#\/schema\/person\/image\/\",\"url\":\"https:\/\/secure.gravatar.com\/avatar\/f10eaf9ad601244a2357c9fd7cd9805ed166cfaaf76d5d9ab08a9d873e70147a?s=96&d=mm&r=g\",\"contentUrl\":\"https:\/\/secure.gravatar.com\/avatar\/f10eaf9ad601244a2357c9fd7cd9805ed166cfaaf76d5d9ab08a9d873e70147a?s=96&d=mm&r=g\",\"caption\":\"Xavi Andornet\"},\"sameAs\":[\"http:\/\/www.andornet.ad\"],\"url\":\"http:\/\/esponsorama.ad\/ca\/author\/andornet\/\"}]}<\/script>\n<!-- \/ Yoast SEO plugin. -->","yoast_head_json":{"title":"En Barber\u00e0 de nou en el Top 10, en Baz suma quatre punts a casa - Esponsorama","robots":{"index":"index","follow":"follow","max-snippet":"max-snippet:-1","max-image-preview":"max-image-preview:large","max-video-preview":"max-video-preview:-1"},"canonical":"http:\/\/esponsorama.ad\/ca\/en-barbera-de-nou-en-el-top-10-en-baz-suma-quatre-punts-a-casa\/","og_locale":"en_US","og_type":"article","og_title":"En Barber\u00e0 de nou en el Top 10, en Baz suma quatre punts a casa - Esponsorama","og_description":"L&#8217;equip Avintia Racing ha acabat el Gran Premi de Fran\u00e7a de manera positiva despr\u00e9s que els cronometrats no fossin del tot b\u00e9 per als dos pilots. Per\u00f2 avui diumenge, hi ha hagut una bona evoluci\u00f3 i tots dos han aguantat sobre de la moto en cursa at\u00edpica, amb moltes caigudes. Despr\u00e9s de 28 voltes a [&hellip;]","og_url":"http:\/\/esponsorama.ad\/ca\/en-barbera-de-nou-en-el-top-10-en-baz-suma-quatre-punts-a-casa\/","og_site_name":"Esponsorama","article_published_time":"2016-07-20T15:38:13+00:00","article_modified_time":"2016-07-20T17:57:27+00:00","og_image":[{"width":4837,"height":3225,"url":"http:\/\/esponsorama.ad\/wp-content\/uploads\/2016\/06\/05Francia16Mgp-2749.jpg","type":"image\/jpeg"}],"author":"Xavi Andornet","twitter_card":"summary_large_image","twitter_misc":{"Written by":"Xavi Andornet","Est. reading time":"3 minutes"},"schema":{"@context":"https:\/\/schema.org","@graph":[{"@type":"Article","@id":"http:\/\/esponsorama.ad\/ca\/en-barbera-de-nou-en-el-top-10-en-baz-suma-quatre-punts-a-casa\/#article","isPartOf":{"@id":"http:\/\/esponsorama.ad\/ca\/en-barbera-de-nou-en-el-top-10-en-baz-suma-quatre-punts-a-casa\/"},"author":{"name":"Xavi Andornet","@id":"http:\/\/esponsorama.ad\/es\/#\/schema\/person\/a5cde74945183d737066e46b61c6f9c4"},"headline":"En Barber\u00e0 de nou en el Top 10, en Baz suma quatre punts a casa","datePublished":"2016-07-20T15:38:13+00:00","dateModified":"2016-07-20T17:57:27+00:00","mainEntityOfPage":{"@id":"http:\/\/esponsorama.ad\/ca\/en-barbera-de-nou-en-el-top-10-en-baz-suma-quatre-punts-a-casa\/"},"wordCount":537,"image":{"@id":"http:\/\/esponsorama.ad\/ca\/en-barbera-de-nou-en-el-top-10-en-baz-suma-quatre-punts-a-casa\/#primaryimage"},"thumbnailUrl":"http:\/\/esponsorama.ad\/wp-content\/uploads\/2016\/06\/05Francia16Mgp-2749.jpg","articleSection":["MotoGP"],"inLanguage":"ca-AD"},{"@type":"WebPage","@id":"http:\/\/esponsorama.ad\/ca\/en-barbera-de-nou-en-el-top-10-en-baz-suma-quatre-punts-a-casa\/","url":"http:\/\/esponsorama.ad\/ca\/en-barbera-de-nou-en-el-top-10-en-baz-suma-quatre-punts-a-casa\/","name":"En Barber\u00e0 de nou en el Top 10, en Baz suma quatre punts a casa - Esponsorama","isPartOf":{"@id":"http:\/\/esponsorama.ad\/es\/#website"},"primaryImageOfPage":{"@id":"http:\/\/esponsorama.ad\/ca\/en-barbera-de-nou-en-el-top-10-en-baz-suma-quatre-punts-a-casa\/#primaryimage"},"image":{"@id":"http:\/\/esponsorama.ad\/ca\/en-barbera-de-nou-en-el-top-10-en-baz-suma-quatre-punts-a-casa\/#primaryimage"},"thumbnailUrl":"http:\/\/esponsorama.ad\/wp-content\/uploads\/2016\/06\/05Francia16Mgp-2749.jpg","datePublished":"2016-07-20T15:38:13+00:00","dateModified":"2016-07-20T17:57:27+00:00","author":{"@id":"http:\/\/esponsorama.ad\/es\/#\/schema\/person\/a5cde74945183d737066e46b61c6f9c4"},"breadcrumb":{"@id":"http:\/\/esponsorama.ad\/ca\/en-barbera-de-nou-en-el-top-10-en-baz-suma-quatre-punts-a-casa\/#breadcrumb"},"inLanguage":"ca-AD","potentialAction":[{"@type":"ReadAction","target":["http:\/\/esponsorama.ad\/ca\/en-barbera-de-nou-en-el-top-10-en-baz-suma-quatre-punts-a-casa\/"]}]},{"@type":"ImageObject","inLanguage":"ca-AD","@id":"http:\/\/esponsorama.ad\/ca\/en-barbera-de-nou-en-el-top-10-en-baz-suma-quatre-punts-a-casa\/#primaryimage","url":"http:\/\/esponsorama.ad\/wp-content\/uploads\/2016\/06\/05Francia16Mgp-2749.jpg","contentUrl":"http:\/\/esponsorama.ad\/wp-content\/uploads\/2016\/06\/05Francia16Mgp-2749.jpg","width":4837,"height":3225},{"@type":"BreadcrumbList","@id":"http:\/\/esponsorama.ad\/ca\/en-barbera-de-nou-en-el-top-10-en-baz-suma-quatre-punts-a-casa\/#breadcrumb","itemListElement":[{"@type":"ListItem","position":1,"name":"Home","item":"http:\/\/esponsorama.ad\/en\/"},{"@type":"ListItem","position":2,"name":"En Barber\u00e0 de nou en el Top 10, en Baz suma quatre punts a casa"}]},{"@type":"WebSite","@id":"http:\/\/esponsorama.ad\/es\/#website","url":"http:\/\/esponsorama.ad\/es\/","name":"Esponsorama","description":"Specialist in motorsport sponsorship and event promotions","potentialAction":[{"@type":"SearchAction","target":{"@type":"EntryPoint","urlTemplate":"http:\/\/esponsorama.ad\/es\/?s={search_term_string}"},"query-input":{"@type":"PropertyValueSpecification","valueRequired":true,"valueName":"search_term_string"}}],"inLanguage":"ca-AD"},{"@type":"Person","@id":"http:\/\/esponsorama.ad\/es\/#\/schema\/person\/a5cde74945183d737066e46b61c6f9c4","name":"Xavi Andornet","image":{"@type":"ImageObject","inLanguage":"ca-AD","@id":"http:\/\/esponsorama.ad\/es\/#\/schema\/person\/image\/","url":"https:\/\/secure.gravatar.com\/avatar\/f10eaf9ad601244a2357c9fd7cd9805ed166cfaaf76d5d9ab08a9d873e70147a?s=96&d=mm&r=g","contentUrl":"https:\/\/secure.gravatar.com\/avatar\/f10eaf9ad601244a2357c9fd7cd9805ed166cfaaf76d5d9ab08a9d873e70147a?s=96&d=mm&r=g","caption":"Xavi Andornet"},"sameAs":["http:\/\/www.andornet.ad"],"url":"http:\/\/esponsorama.ad\/ca\/author\/andornet\/"}]}},"_links":{"self":[{"href":"http:\/\/esponsorama.ad\/ca\/wp-json\/wp\/v2\/posts\/543","targetHints":{"allow":["GET"]}}],"collection":[{"href":"http:\/\/esponsorama.ad\/ca\/wp-json\/wp\/v2\/posts"}],"about":[{"href":"http:\/\/esponsorama.ad\/ca\/wp-json\/wp\/v2\/types\/post"}],"author":[{"embeddable":true,"href":"http:\/\/esponsorama.ad\/ca\/wp-json\/wp\/v2\/users\/6"}],"replies":[{"embeddable":true,"href":"http:\/\/esponsorama.ad\/ca\/wp-json\/wp\/v2\/comments?post=543"}],"version-history":[{"count":0,"href":"http:\/\/esponsorama.ad\/ca\/wp-json\/wp\/v2\/posts\/543\/revisions"}],"wp:featuredmedia":[{"embeddable":true,"href":"http:\/\/esponsorama.ad\/ca\/wp-json\/wp\/v2\/media\/384"}],"wp:attachment":[{"href":"http:\/\/esponsorama.ad\/ca\/wp-json\/wp\/v2\/media?parent=543"}],"wp:term":[{"taxonomy":"category","embeddable":true,"href":"http:\/\/esponsorama.ad\/ca\/wp-json\/wp\/v2\/categories?post=543"},{"taxonomy":"post_tag","embeddable":true,"href":"http:\/\/esponsorama.ad\/ca\/wp-json\/wp\/v2\/tags?post=543"}],"curies":[{"name":"wp","href":"https:\/\/api.w.org\/{rel}","templated":true}]}}