{"id":545,"date":"2016-07-20T17:41:00","date_gmt":"2016-07-20T15:41:00","guid":{"rendered":"http:\/\/esponsorama.ad\/?p=545"},"modified":"2016-07-20T19:57:45","modified_gmt":"2016-07-20T17:57:45","slug":"lhector-barbera-acaba-onze-al-gran-premi-de-catalunya","status":"publish","type":"post","link":"http:\/\/esponsorama.ad\/ca\/lhector-barbera-acaba-onze-al-gran-premi-de-catalunya\/","title":{"rendered":"L\u2019H\u00e9ctor Barber\u00e1 acaba onz\u00e8 al Gran Premi de Catalunya"},"content":{"rendered":"<p>Despr\u00e9s d&#8217;aconseguir el quart millor temps en els entrenaments cronometrats de dissabte el pilot d\u2019Avintia Racing, l\u2019H\u00e9ctor Barber\u00e1 comen\u00e7ava el Gran Premi de Catalunya amb les expectatives molt altes. La sortida no ha estat perfecta i en la primera volta ha perdut diverses posicions, per\u00f2 quan ha comen\u00e7at a agafar ritme, el pneum\u00e0tic del darrere ha patit una baixada de rendiment i al final ha hagut de lluitar amb la seva moto per acabar la carrera. Barber\u00e1 ha creuat la meta en desena posici\u00f3, per\u00f2 ha estat penalitzat amb un lloc despr\u00e9s de saltar-se la \u201cchicane\u201d en l&#8217;\u00faltima volta. El m\u00e9s positiu \u00e9s que el pilot espanyol segueix vuit\u00e8 en la classificaci\u00f3 provisional del campionat despr\u00e9s de set cites.<\/p>\n<p>En Michele Pirro, que a Barcelona ha cobert el lloc d\u2019en Loris Baz qui segueix recuperant-se de les lesions sofertes a Mugello, tamb\u00e9 ha tingut els mateixos problemes d&#8217;adher\u00e8ncia que en Barber\u00e1. El pilot de proves de Ducati ha creuat la meta 15\u00ba, per\u00f2 creu que treballant una mica m\u00e9s en l&#8217;electr\u00f2nica la GP14.2 t\u00e9 potencial per estar lluitant pel &#8216;Top 10&#8217; en cada carrera.<\/p>\n<p>Dem\u00e0 l\u2019H\u00e9ctor Barber\u00e1 tindr\u00e0 un dia de test en el qual espera poder trobar alguna cosa que li permeti lluitar per millors resultats en les pr\u00f2ximes carreres.<\/p>\n<p><strong>H\u00c9CTOR BARBER\u00c1 #8 \/ @HectorBarbera P11<\/strong><\/p>\n<p>&#8220;Aquest resultat pod\u00eda ser millor despr\u00e9s de com ho vam fer ahir. Ha estat una cursa molt complicada perqu\u00e8 passades sis voltes el pneum\u00e0tic no responia i el control de tracci\u00f3 s&#8217;activava cont\u00ednuament. En aquestes condicions la moto no anava com hauria d\u2019anar i autom\u00e0ticament he hagut de baixar el ritme. El pitjor \u00e9s que la manca d&#8217;uni\u00f3 ha anat a m\u00e9s i ha arribat un moment en qu\u00e8 la moto era incondu\u00efble. He estat pacient i m&#8217;he marcat com a objectiu portar la moto de tornada al box rodant cinc segons m\u00e9s lent que ahir. Dem\u00e0 al test intentarem buscar solucions, per\u00f2 crec que necessitem ajuda de Michelin per millorar. &#8221;<\/p>\n<p><strong>MICHELE PIRRO #51 \/ @pirrorider P15 <\/strong><\/p>\n<p>&#8220;Ha estat una cursa molt dif\u00edcil perqu\u00e8 no tenia res de &#8216;grip&#8217; i la roda del darrere anava patinant tot el rato. Amb aquest problema era impossible fer res m\u00e9s. A m\u00e9s he perdut molt en les primeres voltes i despr\u00e9s tot s&#8217;ha complicat m\u00e9s. Sab\u00edem que seria dif\u00edcil per\u00f2 la veritat \u00e9s que esperava un resultat millor. Vull donar les gr\u00e0cies una altra vegada a l&#8217;equip perqu\u00e8 hem treballat molt i b\u00e9 durant el cap de setmana. En general crec que la moto t\u00e9 potencial per ser al &#8216;Top 10&#8217; en cada carrera, per\u00f2 cal treballar una mica m\u00e9s en l&#8217;electr\u00f2nica. &#8220;<\/p>\n","protected":false},"excerpt":{"rendered":"<p>Despr\u00e9s d&#8217;aconseguir el quart millor temps en els entrenaments cronometrats de dissabte el pilot d\u2019Avintia Racing, l\u2019H\u00e9ctor Barber\u00e1 comen\u00e7ava el Gran Premi de Catalunya amb les expectatives molt altes. La sortida no ha estat perfecta i en la primera volta ha perdut diverses posicions, per\u00f2 quan ha comen\u00e7at a agafar ritme, el pneum\u00e0tic del darrere [&hellip;]<\/p>\n","protected":false},"author":6,"featured_media":393,"comment_status":"closed","ping_status":"closed","sticky":false,"template":"","format":"standard","meta":{"footnotes":""},"categories":[3],"tags":[],"class_list":["post-545","post","type-post","status-publish","format-standard","has-post-thumbnail","hentry","category-motogp"],"yoast_head":"<!-- This site is optimized with the Yoast SEO plugin v27.1.1 - https:\/\/yoast.com\/product\/yoast-seo-wordpress\/ -->\n<title>L\u2019H\u00e9ctor Barber\u00e1 acaba onz\u00e8 al Gran Premi de Catalunya - Esponsorama<\/title>\n<meta name=\"robots\" content=\"index, follow, max-snippet:-1, max-image-preview:large, max-video-preview:-1\" \/>\n<link rel=\"canonical\" href=\"http:\/\/esponsorama.ad\/ca\/lhector-barbera-acaba-onze-al-gran-premi-de-catalunya\/\" \/>\n<meta property=\"og:locale\" content=\"en_US\" \/>\n<meta property=\"og:type\" content=\"article\" \/>\n<meta property=\"og:title\" content=\"L\u2019H\u00e9ctor Barber\u00e1 acaba onz\u00e8 al Gran Premi de Catalunya - Esponsorama\" \/>\n<meta property=\"og:description\" content=\"Despr\u00e9s d&#8217;aconseguir el quart millor temps en els entrenaments cronometrats de dissabte el pilot d\u2019Avintia Racing, l\u2019H\u00e9ctor Barber\u00e1 comen\u00e7ava el Gran Premi de Catalunya amb les expectatives molt altes. La sortida no ha estat perfecta i en la primera volta ha perdut diverses posicions, per\u00f2 quan ha comen\u00e7at a agafar ritme, el pneum\u00e0tic del darrere [&hellip;]\" \/>\n<meta property=\"og:url\" content=\"http:\/\/esponsorama.ad\/ca\/lhector-barbera-acaba-onze-al-gran-premi-de-catalunya\/\" \/>\n<meta property=\"og:site_name\" content=\"Esponsorama\" \/>\n<meta property=\"article:published_time\" content=\"2016-07-20T15:41:00+00:00\" \/>\n<meta property=\"article:modified_time\" content=\"2016-07-20T17:57:45+00:00\" \/>\n<meta property=\"og:image\" content=\"http:\/\/esponsorama.ad\/wp-content\/uploads\/2016\/06\/07_CAT_2016_MGP-1212.jpg\" \/>\n\t<meta property=\"og:image:width\" content=\"5184\" \/>\n\t<meta property=\"og:image:height\" content=\"3456\" \/>\n\t<meta property=\"og:image:type\" content=\"image\/jpeg\" \/>\n<meta name=\"author\" content=\"Xavi Andornet\" \/>\n<meta name=\"twitter:card\" content=\"summary_large_image\" \/>\n<meta name=\"twitter:label1\" content=\"Written by\" \/>\n\t<meta name=\"twitter:data1\" content=\"Xavi Andornet\" \/>\n\t<meta name=\"twitter:label2\" content=\"Est. reading time\" \/>\n\t<meta name=\"twitter:data2\" content=\"2 minutes\" \/>\n<script type=\"application\/ld+json\" class=\"yoast-schema-graph\">{\"@context\":\"https:\/\/schema.org\",\"@graph\":[{\"@type\":\"Article\",\"@id\":\"http:\/\/esponsorama.ad\/ca\/lhector-barbera-acaba-onze-al-gran-premi-de-catalunya\/#article\",\"isPartOf\":{\"@id\":\"http:\/\/esponsorama.ad\/ca\/lhector-barbera-acaba-onze-al-gran-premi-de-catalunya\/\"},\"author\":{\"name\":\"Xavi Andornet\",\"@id\":\"http:\/\/esponsorama.ad\/es\/#\/schema\/person\/a5cde74945183d737066e46b61c6f9c4\"},\"headline\":\"L\u2019H\u00e9ctor Barber\u00e1 acaba onz\u00e8 al Gran Premi de Catalunya\",\"datePublished\":\"2016-07-20T15:41:00+00:00\",\"dateModified\":\"2016-07-20T17:57:45+00:00\",\"mainEntityOfPage\":{\"@id\":\"http:\/\/esponsorama.ad\/ca\/lhector-barbera-acaba-onze-al-gran-premi-de-catalunya\/\"},\"wordCount\":480,\"image\":{\"@id\":\"http:\/\/esponsorama.ad\/ca\/lhector-barbera-acaba-onze-al-gran-premi-de-catalunya\/#primaryimage\"},\"thumbnailUrl\":\"http:\/\/esponsorama.ad\/wp-content\/uploads\/2016\/06\/07_CAT_2016_MGP-1212.jpg\",\"articleSection\":[\"MotoGP\"],\"inLanguage\":\"ca-AD\"},{\"@type\":\"WebPage\",\"@id\":\"http:\/\/esponsorama.ad\/ca\/lhector-barbera-acaba-onze-al-gran-premi-de-catalunya\/\",\"url\":\"http:\/\/esponsorama.ad\/ca\/lhector-barbera-acaba-onze-al-gran-premi-de-catalunya\/\",\"name\":\"L\u2019H\u00e9ctor Barber\u00e1 acaba onz\u00e8 al Gran Premi de Catalunya - Esponsorama\",\"isPartOf\":{\"@id\":\"http:\/\/esponsorama.ad\/es\/#website\"},\"primaryImageOfPage\":{\"@id\":\"http:\/\/esponsorama.ad\/ca\/lhector-barbera-acaba-onze-al-gran-premi-de-catalunya\/#primaryimage\"},\"image\":{\"@id\":\"http:\/\/esponsorama.ad\/ca\/lhector-barbera-acaba-onze-al-gran-premi-de-catalunya\/#primaryimage\"},\"thumbnailUrl\":\"http:\/\/esponsorama.ad\/wp-content\/uploads\/2016\/06\/07_CAT_2016_MGP-1212.jpg\",\"datePublished\":\"2016-07-20T15:41:00+00:00\",\"dateModified\":\"2016-07-20T17:57:45+00:00\",\"author\":{\"@id\":\"http:\/\/esponsorama.ad\/es\/#\/schema\/person\/a5cde74945183d737066e46b61c6f9c4\"},\"breadcrumb\":{\"@id\":\"http:\/\/esponsorama.ad\/ca\/lhector-barbera-acaba-onze-al-gran-premi-de-catalunya\/#breadcrumb\"},\"inLanguage\":\"ca-AD\",\"potentialAction\":[{\"@type\":\"ReadAction\",\"target\":[\"http:\/\/esponsorama.ad\/ca\/lhector-barbera-acaba-onze-al-gran-premi-de-catalunya\/\"]}]},{\"@type\":\"ImageObject\",\"inLanguage\":\"ca-AD\",\"@id\":\"http:\/\/esponsorama.ad\/ca\/lhector-barbera-acaba-onze-al-gran-premi-de-catalunya\/#primaryimage\",\"url\":\"http:\/\/esponsorama.ad\/wp-content\/uploads\/2016\/06\/07_CAT_2016_MGP-1212.jpg\",\"contentUrl\":\"http:\/\/esponsorama.ad\/wp-content\/uploads\/2016\/06\/07_CAT_2016_MGP-1212.jpg\",\"width\":5184,\"height\":3456},{\"@type\":\"BreadcrumbList\",\"@id\":\"http:\/\/esponsorama.ad\/ca\/lhector-barbera-acaba-onze-al-gran-premi-de-catalunya\/#breadcrumb\",\"itemListElement\":[{\"@type\":\"ListItem\",\"position\":1,\"name\":\"Home\",\"item\":\"http:\/\/esponsorama.ad\/en\/\"},{\"@type\":\"ListItem\",\"position\":2,\"name\":\"L\u2019H\u00e9ctor Barber\u00e1 acaba onz\u00e8 al Gran Premi de Catalunya\"}]},{\"@type\":\"WebSite\",\"@id\":\"http:\/\/esponsorama.ad\/es\/#website\",\"url\":\"http:\/\/esponsorama.ad\/es\/\",\"name\":\"Esponsorama\",\"description\":\"Specialist in motorsport sponsorship and event promotions\",\"potentialAction\":[{\"@type\":\"SearchAction\",\"target\":{\"@type\":\"EntryPoint\",\"urlTemplate\":\"http:\/\/esponsorama.ad\/es\/?s={search_term_string}\"},\"query-input\":{\"@type\":\"PropertyValueSpecification\",\"valueRequired\":true,\"valueName\":\"search_term_string\"}}],\"inLanguage\":\"ca-AD\"},{\"@type\":\"Person\",\"@id\":\"http:\/\/esponsorama.ad\/es\/#\/schema\/person\/a5cde74945183d737066e46b61c6f9c4\",\"name\":\"Xavi Andornet\",\"image\":{\"@type\":\"ImageObject\",\"inLanguage\":\"ca-AD\",\"@id\":\"http:\/\/esponsorama.ad\/es\/#\/schema\/person\/image\/\",\"url\":\"https:\/\/secure.gravatar.com\/avatar\/f10eaf9ad601244a2357c9fd7cd9805ed166cfaaf76d5d9ab08a9d873e70147a?s=96&d=mm&r=g\",\"contentUrl\":\"https:\/\/secure.gravatar.com\/avatar\/f10eaf9ad601244a2357c9fd7cd9805ed166cfaaf76d5d9ab08a9d873e70147a?s=96&d=mm&r=g\",\"caption\":\"Xavi Andornet\"},\"sameAs\":[\"http:\/\/www.andornet.ad\"],\"url\":\"http:\/\/esponsorama.ad\/ca\/author\/andornet\/\"}]}<\/script>\n<!-- \/ Yoast SEO plugin. -->","yoast_head_json":{"title":"L\u2019H\u00e9ctor Barber\u00e1 acaba onz\u00e8 al Gran Premi de Catalunya - Esponsorama","robots":{"index":"index","follow":"follow","max-snippet":"max-snippet:-1","max-image-preview":"max-image-preview:large","max-video-preview":"max-video-preview:-1"},"canonical":"http:\/\/esponsorama.ad\/ca\/lhector-barbera-acaba-onze-al-gran-premi-de-catalunya\/","og_locale":"en_US","og_type":"article","og_title":"L\u2019H\u00e9ctor Barber\u00e1 acaba onz\u00e8 al Gran Premi de Catalunya - Esponsorama","og_description":"Despr\u00e9s d&#8217;aconseguir el quart millor temps en els entrenaments cronometrats de dissabte el pilot d\u2019Avintia Racing, l\u2019H\u00e9ctor Barber\u00e1 comen\u00e7ava el Gran Premi de Catalunya amb les expectatives molt altes. La sortida no ha estat perfecta i en la primera volta ha perdut diverses posicions, per\u00f2 quan ha comen\u00e7at a agafar ritme, el pneum\u00e0tic del darrere [&hellip;]","og_url":"http:\/\/esponsorama.ad\/ca\/lhector-barbera-acaba-onze-al-gran-premi-de-catalunya\/","og_site_name":"Esponsorama","article_published_time":"2016-07-20T15:41:00+00:00","article_modified_time":"2016-07-20T17:57:45+00:00","og_image":[{"width":5184,"height":3456,"url":"http:\/\/esponsorama.ad\/wp-content\/uploads\/2016\/06\/07_CAT_2016_MGP-1212.jpg","type":"image\/jpeg"}],"author":"Xavi Andornet","twitter_card":"summary_large_image","twitter_misc":{"Written by":"Xavi Andornet","Est. reading time":"2 minutes"},"schema":{"@context":"https:\/\/schema.org","@graph":[{"@type":"Article","@id":"http:\/\/esponsorama.ad\/ca\/lhector-barbera-acaba-onze-al-gran-premi-de-catalunya\/#article","isPartOf":{"@id":"http:\/\/esponsorama.ad\/ca\/lhector-barbera-acaba-onze-al-gran-premi-de-catalunya\/"},"author":{"name":"Xavi Andornet","@id":"http:\/\/esponsorama.ad\/es\/#\/schema\/person\/a5cde74945183d737066e46b61c6f9c4"},"headline":"L\u2019H\u00e9ctor Barber\u00e1 acaba onz\u00e8 al Gran Premi de Catalunya","datePublished":"2016-07-20T15:41:00+00:00","dateModified":"2016-07-20T17:57:45+00:00","mainEntityOfPage":{"@id":"http:\/\/esponsorama.ad\/ca\/lhector-barbera-acaba-onze-al-gran-premi-de-catalunya\/"},"wordCount":480,"image":{"@id":"http:\/\/esponsorama.ad\/ca\/lhector-barbera-acaba-onze-al-gran-premi-de-catalunya\/#primaryimage"},"thumbnailUrl":"http:\/\/esponsorama.ad\/wp-content\/uploads\/2016\/06\/07_CAT_2016_MGP-1212.jpg","articleSection":["MotoGP"],"inLanguage":"ca-AD"},{"@type":"WebPage","@id":"http:\/\/esponsorama.ad\/ca\/lhector-barbera-acaba-onze-al-gran-premi-de-catalunya\/","url":"http:\/\/esponsorama.ad\/ca\/lhector-barbera-acaba-onze-al-gran-premi-de-catalunya\/","name":"L\u2019H\u00e9ctor Barber\u00e1 acaba onz\u00e8 al Gran Premi de Catalunya - Esponsorama","isPartOf":{"@id":"http:\/\/esponsorama.ad\/es\/#website"},"primaryImageOfPage":{"@id":"http:\/\/esponsorama.ad\/ca\/lhector-barbera-acaba-onze-al-gran-premi-de-catalunya\/#primaryimage"},"image":{"@id":"http:\/\/esponsorama.ad\/ca\/lhector-barbera-acaba-onze-al-gran-premi-de-catalunya\/#primaryimage"},"thumbnailUrl":"http:\/\/esponsorama.ad\/wp-content\/uploads\/2016\/06\/07_CAT_2016_MGP-1212.jpg","datePublished":"2016-07-20T15:41:00+00:00","dateModified":"2016-07-20T17:57:45+00:00","author":{"@id":"http:\/\/esponsorama.ad\/es\/#\/schema\/person\/a5cde74945183d737066e46b61c6f9c4"},"breadcrumb":{"@id":"http:\/\/esponsorama.ad\/ca\/lhector-barbera-acaba-onze-al-gran-premi-de-catalunya\/#breadcrumb"},"inLanguage":"ca-AD","potentialAction":[{"@type":"ReadAction","target":["http:\/\/esponsorama.ad\/ca\/lhector-barbera-acaba-onze-al-gran-premi-de-catalunya\/"]}]},{"@type":"ImageObject","inLanguage":"ca-AD","@id":"http:\/\/esponsorama.ad\/ca\/lhector-barbera-acaba-onze-al-gran-premi-de-catalunya\/#primaryimage","url":"http:\/\/esponsorama.ad\/wp-content\/uploads\/2016\/06\/07_CAT_2016_MGP-1212.jpg","contentUrl":"http:\/\/esponsorama.ad\/wp-content\/uploads\/2016\/06\/07_CAT_2016_MGP-1212.jpg","width":5184,"height":3456},{"@type":"BreadcrumbList","@id":"http:\/\/esponsorama.ad\/ca\/lhector-barbera-acaba-onze-al-gran-premi-de-catalunya\/#breadcrumb","itemListElement":[{"@type":"ListItem","position":1,"name":"Home","item":"http:\/\/esponsorama.ad\/en\/"},{"@type":"ListItem","position":2,"name":"L\u2019H\u00e9ctor Barber\u00e1 acaba onz\u00e8 al Gran Premi de Catalunya"}]},{"@type":"WebSite","@id":"http:\/\/esponsorama.ad\/es\/#website","url":"http:\/\/esponsorama.ad\/es\/","name":"Esponsorama","description":"Specialist in motorsport sponsorship and event promotions","potentialAction":[{"@type":"SearchAction","target":{"@type":"EntryPoint","urlTemplate":"http:\/\/esponsorama.ad\/es\/?s={search_term_string}"},"query-input":{"@type":"PropertyValueSpecification","valueRequired":true,"valueName":"search_term_string"}}],"inLanguage":"ca-AD"},{"@type":"Person","@id":"http:\/\/esponsorama.ad\/es\/#\/schema\/person\/a5cde74945183d737066e46b61c6f9c4","name":"Xavi Andornet","image":{"@type":"ImageObject","inLanguage":"ca-AD","@id":"http:\/\/esponsorama.ad\/es\/#\/schema\/person\/image\/","url":"https:\/\/secure.gravatar.com\/avatar\/f10eaf9ad601244a2357c9fd7cd9805ed166cfaaf76d5d9ab08a9d873e70147a?s=96&d=mm&r=g","contentUrl":"https:\/\/secure.gravatar.com\/avatar\/f10eaf9ad601244a2357c9fd7cd9805ed166cfaaf76d5d9ab08a9d873e70147a?s=96&d=mm&r=g","caption":"Xavi Andornet"},"sameAs":["http:\/\/www.andornet.ad"],"url":"http:\/\/esponsorama.ad\/ca\/author\/andornet\/"}]}},"_links":{"self":[{"href":"http:\/\/esponsorama.ad\/ca\/wp-json\/wp\/v2\/posts\/545","targetHints":{"allow":["GET"]}}],"collection":[{"href":"http:\/\/esponsorama.ad\/ca\/wp-json\/wp\/v2\/posts"}],"about":[{"href":"http:\/\/esponsorama.ad\/ca\/wp-json\/wp\/v2\/types\/post"}],"author":[{"embeddable":true,"href":"http:\/\/esponsorama.ad\/ca\/wp-json\/wp\/v2\/users\/6"}],"replies":[{"embeddable":true,"href":"http:\/\/esponsorama.ad\/ca\/wp-json\/wp\/v2\/comments?post=545"}],"version-history":[{"count":0,"href":"http:\/\/esponsorama.ad\/ca\/wp-json\/wp\/v2\/posts\/545\/revisions"}],"wp:featuredmedia":[{"embeddable":true,"href":"http:\/\/esponsorama.ad\/ca\/wp-json\/wp\/v2\/media\/393"}],"wp:attachment":[{"href":"http:\/\/esponsorama.ad\/ca\/wp-json\/wp\/v2\/media?parent=545"}],"wp:term":[{"taxonomy":"category","embeddable":true,"href":"http:\/\/esponsorama.ad\/ca\/wp-json\/wp\/v2\/categories?post=545"},{"taxonomy":"post_tag","embeddable":true,"href":"http:\/\/esponsorama.ad\/ca\/wp-json\/wp\/v2\/tags?post=545"}],"curies":[{"name":"wp","href":"https:\/\/api.w.org\/{rel}","templated":true}]}}