{"id":5672,"date":"2017-08-26T18:52:54","date_gmt":"2017-08-26T16:52:54","guid":{"rendered":"http:\/\/esponsorama.ad\/?p=5672"},"modified":"2017-08-27T00:17:38","modified_gmt":"2017-08-26T22:17:38","slug":"sesion-cronometrada-complicada-los-pilotos-reale-avintia-racing","status":"publish","type":"post","link":"http:\/\/esponsorama.ad\/ca\/sesion-cronometrada-complicada-los-pilotos-reale-avintia-racing\/","title":{"rendered":"Sessi\u00f3 cronometrada complicada per als pilots de Reale Avintia Racing"},"content":{"rendered":"<p>El segon dia d&#8217;entrenaments lliures i cronometrats no ha anat massa b\u00e9 per als pilots de l&#8217;equip Reale Avintia Racing. Al mat\u00ed la pista no estava en les millors condicions despr\u00e9s de la pluja caiguda a primera hora del mat\u00ed i no han aconseguit millorar els seus temps per passar directament a la Q2. Al FP4 les condicions han millorat bastant i tamb\u00e9 a la Q1, on tots dos han aconseguit millorar els seus temps d&#8217;ahir. Per\u00f2 no ha estat suficient i dem\u00e0 H\u00e9ctor Barber\u00e1 sortir\u00e0 16\u00ba i Loris Baz ho far\u00e0 des de la 21\u00aa posici\u00f3 de la graella, despr\u00e9s d&#8217;acabar sis\u00e8 i onz\u00e8 a la Q1 disputada avui a Silverstone.<\/p>\n<p>Per\u00f2 encara que la posici\u00f3 no \u00e9s la ideal, tots dos confien en poder remuntar durant les 20 voltes del Gran Premi de la Gran Bretanya per intentar sumar alguns punts per al campionat.<\/p>\n\n<p>&#8220;Com ja vam poder comprovar ahir em trobo molt millor amb la posada a punt que port\u00e0vem a Barcelona. Potser la moto funcioni millor amb la qual hav\u00edem usat en les \u00faltimes carreres, per\u00f2 requereix un estil de pilotatge que a mi no em funciona. Ara tinc el l\u00edmit una mica m\u00e9s alt i s&#8217;ha notat des del primer moment. el m\u00e9s positiu \u00e9s que estem a tres d\u00e8cimes d&#8217;\u00c1lvaro (Bautista), que \u00e9s la refer\u00e8ncia amb aquesta moto i qui est\u00e0 anant m\u00e9s r\u00e0pid, i tamb\u00e9 \u00e9s positiu que Redding ha rodat m\u00e9s lent. Es cert que ell sortir\u00e0 m\u00e9s amunt perqu\u00e8 ha entrat directe a la Q2, per\u00f2 aix\u00f2 \u00e9s el que passa quan et quedes fora. En general estic satisfet i crec que el ritme que tinc per la carrera \u00e9s bastant bo, aix\u00ed que dem\u00e0 toca sortir b\u00e9 i despr\u00e9s veurem fins on podem arribar. &#8221;<\/p>\n\n<p>&#8220;Avui ha estat un dia molt complicat. Aquest mat\u00ed la pista no estava perfecta, per\u00f2 tampoc ha anat malament. Per\u00f2 despr\u00e9s el FP4 i els cronometrats han anat fatal. Hem hagut de fer-ho gaireb\u00e9 tot amb la mateixa moto per mantenir el quilometratge dels motors i amb una sola moto no hem pogut provar b\u00e9 el que necessit\u00e0vem. Les proves que hem fet no han anat b\u00e9, per\u00f2 al haver d&#8217;entrar i sortir amb la mateixa moto hem perdut molt temps al box. En els cronometrats he provat una altra cosa que ens quedava del FP4 que no ha anat b\u00e9, per\u00f2 despr\u00e9s he sortit amb l&#8217;altra moto i m&#8217;he trobat molt c\u00f2mode. Crec que podria haver fet dues voltes molt bones, per\u00f2 he tingut un problema amb els frens i no ha pogut ser . Hem sortir molt enrere, aix\u00ed que a veure com va dem\u00e0, perqu\u00e8 tenim bon ritme i crec que podrem remuntar. &#8220;<\/p>\n","protected":false},"excerpt":{"rendered":"<p>El segon dia d&#8217;entrenaments lliures i cronometrats no ha anat massa b\u00e9 per als pilots de l&#8217;equip Reale Avintia Racing. Al mat\u00ed la pista no estava en les millors condicions despr\u00e9s de la pluja caiguda a primera hora del mat\u00ed i no han aconseguit millorar els seus temps per passar directament a la Q2. Al [&hellip;]<\/p>\n","protected":false},"author":6,"featured_media":5664,"comment_status":"closed","ping_status":"closed","sticky":false,"template":"","format":"standard","meta":{"footnotes":""},"categories":[3],"tags":[],"class_list":["post-5672","post","type-post","status-publish","format-standard","has-post-thumbnail","hentry","category-motogp"],"yoast_head":"<!-- This site is optimized with the Yoast SEO plugin v27.1.1 - https:\/\/yoast.com\/product\/yoast-seo-wordpress\/ -->\n<title>Sessi\u00f3 cronometrada complicada per als pilots de Reale Avintia Racing - Esponsorama<\/title>\n<meta name=\"robots\" content=\"index, follow, max-snippet:-1, max-image-preview:large, max-video-preview:-1\" \/>\n<link rel=\"canonical\" href=\"http:\/\/esponsorama.ad\/ca\/sesion-cronometrada-complicada-los-pilotos-reale-avintia-racing\/\" \/>\n<meta property=\"og:locale\" content=\"en_US\" \/>\n<meta property=\"og:type\" content=\"article\" \/>\n<meta property=\"og:title\" content=\"Sessi\u00f3 cronometrada complicada per als pilots de Reale Avintia Racing - Esponsorama\" \/>\n<meta property=\"og:description\" content=\"El segon dia d&#8217;entrenaments lliures i cronometrats no ha anat massa b\u00e9 per als pilots de l&#8217;equip Reale Avintia Racing. Al mat\u00ed la pista no estava en les millors condicions despr\u00e9s de la pluja caiguda a primera hora del mat\u00ed i no han aconseguit millorar els seus temps per passar directament a la Q2. Al [&hellip;]\" \/>\n<meta property=\"og:url\" content=\"http:\/\/esponsorama.ad\/ca\/sesion-cronometrada-complicada-los-pilotos-reale-avintia-racing\/\" \/>\n<meta property=\"og:site_name\" content=\"Esponsorama\" \/>\n<meta property=\"article:published_time\" content=\"2017-08-26T16:52:54+00:00\" \/>\n<meta property=\"article:modified_time\" content=\"2017-08-26T22:17:38+00:00\" \/>\n<meta property=\"og:image\" content=\"http:\/\/esponsorama.ad\/wp-content\/uploads\/2017\/08\/12Silverstone17RealeAvintia-9759.jpg\" \/>\n\t<meta property=\"og:image:width\" content=\"3537\" \/>\n\t<meta property=\"og:image:height\" content=\"2358\" \/>\n\t<meta property=\"og:image:type\" content=\"image\/jpeg\" \/>\n<meta name=\"author\" content=\"Xavi Andornet\" \/>\n<meta name=\"twitter:card\" content=\"summary_large_image\" \/>\n<meta name=\"twitter:label1\" content=\"Written by\" \/>\n\t<meta name=\"twitter:data1\" content=\"Xavi Andornet\" \/>\n\t<meta name=\"twitter:label2\" content=\"Est. reading time\" \/>\n\t<meta name=\"twitter:data2\" content=\"2 minutes\" \/>\n<script type=\"application\/ld+json\" class=\"yoast-schema-graph\">{\"@context\":\"https:\/\/schema.org\",\"@graph\":[{\"@type\":\"Article\",\"@id\":\"http:\/\/esponsorama.ad\/ca\/sesion-cronometrada-complicada-los-pilotos-reale-avintia-racing\/#article\",\"isPartOf\":{\"@id\":\"http:\/\/esponsorama.ad\/ca\/sesion-cronometrada-complicada-los-pilotos-reale-avintia-racing\/\"},\"author\":{\"name\":\"Xavi Andornet\",\"@id\":\"http:\/\/esponsorama.ad\/es\/#\/schema\/person\/a5cde74945183d737066e46b61c6f9c4\"},\"headline\":\"Sessi\u00f3 cronometrada complicada per als pilots de Reale Avintia Racing\",\"datePublished\":\"2017-08-26T16:52:54+00:00\",\"dateModified\":\"2017-08-26T22:17:38+00:00\",\"mainEntityOfPage\":{\"@id\":\"http:\/\/esponsorama.ad\/ca\/sesion-cronometrada-complicada-los-pilotos-reale-avintia-racing\/\"},\"wordCount\":486,\"image\":{\"@id\":\"http:\/\/esponsorama.ad\/ca\/sesion-cronometrada-complicada-los-pilotos-reale-avintia-racing\/#primaryimage\"},\"thumbnailUrl\":\"http:\/\/esponsorama.ad\/wp-content\/uploads\/2017\/08\/12Silverstone17RealeAvintia-9759.jpg\",\"articleSection\":[\"MotoGP\"],\"inLanguage\":\"ca-AD\"},{\"@type\":\"WebPage\",\"@id\":\"http:\/\/esponsorama.ad\/ca\/sesion-cronometrada-complicada-los-pilotos-reale-avintia-racing\/\",\"url\":\"http:\/\/esponsorama.ad\/ca\/sesion-cronometrada-complicada-los-pilotos-reale-avintia-racing\/\",\"name\":\"Sessi\u00f3 cronometrada complicada per als pilots de Reale Avintia Racing - Esponsorama\",\"isPartOf\":{\"@id\":\"http:\/\/esponsorama.ad\/es\/#website\"},\"primaryImageOfPage\":{\"@id\":\"http:\/\/esponsorama.ad\/ca\/sesion-cronometrada-complicada-los-pilotos-reale-avintia-racing\/#primaryimage\"},\"image\":{\"@id\":\"http:\/\/esponsorama.ad\/ca\/sesion-cronometrada-complicada-los-pilotos-reale-avintia-racing\/#primaryimage\"},\"thumbnailUrl\":\"http:\/\/esponsorama.ad\/wp-content\/uploads\/2017\/08\/12Silverstone17RealeAvintia-9759.jpg\",\"datePublished\":\"2017-08-26T16:52:54+00:00\",\"dateModified\":\"2017-08-26T22:17:38+00:00\",\"author\":{\"@id\":\"http:\/\/esponsorama.ad\/es\/#\/schema\/person\/a5cde74945183d737066e46b61c6f9c4\"},\"breadcrumb\":{\"@id\":\"http:\/\/esponsorama.ad\/ca\/sesion-cronometrada-complicada-los-pilotos-reale-avintia-racing\/#breadcrumb\"},\"inLanguage\":\"ca-AD\",\"potentialAction\":[{\"@type\":\"ReadAction\",\"target\":[\"http:\/\/esponsorama.ad\/ca\/sesion-cronometrada-complicada-los-pilotos-reale-avintia-racing\/\"]}]},{\"@type\":\"ImageObject\",\"inLanguage\":\"ca-AD\",\"@id\":\"http:\/\/esponsorama.ad\/ca\/sesion-cronometrada-complicada-los-pilotos-reale-avintia-racing\/#primaryimage\",\"url\":\"http:\/\/esponsorama.ad\/wp-content\/uploads\/2017\/08\/12Silverstone17RealeAvintia-9759.jpg\",\"contentUrl\":\"http:\/\/esponsorama.ad\/wp-content\/uploads\/2017\/08\/12Silverstone17RealeAvintia-9759.jpg\",\"width\":3537,\"height\":2358},{\"@type\":\"BreadcrumbList\",\"@id\":\"http:\/\/esponsorama.ad\/ca\/sesion-cronometrada-complicada-los-pilotos-reale-avintia-racing\/#breadcrumb\",\"itemListElement\":[{\"@type\":\"ListItem\",\"position\":1,\"name\":\"Home\",\"item\":\"http:\/\/esponsorama.ad\/ca\/\"},{\"@type\":\"ListItem\",\"position\":2,\"name\":\"Sessi\u00f3 cronometrada complicada per als pilots de Reale Avintia Racing\"}]},{\"@type\":\"WebSite\",\"@id\":\"http:\/\/esponsorama.ad\/es\/#website\",\"url\":\"http:\/\/esponsorama.ad\/es\/\",\"name\":\"Esponsorama\",\"description\":\"Specialist in motorsport sponsorship and event promotions\",\"potentialAction\":[{\"@type\":\"SearchAction\",\"target\":{\"@type\":\"EntryPoint\",\"urlTemplate\":\"http:\/\/esponsorama.ad\/es\/?s={search_term_string}\"},\"query-input\":{\"@type\":\"PropertyValueSpecification\",\"valueRequired\":true,\"valueName\":\"search_term_string\"}}],\"inLanguage\":\"ca-AD\"},{\"@type\":\"Person\",\"@id\":\"http:\/\/esponsorama.ad\/es\/#\/schema\/person\/a5cde74945183d737066e46b61c6f9c4\",\"name\":\"Xavi Andornet\",\"image\":{\"@type\":\"ImageObject\",\"inLanguage\":\"ca-AD\",\"@id\":\"http:\/\/esponsorama.ad\/es\/#\/schema\/person\/image\/\",\"url\":\"https:\/\/secure.gravatar.com\/avatar\/f10eaf9ad601244a2357c9fd7cd9805ed166cfaaf76d5d9ab08a9d873e70147a?s=96&d=mm&r=g\",\"contentUrl\":\"https:\/\/secure.gravatar.com\/avatar\/f10eaf9ad601244a2357c9fd7cd9805ed166cfaaf76d5d9ab08a9d873e70147a?s=96&d=mm&r=g\",\"caption\":\"Xavi Andornet\"},\"sameAs\":[\"http:\/\/www.andornet.ad\"],\"url\":\"http:\/\/esponsorama.ad\/ca\/author\/andornet\/\"}]}<\/script>\n<!-- \/ Yoast SEO plugin. -->","yoast_head_json":{"title":"Sessi\u00f3 cronometrada complicada per als pilots de Reale Avintia Racing - Esponsorama","robots":{"index":"index","follow":"follow","max-snippet":"max-snippet:-1","max-image-preview":"max-image-preview:large","max-video-preview":"max-video-preview:-1"},"canonical":"http:\/\/esponsorama.ad\/ca\/sesion-cronometrada-complicada-los-pilotos-reale-avintia-racing\/","og_locale":"en_US","og_type":"article","og_title":"Sessi\u00f3 cronometrada complicada per als pilots de Reale Avintia Racing - Esponsorama","og_description":"El segon dia d&#8217;entrenaments lliures i cronometrats no ha anat massa b\u00e9 per als pilots de l&#8217;equip Reale Avintia Racing. Al mat\u00ed la pista no estava en les millors condicions despr\u00e9s de la pluja caiguda a primera hora del mat\u00ed i no han aconseguit millorar els seus temps per passar directament a la Q2. Al [&hellip;]","og_url":"http:\/\/esponsorama.ad\/ca\/sesion-cronometrada-complicada-los-pilotos-reale-avintia-racing\/","og_site_name":"Esponsorama","article_published_time":"2017-08-26T16:52:54+00:00","article_modified_time":"2017-08-26T22:17:38+00:00","og_image":[{"width":3537,"height":2358,"url":"http:\/\/esponsorama.ad\/wp-content\/uploads\/2017\/08\/12Silverstone17RealeAvintia-9759.jpg","type":"image\/jpeg"}],"author":"Xavi Andornet","twitter_card":"summary_large_image","twitter_misc":{"Written by":"Xavi Andornet","Est. reading time":"2 minutes"},"schema":{"@context":"https:\/\/schema.org","@graph":[{"@type":"Article","@id":"http:\/\/esponsorama.ad\/ca\/sesion-cronometrada-complicada-los-pilotos-reale-avintia-racing\/#article","isPartOf":{"@id":"http:\/\/esponsorama.ad\/ca\/sesion-cronometrada-complicada-los-pilotos-reale-avintia-racing\/"},"author":{"name":"Xavi Andornet","@id":"http:\/\/esponsorama.ad\/es\/#\/schema\/person\/a5cde74945183d737066e46b61c6f9c4"},"headline":"Sessi\u00f3 cronometrada complicada per als pilots de Reale Avintia Racing","datePublished":"2017-08-26T16:52:54+00:00","dateModified":"2017-08-26T22:17:38+00:00","mainEntityOfPage":{"@id":"http:\/\/esponsorama.ad\/ca\/sesion-cronometrada-complicada-los-pilotos-reale-avintia-racing\/"},"wordCount":486,"image":{"@id":"http:\/\/esponsorama.ad\/ca\/sesion-cronometrada-complicada-los-pilotos-reale-avintia-racing\/#primaryimage"},"thumbnailUrl":"http:\/\/esponsorama.ad\/wp-content\/uploads\/2017\/08\/12Silverstone17RealeAvintia-9759.jpg","articleSection":["MotoGP"],"inLanguage":"ca-AD"},{"@type":"WebPage","@id":"http:\/\/esponsorama.ad\/ca\/sesion-cronometrada-complicada-los-pilotos-reale-avintia-racing\/","url":"http:\/\/esponsorama.ad\/ca\/sesion-cronometrada-complicada-los-pilotos-reale-avintia-racing\/","name":"Sessi\u00f3 cronometrada complicada per als pilots de Reale Avintia Racing - Esponsorama","isPartOf":{"@id":"http:\/\/esponsorama.ad\/es\/#website"},"primaryImageOfPage":{"@id":"http:\/\/esponsorama.ad\/ca\/sesion-cronometrada-complicada-los-pilotos-reale-avintia-racing\/#primaryimage"},"image":{"@id":"http:\/\/esponsorama.ad\/ca\/sesion-cronometrada-complicada-los-pilotos-reale-avintia-racing\/#primaryimage"},"thumbnailUrl":"http:\/\/esponsorama.ad\/wp-content\/uploads\/2017\/08\/12Silverstone17RealeAvintia-9759.jpg","datePublished":"2017-08-26T16:52:54+00:00","dateModified":"2017-08-26T22:17:38+00:00","author":{"@id":"http:\/\/esponsorama.ad\/es\/#\/schema\/person\/a5cde74945183d737066e46b61c6f9c4"},"breadcrumb":{"@id":"http:\/\/esponsorama.ad\/ca\/sesion-cronometrada-complicada-los-pilotos-reale-avintia-racing\/#breadcrumb"},"inLanguage":"ca-AD","potentialAction":[{"@type":"ReadAction","target":["http:\/\/esponsorama.ad\/ca\/sesion-cronometrada-complicada-los-pilotos-reale-avintia-racing\/"]}]},{"@type":"ImageObject","inLanguage":"ca-AD","@id":"http:\/\/esponsorama.ad\/ca\/sesion-cronometrada-complicada-los-pilotos-reale-avintia-racing\/#primaryimage","url":"http:\/\/esponsorama.ad\/wp-content\/uploads\/2017\/08\/12Silverstone17RealeAvintia-9759.jpg","contentUrl":"http:\/\/esponsorama.ad\/wp-content\/uploads\/2017\/08\/12Silverstone17RealeAvintia-9759.jpg","width":3537,"height":2358},{"@type":"BreadcrumbList","@id":"http:\/\/esponsorama.ad\/ca\/sesion-cronometrada-complicada-los-pilotos-reale-avintia-racing\/#breadcrumb","itemListElement":[{"@type":"ListItem","position":1,"name":"Home","item":"http:\/\/esponsorama.ad\/ca\/"},{"@type":"ListItem","position":2,"name":"Sessi\u00f3 cronometrada complicada per als pilots de Reale Avintia Racing"}]},{"@type":"WebSite","@id":"http:\/\/esponsorama.ad\/es\/#website","url":"http:\/\/esponsorama.ad\/es\/","name":"Esponsorama","description":"Specialist in motorsport sponsorship and event promotions","potentialAction":[{"@type":"SearchAction","target":{"@type":"EntryPoint","urlTemplate":"http:\/\/esponsorama.ad\/es\/?s={search_term_string}"},"query-input":{"@type":"PropertyValueSpecification","valueRequired":true,"valueName":"search_term_string"}}],"inLanguage":"ca-AD"},{"@type":"Person","@id":"http:\/\/esponsorama.ad\/es\/#\/schema\/person\/a5cde74945183d737066e46b61c6f9c4","name":"Xavi Andornet","image":{"@type":"ImageObject","inLanguage":"ca-AD","@id":"http:\/\/esponsorama.ad\/es\/#\/schema\/person\/image\/","url":"https:\/\/secure.gravatar.com\/avatar\/f10eaf9ad601244a2357c9fd7cd9805ed166cfaaf76d5d9ab08a9d873e70147a?s=96&d=mm&r=g","contentUrl":"https:\/\/secure.gravatar.com\/avatar\/f10eaf9ad601244a2357c9fd7cd9805ed166cfaaf76d5d9ab08a9d873e70147a?s=96&d=mm&r=g","caption":"Xavi Andornet"},"sameAs":["http:\/\/www.andornet.ad"],"url":"http:\/\/esponsorama.ad\/ca\/author\/andornet\/"}]}},"_links":{"self":[{"href":"http:\/\/esponsorama.ad\/ca\/wp-json\/wp\/v2\/posts\/5672","targetHints":{"allow":["GET"]}}],"collection":[{"href":"http:\/\/esponsorama.ad\/ca\/wp-json\/wp\/v2\/posts"}],"about":[{"href":"http:\/\/esponsorama.ad\/ca\/wp-json\/wp\/v2\/types\/post"}],"author":[{"embeddable":true,"href":"http:\/\/esponsorama.ad\/ca\/wp-json\/wp\/v2\/users\/6"}],"replies":[{"embeddable":true,"href":"http:\/\/esponsorama.ad\/ca\/wp-json\/wp\/v2\/comments?post=5672"}],"version-history":[{"count":0,"href":"http:\/\/esponsorama.ad\/ca\/wp-json\/wp\/v2\/posts\/5672\/revisions"}],"wp:featuredmedia":[{"embeddable":true,"href":"http:\/\/esponsorama.ad\/ca\/wp-json\/wp\/v2\/media\/5664"}],"wp:attachment":[{"href":"http:\/\/esponsorama.ad\/ca\/wp-json\/wp\/v2\/media?parent=5672"}],"wp:term":[{"taxonomy":"category","embeddable":true,"href":"http:\/\/esponsorama.ad\/ca\/wp-json\/wp\/v2\/categories?post=5672"},{"taxonomy":"post_tag","embeddable":true,"href":"http:\/\/esponsorama.ad\/ca\/wp-json\/wp\/v2\/tags?post=5672"}],"curies":[{"name":"wp","href":"https:\/\/api.w.org\/{rel}","templated":true}]}}