{"id":5774,"date":"2017-09-08T17:55:03","date_gmt":"2017-09-08T15:55:03","guid":{"rendered":"http:\/\/esponsorama.ad\/?p=5774"},"modified":"2017-09-08T19:13:24","modified_gmt":"2017-09-08T17:13:24","slug":"baz-barbera-satisfechos-tras-primer-dia-entrenamientos-misano","status":"publish","type":"post","link":"http:\/\/esponsorama.ad\/ca\/baz-barbera-satisfechos-tras-primer-dia-entrenamientos-misano\/","title":{"rendered":"Baz i Barber\u00e1 satisfets despr\u00e9s del primer dia d&#8217;entrenaments a Misano"},"content":{"rendered":"<p>Els pilots de Reale Avintia Racing, Loris Baz i H\u00e9ctor Barber\u00e1 han acabat el primer dia d&#8217;entrenaments a Misano 14\u00e8 i 15\u00e8, respectivament.\u2028El dia ha comen\u00e7at amb el circuit encara humit en algunes zones despr\u00e9s de la forta pluja caiguda durant la nit i en la primera sessi\u00f3 de 45 minuts Barber\u00e1 ha acabat onz\u00e8 i Baz 20\u00ba.<\/p>\n<p>A la tarda amb el sol brillant i la pista en perfectes condicions, tots dos han sortit a l&#8217;atac i han millorat considerablement els seus temps. El problema \u00e9s que no nom\u00e9s ells ho han fet sin\u00f3 que gaireb\u00e9 tota la graella ha rodat m\u00e9s r\u00e0pid. La classificaci\u00f3 est\u00e0 s\u00faper atape\u00efda amb els 15 primers en menys d&#8217;un segon.<\/p>\n<p>Dem\u00e0 tant Baz com Barber\u00e1 esperen poder donar un pas m\u00e9s i tractar de ficar-se en el &#8216;top 10&#8217; per aconseguir passar directament a la Q2 i aconseguir una bona posici\u00f3 a la graella per a la cursa a 28 voltes del diumenge.<\/p>\n\n<p>&#8220;Al mat\u00ed ha estat complicat, no em sentia a gust amb la moto i tampoc la pista estava perfecta. A la tarda hem millorat bastant, per\u00f2 seguim tenint els mateixos problemes de sempre amb la moto, no gira molt b\u00e9 i em perjudica quan faig diverses voltes seguides. Aix\u00ed no \u00e9s possible mantenir un ritme r\u00e0pid perqu\u00e8 no aconsegueixo mantenir la tra\u00e7ada justa per anar m\u00e9s de pressa sense desgastar molt els pneum\u00e0tics. La tornada no ha estat dolenta, si el temps hagu\u00e9s estat ideal hauria arribat entre els deu m\u00e9s r\u00e0pids, per\u00f2 encara em falta confian\u00e7a. A veure si ho aconseguim dem\u00e0\u201d.<\/p>\n\n<p>&#8220;Ha estat un dia for\u00e7a positiu en el qual hem pogut treure moltes conclusions i idees per poder millorar. Est\u00e0 tot molt parell i la prova \u00e9s que estic 15\u00e8 a nom\u00e9s nou d\u00e8cimes del primer. Per\u00f2 he com\u00e8s alguna errada en la meva millor volta i per aix\u00f2 crec que encara tenim un petit marge de millora. Dem\u00e0 provarem una cosa en l&#8217;altra moto que penso que ens pot ajudar en aquesta pista i a veure fins on podem arribar. Avui he gaudit pilotant, estem a prop i crec que dem\u00e0 tenim moltes possibilitats de passar a la Q2. Tinc ganes de fer-ho b\u00e9 i estic molt motivat\u201d.<\/p>\n","protected":false},"excerpt":{"rendered":"<p>Els pilots de Reale Avintia Racing, Loris Baz i H\u00e9ctor Barber\u00e1 han acabat el primer dia d&#8217;entrenaments a Misano 14\u00e8 i 15\u00e8, respectivament.\u2028El dia ha comen\u00e7at amb el circuit encara humit en algunes zones despr\u00e9s de la forta pluja caiguda durant la nit i en la primera sessi\u00f3 de 45 minuts Barber\u00e1 ha acabat onz\u00e8 [&hellip;]<\/p>\n","protected":false},"author":6,"featured_media":5743,"comment_status":"closed","ping_status":"closed","sticky":false,"template":"","format":"standard","meta":{"footnotes":""},"categories":[3],"tags":[],"class_list":["post-5774","post","type-post","status-publish","format-standard","has-post-thumbnail","hentry","category-motogp"],"yoast_head":"<!-- This site is optimized with the Yoast SEO plugin v27.1.1 - https:\/\/yoast.com\/product\/yoast-seo-wordpress\/ -->\n<title>Baz i Barber\u00e1 satisfets despr\u00e9s del primer dia d&#039;entrenaments a Misano - Esponsorama<\/title>\n<meta name=\"robots\" content=\"index, follow, max-snippet:-1, max-image-preview:large, max-video-preview:-1\" \/>\n<link rel=\"canonical\" href=\"http:\/\/esponsorama.ad\/ca\/baz-barbera-satisfechos-tras-primer-dia-entrenamientos-misano\/\" \/>\n<meta property=\"og:locale\" content=\"en_US\" \/>\n<meta property=\"og:type\" content=\"article\" \/>\n<meta property=\"og:title\" content=\"Baz i Barber\u00e1 satisfets despr\u00e9s del primer dia d&#039;entrenaments a Misano - Esponsorama\" \/>\n<meta property=\"og:description\" content=\"Els pilots de Reale Avintia Racing, Loris Baz i H\u00e9ctor Barber\u00e1 han acabat el primer dia d&#8217;entrenaments a Misano 14\u00e8 i 15\u00e8, respectivament.\u2028El dia ha comen\u00e7at amb el circuit encara humit en algunes zones despr\u00e9s de la forta pluja caiguda durant la nit i en la primera sessi\u00f3 de 45 minuts Barber\u00e1 ha acabat onz\u00e8 [&hellip;]\" \/>\n<meta property=\"og:url\" content=\"http:\/\/esponsorama.ad\/ca\/baz-barbera-satisfechos-tras-primer-dia-entrenamientos-misano\/\" \/>\n<meta property=\"og:site_name\" content=\"Esponsorama\" \/>\n<meta property=\"article:published_time\" content=\"2017-09-08T15:55:03+00:00\" \/>\n<meta property=\"article:modified_time\" content=\"2017-09-08T17:13:24+00:00\" \/>\n<meta property=\"og:image\" content=\"http:\/\/esponsorama.ad\/wp-content\/uploads\/2017\/09\/13Misano17MgpESPONSORAMA-5885-1024x683.jpg\" \/>\n\t<meta property=\"og:image:width\" content=\"1024\" \/>\n\t<meta property=\"og:image:height\" content=\"683\" \/>\n\t<meta property=\"og:image:type\" content=\"image\/jpeg\" \/>\n<meta name=\"author\" content=\"Xavi Andornet\" \/>\n<meta name=\"twitter:card\" content=\"summary_large_image\" \/>\n<meta name=\"twitter:label1\" content=\"Written by\" \/>\n\t<meta name=\"twitter:data1\" content=\"Xavi Andornet\" \/>\n\t<meta name=\"twitter:label2\" content=\"Est. reading time\" \/>\n\t<meta name=\"twitter:data2\" content=\"2 minutes\" \/>\n<script type=\"application\/ld+json\" class=\"yoast-schema-graph\">{\"@context\":\"https:\/\/schema.org\",\"@graph\":[{\"@type\":\"Article\",\"@id\":\"http:\/\/esponsorama.ad\/ca\/baz-barbera-satisfechos-tras-primer-dia-entrenamientos-misano\/#article\",\"isPartOf\":{\"@id\":\"http:\/\/esponsorama.ad\/ca\/baz-barbera-satisfechos-tras-primer-dia-entrenamientos-misano\/\"},\"author\":{\"name\":\"Xavi Andornet\",\"@id\":\"http:\/\/esponsorama.ad\/es\/#\/schema\/person\/a5cde74945183d737066e46b61c6f9c4\"},\"headline\":\"Baz i Barber\u00e1 satisfets despr\u00e9s del primer dia d&#8217;entrenaments a Misano\",\"datePublished\":\"2017-09-08T15:55:03+00:00\",\"dateModified\":\"2017-09-08T17:13:24+00:00\",\"mainEntityOfPage\":{\"@id\":\"http:\/\/esponsorama.ad\/ca\/baz-barbera-satisfechos-tras-primer-dia-entrenamientos-misano\/\"},\"wordCount\":409,\"image\":{\"@id\":\"http:\/\/esponsorama.ad\/ca\/baz-barbera-satisfechos-tras-primer-dia-entrenamientos-misano\/#primaryimage\"},\"thumbnailUrl\":\"http:\/\/esponsorama.ad\/wp-content\/uploads\/2017\/09\/13Misano17MgpESPONSORAMA-5885.jpg\",\"articleSection\":[\"MotoGP\"],\"inLanguage\":\"ca-AD\"},{\"@type\":\"WebPage\",\"@id\":\"http:\/\/esponsorama.ad\/ca\/baz-barbera-satisfechos-tras-primer-dia-entrenamientos-misano\/\",\"url\":\"http:\/\/esponsorama.ad\/ca\/baz-barbera-satisfechos-tras-primer-dia-entrenamientos-misano\/\",\"name\":\"Baz i Barber\u00e1 satisfets despr\u00e9s del primer dia d'entrenaments a Misano - Esponsorama\",\"isPartOf\":{\"@id\":\"http:\/\/esponsorama.ad\/es\/#website\"},\"primaryImageOfPage\":{\"@id\":\"http:\/\/esponsorama.ad\/ca\/baz-barbera-satisfechos-tras-primer-dia-entrenamientos-misano\/#primaryimage\"},\"image\":{\"@id\":\"http:\/\/esponsorama.ad\/ca\/baz-barbera-satisfechos-tras-primer-dia-entrenamientos-misano\/#primaryimage\"},\"thumbnailUrl\":\"http:\/\/esponsorama.ad\/wp-content\/uploads\/2017\/09\/13Misano17MgpESPONSORAMA-5885.jpg\",\"datePublished\":\"2017-09-08T15:55:03+00:00\",\"dateModified\":\"2017-09-08T17:13:24+00:00\",\"author\":{\"@id\":\"http:\/\/esponsorama.ad\/es\/#\/schema\/person\/a5cde74945183d737066e46b61c6f9c4\"},\"breadcrumb\":{\"@id\":\"http:\/\/esponsorama.ad\/ca\/baz-barbera-satisfechos-tras-primer-dia-entrenamientos-misano\/#breadcrumb\"},\"inLanguage\":\"ca-AD\",\"potentialAction\":[{\"@type\":\"ReadAction\",\"target\":[\"http:\/\/esponsorama.ad\/ca\/baz-barbera-satisfechos-tras-primer-dia-entrenamientos-misano\/\"]}]},{\"@type\":\"ImageObject\",\"inLanguage\":\"ca-AD\",\"@id\":\"http:\/\/esponsorama.ad\/ca\/baz-barbera-satisfechos-tras-primer-dia-entrenamientos-misano\/#primaryimage\",\"url\":\"http:\/\/esponsorama.ad\/wp-content\/uploads\/2017\/09\/13Misano17MgpESPONSORAMA-5885.jpg\",\"contentUrl\":\"http:\/\/esponsorama.ad\/wp-content\/uploads\/2017\/09\/13Misano17MgpESPONSORAMA-5885.jpg\",\"width\":4680,\"height\":3120},{\"@type\":\"BreadcrumbList\",\"@id\":\"http:\/\/esponsorama.ad\/ca\/baz-barbera-satisfechos-tras-primer-dia-entrenamientos-misano\/#breadcrumb\",\"itemListElement\":[{\"@type\":\"ListItem\",\"position\":1,\"name\":\"Home\",\"item\":\"http:\/\/esponsorama.ad\/ca\/\"},{\"@type\":\"ListItem\",\"position\":2,\"name\":\"Baz i Barber\u00e1 satisfets despr\u00e9s del primer dia d&#8217;entrenaments a Misano\"}]},{\"@type\":\"WebSite\",\"@id\":\"http:\/\/esponsorama.ad\/es\/#website\",\"url\":\"http:\/\/esponsorama.ad\/es\/\",\"name\":\"Esponsorama\",\"description\":\"Specialist in motorsport sponsorship and event promotions\",\"potentialAction\":[{\"@type\":\"SearchAction\",\"target\":{\"@type\":\"EntryPoint\",\"urlTemplate\":\"http:\/\/esponsorama.ad\/es\/?s={search_term_string}\"},\"query-input\":{\"@type\":\"PropertyValueSpecification\",\"valueRequired\":true,\"valueName\":\"search_term_string\"}}],\"inLanguage\":\"ca-AD\"},{\"@type\":\"Person\",\"@id\":\"http:\/\/esponsorama.ad\/es\/#\/schema\/person\/a5cde74945183d737066e46b61c6f9c4\",\"name\":\"Xavi Andornet\",\"image\":{\"@type\":\"ImageObject\",\"inLanguage\":\"ca-AD\",\"@id\":\"http:\/\/esponsorama.ad\/es\/#\/schema\/person\/image\/\",\"url\":\"https:\/\/secure.gravatar.com\/avatar\/f10eaf9ad601244a2357c9fd7cd9805ed166cfaaf76d5d9ab08a9d873e70147a?s=96&d=mm&r=g\",\"contentUrl\":\"https:\/\/secure.gravatar.com\/avatar\/f10eaf9ad601244a2357c9fd7cd9805ed166cfaaf76d5d9ab08a9d873e70147a?s=96&d=mm&r=g\",\"caption\":\"Xavi Andornet\"},\"sameAs\":[\"http:\/\/www.andornet.ad\"],\"url\":\"http:\/\/esponsorama.ad\/ca\/author\/andornet\/\"}]}<\/script>\n<!-- \/ Yoast SEO plugin. -->","yoast_head_json":{"title":"Baz i Barber\u00e1 satisfets despr\u00e9s del primer dia d'entrenaments a Misano - Esponsorama","robots":{"index":"index","follow":"follow","max-snippet":"max-snippet:-1","max-image-preview":"max-image-preview:large","max-video-preview":"max-video-preview:-1"},"canonical":"http:\/\/esponsorama.ad\/ca\/baz-barbera-satisfechos-tras-primer-dia-entrenamientos-misano\/","og_locale":"en_US","og_type":"article","og_title":"Baz i Barber\u00e1 satisfets despr\u00e9s del primer dia d'entrenaments a Misano - Esponsorama","og_description":"Els pilots de Reale Avintia Racing, Loris Baz i H\u00e9ctor Barber\u00e1 han acabat el primer dia d&#8217;entrenaments a Misano 14\u00e8 i 15\u00e8, respectivament.\u2028El dia ha comen\u00e7at amb el circuit encara humit en algunes zones despr\u00e9s de la forta pluja caiguda durant la nit i en la primera sessi\u00f3 de 45 minuts Barber\u00e1 ha acabat onz\u00e8 [&hellip;]","og_url":"http:\/\/esponsorama.ad\/ca\/baz-barbera-satisfechos-tras-primer-dia-entrenamientos-misano\/","og_site_name":"Esponsorama","article_published_time":"2017-09-08T15:55:03+00:00","article_modified_time":"2017-09-08T17:13:24+00:00","og_image":[{"width":1024,"height":683,"url":"http:\/\/esponsorama.ad\/wp-content\/uploads\/2017\/09\/13Misano17MgpESPONSORAMA-5885-1024x683.jpg","type":"image\/jpeg"}],"author":"Xavi Andornet","twitter_card":"summary_large_image","twitter_misc":{"Written by":"Xavi Andornet","Est. reading time":"2 minutes"},"schema":{"@context":"https:\/\/schema.org","@graph":[{"@type":"Article","@id":"http:\/\/esponsorama.ad\/ca\/baz-barbera-satisfechos-tras-primer-dia-entrenamientos-misano\/#article","isPartOf":{"@id":"http:\/\/esponsorama.ad\/ca\/baz-barbera-satisfechos-tras-primer-dia-entrenamientos-misano\/"},"author":{"name":"Xavi Andornet","@id":"http:\/\/esponsorama.ad\/es\/#\/schema\/person\/a5cde74945183d737066e46b61c6f9c4"},"headline":"Baz i Barber\u00e1 satisfets despr\u00e9s del primer dia d&#8217;entrenaments a Misano","datePublished":"2017-09-08T15:55:03+00:00","dateModified":"2017-09-08T17:13:24+00:00","mainEntityOfPage":{"@id":"http:\/\/esponsorama.ad\/ca\/baz-barbera-satisfechos-tras-primer-dia-entrenamientos-misano\/"},"wordCount":409,"image":{"@id":"http:\/\/esponsorama.ad\/ca\/baz-barbera-satisfechos-tras-primer-dia-entrenamientos-misano\/#primaryimage"},"thumbnailUrl":"http:\/\/esponsorama.ad\/wp-content\/uploads\/2017\/09\/13Misano17MgpESPONSORAMA-5885.jpg","articleSection":["MotoGP"],"inLanguage":"ca-AD"},{"@type":"WebPage","@id":"http:\/\/esponsorama.ad\/ca\/baz-barbera-satisfechos-tras-primer-dia-entrenamientos-misano\/","url":"http:\/\/esponsorama.ad\/ca\/baz-barbera-satisfechos-tras-primer-dia-entrenamientos-misano\/","name":"Baz i Barber\u00e1 satisfets despr\u00e9s del primer dia d'entrenaments a Misano - Esponsorama","isPartOf":{"@id":"http:\/\/esponsorama.ad\/es\/#website"},"primaryImageOfPage":{"@id":"http:\/\/esponsorama.ad\/ca\/baz-barbera-satisfechos-tras-primer-dia-entrenamientos-misano\/#primaryimage"},"image":{"@id":"http:\/\/esponsorama.ad\/ca\/baz-barbera-satisfechos-tras-primer-dia-entrenamientos-misano\/#primaryimage"},"thumbnailUrl":"http:\/\/esponsorama.ad\/wp-content\/uploads\/2017\/09\/13Misano17MgpESPONSORAMA-5885.jpg","datePublished":"2017-09-08T15:55:03+00:00","dateModified":"2017-09-08T17:13:24+00:00","author":{"@id":"http:\/\/esponsorama.ad\/es\/#\/schema\/person\/a5cde74945183d737066e46b61c6f9c4"},"breadcrumb":{"@id":"http:\/\/esponsorama.ad\/ca\/baz-barbera-satisfechos-tras-primer-dia-entrenamientos-misano\/#breadcrumb"},"inLanguage":"ca-AD","potentialAction":[{"@type":"ReadAction","target":["http:\/\/esponsorama.ad\/ca\/baz-barbera-satisfechos-tras-primer-dia-entrenamientos-misano\/"]}]},{"@type":"ImageObject","inLanguage":"ca-AD","@id":"http:\/\/esponsorama.ad\/ca\/baz-barbera-satisfechos-tras-primer-dia-entrenamientos-misano\/#primaryimage","url":"http:\/\/esponsorama.ad\/wp-content\/uploads\/2017\/09\/13Misano17MgpESPONSORAMA-5885.jpg","contentUrl":"http:\/\/esponsorama.ad\/wp-content\/uploads\/2017\/09\/13Misano17MgpESPONSORAMA-5885.jpg","width":4680,"height":3120},{"@type":"BreadcrumbList","@id":"http:\/\/esponsorama.ad\/ca\/baz-barbera-satisfechos-tras-primer-dia-entrenamientos-misano\/#breadcrumb","itemListElement":[{"@type":"ListItem","position":1,"name":"Home","item":"http:\/\/esponsorama.ad\/ca\/"},{"@type":"ListItem","position":2,"name":"Baz i Barber\u00e1 satisfets despr\u00e9s del primer dia d&#8217;entrenaments a Misano"}]},{"@type":"WebSite","@id":"http:\/\/esponsorama.ad\/es\/#website","url":"http:\/\/esponsorama.ad\/es\/","name":"Esponsorama","description":"Specialist in motorsport sponsorship and event promotions","potentialAction":[{"@type":"SearchAction","target":{"@type":"EntryPoint","urlTemplate":"http:\/\/esponsorama.ad\/es\/?s={search_term_string}"},"query-input":{"@type":"PropertyValueSpecification","valueRequired":true,"valueName":"search_term_string"}}],"inLanguage":"ca-AD"},{"@type":"Person","@id":"http:\/\/esponsorama.ad\/es\/#\/schema\/person\/a5cde74945183d737066e46b61c6f9c4","name":"Xavi Andornet","image":{"@type":"ImageObject","inLanguage":"ca-AD","@id":"http:\/\/esponsorama.ad\/es\/#\/schema\/person\/image\/","url":"https:\/\/secure.gravatar.com\/avatar\/f10eaf9ad601244a2357c9fd7cd9805ed166cfaaf76d5d9ab08a9d873e70147a?s=96&d=mm&r=g","contentUrl":"https:\/\/secure.gravatar.com\/avatar\/f10eaf9ad601244a2357c9fd7cd9805ed166cfaaf76d5d9ab08a9d873e70147a?s=96&d=mm&r=g","caption":"Xavi Andornet"},"sameAs":["http:\/\/www.andornet.ad"],"url":"http:\/\/esponsorama.ad\/ca\/author\/andornet\/"}]}},"_links":{"self":[{"href":"http:\/\/esponsorama.ad\/ca\/wp-json\/wp\/v2\/posts\/5774","targetHints":{"allow":["GET"]}}],"collection":[{"href":"http:\/\/esponsorama.ad\/ca\/wp-json\/wp\/v2\/posts"}],"about":[{"href":"http:\/\/esponsorama.ad\/ca\/wp-json\/wp\/v2\/types\/post"}],"author":[{"embeddable":true,"href":"http:\/\/esponsorama.ad\/ca\/wp-json\/wp\/v2\/users\/6"}],"replies":[{"embeddable":true,"href":"http:\/\/esponsorama.ad\/ca\/wp-json\/wp\/v2\/comments?post=5774"}],"version-history":[{"count":0,"href":"http:\/\/esponsorama.ad\/ca\/wp-json\/wp\/v2\/posts\/5774\/revisions"}],"wp:featuredmedia":[{"embeddable":true,"href":"http:\/\/esponsorama.ad\/ca\/wp-json\/wp\/v2\/media\/5743"}],"wp:attachment":[{"href":"http:\/\/esponsorama.ad\/ca\/wp-json\/wp\/v2\/media?parent=5774"}],"wp:term":[{"taxonomy":"category","embeddable":true,"href":"http:\/\/esponsorama.ad\/ca\/wp-json\/wp\/v2\/categories?post=5774"},{"taxonomy":"post_tag","embeddable":true,"href":"http:\/\/esponsorama.ad\/ca\/wp-json\/wp\/v2\/tags?post=5774"}],"curies":[{"name":"wp","href":"https:\/\/api.w.org\/{rel}","templated":true}]}}