{"id":6218,"date":"2017-09-23T17:25:43","date_gmt":"2017-09-23T15:25:43","guid":{"rendered":"http:\/\/esponsorama.ad\/?p=6218"},"modified":"2017-09-23T17:25:43","modified_gmt":"2017-09-23T15:25:43","slug":"equipo-reale-avintia-racing-preparado-gran-premio-aragon","status":"publish","type":"post","link":"http:\/\/esponsorama.ad\/ca\/equipo-reale-avintia-racing-preparado-gran-premio-aragon\/","title":{"rendered":"L&#8217;equip Reale Avintia Racing preparat per al Gran Premi d&#8217;Arag\u00f3"},"content":{"rendered":"<p>Despr\u00e9s de disputar els dos entrenaments lliures de divendres amb la pista mullada, avui els pilots de MotoGP han sortit a per totes des de la primera volta de la primera sessi\u00f3. El sempre important FP3 aquesta vegada ha estat crucial i, encara que els pilots de l&#8217;equip Reale Avintia Racing, H\u00e9ctor Barber\u00e1 i Loris Baz, ho han donat tot per passar el tall i ficar-se directament a la Q2, no ha<\/p>\n<div class=\"column\">\n<p>pogut ser.<br \/>\nLa nota positiva del dia \u00e9s que el ritme d&#8217;H\u00e9ctor Barber\u00e1 al FP4 no ha estat dolent i l&#8217;espanyol confia a poder remuntar a la cursa a 23 voltes de dem\u00e0, tot i sortir 19\u00e8 a la graella. A m\u00e9s, comptar\u00e0 amb el suport de la millor afici\u00f3 del m\u00f3n, el que sempre \u00e9s una motivaci\u00f3 extra.<br \/>\nLoris Baz ha estat m\u00e9s r\u00e0pid a una volta i dem\u00e0 sortir\u00e0 17\u00e8 des de la sisena l\u00ednia, per\u00f2 al contrari que el seu company d&#8217;equip t\u00e9 feina pendent en el warm-up per intentar millorar les seves sensacions i el seu ritme de carrera.<\/p>\n<p><br \/>\n&#8220;Avui ha estat un dia complicat. Ahir vaig dir que havia de tenir una bona base des del principi i no la tenim. La moto no ha anat b\u00e9 durant tot el dia; hem intentat fer diversos canvis per\u00f2 no ha millorat molt. Perdem temps a moltes parts, encara que la meva volta r\u00e0pida no ha estat dolenta en comparaci\u00f3 a les altres. Cal seguir provant coses dem\u00e0ma per poder millorar el &#8216;grip&#8217; del darrere, disminuir el moviment de la moto i aconseguir millor &#8216;feeling&#8217;. Hem de veure qu\u00e8 podem fer dem\u00e0 durant el warm-up i a veure si ens podem ficar entre els deu primers &#8220;.<\/p>\n<p><br \/>\n&#8220;El dia no ha sortit com nosaltres esperem, com ve succeint al llarg de tota aquesta temporada. En el moment d&#8217;accelerar apareixen les vibracions al tren davanter, que no hi ha manera de solucionar i jo no em puc habituar elles. Com no estic c\u00f2mode amb la moto, aix\u00f2 fa que freni m\u00e9s del normal. \u00c9s una ll\u00e0stima perqu\u00e8 en les carreres de casa tots volem donar molt m\u00e9s. Encara que l&#8217;any que ve no continu\u00ef a l&#8217;equip, ni en la mateixa categoria, vull acabar donant alguna satisfacci\u00f3 al Reale Avintia Racing. M&#8217;agradaria acabar amb un bon gust de boca per l&#8217;equip, els patrocinadors i per mi. Espero estar dem\u00e0 dins el top deu, que seria un gran pas per agafar confian\u00e7a i anar-nos a la gira amb for\u00e7a\u201d.<\/p>\n<\/div>\n","protected":false},"excerpt":{"rendered":"<p>Despr\u00e9s de disputar els dos entrenaments lliures de divendres amb la pista mullada, avui els pilots de MotoGP han sortit a per totes des de la primera volta de la primera sessi\u00f3. El sempre important FP3 aquesta vegada ha estat crucial i, encara que els pilots de l&#8217;equip Reale Avintia Racing, H\u00e9ctor Barber\u00e1 i Loris [&hellip;]<\/p>\n","protected":false},"author":6,"featured_media":6190,"comment_status":"closed","ping_status":"closed","sticky":false,"template":"","format":"standard","meta":{"footnotes":""},"categories":[3],"tags":[],"class_list":["post-6218","post","type-post","status-publish","format-standard","has-post-thumbnail","hentry","category-motogp"],"yoast_head":"<!-- This site is optimized with the Yoast SEO plugin v27.1.1 - https:\/\/yoast.com\/product\/yoast-seo-wordpress\/ -->\n<title>L&#039;equip Reale Avintia Racing preparat per al Gran Premi d&#039;Arag\u00f3 - Esponsorama<\/title>\n<meta name=\"robots\" content=\"index, follow, max-snippet:-1, max-image-preview:large, max-video-preview:-1\" \/>\n<link rel=\"canonical\" href=\"http:\/\/esponsorama.ad\/ca\/equipo-reale-avintia-racing-preparado-gran-premio-aragon\/\" \/>\n<meta property=\"og:locale\" content=\"en_US\" \/>\n<meta property=\"og:type\" content=\"article\" \/>\n<meta property=\"og:title\" content=\"L&#039;equip Reale Avintia Racing preparat per al Gran Premi d&#039;Arag\u00f3 - Esponsorama\" \/>\n<meta property=\"og:description\" content=\"Despr\u00e9s de disputar els dos entrenaments lliures de divendres amb la pista mullada, avui els pilots de MotoGP han sortit a per totes des de la primera volta de la primera sessi\u00f3. El sempre important FP3 aquesta vegada ha estat crucial i, encara que els pilots de l&#8217;equip Reale Avintia Racing, H\u00e9ctor Barber\u00e1 i Loris [&hellip;]\" \/>\n<meta property=\"og:url\" content=\"http:\/\/esponsorama.ad\/ca\/equipo-reale-avintia-racing-preparado-gran-premio-aragon\/\" \/>\n<meta property=\"og:site_name\" content=\"Esponsorama\" \/>\n<meta property=\"article:published_time\" content=\"2017-09-23T15:25:43+00:00\" \/>\n<meta property=\"og:image\" content=\"http:\/\/esponsorama.ad\/wp-content\/uploads\/2017\/09\/14Aragon17MGP_ESPONSORAMA-1616-1024x683.jpg\" \/>\n\t<meta property=\"og:image:width\" content=\"1024\" \/>\n\t<meta property=\"og:image:height\" content=\"683\" \/>\n\t<meta property=\"og:image:type\" content=\"image\/jpeg\" \/>\n<meta name=\"author\" content=\"Xavi Andornet\" \/>\n<meta name=\"twitter:card\" content=\"summary_large_image\" \/>\n<meta name=\"twitter:label1\" content=\"Written by\" \/>\n\t<meta name=\"twitter:data1\" content=\"Xavi Andornet\" \/>\n\t<meta name=\"twitter:label2\" content=\"Est. reading time\" \/>\n\t<meta name=\"twitter:data2\" content=\"2 minutes\" \/>\n<script type=\"application\/ld+json\" class=\"yoast-schema-graph\">{\"@context\":\"https:\/\/schema.org\",\"@graph\":[{\"@type\":\"Article\",\"@id\":\"http:\/\/esponsorama.ad\/ca\/equipo-reale-avintia-racing-preparado-gran-premio-aragon\/#article\",\"isPartOf\":{\"@id\":\"http:\/\/esponsorama.ad\/ca\/equipo-reale-avintia-racing-preparado-gran-premio-aragon\/\"},\"author\":{\"name\":\"Xavi Andornet\",\"@id\":\"http:\/\/esponsorama.ad\/es\/#\/schema\/person\/a5cde74945183d737066e46b61c6f9c4\"},\"headline\":\"L&#8217;equip Reale Avintia Racing preparat per al Gran Premi d&#8217;Arag\u00f3\",\"datePublished\":\"2017-09-23T15:25:43+00:00\",\"mainEntityOfPage\":{\"@id\":\"http:\/\/esponsorama.ad\/ca\/equipo-reale-avintia-racing-preparado-gran-premio-aragon\/\"},\"wordCount\":443,\"image\":{\"@id\":\"http:\/\/esponsorama.ad\/ca\/equipo-reale-avintia-racing-preparado-gran-premio-aragon\/#primaryimage\"},\"thumbnailUrl\":\"http:\/\/esponsorama.ad\/wp-content\/uploads\/2017\/09\/14Aragon17MGP_ESPONSORAMA-1616.jpg\",\"articleSection\":[\"MotoGP\"],\"inLanguage\":\"ca-AD\"},{\"@type\":\"WebPage\",\"@id\":\"http:\/\/esponsorama.ad\/ca\/equipo-reale-avintia-racing-preparado-gran-premio-aragon\/\",\"url\":\"http:\/\/esponsorama.ad\/ca\/equipo-reale-avintia-racing-preparado-gran-premio-aragon\/\",\"name\":\"L'equip Reale Avintia Racing preparat per al Gran Premi d'Arag\u00f3 - Esponsorama\",\"isPartOf\":{\"@id\":\"http:\/\/esponsorama.ad\/es\/#website\"},\"primaryImageOfPage\":{\"@id\":\"http:\/\/esponsorama.ad\/ca\/equipo-reale-avintia-racing-preparado-gran-premio-aragon\/#primaryimage\"},\"image\":{\"@id\":\"http:\/\/esponsorama.ad\/ca\/equipo-reale-avintia-racing-preparado-gran-premio-aragon\/#primaryimage\"},\"thumbnailUrl\":\"http:\/\/esponsorama.ad\/wp-content\/uploads\/2017\/09\/14Aragon17MGP_ESPONSORAMA-1616.jpg\",\"datePublished\":\"2017-09-23T15:25:43+00:00\",\"author\":{\"@id\":\"http:\/\/esponsorama.ad\/es\/#\/schema\/person\/a5cde74945183d737066e46b61c6f9c4\"},\"breadcrumb\":{\"@id\":\"http:\/\/esponsorama.ad\/ca\/equipo-reale-avintia-racing-preparado-gran-premio-aragon\/#breadcrumb\"},\"inLanguage\":\"ca-AD\",\"potentialAction\":[{\"@type\":\"ReadAction\",\"target\":[\"http:\/\/esponsorama.ad\/ca\/equipo-reale-avintia-racing-preparado-gran-premio-aragon\/\"]}]},{\"@type\":\"ImageObject\",\"inLanguage\":\"ca-AD\",\"@id\":\"http:\/\/esponsorama.ad\/ca\/equipo-reale-avintia-racing-preparado-gran-premio-aragon\/#primaryimage\",\"url\":\"http:\/\/esponsorama.ad\/wp-content\/uploads\/2017\/09\/14Aragon17MGP_ESPONSORAMA-1616.jpg\",\"contentUrl\":\"http:\/\/esponsorama.ad\/wp-content\/uploads\/2017\/09\/14Aragon17MGP_ESPONSORAMA-1616.jpg\",\"width\":5184,\"height\":3456},{\"@type\":\"BreadcrumbList\",\"@id\":\"http:\/\/esponsorama.ad\/ca\/equipo-reale-avintia-racing-preparado-gran-premio-aragon\/#breadcrumb\",\"itemListElement\":[{\"@type\":\"ListItem\",\"position\":1,\"name\":\"Home\",\"item\":\"http:\/\/esponsorama.ad\/en\/\"},{\"@type\":\"ListItem\",\"position\":2,\"name\":\"L&#8217;equip Reale Avintia Racing preparat per al Gran Premi d&#8217;Arag\u00f3\"}]},{\"@type\":\"WebSite\",\"@id\":\"http:\/\/esponsorama.ad\/es\/#website\",\"url\":\"http:\/\/esponsorama.ad\/es\/\",\"name\":\"Esponsorama\",\"description\":\"Specialist in motorsport sponsorship and event promotions\",\"potentialAction\":[{\"@type\":\"SearchAction\",\"target\":{\"@type\":\"EntryPoint\",\"urlTemplate\":\"http:\/\/esponsorama.ad\/es\/?s={search_term_string}\"},\"query-input\":{\"@type\":\"PropertyValueSpecification\",\"valueRequired\":true,\"valueName\":\"search_term_string\"}}],\"inLanguage\":\"ca-AD\"},{\"@type\":\"Person\",\"@id\":\"http:\/\/esponsorama.ad\/es\/#\/schema\/person\/a5cde74945183d737066e46b61c6f9c4\",\"name\":\"Xavi Andornet\",\"image\":{\"@type\":\"ImageObject\",\"inLanguage\":\"ca-AD\",\"@id\":\"http:\/\/esponsorama.ad\/es\/#\/schema\/person\/image\/\",\"url\":\"https:\/\/secure.gravatar.com\/avatar\/f10eaf9ad601244a2357c9fd7cd9805ed166cfaaf76d5d9ab08a9d873e70147a?s=96&d=mm&r=g\",\"contentUrl\":\"https:\/\/secure.gravatar.com\/avatar\/f10eaf9ad601244a2357c9fd7cd9805ed166cfaaf76d5d9ab08a9d873e70147a?s=96&d=mm&r=g\",\"caption\":\"Xavi Andornet\"},\"sameAs\":[\"http:\/\/www.andornet.ad\"],\"url\":\"http:\/\/esponsorama.ad\/ca\/author\/andornet\/\"}]}<\/script>\n<!-- \/ Yoast SEO plugin. -->","yoast_head_json":{"title":"L'equip Reale Avintia Racing preparat per al Gran Premi d'Arag\u00f3 - Esponsorama","robots":{"index":"index","follow":"follow","max-snippet":"max-snippet:-1","max-image-preview":"max-image-preview:large","max-video-preview":"max-video-preview:-1"},"canonical":"http:\/\/esponsorama.ad\/ca\/equipo-reale-avintia-racing-preparado-gran-premio-aragon\/","og_locale":"en_US","og_type":"article","og_title":"L'equip Reale Avintia Racing preparat per al Gran Premi d'Arag\u00f3 - Esponsorama","og_description":"Despr\u00e9s de disputar els dos entrenaments lliures de divendres amb la pista mullada, avui els pilots de MotoGP han sortit a per totes des de la primera volta de la primera sessi\u00f3. El sempre important FP3 aquesta vegada ha estat crucial i, encara que els pilots de l&#8217;equip Reale Avintia Racing, H\u00e9ctor Barber\u00e1 i Loris [&hellip;]","og_url":"http:\/\/esponsorama.ad\/ca\/equipo-reale-avintia-racing-preparado-gran-premio-aragon\/","og_site_name":"Esponsorama","article_published_time":"2017-09-23T15:25:43+00:00","og_image":[{"width":1024,"height":683,"url":"http:\/\/esponsorama.ad\/wp-content\/uploads\/2017\/09\/14Aragon17MGP_ESPONSORAMA-1616-1024x683.jpg","type":"image\/jpeg"}],"author":"Xavi Andornet","twitter_card":"summary_large_image","twitter_misc":{"Written by":"Xavi Andornet","Est. reading time":"2 minutes"},"schema":{"@context":"https:\/\/schema.org","@graph":[{"@type":"Article","@id":"http:\/\/esponsorama.ad\/ca\/equipo-reale-avintia-racing-preparado-gran-premio-aragon\/#article","isPartOf":{"@id":"http:\/\/esponsorama.ad\/ca\/equipo-reale-avintia-racing-preparado-gran-premio-aragon\/"},"author":{"name":"Xavi Andornet","@id":"http:\/\/esponsorama.ad\/es\/#\/schema\/person\/a5cde74945183d737066e46b61c6f9c4"},"headline":"L&#8217;equip Reale Avintia Racing preparat per al Gran Premi d&#8217;Arag\u00f3","datePublished":"2017-09-23T15:25:43+00:00","mainEntityOfPage":{"@id":"http:\/\/esponsorama.ad\/ca\/equipo-reale-avintia-racing-preparado-gran-premio-aragon\/"},"wordCount":443,"image":{"@id":"http:\/\/esponsorama.ad\/ca\/equipo-reale-avintia-racing-preparado-gran-premio-aragon\/#primaryimage"},"thumbnailUrl":"http:\/\/esponsorama.ad\/wp-content\/uploads\/2017\/09\/14Aragon17MGP_ESPONSORAMA-1616.jpg","articleSection":["MotoGP"],"inLanguage":"ca-AD"},{"@type":"WebPage","@id":"http:\/\/esponsorama.ad\/ca\/equipo-reale-avintia-racing-preparado-gran-premio-aragon\/","url":"http:\/\/esponsorama.ad\/ca\/equipo-reale-avintia-racing-preparado-gran-premio-aragon\/","name":"L'equip Reale Avintia Racing preparat per al Gran Premi d'Arag\u00f3 - Esponsorama","isPartOf":{"@id":"http:\/\/esponsorama.ad\/es\/#website"},"primaryImageOfPage":{"@id":"http:\/\/esponsorama.ad\/ca\/equipo-reale-avintia-racing-preparado-gran-premio-aragon\/#primaryimage"},"image":{"@id":"http:\/\/esponsorama.ad\/ca\/equipo-reale-avintia-racing-preparado-gran-premio-aragon\/#primaryimage"},"thumbnailUrl":"http:\/\/esponsorama.ad\/wp-content\/uploads\/2017\/09\/14Aragon17MGP_ESPONSORAMA-1616.jpg","datePublished":"2017-09-23T15:25:43+00:00","author":{"@id":"http:\/\/esponsorama.ad\/es\/#\/schema\/person\/a5cde74945183d737066e46b61c6f9c4"},"breadcrumb":{"@id":"http:\/\/esponsorama.ad\/ca\/equipo-reale-avintia-racing-preparado-gran-premio-aragon\/#breadcrumb"},"inLanguage":"ca-AD","potentialAction":[{"@type":"ReadAction","target":["http:\/\/esponsorama.ad\/ca\/equipo-reale-avintia-racing-preparado-gran-premio-aragon\/"]}]},{"@type":"ImageObject","inLanguage":"ca-AD","@id":"http:\/\/esponsorama.ad\/ca\/equipo-reale-avintia-racing-preparado-gran-premio-aragon\/#primaryimage","url":"http:\/\/esponsorama.ad\/wp-content\/uploads\/2017\/09\/14Aragon17MGP_ESPONSORAMA-1616.jpg","contentUrl":"http:\/\/esponsorama.ad\/wp-content\/uploads\/2017\/09\/14Aragon17MGP_ESPONSORAMA-1616.jpg","width":5184,"height":3456},{"@type":"BreadcrumbList","@id":"http:\/\/esponsorama.ad\/ca\/equipo-reale-avintia-racing-preparado-gran-premio-aragon\/#breadcrumb","itemListElement":[{"@type":"ListItem","position":1,"name":"Home","item":"http:\/\/esponsorama.ad\/en\/"},{"@type":"ListItem","position":2,"name":"L&#8217;equip Reale Avintia Racing preparat per al Gran Premi d&#8217;Arag\u00f3"}]},{"@type":"WebSite","@id":"http:\/\/esponsorama.ad\/es\/#website","url":"http:\/\/esponsorama.ad\/es\/","name":"Esponsorama","description":"Specialist in motorsport sponsorship and event promotions","potentialAction":[{"@type":"SearchAction","target":{"@type":"EntryPoint","urlTemplate":"http:\/\/esponsorama.ad\/es\/?s={search_term_string}"},"query-input":{"@type":"PropertyValueSpecification","valueRequired":true,"valueName":"search_term_string"}}],"inLanguage":"ca-AD"},{"@type":"Person","@id":"http:\/\/esponsorama.ad\/es\/#\/schema\/person\/a5cde74945183d737066e46b61c6f9c4","name":"Xavi Andornet","image":{"@type":"ImageObject","inLanguage":"ca-AD","@id":"http:\/\/esponsorama.ad\/es\/#\/schema\/person\/image\/","url":"https:\/\/secure.gravatar.com\/avatar\/f10eaf9ad601244a2357c9fd7cd9805ed166cfaaf76d5d9ab08a9d873e70147a?s=96&d=mm&r=g","contentUrl":"https:\/\/secure.gravatar.com\/avatar\/f10eaf9ad601244a2357c9fd7cd9805ed166cfaaf76d5d9ab08a9d873e70147a?s=96&d=mm&r=g","caption":"Xavi Andornet"},"sameAs":["http:\/\/www.andornet.ad"],"url":"http:\/\/esponsorama.ad\/ca\/author\/andornet\/"}]}},"_links":{"self":[{"href":"http:\/\/esponsorama.ad\/ca\/wp-json\/wp\/v2\/posts\/6218","targetHints":{"allow":["GET"]}}],"collection":[{"href":"http:\/\/esponsorama.ad\/ca\/wp-json\/wp\/v2\/posts"}],"about":[{"href":"http:\/\/esponsorama.ad\/ca\/wp-json\/wp\/v2\/types\/post"}],"author":[{"embeddable":true,"href":"http:\/\/esponsorama.ad\/ca\/wp-json\/wp\/v2\/users\/6"}],"replies":[{"embeddable":true,"href":"http:\/\/esponsorama.ad\/ca\/wp-json\/wp\/v2\/comments?post=6218"}],"version-history":[{"count":0,"href":"http:\/\/esponsorama.ad\/ca\/wp-json\/wp\/v2\/posts\/6218\/revisions"}],"wp:featuredmedia":[{"embeddable":true,"href":"http:\/\/esponsorama.ad\/ca\/wp-json\/wp\/v2\/media\/6190"}],"wp:attachment":[{"href":"http:\/\/esponsorama.ad\/ca\/wp-json\/wp\/v2\/media?parent=6218"}],"wp:term":[{"taxonomy":"category","embeddable":true,"href":"http:\/\/esponsorama.ad\/ca\/wp-json\/wp\/v2\/categories?post=6218"},{"taxonomy":"post_tag","embeddable":true,"href":"http:\/\/esponsorama.ad\/ca\/wp-json\/wp\/v2\/tags?post=6218"}],"curies":[{"name":"wp","href":"https:\/\/api.w.org\/{rel}","templated":true}]}}