{"id":6536,"date":"2017-10-14T10:52:32","date_gmt":"2017-10-14T08:52:32","guid":{"rendered":"http:\/\/esponsorama.ad\/?p=6536"},"modified":"2017-10-14T10:52:32","modified_gmt":"2017-10-14T08:52:32","slug":"quinta-sexta-linea-baz-barbera-motegi","status":"publish","type":"post","link":"http:\/\/esponsorama.ad\/ca\/quinta-sexta-linea-baz-barbera-motegi\/","title":{"rendered":"Cinquena i sisena l\u00ednia per Baz i Barber\u00e1 a Motegi"},"content":{"rendered":"<p>La pluja ha tornat a ser protagonista en els entrenaments cronometrats per al Gran Premi del Jap\u00f3 avui a Motegi. Tot i que ha caigut amb menys intensitat que durant el primer dia, els entrenaments lliures i classificatoris s&#8217;han disputat amb l&#8217;asfalt mullat. Els pilots de l&#8217;equip Reale Avintia Racing, Loris Baz i H\u00e9ctor Barber\u00e1, han treballat dur per millorar i tots dos ho han fet.<\/p>\n<p>Loris Baz sortir\u00e0 des de la cinquena l\u00ednia de la graella juntament amb Maverick Vi\u00f1ales i Cal Crutchlow. El franc\u00e8s ha lluitat fins a l&#8217;\u00faltim moment per entrar a la Q2, per\u00f2 al final s&#8217;ha quedat fora per tan sols 18 mil\u00b7l\u00e8simes de segon. Tot i aix\u00ed est\u00e0 molt m\u00e9s content que el primer dia i dem\u00e0 espera poder donar guerra a la cursa.<\/p>\n<p>L&#8217;espanyol H\u00e9ctor Barber\u00e1 sortir\u00e0 una l\u00ednia m\u00e9s enrere i encara que segueix sense tenir molt bones sensacions en mullat, dem\u00e0 espera donar un altre pas en el warm-up per poder lluitar en carrera per un bon resultat.<\/p>\n\n<p>&#8220;Fa r\u00e0bia quedar-se fora de la Q2 per tan poc, sobretot perqu\u00e8 he com\u00e8s un parell d&#8217;errades en aquesta volta. Per\u00f2 si mirem el malament que havia anat el cap de setmana i que hem estat molt lluny de tenir bones sensacions i bon ritme , la posici\u00f3 en la graella no est\u00e0 tan malament. \u00c9s estrany, perqu\u00e8 en aquestes condicions tant H\u00e9ctor com jo sempre hem estat entre els deu m\u00e9s r\u00e0pids, per\u00f2 aqu\u00ed no funciona res. Hem provat un munt de coses i res anava. Aquest mat\u00ed m\u2019he enfadat una mica, per\u00f2 en FP4 sembla que hem trobat el cam\u00ed i ha anat millor. Les condicions a la Q1 no han estat les millors, perqu\u00e8 nom\u00e9s faltaven per assecar-se un parell de corbes per sortir amb slicks, i en aquestes condicions els pneum\u00e0tics d&#8217;aigua s&#8217;escalfen molt. Dem\u00e0 veurem fins on podem arribar &#8220;.<\/p>\n\n<p>&#8220;Est\u00e0 sent un cap de setmana complicat perqu\u00e8 en pluja sempre anem r\u00e0pid tant Loris com jo, per\u00f2 aqu\u00ed ens est\u00e0 costant molt. Jo personalment tinc un problema i \u00e9s que quan vaig a entrar al revolt la moto sembla que es va creuar de darrere i treure per orelles. Estem treballant per resoldre-ho i hem millorat bastant respecte a ahir. Hem carregat m\u00e9s pes a la part davantera de la moto i aix\u00f2 em d\u00f3na m\u00e9s confian\u00e7a, per\u00f2 dem\u00e0 el warm-up ser\u00e0 molt important per millorar el ritme de cursa. Sembla que dem\u00e0 la cursa ser\u00e0 en aigua, sortim a la sisena l\u00ednia i davant tenim a un pilot com Vi\u00f1ales que segur que anir\u00e0 cap amunt, aix\u00ed que l&#8217;objectiu ser\u00e0 sortir b\u00e9 i donar el m\u00e0xim\u201d<\/p>\n","protected":false},"excerpt":{"rendered":"<p>La pluja ha tornat a ser protagonista en els entrenaments cronometrats per al Gran Premi del Jap\u00f3 avui a Motegi. Tot i que ha caigut amb menys intensitat que durant el primer dia, els entrenaments lliures i classificatoris s&#8217;han disputat amb l&#8217;asfalt mullat. Els pilots de l&#8217;equip Reale Avintia Racing, Loris Baz i H\u00e9ctor Barber\u00e1, [&hellip;]<\/p>\n","protected":false},"author":6,"featured_media":6506,"comment_status":"closed","ping_status":"closed","sticky":false,"template":"","format":"standard","meta":{"footnotes":""},"categories":[3],"tags":[],"class_list":["post-6536","post","type-post","status-publish","format-standard","has-post-thumbnail","hentry","category-motogp"],"yoast_head":"<!-- This site is optimized with the Yoast SEO plugin v27.1.1 - https:\/\/yoast.com\/product\/yoast-seo-wordpress\/ -->\n<title>Cinquena i sisena l\u00ednia per Baz i Barber\u00e1 a Motegi - Esponsorama<\/title>\n<meta name=\"robots\" content=\"index, follow, max-snippet:-1, max-image-preview:large, max-video-preview:-1\" \/>\n<link rel=\"canonical\" href=\"http:\/\/esponsorama.ad\/ca\/quinta-sexta-linea-baz-barbera-motegi\/\" \/>\n<meta property=\"og:locale\" content=\"en_US\" \/>\n<meta property=\"og:type\" content=\"article\" \/>\n<meta property=\"og:title\" content=\"Cinquena i sisena l\u00ednia per Baz i Barber\u00e1 a Motegi - Esponsorama\" \/>\n<meta property=\"og:description\" content=\"La pluja ha tornat a ser protagonista en els entrenaments cronometrats per al Gran Premi del Jap\u00f3 avui a Motegi. Tot i que ha caigut amb menys intensitat que durant el primer dia, els entrenaments lliures i classificatoris s&#8217;han disputat amb l&#8217;asfalt mullat. Els pilots de l&#8217;equip Reale Avintia Racing, Loris Baz i H\u00e9ctor Barber\u00e1, [&hellip;]\" \/>\n<meta property=\"og:url\" content=\"http:\/\/esponsorama.ad\/ca\/quinta-sexta-linea-baz-barbera-motegi\/\" \/>\n<meta property=\"og:site_name\" content=\"Esponsorama\" \/>\n<meta property=\"article:published_time\" content=\"2017-10-14T08:52:32+00:00\" \/>\n<meta property=\"og:image\" content=\"http:\/\/esponsorama.ad\/wp-content\/uploads\/2017\/10\/15Motegi17MgpREALE_AVINTIA-0643-1024x683.jpg\" \/>\n\t<meta property=\"og:image:width\" content=\"1024\" \/>\n\t<meta property=\"og:image:height\" content=\"683\" \/>\n\t<meta property=\"og:image:type\" content=\"image\/jpeg\" \/>\n<meta name=\"author\" content=\"Xavi Andornet\" \/>\n<meta name=\"twitter:card\" content=\"summary_large_image\" \/>\n<meta name=\"twitter:label1\" content=\"Written by\" \/>\n\t<meta name=\"twitter:data1\" content=\"Xavi Andornet\" \/>\n\t<meta name=\"twitter:label2\" content=\"Est. reading time\" \/>\n\t<meta name=\"twitter:data2\" content=\"2 minutes\" \/>\n<script type=\"application\/ld+json\" class=\"yoast-schema-graph\">{\"@context\":\"https:\/\/schema.org\",\"@graph\":[{\"@type\":\"Article\",\"@id\":\"http:\/\/esponsorama.ad\/ca\/quinta-sexta-linea-baz-barbera-motegi\/#article\",\"isPartOf\":{\"@id\":\"http:\/\/esponsorama.ad\/ca\/quinta-sexta-linea-baz-barbera-motegi\/\"},\"author\":{\"name\":\"Xavi Andornet\",\"@id\":\"http:\/\/esponsorama.ad\/es\/#\/schema\/person\/a5cde74945183d737066e46b61c6f9c4\"},\"headline\":\"Cinquena i sisena l\u00ednia per Baz i Barber\u00e1 a Motegi\",\"datePublished\":\"2017-10-14T08:52:32+00:00\",\"mainEntityOfPage\":{\"@id\":\"http:\/\/esponsorama.ad\/ca\/quinta-sexta-linea-baz-barbera-motegi\/\"},\"wordCount\":485,\"image\":{\"@id\":\"http:\/\/esponsorama.ad\/ca\/quinta-sexta-linea-baz-barbera-motegi\/#primaryimage\"},\"thumbnailUrl\":\"http:\/\/esponsorama.ad\/wp-content\/uploads\/2017\/10\/15Motegi17MgpREALE_AVINTIA-0643.jpg\",\"articleSection\":[\"MotoGP\"],\"inLanguage\":\"ca-AD\"},{\"@type\":\"WebPage\",\"@id\":\"http:\/\/esponsorama.ad\/ca\/quinta-sexta-linea-baz-barbera-motegi\/\",\"url\":\"http:\/\/esponsorama.ad\/ca\/quinta-sexta-linea-baz-barbera-motegi\/\",\"name\":\"Cinquena i sisena l\u00ednia per Baz i Barber\u00e1 a Motegi - Esponsorama\",\"isPartOf\":{\"@id\":\"http:\/\/esponsorama.ad\/es\/#website\"},\"primaryImageOfPage\":{\"@id\":\"http:\/\/esponsorama.ad\/ca\/quinta-sexta-linea-baz-barbera-motegi\/#primaryimage\"},\"image\":{\"@id\":\"http:\/\/esponsorama.ad\/ca\/quinta-sexta-linea-baz-barbera-motegi\/#primaryimage\"},\"thumbnailUrl\":\"http:\/\/esponsorama.ad\/wp-content\/uploads\/2017\/10\/15Motegi17MgpREALE_AVINTIA-0643.jpg\",\"datePublished\":\"2017-10-14T08:52:32+00:00\",\"author\":{\"@id\":\"http:\/\/esponsorama.ad\/es\/#\/schema\/person\/a5cde74945183d737066e46b61c6f9c4\"},\"breadcrumb\":{\"@id\":\"http:\/\/esponsorama.ad\/ca\/quinta-sexta-linea-baz-barbera-motegi\/#breadcrumb\"},\"inLanguage\":\"ca-AD\",\"potentialAction\":[{\"@type\":\"ReadAction\",\"target\":[\"http:\/\/esponsorama.ad\/ca\/quinta-sexta-linea-baz-barbera-motegi\/\"]}]},{\"@type\":\"ImageObject\",\"inLanguage\":\"ca-AD\",\"@id\":\"http:\/\/esponsorama.ad\/ca\/quinta-sexta-linea-baz-barbera-motegi\/#primaryimage\",\"url\":\"http:\/\/esponsorama.ad\/wp-content\/uploads\/2017\/10\/15Motegi17MgpREALE_AVINTIA-0643.jpg\",\"contentUrl\":\"http:\/\/esponsorama.ad\/wp-content\/uploads\/2017\/10\/15Motegi17MgpREALE_AVINTIA-0643.jpg\",\"width\":4877,\"height\":3251},{\"@type\":\"BreadcrumbList\",\"@id\":\"http:\/\/esponsorama.ad\/ca\/quinta-sexta-linea-baz-barbera-motegi\/#breadcrumb\",\"itemListElement\":[{\"@type\":\"ListItem\",\"position\":1,\"name\":\"Home\",\"item\":\"http:\/\/esponsorama.ad\/en\/\"},{\"@type\":\"ListItem\",\"position\":2,\"name\":\"Cinquena i sisena l\u00ednia per Baz i Barber\u00e1 a Motegi\"}]},{\"@type\":\"WebSite\",\"@id\":\"http:\/\/esponsorama.ad\/es\/#website\",\"url\":\"http:\/\/esponsorama.ad\/es\/\",\"name\":\"Esponsorama\",\"description\":\"Specialist in motorsport sponsorship and event promotions\",\"potentialAction\":[{\"@type\":\"SearchAction\",\"target\":{\"@type\":\"EntryPoint\",\"urlTemplate\":\"http:\/\/esponsorama.ad\/es\/?s={search_term_string}\"},\"query-input\":{\"@type\":\"PropertyValueSpecification\",\"valueRequired\":true,\"valueName\":\"search_term_string\"}}],\"inLanguage\":\"ca-AD\"},{\"@type\":\"Person\",\"@id\":\"http:\/\/esponsorama.ad\/es\/#\/schema\/person\/a5cde74945183d737066e46b61c6f9c4\",\"name\":\"Xavi Andornet\",\"image\":{\"@type\":\"ImageObject\",\"inLanguage\":\"ca-AD\",\"@id\":\"http:\/\/esponsorama.ad\/es\/#\/schema\/person\/image\/\",\"url\":\"https:\/\/secure.gravatar.com\/avatar\/f10eaf9ad601244a2357c9fd7cd9805ed166cfaaf76d5d9ab08a9d873e70147a?s=96&d=mm&r=g\",\"contentUrl\":\"https:\/\/secure.gravatar.com\/avatar\/f10eaf9ad601244a2357c9fd7cd9805ed166cfaaf76d5d9ab08a9d873e70147a?s=96&d=mm&r=g\",\"caption\":\"Xavi Andornet\"},\"sameAs\":[\"http:\/\/www.andornet.ad\"],\"url\":\"http:\/\/esponsorama.ad\/ca\/author\/andornet\/\"}]}<\/script>\n<!-- \/ Yoast SEO plugin. -->","yoast_head_json":{"title":"Cinquena i sisena l\u00ednia per Baz i Barber\u00e1 a Motegi - Esponsorama","robots":{"index":"index","follow":"follow","max-snippet":"max-snippet:-1","max-image-preview":"max-image-preview:large","max-video-preview":"max-video-preview:-1"},"canonical":"http:\/\/esponsorama.ad\/ca\/quinta-sexta-linea-baz-barbera-motegi\/","og_locale":"en_US","og_type":"article","og_title":"Cinquena i sisena l\u00ednia per Baz i Barber\u00e1 a Motegi - Esponsorama","og_description":"La pluja ha tornat a ser protagonista en els entrenaments cronometrats per al Gran Premi del Jap\u00f3 avui a Motegi. Tot i que ha caigut amb menys intensitat que durant el primer dia, els entrenaments lliures i classificatoris s&#8217;han disputat amb l&#8217;asfalt mullat. Els pilots de l&#8217;equip Reale Avintia Racing, Loris Baz i H\u00e9ctor Barber\u00e1, [&hellip;]","og_url":"http:\/\/esponsorama.ad\/ca\/quinta-sexta-linea-baz-barbera-motegi\/","og_site_name":"Esponsorama","article_published_time":"2017-10-14T08:52:32+00:00","og_image":[{"width":1024,"height":683,"url":"http:\/\/esponsorama.ad\/wp-content\/uploads\/2017\/10\/15Motegi17MgpREALE_AVINTIA-0643-1024x683.jpg","type":"image\/jpeg"}],"author":"Xavi Andornet","twitter_card":"summary_large_image","twitter_misc":{"Written by":"Xavi Andornet","Est. reading time":"2 minutes"},"schema":{"@context":"https:\/\/schema.org","@graph":[{"@type":"Article","@id":"http:\/\/esponsorama.ad\/ca\/quinta-sexta-linea-baz-barbera-motegi\/#article","isPartOf":{"@id":"http:\/\/esponsorama.ad\/ca\/quinta-sexta-linea-baz-barbera-motegi\/"},"author":{"name":"Xavi Andornet","@id":"http:\/\/esponsorama.ad\/es\/#\/schema\/person\/a5cde74945183d737066e46b61c6f9c4"},"headline":"Cinquena i sisena l\u00ednia per Baz i Barber\u00e1 a Motegi","datePublished":"2017-10-14T08:52:32+00:00","mainEntityOfPage":{"@id":"http:\/\/esponsorama.ad\/ca\/quinta-sexta-linea-baz-barbera-motegi\/"},"wordCount":485,"image":{"@id":"http:\/\/esponsorama.ad\/ca\/quinta-sexta-linea-baz-barbera-motegi\/#primaryimage"},"thumbnailUrl":"http:\/\/esponsorama.ad\/wp-content\/uploads\/2017\/10\/15Motegi17MgpREALE_AVINTIA-0643.jpg","articleSection":["MotoGP"],"inLanguage":"ca-AD"},{"@type":"WebPage","@id":"http:\/\/esponsorama.ad\/ca\/quinta-sexta-linea-baz-barbera-motegi\/","url":"http:\/\/esponsorama.ad\/ca\/quinta-sexta-linea-baz-barbera-motegi\/","name":"Cinquena i sisena l\u00ednia per Baz i Barber\u00e1 a Motegi - Esponsorama","isPartOf":{"@id":"http:\/\/esponsorama.ad\/es\/#website"},"primaryImageOfPage":{"@id":"http:\/\/esponsorama.ad\/ca\/quinta-sexta-linea-baz-barbera-motegi\/#primaryimage"},"image":{"@id":"http:\/\/esponsorama.ad\/ca\/quinta-sexta-linea-baz-barbera-motegi\/#primaryimage"},"thumbnailUrl":"http:\/\/esponsorama.ad\/wp-content\/uploads\/2017\/10\/15Motegi17MgpREALE_AVINTIA-0643.jpg","datePublished":"2017-10-14T08:52:32+00:00","author":{"@id":"http:\/\/esponsorama.ad\/es\/#\/schema\/person\/a5cde74945183d737066e46b61c6f9c4"},"breadcrumb":{"@id":"http:\/\/esponsorama.ad\/ca\/quinta-sexta-linea-baz-barbera-motegi\/#breadcrumb"},"inLanguage":"ca-AD","potentialAction":[{"@type":"ReadAction","target":["http:\/\/esponsorama.ad\/ca\/quinta-sexta-linea-baz-barbera-motegi\/"]}]},{"@type":"ImageObject","inLanguage":"ca-AD","@id":"http:\/\/esponsorama.ad\/ca\/quinta-sexta-linea-baz-barbera-motegi\/#primaryimage","url":"http:\/\/esponsorama.ad\/wp-content\/uploads\/2017\/10\/15Motegi17MgpREALE_AVINTIA-0643.jpg","contentUrl":"http:\/\/esponsorama.ad\/wp-content\/uploads\/2017\/10\/15Motegi17MgpREALE_AVINTIA-0643.jpg","width":4877,"height":3251},{"@type":"BreadcrumbList","@id":"http:\/\/esponsorama.ad\/ca\/quinta-sexta-linea-baz-barbera-motegi\/#breadcrumb","itemListElement":[{"@type":"ListItem","position":1,"name":"Home","item":"http:\/\/esponsorama.ad\/en\/"},{"@type":"ListItem","position":2,"name":"Cinquena i sisena l\u00ednia per Baz i Barber\u00e1 a Motegi"}]},{"@type":"WebSite","@id":"http:\/\/esponsorama.ad\/es\/#website","url":"http:\/\/esponsorama.ad\/es\/","name":"Esponsorama","description":"Specialist in motorsport sponsorship and event promotions","potentialAction":[{"@type":"SearchAction","target":{"@type":"EntryPoint","urlTemplate":"http:\/\/esponsorama.ad\/es\/?s={search_term_string}"},"query-input":{"@type":"PropertyValueSpecification","valueRequired":true,"valueName":"search_term_string"}}],"inLanguage":"ca-AD"},{"@type":"Person","@id":"http:\/\/esponsorama.ad\/es\/#\/schema\/person\/a5cde74945183d737066e46b61c6f9c4","name":"Xavi Andornet","image":{"@type":"ImageObject","inLanguage":"ca-AD","@id":"http:\/\/esponsorama.ad\/es\/#\/schema\/person\/image\/","url":"https:\/\/secure.gravatar.com\/avatar\/f10eaf9ad601244a2357c9fd7cd9805ed166cfaaf76d5d9ab08a9d873e70147a?s=96&d=mm&r=g","contentUrl":"https:\/\/secure.gravatar.com\/avatar\/f10eaf9ad601244a2357c9fd7cd9805ed166cfaaf76d5d9ab08a9d873e70147a?s=96&d=mm&r=g","caption":"Xavi Andornet"},"sameAs":["http:\/\/www.andornet.ad"],"url":"http:\/\/esponsorama.ad\/ca\/author\/andornet\/"}]}},"_links":{"self":[{"href":"http:\/\/esponsorama.ad\/ca\/wp-json\/wp\/v2\/posts\/6536","targetHints":{"allow":["GET"]}}],"collection":[{"href":"http:\/\/esponsorama.ad\/ca\/wp-json\/wp\/v2\/posts"}],"about":[{"href":"http:\/\/esponsorama.ad\/ca\/wp-json\/wp\/v2\/types\/post"}],"author":[{"embeddable":true,"href":"http:\/\/esponsorama.ad\/ca\/wp-json\/wp\/v2\/users\/6"}],"replies":[{"embeddable":true,"href":"http:\/\/esponsorama.ad\/ca\/wp-json\/wp\/v2\/comments?post=6536"}],"version-history":[{"count":0,"href":"http:\/\/esponsorama.ad\/ca\/wp-json\/wp\/v2\/posts\/6536\/revisions"}],"wp:featuredmedia":[{"embeddable":true,"href":"http:\/\/esponsorama.ad\/ca\/wp-json\/wp\/v2\/media\/6506"}],"wp:attachment":[{"href":"http:\/\/esponsorama.ad\/ca\/wp-json\/wp\/v2\/media?parent=6536"}],"wp:term":[{"taxonomy":"category","embeddable":true,"href":"http:\/\/esponsorama.ad\/ca\/wp-json\/wp\/v2\/categories?post=6536"},{"taxonomy":"post_tag","embeddable":true,"href":"http:\/\/esponsorama.ad\/ca\/wp-json\/wp\/v2\/tags?post=6536"}],"curies":[{"name":"wp","href":"https:\/\/api.w.org\/{rel}","templated":true}]}}