{"id":668,"date":"2016-08-21T17:57:06","date_gmt":"2016-08-21T15:57:06","guid":{"rendered":"http:\/\/esponsorama.ad\/?p=668"},"modified":"2016-08-23T12:01:59","modified_gmt":"2016-08-23T10:01:59","slug":"baz-cuarto-barbera-quinto-completan-fin-semana-ensueno-avintia-racing","status":"publish","type":"post","link":"http:\/\/esponsorama.ad\/ca\/baz-cuarto-barbera-quinto-completan-fin-semana-ensueno-avintia-racing\/","title":{"rendered":"En Baz quart i en Barber\u00e1 cinqu\u00e8, completen un cap de setmana de somni per Avintia Racing"},"content":{"rendered":"<p>L&#8217;equip Avintia Racing comen\u00e7ava el Gran Premi de la Rep\u00fablica Txeca amb les expectatives molt altes. L\u2019H\u00e9ctor Barber\u00e1 havia demostrat la seva velocitat des de divendres i ahir dissabte va aconseguir ficar-se en la segona l\u00ednia de la graella despr\u00e9s de marcar el cinqu\u00e8 millor temps. En Loris Baz sortia m\u00e9s enrere, en la sisena l\u00ednia amb el 17\u00e8 millor registre, per\u00f2 les previsions de pluja per a la carrera li feien ser optimista. Les previsions s&#8217;han complert i ha plogut amb for\u00e7a a Brno. En Baz ha confirmat les seves expectatives aquest mat\u00ed amb un excel\u00b7lent tercer lloc en el warm-up, per\u00f2 just abans de la cursa, a 22 voltes de MotoGP, la pluja ha parat i aix\u00f2 ha generat molts dubtes amb l&#8217;elecci\u00f3 del pneum\u00e0tic per la carrera.<\/p>\n<p>L\u2019H\u00e9ctor Barber\u00e1 ha sortit b\u00e9 i poc a poc ha anat superant als pilots que tenia per davant fins a arribar a col\u00b7locar-se segon. Per\u00f2 a falta de deu voltes ha notat que alguna cosa fallava de la seva moto. Al final ha aconseguit acabar, tot i les vibracions i la manca de pot\u00e8ncia, encara que avui podria haver aspirat a un resultat encara millor. En Baz ha esperat a que la pista s&#8217;assequ\u00e9s m\u00e9s i ha arribat remuntat des del darrere, per a falta de dues voltes, superar al seu company i fer-se amb un grand\u00edssim quart lloc. Amb aquest resultat en Baz confirma que Avintia Racing no es va equivocar renovant per 2017, i li ha donat una gran confian\u00e7a per a les set carreres que falten del campionat.<\/p>\n<p>En Loris Baz i L\u2019H\u00e9ctor Barber\u00e1 han donat a Avintia Racing el millor resultat conjunt per a l&#8217;equip a MotoGP i a m\u00e9s han estat els millors pilots de Ducati a Brno, tancant un cap de setmana de somni per a l&#8217;equip espanyol.<\/p>\n<p><strong>LORIS BAZ # 76 P4<\/strong><\/p>\n<p>&#8220;Hem fet una cursa molt bona i hem pres la decisi\u00f3 encertada amb les gomes. Com jo peso molt m\u00e9s que els altres, he d&#8217;anar amb pneum\u00e0tics m\u00e9s durs, abans de carrera s&#8217;ha decidit posar la posterior dura i era una cosa que em semblava correcte; mai saps si \u00e9s una decisi\u00f3 encertada sense saber si plour\u00e0. Hem anat remuntant poc a poc i ens ha faltat una mica per arribar m\u00e9s amunt. Crec que ens faltava una mica d&#8217;experi\u00e8ncia amb aquest pneum\u00e0tic, la moto era una mica dura i em costava molt avan\u00e7ar. Estic molt content i aquesta \u00e9s la millor manera de donar les gr\u00e0cies a l&#8217;equip pel contracte per a l&#8217;any que ve. A m\u00e9s estava desitjant fer una bona carrera per dedicar a en Luis Salom &#8220;.<\/p>\n<p><strong>H\u00c9CTOR BARBER\u00c1 # 8 P5<\/strong><\/p>\n<p>&#8220;Estic content perqu\u00e8 hem fet una bona cursa. A la volta 12 he tingut un problema mec\u00e0nic i he anat una mica limitat les altres deu voltes. He intentat fer el m\u00e0xim possible; salvar els pneum\u00e0tics, tractar de ser el m\u00e9s fi possible, per\u00f2 al final de carrera he arribat amb algunes dificultats. De totes maneres, estic content perqu\u00e8 cada vegada estem m\u00e9s a prop i abans o despr\u00e9s arribar\u00e0 el bon resultat. Vull donar les gr\u00e0cies a l&#8217;equip perqu\u00e8 sense el seu esfor\u00e7 aix\u00f2 no seria possible. I felicitar en Loris, me n&#8217;alegro molt per ell, perqu\u00e8 a m\u00e9s de ser bon pilot, \u00e9s molt bona persona i aix\u00f2 li feia falta. La veritat \u00e9s que se li havia comen\u00e7at a complicar la temporada. Jo com a pilot l\u2019animo, estic al costat, per\u00f2 quan et fiques en aquests sots la millor manera de sortir \u00e9s aix\u00ed, amb un bon resultat &#8220;.<\/p>\n<div id='gallery-1' class='gallery galleryid-668 gallery-columns-5 gallery-size-thumbnail'><figure class='gallery-item'>\n\t\t\t<div class='gallery-icon landscape'>\n\t\t\t\t<a href='http:\/\/esponsorama.ad\/wp-content\/uploads\/2016\/08\/11_BRNO-7786.jpg' title=\"\" data-rl_title=\"\" class=\"rl-gallery-link\" data-rl_caption=\"\" data-rel=\"lightbox-gallery-1\"><img loading=\"lazy\" decoding=\"async\" width=\"150\" height=\"150\" src=\"http:\/\/esponsorama.ad\/wp-content\/uploads\/2016\/08\/11_BRNO-7786-150x150.jpg\" class=\"attachment-thumbnail size-thumbnail\" alt=\"\" \/><\/a>\n\t\t\t<\/div><\/figure><figure class='gallery-item'>\n\t\t\t<div class='gallery-icon landscape'>\n\t\t\t\t<a href='http:\/\/esponsorama.ad\/wp-content\/uploads\/2016\/08\/11_BRNO-8193.jpg' title=\"\" data-rl_title=\"\" class=\"rl-gallery-link\" data-rl_caption=\"\" data-rel=\"lightbox-gallery-1\"><img loading=\"lazy\" decoding=\"async\" width=\"150\" height=\"150\" src=\"http:\/\/esponsorama.ad\/wp-content\/uploads\/2016\/08\/11_BRNO-8193-150x150.jpg\" class=\"attachment-thumbnail size-thumbnail\" alt=\"\" \/><\/a>\n\t\t\t<\/div><\/figure><figure class='gallery-item'>\n\t\t\t<div class='gallery-icon landscape'>\n\t\t\t\t<a href='http:\/\/esponsorama.ad\/wp-content\/uploads\/2016\/08\/11_BRNO-8324.jpg' title=\"\" data-rl_title=\"\" class=\"rl-gallery-link\" data-rl_caption=\"\" data-rel=\"lightbox-gallery-1\"><img loading=\"lazy\" decoding=\"async\" width=\"150\" height=\"150\" src=\"http:\/\/esponsorama.ad\/wp-content\/uploads\/2016\/08\/11_BRNO-8324-150x150.jpg\" class=\"attachment-thumbnail size-thumbnail\" alt=\"\" \/><\/a>\n\t\t\t<\/div><\/figure><figure class='gallery-item'>\n\t\t\t<div class='gallery-icon landscape'>\n\t\t\t\t<a href='http:\/\/esponsorama.ad\/wp-content\/uploads\/2016\/08\/11_BRNO-8404.jpg' title=\"\" data-rl_title=\"\" class=\"rl-gallery-link\" data-rl_caption=\"\" data-rel=\"lightbox-gallery-1\"><img loading=\"lazy\" decoding=\"async\" width=\"150\" height=\"150\" src=\"http:\/\/esponsorama.ad\/wp-content\/uploads\/2016\/08\/11_BRNO-8404-150x150.jpg\" class=\"attachment-thumbnail size-thumbnail\" alt=\"\" \/><\/a>\n\t\t\t<\/div><\/figure><figure class='gallery-item'>\n\t\t\t<div class='gallery-icon landscape'>\n\t\t\t\t<a href='http:\/\/esponsorama.ad\/wp-content\/uploads\/2016\/08\/11_BRNO-8493.jpg' title=\"\" data-rl_title=\"\" class=\"rl-gallery-link\" data-rl_caption=\"\" data-rel=\"lightbox-gallery-1\"><img loading=\"lazy\" decoding=\"async\" width=\"150\" height=\"150\" src=\"http:\/\/esponsorama.ad\/wp-content\/uploads\/2016\/08\/11_BRNO-8493-150x150.jpg\" class=\"attachment-thumbnail size-thumbnail\" alt=\"\" \/><\/a>\n\t\t\t<\/div><\/figure>\n\t\t<\/div>\n\n","protected":false},"excerpt":{"rendered":"<p>L&#8217;equip Avintia Racing comen\u00e7ava el Gran Premi de la Rep\u00fablica Txeca amb les expectatives molt altes. L\u2019H\u00e9ctor Barber\u00e1 havia demostrat la seva velocitat des de divendres i ahir dissabte va aconseguir ficar-se en la segona l\u00ednia de la graella despr\u00e9s de marcar el cinqu\u00e8 millor temps. En Loris Baz sortia m\u00e9s enrere, en la sisena [&hellip;]<\/p>\n","protected":false},"author":6,"featured_media":669,"comment_status":"closed","ping_status":"closed","sticky":false,"template":"","format":"standard","meta":{"footnotes":""},"categories":[3],"tags":[],"class_list":["post-668","post","type-post","status-publish","format-standard","has-post-thumbnail","hentry","category-motogp"],"yoast_head":"<!-- This site is optimized with the Yoast SEO plugin v27.1.1 - https:\/\/yoast.com\/product\/yoast-seo-wordpress\/ -->\n<title>En Baz quart i en Barber\u00e1 cinqu\u00e8, completen un cap de setmana de somni per Avintia Racing - Esponsorama<\/title>\n<meta name=\"robots\" content=\"index, follow, max-snippet:-1, max-image-preview:large, max-video-preview:-1\" \/>\n<link rel=\"canonical\" href=\"http:\/\/esponsorama.ad\/ca\/baz-cuarto-barbera-quinto-completan-fin-semana-ensueno-avintia-racing\/\" \/>\n<meta property=\"og:locale\" content=\"en_US\" \/>\n<meta property=\"og:type\" content=\"article\" \/>\n<meta property=\"og:title\" content=\"En Baz quart i en Barber\u00e1 cinqu\u00e8, completen un cap de setmana de somni per Avintia Racing - Esponsorama\" \/>\n<meta property=\"og:description\" content=\"L&#8217;equip Avintia Racing comen\u00e7ava el Gran Premi de la Rep\u00fablica Txeca amb les expectatives molt altes. L\u2019H\u00e9ctor Barber\u00e1 havia demostrat la seva velocitat des de divendres i ahir dissabte va aconseguir ficar-se en la segona l\u00ednia de la graella despr\u00e9s de marcar el cinqu\u00e8 millor temps. En Loris Baz sortia m\u00e9s enrere, en la sisena [&hellip;]\" \/>\n<meta property=\"og:url\" content=\"http:\/\/esponsorama.ad\/ca\/baz-cuarto-barbera-quinto-completan-fin-semana-ensueno-avintia-racing\/\" \/>\n<meta property=\"og:site_name\" content=\"Esponsorama\" \/>\n<meta property=\"article:published_time\" content=\"2016-08-21T15:57:06+00:00\" \/>\n<meta property=\"article:modified_time\" content=\"2016-08-23T10:01:59+00:00\" \/>\n<meta property=\"og:image\" content=\"http:\/\/esponsorama.ad\/wp-content\/uploads\/2016\/08\/11_BRNO-8493.jpg\" \/>\n\t<meta property=\"og:image:width\" content=\"5184\" \/>\n\t<meta property=\"og:image:height\" content=\"3456\" \/>\n\t<meta property=\"og:image:type\" content=\"image\/jpeg\" \/>\n<meta name=\"author\" content=\"Xavi Andornet\" \/>\n<meta name=\"twitter:card\" content=\"summary_large_image\" \/>\n<meta name=\"twitter:label1\" content=\"Written by\" \/>\n\t<meta name=\"twitter:data1\" content=\"Xavi Andornet\" \/>\n\t<meta name=\"twitter:label2\" content=\"Est. reading time\" \/>\n\t<meta name=\"twitter:data2\" content=\"3 minutes\" \/>\n<script type=\"application\/ld+json\" class=\"yoast-schema-graph\">{\"@context\":\"https:\/\/schema.org\",\"@graph\":[{\"@type\":\"Article\",\"@id\":\"http:\/\/esponsorama.ad\/ca\/baz-cuarto-barbera-quinto-completan-fin-semana-ensueno-avintia-racing\/#article\",\"isPartOf\":{\"@id\":\"http:\/\/esponsorama.ad\/ca\/baz-cuarto-barbera-quinto-completan-fin-semana-ensueno-avintia-racing\/\"},\"author\":{\"name\":\"Xavi Andornet\",\"@id\":\"http:\/\/esponsorama.ad\/es\/#\/schema\/person\/a5cde74945183d737066e46b61c6f9c4\"},\"headline\":\"En Baz quart i en Barber\u00e1 cinqu\u00e8, completen un cap de setmana de somni per Avintia Racing\",\"datePublished\":\"2016-08-21T15:57:06+00:00\",\"dateModified\":\"2016-08-23T10:01:59+00:00\",\"mainEntityOfPage\":{\"@id\":\"http:\/\/esponsorama.ad\/ca\/baz-cuarto-barbera-quinto-completan-fin-semana-ensueno-avintia-racing\/\"},\"wordCount\":649,\"image\":{\"@id\":\"http:\/\/esponsorama.ad\/ca\/baz-cuarto-barbera-quinto-completan-fin-semana-ensueno-avintia-racing\/#primaryimage\"},\"thumbnailUrl\":\"http:\/\/esponsorama.ad\/wp-content\/uploads\/2016\/08\/11_BRNO-8493.jpg\",\"articleSection\":[\"MotoGP\"],\"inLanguage\":\"ca-AD\"},{\"@type\":\"WebPage\",\"@id\":\"http:\/\/esponsorama.ad\/ca\/baz-cuarto-barbera-quinto-completan-fin-semana-ensueno-avintia-racing\/\",\"url\":\"http:\/\/esponsorama.ad\/ca\/baz-cuarto-barbera-quinto-completan-fin-semana-ensueno-avintia-racing\/\",\"name\":\"En Baz quart i en Barber\u00e1 cinqu\u00e8, completen un cap de setmana de somni per Avintia Racing - Esponsorama\",\"isPartOf\":{\"@id\":\"http:\/\/esponsorama.ad\/es\/#website\"},\"primaryImageOfPage\":{\"@id\":\"http:\/\/esponsorama.ad\/ca\/baz-cuarto-barbera-quinto-completan-fin-semana-ensueno-avintia-racing\/#primaryimage\"},\"image\":{\"@id\":\"http:\/\/esponsorama.ad\/ca\/baz-cuarto-barbera-quinto-completan-fin-semana-ensueno-avintia-racing\/#primaryimage\"},\"thumbnailUrl\":\"http:\/\/esponsorama.ad\/wp-content\/uploads\/2016\/08\/11_BRNO-8493.jpg\",\"datePublished\":\"2016-08-21T15:57:06+00:00\",\"dateModified\":\"2016-08-23T10:01:59+00:00\",\"author\":{\"@id\":\"http:\/\/esponsorama.ad\/es\/#\/schema\/person\/a5cde74945183d737066e46b61c6f9c4\"},\"breadcrumb\":{\"@id\":\"http:\/\/esponsorama.ad\/ca\/baz-cuarto-barbera-quinto-completan-fin-semana-ensueno-avintia-racing\/#breadcrumb\"},\"inLanguage\":\"ca-AD\",\"potentialAction\":[{\"@type\":\"ReadAction\",\"target\":[\"http:\/\/esponsorama.ad\/ca\/baz-cuarto-barbera-quinto-completan-fin-semana-ensueno-avintia-racing\/\"]}]},{\"@type\":\"ImageObject\",\"inLanguage\":\"ca-AD\",\"@id\":\"http:\/\/esponsorama.ad\/ca\/baz-cuarto-barbera-quinto-completan-fin-semana-ensueno-avintia-racing\/#primaryimage\",\"url\":\"http:\/\/esponsorama.ad\/wp-content\/uploads\/2016\/08\/11_BRNO-8493.jpg\",\"contentUrl\":\"http:\/\/esponsorama.ad\/wp-content\/uploads\/2016\/08\/11_BRNO-8493.jpg\",\"width\":5184,\"height\":3456},{\"@type\":\"BreadcrumbList\",\"@id\":\"http:\/\/esponsorama.ad\/ca\/baz-cuarto-barbera-quinto-completan-fin-semana-ensueno-avintia-racing\/#breadcrumb\",\"itemListElement\":[{\"@type\":\"ListItem\",\"position\":1,\"name\":\"Home\",\"item\":\"http:\/\/esponsorama.ad\/ca\/\"},{\"@type\":\"ListItem\",\"position\":2,\"name\":\"En Baz quart i en Barber\u00e1 cinqu\u00e8, completen un cap de setmana de somni per Avintia Racing\"}]},{\"@type\":\"WebSite\",\"@id\":\"http:\/\/esponsorama.ad\/es\/#website\",\"url\":\"http:\/\/esponsorama.ad\/es\/\",\"name\":\"Esponsorama\",\"description\":\"Specialist in motorsport sponsorship and event promotions\",\"potentialAction\":[{\"@type\":\"SearchAction\",\"target\":{\"@type\":\"EntryPoint\",\"urlTemplate\":\"http:\/\/esponsorama.ad\/es\/?s={search_term_string}\"},\"query-input\":{\"@type\":\"PropertyValueSpecification\",\"valueRequired\":true,\"valueName\":\"search_term_string\"}}],\"inLanguage\":\"ca-AD\"},{\"@type\":\"Person\",\"@id\":\"http:\/\/esponsorama.ad\/es\/#\/schema\/person\/a5cde74945183d737066e46b61c6f9c4\",\"name\":\"Xavi Andornet\",\"image\":{\"@type\":\"ImageObject\",\"inLanguage\":\"ca-AD\",\"@id\":\"http:\/\/esponsorama.ad\/es\/#\/schema\/person\/image\/\",\"url\":\"https:\/\/secure.gravatar.com\/avatar\/f10eaf9ad601244a2357c9fd7cd9805ed166cfaaf76d5d9ab08a9d873e70147a?s=96&d=mm&r=g\",\"contentUrl\":\"https:\/\/secure.gravatar.com\/avatar\/f10eaf9ad601244a2357c9fd7cd9805ed166cfaaf76d5d9ab08a9d873e70147a?s=96&d=mm&r=g\",\"caption\":\"Xavi Andornet\"},\"sameAs\":[\"http:\/\/www.andornet.ad\"],\"url\":\"http:\/\/esponsorama.ad\/ca\/author\/andornet\/\"}]}<\/script>\n<!-- \/ Yoast SEO plugin. -->","yoast_head_json":{"title":"En Baz quart i en Barber\u00e1 cinqu\u00e8, completen un cap de setmana de somni per Avintia Racing - Esponsorama","robots":{"index":"index","follow":"follow","max-snippet":"max-snippet:-1","max-image-preview":"max-image-preview:large","max-video-preview":"max-video-preview:-1"},"canonical":"http:\/\/esponsorama.ad\/ca\/baz-cuarto-barbera-quinto-completan-fin-semana-ensueno-avintia-racing\/","og_locale":"en_US","og_type":"article","og_title":"En Baz quart i en Barber\u00e1 cinqu\u00e8, completen un cap de setmana de somni per Avintia Racing - Esponsorama","og_description":"L&#8217;equip Avintia Racing comen\u00e7ava el Gran Premi de la Rep\u00fablica Txeca amb les expectatives molt altes. L\u2019H\u00e9ctor Barber\u00e1 havia demostrat la seva velocitat des de divendres i ahir dissabte va aconseguir ficar-se en la segona l\u00ednia de la graella despr\u00e9s de marcar el cinqu\u00e8 millor temps. En Loris Baz sortia m\u00e9s enrere, en la sisena [&hellip;]","og_url":"http:\/\/esponsorama.ad\/ca\/baz-cuarto-barbera-quinto-completan-fin-semana-ensueno-avintia-racing\/","og_site_name":"Esponsorama","article_published_time":"2016-08-21T15:57:06+00:00","article_modified_time":"2016-08-23T10:01:59+00:00","og_image":[{"width":5184,"height":3456,"url":"http:\/\/esponsorama.ad\/wp-content\/uploads\/2016\/08\/11_BRNO-8493.jpg","type":"image\/jpeg"}],"author":"Xavi Andornet","twitter_card":"summary_large_image","twitter_misc":{"Written by":"Xavi Andornet","Est. reading time":"3 minutes"},"schema":{"@context":"https:\/\/schema.org","@graph":[{"@type":"Article","@id":"http:\/\/esponsorama.ad\/ca\/baz-cuarto-barbera-quinto-completan-fin-semana-ensueno-avintia-racing\/#article","isPartOf":{"@id":"http:\/\/esponsorama.ad\/ca\/baz-cuarto-barbera-quinto-completan-fin-semana-ensueno-avintia-racing\/"},"author":{"name":"Xavi Andornet","@id":"http:\/\/esponsorama.ad\/es\/#\/schema\/person\/a5cde74945183d737066e46b61c6f9c4"},"headline":"En Baz quart i en Barber\u00e1 cinqu\u00e8, completen un cap de setmana de somni per Avintia Racing","datePublished":"2016-08-21T15:57:06+00:00","dateModified":"2016-08-23T10:01:59+00:00","mainEntityOfPage":{"@id":"http:\/\/esponsorama.ad\/ca\/baz-cuarto-barbera-quinto-completan-fin-semana-ensueno-avintia-racing\/"},"wordCount":649,"image":{"@id":"http:\/\/esponsorama.ad\/ca\/baz-cuarto-barbera-quinto-completan-fin-semana-ensueno-avintia-racing\/#primaryimage"},"thumbnailUrl":"http:\/\/esponsorama.ad\/wp-content\/uploads\/2016\/08\/11_BRNO-8493.jpg","articleSection":["MotoGP"],"inLanguage":"ca-AD"},{"@type":"WebPage","@id":"http:\/\/esponsorama.ad\/ca\/baz-cuarto-barbera-quinto-completan-fin-semana-ensueno-avintia-racing\/","url":"http:\/\/esponsorama.ad\/ca\/baz-cuarto-barbera-quinto-completan-fin-semana-ensueno-avintia-racing\/","name":"En Baz quart i en Barber\u00e1 cinqu\u00e8, completen un cap de setmana de somni per Avintia Racing - Esponsorama","isPartOf":{"@id":"http:\/\/esponsorama.ad\/es\/#website"},"primaryImageOfPage":{"@id":"http:\/\/esponsorama.ad\/ca\/baz-cuarto-barbera-quinto-completan-fin-semana-ensueno-avintia-racing\/#primaryimage"},"image":{"@id":"http:\/\/esponsorama.ad\/ca\/baz-cuarto-barbera-quinto-completan-fin-semana-ensueno-avintia-racing\/#primaryimage"},"thumbnailUrl":"http:\/\/esponsorama.ad\/wp-content\/uploads\/2016\/08\/11_BRNO-8493.jpg","datePublished":"2016-08-21T15:57:06+00:00","dateModified":"2016-08-23T10:01:59+00:00","author":{"@id":"http:\/\/esponsorama.ad\/es\/#\/schema\/person\/a5cde74945183d737066e46b61c6f9c4"},"breadcrumb":{"@id":"http:\/\/esponsorama.ad\/ca\/baz-cuarto-barbera-quinto-completan-fin-semana-ensueno-avintia-racing\/#breadcrumb"},"inLanguage":"ca-AD","potentialAction":[{"@type":"ReadAction","target":["http:\/\/esponsorama.ad\/ca\/baz-cuarto-barbera-quinto-completan-fin-semana-ensueno-avintia-racing\/"]}]},{"@type":"ImageObject","inLanguage":"ca-AD","@id":"http:\/\/esponsorama.ad\/ca\/baz-cuarto-barbera-quinto-completan-fin-semana-ensueno-avintia-racing\/#primaryimage","url":"http:\/\/esponsorama.ad\/wp-content\/uploads\/2016\/08\/11_BRNO-8493.jpg","contentUrl":"http:\/\/esponsorama.ad\/wp-content\/uploads\/2016\/08\/11_BRNO-8493.jpg","width":5184,"height":3456},{"@type":"BreadcrumbList","@id":"http:\/\/esponsorama.ad\/ca\/baz-cuarto-barbera-quinto-completan-fin-semana-ensueno-avintia-racing\/#breadcrumb","itemListElement":[{"@type":"ListItem","position":1,"name":"Home","item":"http:\/\/esponsorama.ad\/ca\/"},{"@type":"ListItem","position":2,"name":"En Baz quart i en Barber\u00e1 cinqu\u00e8, completen un cap de setmana de somni per Avintia Racing"}]},{"@type":"WebSite","@id":"http:\/\/esponsorama.ad\/es\/#website","url":"http:\/\/esponsorama.ad\/es\/","name":"Esponsorama","description":"Specialist in motorsport sponsorship and event promotions","potentialAction":[{"@type":"SearchAction","target":{"@type":"EntryPoint","urlTemplate":"http:\/\/esponsorama.ad\/es\/?s={search_term_string}"},"query-input":{"@type":"PropertyValueSpecification","valueRequired":true,"valueName":"search_term_string"}}],"inLanguage":"ca-AD"},{"@type":"Person","@id":"http:\/\/esponsorama.ad\/es\/#\/schema\/person\/a5cde74945183d737066e46b61c6f9c4","name":"Xavi Andornet","image":{"@type":"ImageObject","inLanguage":"ca-AD","@id":"http:\/\/esponsorama.ad\/es\/#\/schema\/person\/image\/","url":"https:\/\/secure.gravatar.com\/avatar\/f10eaf9ad601244a2357c9fd7cd9805ed166cfaaf76d5d9ab08a9d873e70147a?s=96&d=mm&r=g","contentUrl":"https:\/\/secure.gravatar.com\/avatar\/f10eaf9ad601244a2357c9fd7cd9805ed166cfaaf76d5d9ab08a9d873e70147a?s=96&d=mm&r=g","caption":"Xavi Andornet"},"sameAs":["http:\/\/www.andornet.ad"],"url":"http:\/\/esponsorama.ad\/ca\/author\/andornet\/"}]}},"_links":{"self":[{"href":"http:\/\/esponsorama.ad\/ca\/wp-json\/wp\/v2\/posts\/668","targetHints":{"allow":["GET"]}}],"collection":[{"href":"http:\/\/esponsorama.ad\/ca\/wp-json\/wp\/v2\/posts"}],"about":[{"href":"http:\/\/esponsorama.ad\/ca\/wp-json\/wp\/v2\/types\/post"}],"author":[{"embeddable":true,"href":"http:\/\/esponsorama.ad\/ca\/wp-json\/wp\/v2\/users\/6"}],"replies":[{"embeddable":true,"href":"http:\/\/esponsorama.ad\/ca\/wp-json\/wp\/v2\/comments?post=668"}],"version-history":[{"count":0,"href":"http:\/\/esponsorama.ad\/ca\/wp-json\/wp\/v2\/posts\/668\/revisions"}],"wp:featuredmedia":[{"embeddable":true,"href":"http:\/\/esponsorama.ad\/ca\/wp-json\/wp\/v2\/media\/669"}],"wp:attachment":[{"href":"http:\/\/esponsorama.ad\/ca\/wp-json\/wp\/v2\/media?parent=668"}],"wp:term":[{"taxonomy":"category","embeddable":true,"href":"http:\/\/esponsorama.ad\/ca\/wp-json\/wp\/v2\/categories?post=668"},{"taxonomy":"post_tag","embeddable":true,"href":"http:\/\/esponsorama.ad\/ca\/wp-json\/wp\/v2\/tags?post=668"}],"curies":[{"name":"wp","href":"https:\/\/api.w.org\/{rel}","templated":true}]}}