{"id":6991,"date":"2017-11-12T18:32:16","date_gmt":"2017-11-12T16:32:16","guid":{"rendered":"http:\/\/esponsorama.ad\/?p=6991"},"modified":"2017-11-13T10:11:10","modified_gmt":"2017-11-13T08:11:10","slug":"barbera-baz-disfrutan-ultima-carrera-equipo-reale-avintia-racing-3","status":"publish","type":"post","link":"http:\/\/esponsorama.ad\/ca\/barbera-baz-disfrutan-ultima-carrera-equipo-reale-avintia-racing-3\/","title":{"rendered":"Barber\u00e1 i Baz gaudeixen de la seva \u00faltima carrera amb l&#8217;equip Reale Avintia Racing"},"content":{"rendered":"<p>L&#8217;\u00faltima carrera de l&#8217;any sempre \u00e9s especial per a tots, per\u00f2 aquest Gran Premi de Val\u00e8ncia ho ha estat, m\u00e9s encara, per als pilots de l&#8217;equip Reale Avintia Racing. Tant per H\u00e9ctor Barber\u00e1, com Loris Baz, el cap de setmana ha suposat el punt i a part en l&#8217;equip espanyol i aix\u00f2 s&#8217;ha vist reflectit en la intensa jornada de diumenge.<\/p>\n<p>Barber\u00e0, corrent a casa, esperava tenir un bon resultat de carrera per acomiadar l&#8217;equip, per\u00f2 almenys ha sortit amb un punt despr\u00e9s de creuar la meta 15\u00e8 just per davant del seu company a Reale Avintia, Loris Baz. El franc\u00e8s que ha passat bona part de la carrera en els punts, ha gaudit de la baralla amb Barber\u00e1 en les \u00faltimes voltes, i encara que no ha pogut batre&#8217;l, s&#8217;ho ha passat d&#8217;all\u00f2 m\u00e9s b\u00e9.<\/p>\n<p>Tots a l&#8217;equip Reale Avintia Racing desitgem el millor en el futur per H\u00e8ctor i Loris, dos grans pilots, per\u00f2 sobretot dos grans persones. Us estarem animant a Moto2 i Superbike!<\/p>\n\n<p>&#8220;En aquesta \u00faltima cursa la t\u00f2nica ha estat la mateixa que la de tota la temporada i encara que el resultat no ha estat bo, c\u00f3rrer davant de l&#8217;afici\u00f3 a Val\u00e8ncia \u00e9s quelcom impressionant. Trobar\u00e9 a faltar a l&#8217;equip, per\u00f2 no m&#8217;ha sabut com un comiat o la fi d&#8217;alguna cosa, sin\u00f3 com un canvi d&#8217;etapa. Vull donar les gr\u00e0cies a l&#8217;equip: sobretot a Ra\u00fal (Romero), Bocha (Escobar) i la resta de components, que han aconseguit que en aquests cinc anys aconsegu\u00edssim grans coses. Tamb\u00e9 he de donar les gr\u00e0cies a tots els patrocinadors, per\u00f2 especialment a Avintia, perqu\u00e8 sempre han estat aqu\u00ed recolzant-nos. Aquest any no ha estat el que desitj\u00e0vem i ha estat molt dur per a tots. Ara els nostres camins se separen per\u00f2 segur que ens retrobarem en el futur. &#8221;<\/p>\n\n<p>&#8220;Ha estat una cursa una mica complicada, per\u00f2 ha estat aix\u00ed per a totes les Ducati en general. He lluitat fins al final amb H\u00e9ctor, com ha passat en gaireb\u00e9 tota la temporada i m&#8217;ha encantat, perqu\u00e8 aquest ha estat una mica l&#8217;esperit que hi havia a l&#8217;equip. Ha estat una cursa divertida, em va costar passar a Van Der Mark, per\u00f2 al final i despr\u00e9s de tocar-nos diverses vegades, ho he aconseguit. M&#8217;he escapat i despr\u00e9s he estat barallant amb H\u00e9ctor unes quantes voltes. M&#8217;ha passat, li he tornat a passar una altra vegada en l&#8217;\u00faltim revolt, per\u00f2 accelerant m&#8217;ha guanyat. Li he deixat guanyar perqu\u00e8 corria a casa &#8230; Ara seriosament, \u00e9s una mica trist perqu\u00e8 ens anem els dos pilots de l&#8217;equip, per\u00f2 sabem que l&#8217;any que tindrem opcions d&#8217;estar lluitant pel podi i aix\u00f2 ens va a motivar bastant.\u201d<\/p>\n","protected":false},"excerpt":{"rendered":"<p>L&#8217;\u00faltima carrera de l&#8217;any sempre \u00e9s especial per a tots, per\u00f2 aquest Gran Premi de Val\u00e8ncia ho ha estat, m\u00e9s encara, per als pilots de l&#8217;equip Reale Avintia Racing. Tant per H\u00e9ctor Barber\u00e1, com Loris Baz, el cap de setmana ha suposat el punt i a part en l&#8217;equip espanyol i aix\u00f2 s&#8217;ha vist reflectit [&hellip;]<\/p>\n","protected":false},"author":6,"featured_media":6954,"comment_status":"closed","ping_status":"closed","sticky":false,"template":"","format":"standard","meta":{"footnotes":""},"categories":[3],"tags":[],"class_list":["post-6991","post","type-post","status-publish","format-standard","has-post-thumbnail","hentry","category-motogp"],"yoast_head":"<!-- This site is optimized with the Yoast SEO plugin v27.1.1 - https:\/\/yoast.com\/product\/yoast-seo-wordpress\/ -->\n<title>Barber\u00e1 i Baz gaudeixen de la seva \u00faltima carrera amb l&#039;equip Reale Avintia Racing - Esponsorama<\/title>\n<meta name=\"robots\" content=\"index, follow, max-snippet:-1, max-image-preview:large, max-video-preview:-1\" \/>\n<link rel=\"canonical\" href=\"http:\/\/esponsorama.ad\/ca\/barbera-baz-disfrutan-ultima-carrera-equipo-reale-avintia-racing-3\/\" \/>\n<meta property=\"og:locale\" content=\"en_US\" \/>\n<meta property=\"og:type\" content=\"article\" \/>\n<meta property=\"og:title\" content=\"Barber\u00e1 i Baz gaudeixen de la seva \u00faltima carrera amb l&#039;equip Reale Avintia Racing - Esponsorama\" \/>\n<meta property=\"og:description\" content=\"L&#8217;\u00faltima carrera de l&#8217;any sempre \u00e9s especial per a tots, per\u00f2 aquest Gran Premi de Val\u00e8ncia ho ha estat, m\u00e9s encara, per als pilots de l&#8217;equip Reale Avintia Racing. Tant per H\u00e9ctor Barber\u00e1, com Loris Baz, el cap de setmana ha suposat el punt i a part en l&#8217;equip espanyol i aix\u00f2 s&#8217;ha vist reflectit [&hellip;]\" \/>\n<meta property=\"og:url\" content=\"http:\/\/esponsorama.ad\/ca\/barbera-baz-disfrutan-ultima-carrera-equipo-reale-avintia-racing-3\/\" \/>\n<meta property=\"og:site_name\" content=\"Esponsorama\" \/>\n<meta property=\"article:published_time\" content=\"2017-11-12T16:32:16+00:00\" \/>\n<meta property=\"article:modified_time\" content=\"2017-11-13T08:11:10+00:00\" \/>\n<meta property=\"og:image\" content=\"http:\/\/esponsorama.ad\/wp-content\/uploads\/2017\/11\/18VALENCIA17MgpAVINTIA_REALE-7732-1024x683.jpg\" \/>\n\t<meta property=\"og:image:width\" content=\"1024\" \/>\n\t<meta property=\"og:image:height\" content=\"683\" \/>\n\t<meta property=\"og:image:type\" content=\"image\/jpeg\" \/>\n<meta name=\"author\" content=\"Xavi Andornet\" \/>\n<meta name=\"twitter:card\" content=\"summary_large_image\" \/>\n<meta name=\"twitter:label1\" content=\"Written by\" \/>\n\t<meta name=\"twitter:data1\" content=\"Xavi Andornet\" \/>\n\t<meta name=\"twitter:label2\" content=\"Est. reading time\" \/>\n\t<meta name=\"twitter:data2\" content=\"2 minutes\" \/>\n<script type=\"application\/ld+json\" class=\"yoast-schema-graph\">{\"@context\":\"https:\/\/schema.org\",\"@graph\":[{\"@type\":\"Article\",\"@id\":\"http:\/\/esponsorama.ad\/ca\/barbera-baz-disfrutan-ultima-carrera-equipo-reale-avintia-racing-3\/#article\",\"isPartOf\":{\"@id\":\"http:\/\/esponsorama.ad\/ca\/barbera-baz-disfrutan-ultima-carrera-equipo-reale-avintia-racing-3\/\"},\"author\":{\"name\":\"Xavi Andornet\",\"@id\":\"http:\/\/esponsorama.ad\/es\/#\/schema\/person\/a5cde74945183d737066e46b61c6f9c4\"},\"headline\":\"Barber\u00e1 i Baz gaudeixen de la seva \u00faltima carrera amb l&#8217;equip Reale Avintia Racing\",\"datePublished\":\"2017-11-12T16:32:16+00:00\",\"dateModified\":\"2017-11-13T08:11:10+00:00\",\"mainEntityOfPage\":{\"@id\":\"http:\/\/esponsorama.ad\/ca\/barbera-baz-disfrutan-ultima-carrera-equipo-reale-avintia-racing-3\/\"},\"wordCount\":483,\"image\":{\"@id\":\"http:\/\/esponsorama.ad\/ca\/barbera-baz-disfrutan-ultima-carrera-equipo-reale-avintia-racing-3\/#primaryimage\"},\"thumbnailUrl\":\"http:\/\/esponsorama.ad\/wp-content\/uploads\/2017\/11\/18VALENCIA17MgpAVINTIA_REALE-7732.jpg\",\"articleSection\":[\"MotoGP\"],\"inLanguage\":\"ca-AD\"},{\"@type\":\"WebPage\",\"@id\":\"http:\/\/esponsorama.ad\/ca\/barbera-baz-disfrutan-ultima-carrera-equipo-reale-avintia-racing-3\/\",\"url\":\"http:\/\/esponsorama.ad\/ca\/barbera-baz-disfrutan-ultima-carrera-equipo-reale-avintia-racing-3\/\",\"name\":\"Barber\u00e1 i Baz gaudeixen de la seva \u00faltima carrera amb l'equip Reale Avintia Racing - Esponsorama\",\"isPartOf\":{\"@id\":\"http:\/\/esponsorama.ad\/es\/#website\"},\"primaryImageOfPage\":{\"@id\":\"http:\/\/esponsorama.ad\/ca\/barbera-baz-disfrutan-ultima-carrera-equipo-reale-avintia-racing-3\/#primaryimage\"},\"image\":{\"@id\":\"http:\/\/esponsorama.ad\/ca\/barbera-baz-disfrutan-ultima-carrera-equipo-reale-avintia-racing-3\/#primaryimage\"},\"thumbnailUrl\":\"http:\/\/esponsorama.ad\/wp-content\/uploads\/2017\/11\/18VALENCIA17MgpAVINTIA_REALE-7732.jpg\",\"datePublished\":\"2017-11-12T16:32:16+00:00\",\"dateModified\":\"2017-11-13T08:11:10+00:00\",\"author\":{\"@id\":\"http:\/\/esponsorama.ad\/es\/#\/schema\/person\/a5cde74945183d737066e46b61c6f9c4\"},\"breadcrumb\":{\"@id\":\"http:\/\/esponsorama.ad\/ca\/barbera-baz-disfrutan-ultima-carrera-equipo-reale-avintia-racing-3\/#breadcrumb\"},\"inLanguage\":\"ca-AD\",\"potentialAction\":[{\"@type\":\"ReadAction\",\"target\":[\"http:\/\/esponsorama.ad\/ca\/barbera-baz-disfrutan-ultima-carrera-equipo-reale-avintia-racing-3\/\"]}]},{\"@type\":\"ImageObject\",\"inLanguage\":\"ca-AD\",\"@id\":\"http:\/\/esponsorama.ad\/ca\/barbera-baz-disfrutan-ultima-carrera-equipo-reale-avintia-racing-3\/#primaryimage\",\"url\":\"http:\/\/esponsorama.ad\/wp-content\/uploads\/2017\/11\/18VALENCIA17MgpAVINTIA_REALE-7732.jpg\",\"contentUrl\":\"http:\/\/esponsorama.ad\/wp-content\/uploads\/2017\/11\/18VALENCIA17MgpAVINTIA_REALE-7732.jpg\",\"width\":4542,\"height\":3028},{\"@type\":\"BreadcrumbList\",\"@id\":\"http:\/\/esponsorama.ad\/ca\/barbera-baz-disfrutan-ultima-carrera-equipo-reale-avintia-racing-3\/#breadcrumb\",\"itemListElement\":[{\"@type\":\"ListItem\",\"position\":1,\"name\":\"Home\",\"item\":\"http:\/\/esponsorama.ad\/ca\/\"},{\"@type\":\"ListItem\",\"position\":2,\"name\":\"Barber\u00e1 i Baz gaudeixen de la seva \u00faltima carrera amb l&#8217;equip Reale Avintia Racing\"}]},{\"@type\":\"WebSite\",\"@id\":\"http:\/\/esponsorama.ad\/es\/#website\",\"url\":\"http:\/\/esponsorama.ad\/es\/\",\"name\":\"Esponsorama\",\"description\":\"Specialist in motorsport sponsorship and event promotions\",\"potentialAction\":[{\"@type\":\"SearchAction\",\"target\":{\"@type\":\"EntryPoint\",\"urlTemplate\":\"http:\/\/esponsorama.ad\/es\/?s={search_term_string}\"},\"query-input\":{\"@type\":\"PropertyValueSpecification\",\"valueRequired\":true,\"valueName\":\"search_term_string\"}}],\"inLanguage\":\"ca-AD\"},{\"@type\":\"Person\",\"@id\":\"http:\/\/esponsorama.ad\/es\/#\/schema\/person\/a5cde74945183d737066e46b61c6f9c4\",\"name\":\"Xavi Andornet\",\"image\":{\"@type\":\"ImageObject\",\"inLanguage\":\"ca-AD\",\"@id\":\"http:\/\/esponsorama.ad\/es\/#\/schema\/person\/image\/\",\"url\":\"https:\/\/secure.gravatar.com\/avatar\/f10eaf9ad601244a2357c9fd7cd9805ed166cfaaf76d5d9ab08a9d873e70147a?s=96&d=mm&r=g\",\"contentUrl\":\"https:\/\/secure.gravatar.com\/avatar\/f10eaf9ad601244a2357c9fd7cd9805ed166cfaaf76d5d9ab08a9d873e70147a?s=96&d=mm&r=g\",\"caption\":\"Xavi Andornet\"},\"sameAs\":[\"http:\/\/www.andornet.ad\"],\"url\":\"http:\/\/esponsorama.ad\/ca\/author\/andornet\/\"}]}<\/script>\n<!-- \/ Yoast SEO plugin. -->","yoast_head_json":{"title":"Barber\u00e1 i Baz gaudeixen de la seva \u00faltima carrera amb l'equip Reale Avintia Racing - Esponsorama","robots":{"index":"index","follow":"follow","max-snippet":"max-snippet:-1","max-image-preview":"max-image-preview:large","max-video-preview":"max-video-preview:-1"},"canonical":"http:\/\/esponsorama.ad\/ca\/barbera-baz-disfrutan-ultima-carrera-equipo-reale-avintia-racing-3\/","og_locale":"en_US","og_type":"article","og_title":"Barber\u00e1 i Baz gaudeixen de la seva \u00faltima carrera amb l'equip Reale Avintia Racing - Esponsorama","og_description":"L&#8217;\u00faltima carrera de l&#8217;any sempre \u00e9s especial per a tots, per\u00f2 aquest Gran Premi de Val\u00e8ncia ho ha estat, m\u00e9s encara, per als pilots de l&#8217;equip Reale Avintia Racing. Tant per H\u00e9ctor Barber\u00e1, com Loris Baz, el cap de setmana ha suposat el punt i a part en l&#8217;equip espanyol i aix\u00f2 s&#8217;ha vist reflectit [&hellip;]","og_url":"http:\/\/esponsorama.ad\/ca\/barbera-baz-disfrutan-ultima-carrera-equipo-reale-avintia-racing-3\/","og_site_name":"Esponsorama","article_published_time":"2017-11-12T16:32:16+00:00","article_modified_time":"2017-11-13T08:11:10+00:00","og_image":[{"width":1024,"height":683,"url":"http:\/\/esponsorama.ad\/wp-content\/uploads\/2017\/11\/18VALENCIA17MgpAVINTIA_REALE-7732-1024x683.jpg","type":"image\/jpeg"}],"author":"Xavi Andornet","twitter_card":"summary_large_image","twitter_misc":{"Written by":"Xavi Andornet","Est. reading time":"2 minutes"},"schema":{"@context":"https:\/\/schema.org","@graph":[{"@type":"Article","@id":"http:\/\/esponsorama.ad\/ca\/barbera-baz-disfrutan-ultima-carrera-equipo-reale-avintia-racing-3\/#article","isPartOf":{"@id":"http:\/\/esponsorama.ad\/ca\/barbera-baz-disfrutan-ultima-carrera-equipo-reale-avintia-racing-3\/"},"author":{"name":"Xavi Andornet","@id":"http:\/\/esponsorama.ad\/es\/#\/schema\/person\/a5cde74945183d737066e46b61c6f9c4"},"headline":"Barber\u00e1 i Baz gaudeixen de la seva \u00faltima carrera amb l&#8217;equip Reale Avintia Racing","datePublished":"2017-11-12T16:32:16+00:00","dateModified":"2017-11-13T08:11:10+00:00","mainEntityOfPage":{"@id":"http:\/\/esponsorama.ad\/ca\/barbera-baz-disfrutan-ultima-carrera-equipo-reale-avintia-racing-3\/"},"wordCount":483,"image":{"@id":"http:\/\/esponsorama.ad\/ca\/barbera-baz-disfrutan-ultima-carrera-equipo-reale-avintia-racing-3\/#primaryimage"},"thumbnailUrl":"http:\/\/esponsorama.ad\/wp-content\/uploads\/2017\/11\/18VALENCIA17MgpAVINTIA_REALE-7732.jpg","articleSection":["MotoGP"],"inLanguage":"ca-AD"},{"@type":"WebPage","@id":"http:\/\/esponsorama.ad\/ca\/barbera-baz-disfrutan-ultima-carrera-equipo-reale-avintia-racing-3\/","url":"http:\/\/esponsorama.ad\/ca\/barbera-baz-disfrutan-ultima-carrera-equipo-reale-avintia-racing-3\/","name":"Barber\u00e1 i Baz gaudeixen de la seva \u00faltima carrera amb l'equip Reale Avintia Racing - Esponsorama","isPartOf":{"@id":"http:\/\/esponsorama.ad\/es\/#website"},"primaryImageOfPage":{"@id":"http:\/\/esponsorama.ad\/ca\/barbera-baz-disfrutan-ultima-carrera-equipo-reale-avintia-racing-3\/#primaryimage"},"image":{"@id":"http:\/\/esponsorama.ad\/ca\/barbera-baz-disfrutan-ultima-carrera-equipo-reale-avintia-racing-3\/#primaryimage"},"thumbnailUrl":"http:\/\/esponsorama.ad\/wp-content\/uploads\/2017\/11\/18VALENCIA17MgpAVINTIA_REALE-7732.jpg","datePublished":"2017-11-12T16:32:16+00:00","dateModified":"2017-11-13T08:11:10+00:00","author":{"@id":"http:\/\/esponsorama.ad\/es\/#\/schema\/person\/a5cde74945183d737066e46b61c6f9c4"},"breadcrumb":{"@id":"http:\/\/esponsorama.ad\/ca\/barbera-baz-disfrutan-ultima-carrera-equipo-reale-avintia-racing-3\/#breadcrumb"},"inLanguage":"ca-AD","potentialAction":[{"@type":"ReadAction","target":["http:\/\/esponsorama.ad\/ca\/barbera-baz-disfrutan-ultima-carrera-equipo-reale-avintia-racing-3\/"]}]},{"@type":"ImageObject","inLanguage":"ca-AD","@id":"http:\/\/esponsorama.ad\/ca\/barbera-baz-disfrutan-ultima-carrera-equipo-reale-avintia-racing-3\/#primaryimage","url":"http:\/\/esponsorama.ad\/wp-content\/uploads\/2017\/11\/18VALENCIA17MgpAVINTIA_REALE-7732.jpg","contentUrl":"http:\/\/esponsorama.ad\/wp-content\/uploads\/2017\/11\/18VALENCIA17MgpAVINTIA_REALE-7732.jpg","width":4542,"height":3028},{"@type":"BreadcrumbList","@id":"http:\/\/esponsorama.ad\/ca\/barbera-baz-disfrutan-ultima-carrera-equipo-reale-avintia-racing-3\/#breadcrumb","itemListElement":[{"@type":"ListItem","position":1,"name":"Home","item":"http:\/\/esponsorama.ad\/ca\/"},{"@type":"ListItem","position":2,"name":"Barber\u00e1 i Baz gaudeixen de la seva \u00faltima carrera amb l&#8217;equip Reale Avintia Racing"}]},{"@type":"WebSite","@id":"http:\/\/esponsorama.ad\/es\/#website","url":"http:\/\/esponsorama.ad\/es\/","name":"Esponsorama","description":"Specialist in motorsport sponsorship and event promotions","potentialAction":[{"@type":"SearchAction","target":{"@type":"EntryPoint","urlTemplate":"http:\/\/esponsorama.ad\/es\/?s={search_term_string}"},"query-input":{"@type":"PropertyValueSpecification","valueRequired":true,"valueName":"search_term_string"}}],"inLanguage":"ca-AD"},{"@type":"Person","@id":"http:\/\/esponsorama.ad\/es\/#\/schema\/person\/a5cde74945183d737066e46b61c6f9c4","name":"Xavi Andornet","image":{"@type":"ImageObject","inLanguage":"ca-AD","@id":"http:\/\/esponsorama.ad\/es\/#\/schema\/person\/image\/","url":"https:\/\/secure.gravatar.com\/avatar\/f10eaf9ad601244a2357c9fd7cd9805ed166cfaaf76d5d9ab08a9d873e70147a?s=96&d=mm&r=g","contentUrl":"https:\/\/secure.gravatar.com\/avatar\/f10eaf9ad601244a2357c9fd7cd9805ed166cfaaf76d5d9ab08a9d873e70147a?s=96&d=mm&r=g","caption":"Xavi Andornet"},"sameAs":["http:\/\/www.andornet.ad"],"url":"http:\/\/esponsorama.ad\/ca\/author\/andornet\/"}]}},"_links":{"self":[{"href":"http:\/\/esponsorama.ad\/ca\/wp-json\/wp\/v2\/posts\/6991","targetHints":{"allow":["GET"]}}],"collection":[{"href":"http:\/\/esponsorama.ad\/ca\/wp-json\/wp\/v2\/posts"}],"about":[{"href":"http:\/\/esponsorama.ad\/ca\/wp-json\/wp\/v2\/types\/post"}],"author":[{"embeddable":true,"href":"http:\/\/esponsorama.ad\/ca\/wp-json\/wp\/v2\/users\/6"}],"replies":[{"embeddable":true,"href":"http:\/\/esponsorama.ad\/ca\/wp-json\/wp\/v2\/comments?post=6991"}],"version-history":[{"count":0,"href":"http:\/\/esponsorama.ad\/ca\/wp-json\/wp\/v2\/posts\/6991\/revisions"}],"wp:featuredmedia":[{"embeddable":true,"href":"http:\/\/esponsorama.ad\/ca\/wp-json\/wp\/v2\/media\/6954"}],"wp:attachment":[{"href":"http:\/\/esponsorama.ad\/ca\/wp-json\/wp\/v2\/media?parent=6991"}],"wp:term":[{"taxonomy":"category","embeddable":true,"href":"http:\/\/esponsorama.ad\/ca\/wp-json\/wp\/v2\/categories?post=6991"},{"taxonomy":"post_tag","embeddable":true,"href":"http:\/\/esponsorama.ad\/ca\/wp-json\/wp\/v2\/tags?post=6991"}],"curies":[{"name":"wp","href":"https:\/\/api.w.org\/{rel}","templated":true}]}}