{"id":7077,"date":"2017-11-15T12:38:47","date_gmt":"2017-11-15T10:38:47","guid":{"rendered":"http:\/\/esponsorama.ad\/?p=7077"},"modified":"2017-11-15T13:03:36","modified_gmt":"2017-11-15T11:03:36","slug":"reale-avintia-une-fuerzas-stylobike-regresa-moto3-livio-loi","status":"publish","type":"post","link":"http:\/\/esponsorama.ad\/ca\/reale-avintia-une-fuerzas-stylobike-regresa-moto3-livio-loi\/","title":{"rendered":"Reale Avintia une fuerzas con Stylobike y regresa a Moto3 con Livio Loi"},"content":{"rendered":"<p><strong>15\/11\/17 Valencia (Espa\u00f1a)<\/strong><\/p>\n<p>El equipo Reale Avintia Racing tiene el placer de anunciar su retorno a la categor\u00eda de Moto3 la pr\u00f3xima temporada con Stylobike y Livio Loi como \u00fanico piloto. El belga contar\u00e1 con una KTM RC250R con la que conf\u00eda en estar luchando por las posiciones de cabeza desde la primera carrera de la temporada en Qatar. El propietario de Stylobike, Valeriano Rodr\u00edguez y el CEO de Esponsorama, Ra\u00fal Romero, han unido sus fuerzas para sacar adelante este equipo con Livio Loi y, tanto Reale Avintia como Zelos tienen puesta una gran ilusi\u00f3n y con el el que esperan lograr grandes \u00e9xitos.<\/p>\n<p>A sus 20 a\u00f1os Loi cuenta con bastante experiencia en el Campeonato del Mundo de Moto3. Debut\u00f3 en 2013 y dos a\u00f1os despu\u00e9s logr\u00f3 su primera victoria en Indian\u00e1polis. Esta temporada ha terminado varias veces en el \u2018top 10\u2019 y en Phillip Island termin\u00f3 segundo. Con la experiencia del equipo Reale Avintia Racing y Stylobike, Loi quiere dar otro paso en 2018 y luchar por esos puestos en cada carrera.<\/p>\n<p>En Valencia tambi\u00e9n se firm\u00f3 un acuerdo con el joven belga de 13 a\u00f1os, Barry Baltus, quien pasar\u00e1 a formar parte de la Reale Avintia Academy en el FIM CEV de Moto3 la pr\u00f3xima temporada. Barry tambi\u00e9n cuenta con el apoyo de Zelos y espera poder aprender mucho en el Mundial Junior de Moto3 para mejorar como piloto y prepararse para el futuro.<\/p>\n\n<p>&#8220;Lo primero es dar las gracias al Reale Avintia Racing Stylobike y a mi equipo de representaci\u00f3n en Zelos, porque han hecho un gran esfuerzo y han trabajado duro para sacar adelante este proyecto. Estar en un equipo tan fuerte y con tanta experiencia en MotoGP pienso que es una garant\u00eda para hacer un gran trabajo el pr\u00f3ximo a\u00f1o. La uni\u00f3n de Reale Avintia, Stylobike, KTM, Zelos ser\u00e1 una gran combinaci\u00f3n y espero poder estar luchando arriba en el campeonato\u201d.<\/p>\n\n<p>\u201cCon Valeriano Rodr\u00edguez y Stylobike se nos present\u00f3 una gran oportunidad para regresar a Moto3 y por eso hemos alcanzado un acuerdo para sacar adelante este proyecto. Despu\u00e9s de firmar con Xavi Sim\u00e9on para nuestro equipo en MotoGP y tras varias conversaciones con Freddy Tacheny, hemos decidido apostar y trabajar en conjunto con Zelos para ayudar a crecer al motociclismo belga. Livio Loi ya lleva varios a\u00f1os en el Campeonato del Mundo de Moto3 y estoy seguro de que la pr\u00f3xima temporada ser\u00e1 la de su confirmaci\u00f3n. Barry Baltus tiene un gran futuro, es muy joven y en nuestra Academy en el FIM CEV podr\u00e1 aprender y formarse como piloto.\u201d<\/p>\n\n<p>&#8220;Como bien dice Ra\u00fal Romero, Team Stylobike iniciar\u00e1 una nueva etapa para la temporada 2018 junto al gran equipo es el Reale Avintia Racing. Uniendo fuerzas y experiencia llevaremos a cabo este proyecto con el piloto Livio Loi en la categor\u00eda de Moto3. Personalmente pienso que es un proyecto que se afronta con mucha ilusi\u00f3n y convencido que con esta uni\u00f3n podremos estar luchando en las mejores posiciones de la categor\u00eda.&#8221;<\/p>\n\n<p>\u201cEstoy muy contento de formar parte del Reale Avintia Racing porque es un equipo muy profesional. Ya hab\u00edamos firmado con Xavier Sim\u00e9on en MotoGP y creo que la colaboraci\u00f3n entre Reale Avintia y Zelos puedeser muy fruct\u00edfera. Livio ha demostrado en la \u00faltima parte del a\u00f1o que tiene mucho potencial y estoy seguro de que con KTM y el equipo Reale Avintia Racing Stylobike tendr\u00e1 una gran oportunidad de estar delante en el campeonato la pr\u00f3xima temporada.\u201d<\/p>\n","protected":false},"excerpt":{"rendered":"<p>15\/11\/17 Valencia (Espa\u00f1a) El equipo Reale Avintia Racing tiene el placer de anunciar su retorno a la categor\u00eda de Moto3 la pr\u00f3xima temporada con Stylobike y Livio Loi como \u00fanico piloto. El belga contar\u00e1 con una KTM RC250R con la que conf\u00eda en estar luchando por las posiciones de cabeza desde la primera carrera de [&hellip;]<\/p>\n","protected":false},"author":6,"featured_media":7079,"comment_status":"closed","ping_status":"closed","sticky":false,"template":"","format":"standard","meta":{"footnotes":""},"categories":[3],"tags":[],"class_list":["post-7077","post","type-post","status-publish","format-standard","has-post-thumbnail","hentry","category-motogp"],"yoast_head":"<!-- This site is optimized with the Yoast SEO plugin v27.1.1 - https:\/\/yoast.com\/product\/yoast-seo-wordpress\/ -->\n<title>Reale Avintia une fuerzas con Stylobike y regresa a Moto3 con Livio Loi - Esponsorama<\/title>\n<meta name=\"robots\" content=\"index, follow, max-snippet:-1, max-image-preview:large, max-video-preview:-1\" \/>\n<link rel=\"canonical\" href=\"http:\/\/esponsorama.ad\/ca\/reale-avintia-une-fuerzas-stylobike-regresa-moto3-livio-loi\/\" \/>\n<meta property=\"og:locale\" content=\"en_US\" \/>\n<meta property=\"og:type\" content=\"article\" \/>\n<meta property=\"og:title\" content=\"Reale Avintia une fuerzas con Stylobike y regresa a Moto3 con Livio Loi - Esponsorama\" \/>\n<meta property=\"og:description\" content=\"15\/11\/17 Valencia (Espa\u00f1a) El equipo Reale Avintia Racing tiene el placer de anunciar su retorno a la categor\u00eda de Moto3 la pr\u00f3xima temporada con Stylobike y Livio Loi como \u00fanico piloto. El belga contar\u00e1 con una KTM RC250R con la que conf\u00eda en estar luchando por las posiciones de cabeza desde la primera carrera de [&hellip;]\" \/>\n<meta property=\"og:url\" content=\"http:\/\/esponsorama.ad\/ca\/reale-avintia-une-fuerzas-stylobike-regresa-moto3-livio-loi\/\" \/>\n<meta property=\"og:site_name\" content=\"Esponsorama\" \/>\n<meta property=\"article:published_time\" content=\"2017-11-15T10:38:47+00:00\" \/>\n<meta property=\"article:modified_time\" content=\"2017-11-15T11:03:36+00:00\" \/>\n<meta property=\"og:image\" content=\"http:\/\/esponsorama.ad\/wp-content\/uploads\/2017\/11\/18VALENCIA17REALE-4920-1024x683.jpg\" \/>\n\t<meta property=\"og:image:width\" content=\"1024\" \/>\n\t<meta property=\"og:image:height\" content=\"683\" \/>\n\t<meta property=\"og:image:type\" content=\"image\/jpeg\" \/>\n<meta name=\"author\" content=\"Xavi Andornet\" \/>\n<meta name=\"twitter:card\" content=\"summary_large_image\" \/>\n<meta name=\"twitter:label1\" content=\"Written by\" \/>\n\t<meta name=\"twitter:data1\" content=\"Xavi Andornet\" \/>\n\t<meta name=\"twitter:label2\" content=\"Est. reading time\" \/>\n\t<meta name=\"twitter:data2\" content=\"3 minutes\" \/>\n<script type=\"application\/ld+json\" class=\"yoast-schema-graph\">{\"@context\":\"https:\/\/schema.org\",\"@graph\":[{\"@type\":\"Article\",\"@id\":\"http:\/\/esponsorama.ad\/ca\/reale-avintia-une-fuerzas-stylobike-regresa-moto3-livio-loi\/#article\",\"isPartOf\":{\"@id\":\"http:\/\/esponsorama.ad\/ca\/reale-avintia-une-fuerzas-stylobike-regresa-moto3-livio-loi\/\"},\"author\":{\"name\":\"Xavi Andornet\",\"@id\":\"http:\/\/esponsorama.ad\/es\/#\/schema\/person\/a5cde74945183d737066e46b61c6f9c4\"},\"headline\":\"Reale Avintia une fuerzas con Stylobike y regresa a Moto3 con Livio Loi\",\"datePublished\":\"2017-11-15T10:38:47+00:00\",\"dateModified\":\"2017-11-15T11:03:36+00:00\",\"mainEntityOfPage\":{\"@id\":\"http:\/\/esponsorama.ad\/ca\/reale-avintia-une-fuerzas-stylobike-regresa-moto3-livio-loi\/\"},\"wordCount\":639,\"image\":{\"@id\":\"http:\/\/esponsorama.ad\/ca\/reale-avintia-une-fuerzas-stylobike-regresa-moto3-livio-loi\/#primaryimage\"},\"thumbnailUrl\":\"http:\/\/esponsorama.ad\/wp-content\/uploads\/2017\/11\/18VALENCIA17REALE-4920.jpg\",\"articleSection\":[\"MotoGP\"],\"inLanguage\":\"ca-AD\"},{\"@type\":\"WebPage\",\"@id\":\"http:\/\/esponsorama.ad\/ca\/reale-avintia-une-fuerzas-stylobike-regresa-moto3-livio-loi\/\",\"url\":\"http:\/\/esponsorama.ad\/ca\/reale-avintia-une-fuerzas-stylobike-regresa-moto3-livio-loi\/\",\"name\":\"Reale Avintia une fuerzas con Stylobike y regresa a Moto3 con Livio Loi - Esponsorama\",\"isPartOf\":{\"@id\":\"http:\/\/esponsorama.ad\/es\/#website\"},\"primaryImageOfPage\":{\"@id\":\"http:\/\/esponsorama.ad\/ca\/reale-avintia-une-fuerzas-stylobike-regresa-moto3-livio-loi\/#primaryimage\"},\"image\":{\"@id\":\"http:\/\/esponsorama.ad\/ca\/reale-avintia-une-fuerzas-stylobike-regresa-moto3-livio-loi\/#primaryimage\"},\"thumbnailUrl\":\"http:\/\/esponsorama.ad\/wp-content\/uploads\/2017\/11\/18VALENCIA17REALE-4920.jpg\",\"datePublished\":\"2017-11-15T10:38:47+00:00\",\"dateModified\":\"2017-11-15T11:03:36+00:00\",\"author\":{\"@id\":\"http:\/\/esponsorama.ad\/es\/#\/schema\/person\/a5cde74945183d737066e46b61c6f9c4\"},\"breadcrumb\":{\"@id\":\"http:\/\/esponsorama.ad\/ca\/reale-avintia-une-fuerzas-stylobike-regresa-moto3-livio-loi\/#breadcrumb\"},\"inLanguage\":\"ca-AD\",\"potentialAction\":[{\"@type\":\"ReadAction\",\"target\":[\"http:\/\/esponsorama.ad\/ca\/reale-avintia-une-fuerzas-stylobike-regresa-moto3-livio-loi\/\"]}]},{\"@type\":\"ImageObject\",\"inLanguage\":\"ca-AD\",\"@id\":\"http:\/\/esponsorama.ad\/ca\/reale-avintia-une-fuerzas-stylobike-regresa-moto3-livio-loi\/#primaryimage\",\"url\":\"http:\/\/esponsorama.ad\/wp-content\/uploads\/2017\/11\/18VALENCIA17REALE-4920.jpg\",\"contentUrl\":\"http:\/\/esponsorama.ad\/wp-content\/uploads\/2017\/11\/18VALENCIA17REALE-4920.jpg\",\"width\":4827,\"height\":3218},{\"@type\":\"BreadcrumbList\",\"@id\":\"http:\/\/esponsorama.ad\/ca\/reale-avintia-une-fuerzas-stylobike-regresa-moto3-livio-loi\/#breadcrumb\",\"itemListElement\":[{\"@type\":\"ListItem\",\"position\":1,\"name\":\"Home\",\"item\":\"http:\/\/esponsorama.ad\/es\/\"},{\"@type\":\"ListItem\",\"position\":2,\"name\":\"Reale Avintia une fuerzas con Stylobike y regresa a Moto3 con Livio Loi\"}]},{\"@type\":\"WebSite\",\"@id\":\"http:\/\/esponsorama.ad\/es\/#website\",\"url\":\"http:\/\/esponsorama.ad\/es\/\",\"name\":\"Esponsorama\",\"description\":\"Specialist in motorsport sponsorship and event promotions\",\"potentialAction\":[{\"@type\":\"SearchAction\",\"target\":{\"@type\":\"EntryPoint\",\"urlTemplate\":\"http:\/\/esponsorama.ad\/es\/?s={search_term_string}\"},\"query-input\":{\"@type\":\"PropertyValueSpecification\",\"valueRequired\":true,\"valueName\":\"search_term_string\"}}],\"inLanguage\":\"ca-AD\"},{\"@type\":\"Person\",\"@id\":\"http:\/\/esponsorama.ad\/es\/#\/schema\/person\/a5cde74945183d737066e46b61c6f9c4\",\"name\":\"Xavi Andornet\",\"image\":{\"@type\":\"ImageObject\",\"inLanguage\":\"ca-AD\",\"@id\":\"http:\/\/esponsorama.ad\/es\/#\/schema\/person\/image\/\",\"url\":\"https:\/\/secure.gravatar.com\/avatar\/f10eaf9ad601244a2357c9fd7cd9805ed166cfaaf76d5d9ab08a9d873e70147a?s=96&d=mm&r=g\",\"contentUrl\":\"https:\/\/secure.gravatar.com\/avatar\/f10eaf9ad601244a2357c9fd7cd9805ed166cfaaf76d5d9ab08a9d873e70147a?s=96&d=mm&r=g\",\"caption\":\"Xavi Andornet\"},\"sameAs\":[\"http:\/\/www.andornet.ad\"],\"url\":\"http:\/\/esponsorama.ad\/ca\/author\/andornet\/\"}]}<\/script>\n<!-- \/ Yoast SEO plugin. -->","yoast_head_json":{"title":"Reale Avintia une fuerzas con Stylobike y regresa a Moto3 con Livio Loi - Esponsorama","robots":{"index":"index","follow":"follow","max-snippet":"max-snippet:-1","max-image-preview":"max-image-preview:large","max-video-preview":"max-video-preview:-1"},"canonical":"http:\/\/esponsorama.ad\/ca\/reale-avintia-une-fuerzas-stylobike-regresa-moto3-livio-loi\/","og_locale":"en_US","og_type":"article","og_title":"Reale Avintia une fuerzas con Stylobike y regresa a Moto3 con Livio Loi - Esponsorama","og_description":"15\/11\/17 Valencia (Espa\u00f1a) El equipo Reale Avintia Racing tiene el placer de anunciar su retorno a la categor\u00eda de Moto3 la pr\u00f3xima temporada con Stylobike y Livio Loi como \u00fanico piloto. El belga contar\u00e1 con una KTM RC250R con la que conf\u00eda en estar luchando por las posiciones de cabeza desde la primera carrera de [&hellip;]","og_url":"http:\/\/esponsorama.ad\/ca\/reale-avintia-une-fuerzas-stylobike-regresa-moto3-livio-loi\/","og_site_name":"Esponsorama","article_published_time":"2017-11-15T10:38:47+00:00","article_modified_time":"2017-11-15T11:03:36+00:00","og_image":[{"width":1024,"height":683,"url":"http:\/\/esponsorama.ad\/wp-content\/uploads\/2017\/11\/18VALENCIA17REALE-4920-1024x683.jpg","type":"image\/jpeg"}],"author":"Xavi Andornet","twitter_card":"summary_large_image","twitter_misc":{"Written by":"Xavi Andornet","Est. reading time":"3 minutes"},"schema":{"@context":"https:\/\/schema.org","@graph":[{"@type":"Article","@id":"http:\/\/esponsorama.ad\/ca\/reale-avintia-une-fuerzas-stylobike-regresa-moto3-livio-loi\/#article","isPartOf":{"@id":"http:\/\/esponsorama.ad\/ca\/reale-avintia-une-fuerzas-stylobike-regresa-moto3-livio-loi\/"},"author":{"name":"Xavi Andornet","@id":"http:\/\/esponsorama.ad\/es\/#\/schema\/person\/a5cde74945183d737066e46b61c6f9c4"},"headline":"Reale Avintia une fuerzas con Stylobike y regresa a Moto3 con Livio Loi","datePublished":"2017-11-15T10:38:47+00:00","dateModified":"2017-11-15T11:03:36+00:00","mainEntityOfPage":{"@id":"http:\/\/esponsorama.ad\/ca\/reale-avintia-une-fuerzas-stylobike-regresa-moto3-livio-loi\/"},"wordCount":639,"image":{"@id":"http:\/\/esponsorama.ad\/ca\/reale-avintia-une-fuerzas-stylobike-regresa-moto3-livio-loi\/#primaryimage"},"thumbnailUrl":"http:\/\/esponsorama.ad\/wp-content\/uploads\/2017\/11\/18VALENCIA17REALE-4920.jpg","articleSection":["MotoGP"],"inLanguage":"ca-AD"},{"@type":"WebPage","@id":"http:\/\/esponsorama.ad\/ca\/reale-avintia-une-fuerzas-stylobike-regresa-moto3-livio-loi\/","url":"http:\/\/esponsorama.ad\/ca\/reale-avintia-une-fuerzas-stylobike-regresa-moto3-livio-loi\/","name":"Reale Avintia une fuerzas con Stylobike y regresa a Moto3 con Livio Loi - Esponsorama","isPartOf":{"@id":"http:\/\/esponsorama.ad\/es\/#website"},"primaryImageOfPage":{"@id":"http:\/\/esponsorama.ad\/ca\/reale-avintia-une-fuerzas-stylobike-regresa-moto3-livio-loi\/#primaryimage"},"image":{"@id":"http:\/\/esponsorama.ad\/ca\/reale-avintia-une-fuerzas-stylobike-regresa-moto3-livio-loi\/#primaryimage"},"thumbnailUrl":"http:\/\/esponsorama.ad\/wp-content\/uploads\/2017\/11\/18VALENCIA17REALE-4920.jpg","datePublished":"2017-11-15T10:38:47+00:00","dateModified":"2017-11-15T11:03:36+00:00","author":{"@id":"http:\/\/esponsorama.ad\/es\/#\/schema\/person\/a5cde74945183d737066e46b61c6f9c4"},"breadcrumb":{"@id":"http:\/\/esponsorama.ad\/ca\/reale-avintia-une-fuerzas-stylobike-regresa-moto3-livio-loi\/#breadcrumb"},"inLanguage":"ca-AD","potentialAction":[{"@type":"ReadAction","target":["http:\/\/esponsorama.ad\/ca\/reale-avintia-une-fuerzas-stylobike-regresa-moto3-livio-loi\/"]}]},{"@type":"ImageObject","inLanguage":"ca-AD","@id":"http:\/\/esponsorama.ad\/ca\/reale-avintia-une-fuerzas-stylobike-regresa-moto3-livio-loi\/#primaryimage","url":"http:\/\/esponsorama.ad\/wp-content\/uploads\/2017\/11\/18VALENCIA17REALE-4920.jpg","contentUrl":"http:\/\/esponsorama.ad\/wp-content\/uploads\/2017\/11\/18VALENCIA17REALE-4920.jpg","width":4827,"height":3218},{"@type":"BreadcrumbList","@id":"http:\/\/esponsorama.ad\/ca\/reale-avintia-une-fuerzas-stylobike-regresa-moto3-livio-loi\/#breadcrumb","itemListElement":[{"@type":"ListItem","position":1,"name":"Home","item":"http:\/\/esponsorama.ad\/es\/"},{"@type":"ListItem","position":2,"name":"Reale Avintia une fuerzas con Stylobike y regresa a Moto3 con Livio Loi"}]},{"@type":"WebSite","@id":"http:\/\/esponsorama.ad\/es\/#website","url":"http:\/\/esponsorama.ad\/es\/","name":"Esponsorama","description":"Specialist in motorsport sponsorship and event promotions","potentialAction":[{"@type":"SearchAction","target":{"@type":"EntryPoint","urlTemplate":"http:\/\/esponsorama.ad\/es\/?s={search_term_string}"},"query-input":{"@type":"PropertyValueSpecification","valueRequired":true,"valueName":"search_term_string"}}],"inLanguage":"ca-AD"},{"@type":"Person","@id":"http:\/\/esponsorama.ad\/es\/#\/schema\/person\/a5cde74945183d737066e46b61c6f9c4","name":"Xavi Andornet","image":{"@type":"ImageObject","inLanguage":"ca-AD","@id":"http:\/\/esponsorama.ad\/es\/#\/schema\/person\/image\/","url":"https:\/\/secure.gravatar.com\/avatar\/f10eaf9ad601244a2357c9fd7cd9805ed166cfaaf76d5d9ab08a9d873e70147a?s=96&d=mm&r=g","contentUrl":"https:\/\/secure.gravatar.com\/avatar\/f10eaf9ad601244a2357c9fd7cd9805ed166cfaaf76d5d9ab08a9d873e70147a?s=96&d=mm&r=g","caption":"Xavi Andornet"},"sameAs":["http:\/\/www.andornet.ad"],"url":"http:\/\/esponsorama.ad\/ca\/author\/andornet\/"}]}},"_links":{"self":[{"href":"http:\/\/esponsorama.ad\/ca\/wp-json\/wp\/v2\/posts\/7077","targetHints":{"allow":["GET"]}}],"collection":[{"href":"http:\/\/esponsorama.ad\/ca\/wp-json\/wp\/v2\/posts"}],"about":[{"href":"http:\/\/esponsorama.ad\/ca\/wp-json\/wp\/v2\/types\/post"}],"author":[{"embeddable":true,"href":"http:\/\/esponsorama.ad\/ca\/wp-json\/wp\/v2\/users\/6"}],"replies":[{"embeddable":true,"href":"http:\/\/esponsorama.ad\/ca\/wp-json\/wp\/v2\/comments?post=7077"}],"version-history":[{"count":0,"href":"http:\/\/esponsorama.ad\/ca\/wp-json\/wp\/v2\/posts\/7077\/revisions"}],"wp:featuredmedia":[{"embeddable":true,"href":"http:\/\/esponsorama.ad\/ca\/wp-json\/wp\/v2\/media\/7079"}],"wp:attachment":[{"href":"http:\/\/esponsorama.ad\/ca\/wp-json\/wp\/v2\/media?parent=7077"}],"wp:term":[{"taxonomy":"category","embeddable":true,"href":"http:\/\/esponsorama.ad\/ca\/wp-json\/wp\/v2\/categories?post=7077"},{"taxonomy":"post_tag","embeddable":true,"href":"http:\/\/esponsorama.ad\/ca\/wp-json\/wp\/v2\/tags?post=7077"}],"curies":[{"name":"wp","href":"https:\/\/api.w.org\/{rel}","templated":true}]}}