{"id":8182,"date":"2018-03-02T21:48:48","date_gmt":"2018-03-02T19:48:48","guid":{"rendered":"http:\/\/esponsorama.ad\/?p=8182"},"modified":"2018-03-03T16:48:43","modified_gmt":"2018-03-03T14:48:43","slug":"los-pilotos-reale-avintia-mejoran-sensaciones-los-focos-losail-2","status":"publish","type":"post","link":"http:\/\/esponsorama.ad\/ca\/los-pilotos-reale-avintia-mejoran-sensaciones-los-focos-losail-2\/","title":{"rendered":"Els pilots de Reale Avintia milloren les seves sensacions sota els focus de Losail"},"content":{"rendered":"<p><strong>MotoGP Test Qatar \u2013 Losail International Circuit<\/strong><\/p>\n<p>El segon dia d&#8217;entrenaments al Circuit Internacional de Losail ha estat for\u00e7a positiu per als pilots del Reale Avintia Racing, Tito Rabat i Xavier Simeon.<\/p>\n<p>L&#8217;acci\u00f3 ha comen\u00e7at m\u00e9s tard del previst a causa d&#8217;unes petites tempestes que, encara que no han arribat a mullar la pista del tot en un principi no ha perm\u00e8s als pilots poder sortir a pista. Per\u00f2 el sol ha tornat a brillar i Rabat i Simeon finalment han pogut continuar el seu programa de treball a Qatar.<\/p>\n<p>L&#8217;espanyol ha millorat la seva volta r\u00e0pida del primer dia en gaireb\u00e9 mig segon. A m\u00e9s ha aconseguit rodar amb un ritme molt bo en configuraci\u00f3 de carrera. Per\u00f2 Tito mai est\u00e0 satisfet i al final ha sortit a pista amb el carenat sense ales i ha patit una caiguda sense conseq\u00fc\u00e8ncies en la corba 6.<\/p>\n<p>Qui s\u00ed que ha donat un gran pas avui ha estat Xavi Simeon. El &#8216;rookie&#8217; belga ha baixat un segon el seu millor temps d&#8217;ahir, per\u00f2 sobretot ha millorat el seu estil de pilotatge, el que li permet entrar millor en les corbes i aprofitar millor la pot\u00e8ncia de la seva Ducati Desmosedici. Simeon tamb\u00e9 ha fet un petit simulacre de carrera i el ritme ha estat m\u00e9s que acceptable. Amb els pneum\u00e0tics tous tamb\u00e9 ha millorat, per\u00f2 encara segueix sent el punt en qu\u00e8 m\u00e9s perd respecte als seus rivals.<\/p>\n\n<p>&#8220;Estic content perqu\u00e8 una altra vegada hem millorat el ritme de carrera i cada vegada sento la moto m\u00e9s meva. Al final potser ens hem equivocat, perqu\u00e8 hem pres la decisi\u00f3 es sortir sense les ales i m&#8217;he tornat a caure. Per\u00f2 en general el dia ha estat bo i en configuraci\u00f3 de carrera estem for\u00e7a b\u00e9, els pneum\u00e0tics aguanten molt b\u00e9 i per dem\u00e0 l&#8217;objectiu \u00e9s millorar una mica la volta r\u00e0pida. Tenim algunes idees d&#8217;on podem millorar i veurem com va. Dem\u00e0 ser\u00e0 un dia important perqu\u00e8 ser\u00e0 el \u00faltim dia de test abans de comen\u00e7ar per fi la temporada aqu\u00ed a Qatar &#8220;.<\/p>\n\n<p>&#8220;Ha estat un dia molt m\u00e9s positiu i he pogut millorar bastant els meus temps. M&#8217;he trobat molt millor i amb m\u00e9s confian\u00e7a amb el pneum\u00e0tic davanter. Per ser sincer mai m&#8217;ha donat males sensacions, per\u00f2 he de entendre b\u00e9 on puc emp\u00e8nyer m\u00e9s. He millorat molt en frenada i tamb\u00e9 l&#8217;ingr\u00e9s en corba, el que m&#8217;ha perm\u00e8s ser m\u00e9s constant i tenir millor ritme, perqu\u00e8 amb aix\u00f2 he guanyat pas per corba i puc aixecar abans la moto per sortir m\u00e9s fort. Tamb\u00e9 he fet un simulacre de carrera i el ritme no ha estat dolent. Est\u00e0 clar que tenim molt a millorar, per\u00f2 estic content per ser el primer. Dem\u00e0 cal seguir en la mateixa l\u00ednia.\u201d<\/p>\n","protected":false},"excerpt":{"rendered":"<p>MotoGP Test Qatar \u2013 Losail International Circuit El segon dia d&#8217;entrenaments al Circuit Internacional de Losail ha estat for\u00e7a positiu per als pilots del Reale Avintia Racing, Tito Rabat i Xavier Simeon. L&#8217;acci\u00f3 ha comen\u00e7at m\u00e9s tard del previst a causa d&#8217;unes petites tempestes que, encara que no han arribat a mullar la pista del [&hellip;]<\/p>\n","protected":false},"author":6,"featured_media":8167,"comment_status":"closed","ping_status":"closed","sticky":false,"template":"","format":"standard","meta":{"footnotes":""},"categories":[3],"tags":[],"class_list":["post-8182","post","type-post","status-publish","format-standard","has-post-thumbnail","hentry","category-motogp"],"yoast_head":"<!-- This site is optimized with the Yoast SEO plugin v27.1.1 - https:\/\/yoast.com\/product\/yoast-seo-wordpress\/ -->\n<title>Els pilots de Reale Avintia milloren les seves sensacions sota els focus de Losail - Esponsorama<\/title>\n<meta name=\"robots\" content=\"index, follow, max-snippet:-1, max-image-preview:large, max-video-preview:-1\" \/>\n<link rel=\"canonical\" href=\"http:\/\/esponsorama.ad\/ca\/los-pilotos-reale-avintia-mejoran-sensaciones-los-focos-losail-2\/\" \/>\n<meta property=\"og:locale\" content=\"en_US\" \/>\n<meta property=\"og:type\" content=\"article\" \/>\n<meta property=\"og:title\" content=\"Els pilots de Reale Avintia milloren les seves sensacions sota els focus de Losail - Esponsorama\" \/>\n<meta property=\"og:description\" content=\"MotoGP Test Qatar \u2013 Losail International Circuit El segon dia d&#8217;entrenaments al Circuit Internacional de Losail ha estat for\u00e7a positiu per als pilots del Reale Avintia Racing, Tito Rabat i Xavier Simeon. L&#8217;acci\u00f3 ha comen\u00e7at m\u00e9s tard del previst a causa d&#8217;unes petites tempestes que, encara que no han arribat a mullar la pista del [&hellip;]\" \/>\n<meta property=\"og:url\" content=\"http:\/\/esponsorama.ad\/ca\/los-pilotos-reale-avintia-mejoran-sensaciones-los-focos-losail-2\/\" \/>\n<meta property=\"og:site_name\" content=\"Esponsorama\" \/>\n<meta property=\"article:published_time\" content=\"2018-03-02T19:48:48+00:00\" \/>\n<meta property=\"article:modified_time\" content=\"2018-03-03T14:48:43+00:00\" \/>\n<meta property=\"og:image\" content=\"http:\/\/esponsorama.ad\/wp-content\/uploads\/2018\/03\/DSC_1671-1024x729.jpg\" \/>\n\t<meta property=\"og:image:width\" content=\"1024\" \/>\n\t<meta property=\"og:image:height\" content=\"729\" \/>\n\t<meta property=\"og:image:type\" content=\"image\/jpeg\" \/>\n<meta name=\"author\" content=\"Xavi Andornet\" \/>\n<meta name=\"twitter:card\" content=\"summary_large_image\" \/>\n<meta name=\"twitter:label1\" content=\"Written by\" \/>\n\t<meta name=\"twitter:data1\" content=\"Xavi Andornet\" \/>\n\t<meta name=\"twitter:label2\" content=\"Est. reading time\" \/>\n\t<meta name=\"twitter:data2\" content=\"2 minutes\" \/>\n<script type=\"application\/ld+json\" class=\"yoast-schema-graph\">{\"@context\":\"https:\/\/schema.org\",\"@graph\":[{\"@type\":\"Article\",\"@id\":\"http:\/\/esponsorama.ad\/ca\/los-pilotos-reale-avintia-mejoran-sensaciones-los-focos-losail-2\/#article\",\"isPartOf\":{\"@id\":\"http:\/\/esponsorama.ad\/ca\/los-pilotos-reale-avintia-mejoran-sensaciones-los-focos-losail-2\/\"},\"author\":{\"name\":\"Xavi Andornet\",\"@id\":\"http:\/\/esponsorama.ad\/es\/#\/schema\/person\/a5cde74945183d737066e46b61c6f9c4\"},\"headline\":\"Els pilots de Reale Avintia milloren les seves sensacions sota els focus de Losail\",\"datePublished\":\"2018-03-02T19:48:48+00:00\",\"dateModified\":\"2018-03-03T14:48:43+00:00\",\"mainEntityOfPage\":{\"@id\":\"http:\/\/esponsorama.ad\/ca\/los-pilotos-reale-avintia-mejoran-sensaciones-los-focos-losail-2\/\"},\"wordCount\":509,\"image\":{\"@id\":\"http:\/\/esponsorama.ad\/ca\/los-pilotos-reale-avintia-mejoran-sensaciones-los-focos-losail-2\/#primaryimage\"},\"thumbnailUrl\":\"http:\/\/esponsorama.ad\/wp-content\/uploads\/2018\/03\/DSC_1671.jpg\",\"articleSection\":[\"MotoGP\"],\"inLanguage\":\"ca-AD\"},{\"@type\":\"WebPage\",\"@id\":\"http:\/\/esponsorama.ad\/ca\/los-pilotos-reale-avintia-mejoran-sensaciones-los-focos-losail-2\/\",\"url\":\"http:\/\/esponsorama.ad\/ca\/los-pilotos-reale-avintia-mejoran-sensaciones-los-focos-losail-2\/\",\"name\":\"Els pilots de Reale Avintia milloren les seves sensacions sota els focus de Losail - Esponsorama\",\"isPartOf\":{\"@id\":\"http:\/\/esponsorama.ad\/es\/#website\"},\"primaryImageOfPage\":{\"@id\":\"http:\/\/esponsorama.ad\/ca\/los-pilotos-reale-avintia-mejoran-sensaciones-los-focos-losail-2\/#primaryimage\"},\"image\":{\"@id\":\"http:\/\/esponsorama.ad\/ca\/los-pilotos-reale-avintia-mejoran-sensaciones-los-focos-losail-2\/#primaryimage\"},\"thumbnailUrl\":\"http:\/\/esponsorama.ad\/wp-content\/uploads\/2018\/03\/DSC_1671.jpg\",\"datePublished\":\"2018-03-02T19:48:48+00:00\",\"dateModified\":\"2018-03-03T14:48:43+00:00\",\"author\":{\"@id\":\"http:\/\/esponsorama.ad\/es\/#\/schema\/person\/a5cde74945183d737066e46b61c6f9c4\"},\"breadcrumb\":{\"@id\":\"http:\/\/esponsorama.ad\/ca\/los-pilotos-reale-avintia-mejoran-sensaciones-los-focos-losail-2\/#breadcrumb\"},\"inLanguage\":\"ca-AD\",\"potentialAction\":[{\"@type\":\"ReadAction\",\"target\":[\"http:\/\/esponsorama.ad\/ca\/los-pilotos-reale-avintia-mejoran-sensaciones-los-focos-losail-2\/\"]}]},{\"@type\":\"ImageObject\",\"inLanguage\":\"ca-AD\",\"@id\":\"http:\/\/esponsorama.ad\/ca\/los-pilotos-reale-avintia-mejoran-sensaciones-los-focos-losail-2\/#primaryimage\",\"url\":\"http:\/\/esponsorama.ad\/wp-content\/uploads\/2018\/03\/DSC_1671.jpg\",\"contentUrl\":\"http:\/\/esponsorama.ad\/wp-content\/uploads\/2018\/03\/DSC_1671.jpg\",\"width\":2527,\"height\":1798},{\"@type\":\"BreadcrumbList\",\"@id\":\"http:\/\/esponsorama.ad\/ca\/los-pilotos-reale-avintia-mejoran-sensaciones-los-focos-losail-2\/#breadcrumb\",\"itemListElement\":[{\"@type\":\"ListItem\",\"position\":1,\"name\":\"Home\",\"item\":\"http:\/\/esponsorama.ad\/ca\/\"},{\"@type\":\"ListItem\",\"position\":2,\"name\":\"Els pilots de Reale Avintia milloren les seves sensacions sota els focus de Losail\"}]},{\"@type\":\"WebSite\",\"@id\":\"http:\/\/esponsorama.ad\/es\/#website\",\"url\":\"http:\/\/esponsorama.ad\/es\/\",\"name\":\"Esponsorama\",\"description\":\"Specialist in motorsport sponsorship and event promotions\",\"potentialAction\":[{\"@type\":\"SearchAction\",\"target\":{\"@type\":\"EntryPoint\",\"urlTemplate\":\"http:\/\/esponsorama.ad\/es\/?s={search_term_string}\"},\"query-input\":{\"@type\":\"PropertyValueSpecification\",\"valueRequired\":true,\"valueName\":\"search_term_string\"}}],\"inLanguage\":\"ca-AD\"},{\"@type\":\"Person\",\"@id\":\"http:\/\/esponsorama.ad\/es\/#\/schema\/person\/a5cde74945183d737066e46b61c6f9c4\",\"name\":\"Xavi Andornet\",\"image\":{\"@type\":\"ImageObject\",\"inLanguage\":\"ca-AD\",\"@id\":\"http:\/\/esponsorama.ad\/es\/#\/schema\/person\/image\/\",\"url\":\"https:\/\/secure.gravatar.com\/avatar\/f10eaf9ad601244a2357c9fd7cd9805ed166cfaaf76d5d9ab08a9d873e70147a?s=96&d=mm&r=g\",\"contentUrl\":\"https:\/\/secure.gravatar.com\/avatar\/f10eaf9ad601244a2357c9fd7cd9805ed166cfaaf76d5d9ab08a9d873e70147a?s=96&d=mm&r=g\",\"caption\":\"Xavi Andornet\"},\"sameAs\":[\"http:\/\/www.andornet.ad\"],\"url\":\"http:\/\/esponsorama.ad\/ca\/author\/andornet\/\"}]}<\/script>\n<!-- \/ Yoast SEO plugin. -->","yoast_head_json":{"title":"Els pilots de Reale Avintia milloren les seves sensacions sota els focus de Losail - Esponsorama","robots":{"index":"index","follow":"follow","max-snippet":"max-snippet:-1","max-image-preview":"max-image-preview:large","max-video-preview":"max-video-preview:-1"},"canonical":"http:\/\/esponsorama.ad\/ca\/los-pilotos-reale-avintia-mejoran-sensaciones-los-focos-losail-2\/","og_locale":"en_US","og_type":"article","og_title":"Els pilots de Reale Avintia milloren les seves sensacions sota els focus de Losail - Esponsorama","og_description":"MotoGP Test Qatar \u2013 Losail International Circuit El segon dia d&#8217;entrenaments al Circuit Internacional de Losail ha estat for\u00e7a positiu per als pilots del Reale Avintia Racing, Tito Rabat i Xavier Simeon. L&#8217;acci\u00f3 ha comen\u00e7at m\u00e9s tard del previst a causa d&#8217;unes petites tempestes que, encara que no han arribat a mullar la pista del [&hellip;]","og_url":"http:\/\/esponsorama.ad\/ca\/los-pilotos-reale-avintia-mejoran-sensaciones-los-focos-losail-2\/","og_site_name":"Esponsorama","article_published_time":"2018-03-02T19:48:48+00:00","article_modified_time":"2018-03-03T14:48:43+00:00","og_image":[{"width":1024,"height":729,"url":"http:\/\/esponsorama.ad\/wp-content\/uploads\/2018\/03\/DSC_1671-1024x729.jpg","type":"image\/jpeg"}],"author":"Xavi Andornet","twitter_card":"summary_large_image","twitter_misc":{"Written by":"Xavi Andornet","Est. reading time":"2 minutes"},"schema":{"@context":"https:\/\/schema.org","@graph":[{"@type":"Article","@id":"http:\/\/esponsorama.ad\/ca\/los-pilotos-reale-avintia-mejoran-sensaciones-los-focos-losail-2\/#article","isPartOf":{"@id":"http:\/\/esponsorama.ad\/ca\/los-pilotos-reale-avintia-mejoran-sensaciones-los-focos-losail-2\/"},"author":{"name":"Xavi Andornet","@id":"http:\/\/esponsorama.ad\/es\/#\/schema\/person\/a5cde74945183d737066e46b61c6f9c4"},"headline":"Els pilots de Reale Avintia milloren les seves sensacions sota els focus de Losail","datePublished":"2018-03-02T19:48:48+00:00","dateModified":"2018-03-03T14:48:43+00:00","mainEntityOfPage":{"@id":"http:\/\/esponsorama.ad\/ca\/los-pilotos-reale-avintia-mejoran-sensaciones-los-focos-losail-2\/"},"wordCount":509,"image":{"@id":"http:\/\/esponsorama.ad\/ca\/los-pilotos-reale-avintia-mejoran-sensaciones-los-focos-losail-2\/#primaryimage"},"thumbnailUrl":"http:\/\/esponsorama.ad\/wp-content\/uploads\/2018\/03\/DSC_1671.jpg","articleSection":["MotoGP"],"inLanguage":"ca-AD"},{"@type":"WebPage","@id":"http:\/\/esponsorama.ad\/ca\/los-pilotos-reale-avintia-mejoran-sensaciones-los-focos-losail-2\/","url":"http:\/\/esponsorama.ad\/ca\/los-pilotos-reale-avintia-mejoran-sensaciones-los-focos-losail-2\/","name":"Els pilots de Reale Avintia milloren les seves sensacions sota els focus de Losail - Esponsorama","isPartOf":{"@id":"http:\/\/esponsorama.ad\/es\/#website"},"primaryImageOfPage":{"@id":"http:\/\/esponsorama.ad\/ca\/los-pilotos-reale-avintia-mejoran-sensaciones-los-focos-losail-2\/#primaryimage"},"image":{"@id":"http:\/\/esponsorama.ad\/ca\/los-pilotos-reale-avintia-mejoran-sensaciones-los-focos-losail-2\/#primaryimage"},"thumbnailUrl":"http:\/\/esponsorama.ad\/wp-content\/uploads\/2018\/03\/DSC_1671.jpg","datePublished":"2018-03-02T19:48:48+00:00","dateModified":"2018-03-03T14:48:43+00:00","author":{"@id":"http:\/\/esponsorama.ad\/es\/#\/schema\/person\/a5cde74945183d737066e46b61c6f9c4"},"breadcrumb":{"@id":"http:\/\/esponsorama.ad\/ca\/los-pilotos-reale-avintia-mejoran-sensaciones-los-focos-losail-2\/#breadcrumb"},"inLanguage":"ca-AD","potentialAction":[{"@type":"ReadAction","target":["http:\/\/esponsorama.ad\/ca\/los-pilotos-reale-avintia-mejoran-sensaciones-los-focos-losail-2\/"]}]},{"@type":"ImageObject","inLanguage":"ca-AD","@id":"http:\/\/esponsorama.ad\/ca\/los-pilotos-reale-avintia-mejoran-sensaciones-los-focos-losail-2\/#primaryimage","url":"http:\/\/esponsorama.ad\/wp-content\/uploads\/2018\/03\/DSC_1671.jpg","contentUrl":"http:\/\/esponsorama.ad\/wp-content\/uploads\/2018\/03\/DSC_1671.jpg","width":2527,"height":1798},{"@type":"BreadcrumbList","@id":"http:\/\/esponsorama.ad\/ca\/los-pilotos-reale-avintia-mejoran-sensaciones-los-focos-losail-2\/#breadcrumb","itemListElement":[{"@type":"ListItem","position":1,"name":"Home","item":"http:\/\/esponsorama.ad\/ca\/"},{"@type":"ListItem","position":2,"name":"Els pilots de Reale Avintia milloren les seves sensacions sota els focus de Losail"}]},{"@type":"WebSite","@id":"http:\/\/esponsorama.ad\/es\/#website","url":"http:\/\/esponsorama.ad\/es\/","name":"Esponsorama","description":"Specialist in motorsport sponsorship and event promotions","potentialAction":[{"@type":"SearchAction","target":{"@type":"EntryPoint","urlTemplate":"http:\/\/esponsorama.ad\/es\/?s={search_term_string}"},"query-input":{"@type":"PropertyValueSpecification","valueRequired":true,"valueName":"search_term_string"}}],"inLanguage":"ca-AD"},{"@type":"Person","@id":"http:\/\/esponsorama.ad\/es\/#\/schema\/person\/a5cde74945183d737066e46b61c6f9c4","name":"Xavi Andornet","image":{"@type":"ImageObject","inLanguage":"ca-AD","@id":"http:\/\/esponsorama.ad\/es\/#\/schema\/person\/image\/","url":"https:\/\/secure.gravatar.com\/avatar\/f10eaf9ad601244a2357c9fd7cd9805ed166cfaaf76d5d9ab08a9d873e70147a?s=96&d=mm&r=g","contentUrl":"https:\/\/secure.gravatar.com\/avatar\/f10eaf9ad601244a2357c9fd7cd9805ed166cfaaf76d5d9ab08a9d873e70147a?s=96&d=mm&r=g","caption":"Xavi Andornet"},"sameAs":["http:\/\/www.andornet.ad"],"url":"http:\/\/esponsorama.ad\/ca\/author\/andornet\/"}]}},"_links":{"self":[{"href":"http:\/\/esponsorama.ad\/ca\/wp-json\/wp\/v2\/posts\/8182","targetHints":{"allow":["GET"]}}],"collection":[{"href":"http:\/\/esponsorama.ad\/ca\/wp-json\/wp\/v2\/posts"}],"about":[{"href":"http:\/\/esponsorama.ad\/ca\/wp-json\/wp\/v2\/types\/post"}],"author":[{"embeddable":true,"href":"http:\/\/esponsorama.ad\/ca\/wp-json\/wp\/v2\/users\/6"}],"replies":[{"embeddable":true,"href":"http:\/\/esponsorama.ad\/ca\/wp-json\/wp\/v2\/comments?post=8182"}],"version-history":[{"count":0,"href":"http:\/\/esponsorama.ad\/ca\/wp-json\/wp\/v2\/posts\/8182\/revisions"}],"wp:featuredmedia":[{"embeddable":true,"href":"http:\/\/esponsorama.ad\/ca\/wp-json\/wp\/v2\/media\/8167"}],"wp:attachment":[{"href":"http:\/\/esponsorama.ad\/ca\/wp-json\/wp\/v2\/media?parent=8182"}],"wp:term":[{"taxonomy":"category","embeddable":true,"href":"http:\/\/esponsorama.ad\/ca\/wp-json\/wp\/v2\/categories?post=8182"},{"taxonomy":"post_tag","embeddable":true,"href":"http:\/\/esponsorama.ad\/ca\/wp-json\/wp\/v2\/tags?post=8182"}],"curies":[{"name":"wp","href":"https:\/\/api.w.org\/{rel}","templated":true}]}}