{"id":823,"date":"2016-10-30T15:31:43","date_gmt":"2016-10-30T13:31:43","guid":{"rendered":"http:\/\/esponsorama.ad\/?p=823"},"modified":"2016-11-02T15:40:39","modified_gmt":"2016-11-02T13:40:39","slug":"gran-carrera-barbera-i-baz-sota-la-pluja-sepang-3","status":"publish","type":"post","link":"http:\/\/esponsorama.ad\/ca\/gran-carrera-barbera-i-baz-sota-la-pluja-sepang-3\/","title":{"rendered":"Gran carrera de en Barber\u00e0 i en Baz sota la pluja a Sepang"},"content":{"rendered":"<p>L&#8217;equip Avintia Racing ha igualat el seu millor resultat de la hist\u00f2ria avui al Gran Premi de Mal\u00e0isia, amb l\u2019H\u00e9ctor Barber\u00e1 quart i el seu company Loris Baz cinqu\u00e8. La pluja ha tornat a apar\u00e8ixer avui a Sepang just abans de la cursa, i ho ha fet amb tanta for\u00e7a que la sortida de la cursa de MotoGP s&#8217;ha vist retardada. Per als pilots d\u2019Avintia Racing la pluja ha estat un bon aliat, perqu\u00e8 despr\u00e9s del seu gran rendiment ahir en els entrenaments cronometrats, tant l\u2019H\u00e9ctor Barber\u00e1 com en Loris Baz volien una carrera en mullat. Despr\u00e9s de comen\u00e7ar la carrera amb certa precauci\u00f3, els pilots d\u2019Avintia Racing han anat superant als seus rivals amb en Baz al capdavant, per\u00f2 quan a poques voltes el nivell d&#8217;aigua a la pista ha anat baixant, en Barber\u00e1 ha aprofitat per col\u00b7locar-se davant i creuar la meta en quarta posici\u00f3, el seu millor resultat des que va debutar a MotoGP al 2010.<\/p>\n<p>En Loris Baz, que va ser quart per davant de en Barber\u00e0 al Gran Premi de la Rep\u00fablica Txeca a finals del mes d&#8217;agost, ha estat avui cinqu\u00e8. Per\u00f2 aquest resultat val com l\u2019or pel franc\u00e8s qui portava diverses carreres intentant recuperar la confian\u00e7a perduda despr\u00e9s de les seves m\u00faltiples lesions.<\/p>\n<p>El triplet ha tingut de tot per a l&#8217;equip Avintia Racing, des de l&#8217;aventura d\u2019en Barber\u00e0 amb el Ducati Team, passant pel debut d\u2019en Mike Jones, i acabant amb una gran alegria per a tot l&#8217;equip. Sens dubte la millor manera de celebrar la tornada de l\u2019H\u00e9ctor a casa seva, i un extra de motivaci\u00f3 de cara a l&#8217;\u00faltima cursa de la temporada a Val\u00e8ncia.<\/p>\n<p><strong>H\u00c9CTOR BARBER\u00c1 #8 P4<\/strong><\/p>\n<p>&#8220;Estic s\u00faper content perqu\u00e8 acabar quart \u00e9s incre\u00efble i a m\u00e9s \u00e9s el meu millor resultat de MotoGP. Despr\u00e9s de dues carreres tan dolentes al Jap\u00f3 i Austr\u00e0lia, aquest resultat calia per aixecar el cap, agafar energies i arribar al m\u00e0xim a Val\u00e8ncia. Sens dubte ha vingut al millor moment. Per\u00f2 encara que estigui feli\u00e7, tamb\u00e9 estic molt content pel meu company d&#8217;equip en Loris, perqu\u00e8 ell gaireb\u00e9 ho necessitava m\u00e9s que jo. Aix\u00f2 ens ha vingut fenomenal per carregar piles a tot l&#8217;equip i estem demostrant que amb treball, esfor\u00e7 i il\u00b7lusi\u00f3 s&#8217;aconsegueixen grans coses. Avintia \u00e9s el clar exemple, perqu\u00e8 no tenim els mitjans d&#8217;altres equips, per\u00f2 en il\u00b7lusi\u00f3 som campions del m\u00f3n. Estem entre els deu primers de la classificaci\u00f3 per davant de motos oficials, i a Val\u00e8ncia anem a donar-ho tot per posar el punt final a aquesta gran temporada &#8220;.<\/p>\n<p><strong>LORIS BAZ #76 P5<\/strong><\/p>\n<p>&#8220;Abans de la cursa estava desitjant que plogu\u00e9s, perqu\u00e8 han estat tres setmanes molt complicades i al final aquest cap de setmana marxem tots amb un gran somriure. Aquest any crec que si mirem les hores que he passat sobre la moto en sec, em falta molt, per aix\u00f2 necessitava confian\u00e7a i aix\u00f2 nom\u00e9s s&#8217;aconsegueix lluitant i treballant dur. Per\u00f2 aquest resultat \u00e9s el que ens faltava per pujar la moral i comen\u00e7ar a lluitar amb m\u00e9s for\u00e7a. Aquesta cursa ha estat molt bona i ho he passat b\u00e9 lluitant amb H\u00e8ctor. Per l&#8217;equip tamb\u00e9 ha estat un resultat incre\u00efble. La cursa ha estat complicada perqu\u00e8 al final amb menys aigua s&#8217;escalfava molt la goma, per\u00f2 acabar entre els cinc primers \u00e9s fant\u00e0stic. Cheste \u00e9s la cursa de casa per l&#8217;equip i tamb\u00e9 una mica per mi, aix\u00ed que tractarem de seguir en aquesta bona forma &#8220;.<\/p>\n<div id='gallery-1' class='gallery galleryid-823 gallery-columns-5 gallery-size-thumbnail'><figure class='gallery-item'>\n\t\t\t<div class='gallery-icon landscape'>\n\t\t\t\t<a href='http:\/\/esponsorama.ad\/wp-content\/uploads\/2016\/11\/17_MALAYSIA-1536.jpg' title=\"\" data-rl_title=\"\" class=\"rl-gallery-link\" data-rl_caption=\"\" data-rel=\"lightbox-gallery-1\"><img loading=\"lazy\" decoding=\"async\" width=\"150\" height=\"150\" src=\"http:\/\/esponsorama.ad\/wp-content\/uploads\/2016\/11\/17_MALAYSIA-1536-150x150.jpg\" class=\"attachment-thumbnail size-thumbnail\" alt=\"\" \/><\/a>\n\t\t\t<\/div><\/figure><figure class='gallery-item'>\n\t\t\t<div class='gallery-icon landscape'>\n\t\t\t\t<a href='http:\/\/esponsorama.ad\/wp-content\/uploads\/2016\/11\/17_MALAYSIA-2080.jpg' title=\"\" data-rl_title=\"\" class=\"rl-gallery-link\" data-rl_caption=\"\" data-rel=\"lightbox-gallery-1\"><img loading=\"lazy\" decoding=\"async\" width=\"150\" height=\"150\" src=\"http:\/\/esponsorama.ad\/wp-content\/uploads\/2016\/11\/17_MALAYSIA-2080-150x150.jpg\" class=\"attachment-thumbnail size-thumbnail\" alt=\"\" \/><\/a>\n\t\t\t<\/div><\/figure><figure class='gallery-item'>\n\t\t\t<div class='gallery-icon landscape'>\n\t\t\t\t<a href='http:\/\/esponsorama.ad\/wp-content\/uploads\/2016\/11\/17_MALAYSIA-1863.jpg' title=\"\" data-rl_title=\"\" class=\"rl-gallery-link\" data-rl_caption=\"\" data-rel=\"lightbox-gallery-1\"><img loading=\"lazy\" decoding=\"async\" width=\"150\" height=\"150\" src=\"http:\/\/esponsorama.ad\/wp-content\/uploads\/2016\/11\/17_MALAYSIA-1863-150x150.jpg\" class=\"attachment-thumbnail size-thumbnail\" alt=\"\" \/><\/a>\n\t\t\t<\/div><\/figure><figure class='gallery-item'>\n\t\t\t<div class='gallery-icon landscape'>\n\t\t\t\t<a href='http:\/\/esponsorama.ad\/wp-content\/uploads\/2016\/11\/17_MALAYSIA-2751.jpg' title=\"\" data-rl_title=\"\" class=\"rl-gallery-link\" data-rl_caption=\"\" data-rel=\"lightbox-gallery-1\"><img loading=\"lazy\" decoding=\"async\" width=\"150\" height=\"150\" src=\"http:\/\/esponsorama.ad\/wp-content\/uploads\/2016\/11\/17_MALAYSIA-2751-150x150.jpg\" class=\"attachment-thumbnail size-thumbnail\" alt=\"\" \/><\/a>\n\t\t\t<\/div><\/figure><figure class='gallery-item'>\n\t\t\t<div class='gallery-icon landscape'>\n\t\t\t\t<a href='http:\/\/esponsorama.ad\/wp-content\/uploads\/2016\/11\/17_MALAYSIA-1985.jpg' title=\"\" data-rl_title=\"\" class=\"rl-gallery-link\" data-rl_caption=\"\" data-rel=\"lightbox-gallery-1\"><img loading=\"lazy\" decoding=\"async\" width=\"150\" height=\"150\" src=\"http:\/\/esponsorama.ad\/wp-content\/uploads\/2016\/11\/17_MALAYSIA-1985-150x150.jpg\" class=\"attachment-thumbnail size-thumbnail\" alt=\"\" \/><\/a>\n\t\t\t<\/div><\/figure>\n\t\t<\/div>\n\n","protected":false},"excerpt":{"rendered":"<p>L&#8217;equip Avintia Racing ha igualat el seu millor resultat de la hist\u00f2ria avui al Gran Premi de Mal\u00e0isia, amb l\u2019H\u00e9ctor Barber\u00e1 quart i el seu company Loris Baz cinqu\u00e8. La pluja ha tornat a apar\u00e8ixer avui a Sepang just abans de la cursa, i ho ha fet amb tanta for\u00e7a que la sortida de la [&hellip;]<\/p>\n","protected":false},"author":6,"featured_media":824,"comment_status":"closed","ping_status":"closed","sticky":false,"template":"","format":"standard","meta":{"footnotes":""},"categories":[3],"tags":[],"class_list":["post-823","post","type-post","status-publish","format-standard","has-post-thumbnail","hentry","category-motogp"],"yoast_head":"<!-- This site is optimized with the Yoast SEO plugin v27.1.1 - https:\/\/yoast.com\/product\/yoast-seo-wordpress\/ -->\n<title>Gran carrera de en Barber\u00e0 i en Baz sota la pluja a Sepang - Esponsorama<\/title>\n<meta name=\"robots\" content=\"index, follow, max-snippet:-1, max-image-preview:large, max-video-preview:-1\" \/>\n<link rel=\"canonical\" href=\"http:\/\/esponsorama.ad\/ca\/gran-carrera-barbera-i-baz-sota-la-pluja-sepang-3\/\" \/>\n<meta property=\"og:locale\" content=\"en_US\" \/>\n<meta property=\"og:type\" content=\"article\" \/>\n<meta property=\"og:title\" content=\"Gran carrera de en Barber\u00e0 i en Baz sota la pluja a Sepang - Esponsorama\" \/>\n<meta property=\"og:description\" content=\"L&#8217;equip Avintia Racing ha igualat el seu millor resultat de la hist\u00f2ria avui al Gran Premi de Mal\u00e0isia, amb l\u2019H\u00e9ctor Barber\u00e1 quart i el seu company Loris Baz cinqu\u00e8. La pluja ha tornat a apar\u00e8ixer avui a Sepang just abans de la cursa, i ho ha fet amb tanta for\u00e7a que la sortida de la [&hellip;]\" \/>\n<meta property=\"og:url\" content=\"http:\/\/esponsorama.ad\/ca\/gran-carrera-barbera-i-baz-sota-la-pluja-sepang-3\/\" \/>\n<meta property=\"og:site_name\" content=\"Esponsorama\" \/>\n<meta property=\"article:published_time\" content=\"2016-10-30T13:31:43+00:00\" \/>\n<meta property=\"article:modified_time\" content=\"2016-11-02T13:40:39+00:00\" \/>\n<meta property=\"og:image\" content=\"http:\/\/esponsorama.ad\/wp-content\/uploads\/2016\/11\/17_MALAYSIA-2560.jpg\" \/>\n\t<meta property=\"og:image:width\" content=\"3546\" \/>\n\t<meta property=\"og:image:height\" content=\"2364\" \/>\n\t<meta property=\"og:image:type\" content=\"image\/jpeg\" \/>\n<meta name=\"author\" content=\"Xavi Andornet\" \/>\n<meta name=\"twitter:card\" content=\"summary_large_image\" \/>\n<meta name=\"twitter:label1\" content=\"Written by\" \/>\n\t<meta name=\"twitter:data1\" content=\"Xavi Andornet\" \/>\n\t<meta name=\"twitter:label2\" content=\"Est. reading time\" \/>\n\t<meta name=\"twitter:data2\" content=\"3 minutes\" \/>\n<script type=\"application\/ld+json\" class=\"yoast-schema-graph\">{\"@context\":\"https:\/\/schema.org\",\"@graph\":[{\"@type\":\"Article\",\"@id\":\"http:\/\/esponsorama.ad\/ca\/gran-carrera-barbera-i-baz-sota-la-pluja-sepang-3\/#article\",\"isPartOf\":{\"@id\":\"http:\/\/esponsorama.ad\/ca\/gran-carrera-barbera-i-baz-sota-la-pluja-sepang-3\/\"},\"author\":{\"name\":\"Xavi Andornet\",\"@id\":\"http:\/\/esponsorama.ad\/es\/#\/schema\/person\/a5cde74945183d737066e46b61c6f9c4\"},\"headline\":\"Gran carrera de en Barber\u00e0 i en Baz sota la pluja a Sepang\",\"datePublished\":\"2016-10-30T13:31:43+00:00\",\"dateModified\":\"2016-11-02T13:40:39+00:00\",\"mainEntityOfPage\":{\"@id\":\"http:\/\/esponsorama.ad\/ca\/gran-carrera-barbera-i-baz-sota-la-pluja-sepang-3\/\"},\"wordCount\":634,\"image\":{\"@id\":\"http:\/\/esponsorama.ad\/ca\/gran-carrera-barbera-i-baz-sota-la-pluja-sepang-3\/#primaryimage\"},\"thumbnailUrl\":\"http:\/\/esponsorama.ad\/wp-content\/uploads\/2016\/11\/17_MALAYSIA-2560.jpg\",\"articleSection\":[\"MotoGP\"],\"inLanguage\":\"ca-AD\"},{\"@type\":\"WebPage\",\"@id\":\"http:\/\/esponsorama.ad\/ca\/gran-carrera-barbera-i-baz-sota-la-pluja-sepang-3\/\",\"url\":\"http:\/\/esponsorama.ad\/ca\/gran-carrera-barbera-i-baz-sota-la-pluja-sepang-3\/\",\"name\":\"Gran carrera de en Barber\u00e0 i en Baz sota la pluja a Sepang - Esponsorama\",\"isPartOf\":{\"@id\":\"http:\/\/esponsorama.ad\/es\/#website\"},\"primaryImageOfPage\":{\"@id\":\"http:\/\/esponsorama.ad\/ca\/gran-carrera-barbera-i-baz-sota-la-pluja-sepang-3\/#primaryimage\"},\"image\":{\"@id\":\"http:\/\/esponsorama.ad\/ca\/gran-carrera-barbera-i-baz-sota-la-pluja-sepang-3\/#primaryimage\"},\"thumbnailUrl\":\"http:\/\/esponsorama.ad\/wp-content\/uploads\/2016\/11\/17_MALAYSIA-2560.jpg\",\"datePublished\":\"2016-10-30T13:31:43+00:00\",\"dateModified\":\"2016-11-02T13:40:39+00:00\",\"author\":{\"@id\":\"http:\/\/esponsorama.ad\/es\/#\/schema\/person\/a5cde74945183d737066e46b61c6f9c4\"},\"breadcrumb\":{\"@id\":\"http:\/\/esponsorama.ad\/ca\/gran-carrera-barbera-i-baz-sota-la-pluja-sepang-3\/#breadcrumb\"},\"inLanguage\":\"ca-AD\",\"potentialAction\":[{\"@type\":\"ReadAction\",\"target\":[\"http:\/\/esponsorama.ad\/ca\/gran-carrera-barbera-i-baz-sota-la-pluja-sepang-3\/\"]}]},{\"@type\":\"ImageObject\",\"inLanguage\":\"ca-AD\",\"@id\":\"http:\/\/esponsorama.ad\/ca\/gran-carrera-barbera-i-baz-sota-la-pluja-sepang-3\/#primaryimage\",\"url\":\"http:\/\/esponsorama.ad\/wp-content\/uploads\/2016\/11\/17_MALAYSIA-2560.jpg\",\"contentUrl\":\"http:\/\/esponsorama.ad\/wp-content\/uploads\/2016\/11\/17_MALAYSIA-2560.jpg\",\"width\":3546,\"height\":2364},{\"@type\":\"BreadcrumbList\",\"@id\":\"http:\/\/esponsorama.ad\/ca\/gran-carrera-barbera-i-baz-sota-la-pluja-sepang-3\/#breadcrumb\",\"itemListElement\":[{\"@type\":\"ListItem\",\"position\":1,\"name\":\"Home\",\"item\":\"http:\/\/esponsorama.ad\/ca\/\"},{\"@type\":\"ListItem\",\"position\":2,\"name\":\"Gran carrera de en Barber\u00e0 i en Baz sota la pluja a Sepang\"}]},{\"@type\":\"WebSite\",\"@id\":\"http:\/\/esponsorama.ad\/es\/#website\",\"url\":\"http:\/\/esponsorama.ad\/es\/\",\"name\":\"Esponsorama\",\"description\":\"Specialist in motorsport sponsorship and event promotions\",\"potentialAction\":[{\"@type\":\"SearchAction\",\"target\":{\"@type\":\"EntryPoint\",\"urlTemplate\":\"http:\/\/esponsorama.ad\/es\/?s={search_term_string}\"},\"query-input\":{\"@type\":\"PropertyValueSpecification\",\"valueRequired\":true,\"valueName\":\"search_term_string\"}}],\"inLanguage\":\"ca-AD\"},{\"@type\":\"Person\",\"@id\":\"http:\/\/esponsorama.ad\/es\/#\/schema\/person\/a5cde74945183d737066e46b61c6f9c4\",\"name\":\"Xavi Andornet\",\"image\":{\"@type\":\"ImageObject\",\"inLanguage\":\"ca-AD\",\"@id\":\"http:\/\/esponsorama.ad\/es\/#\/schema\/person\/image\/\",\"url\":\"https:\/\/secure.gravatar.com\/avatar\/f10eaf9ad601244a2357c9fd7cd9805ed166cfaaf76d5d9ab08a9d873e70147a?s=96&d=mm&r=g\",\"contentUrl\":\"https:\/\/secure.gravatar.com\/avatar\/f10eaf9ad601244a2357c9fd7cd9805ed166cfaaf76d5d9ab08a9d873e70147a?s=96&d=mm&r=g\",\"caption\":\"Xavi Andornet\"},\"sameAs\":[\"http:\/\/www.andornet.ad\"],\"url\":\"http:\/\/esponsorama.ad\/ca\/author\/andornet\/\"}]}<\/script>\n<!-- \/ Yoast SEO plugin. -->","yoast_head_json":{"title":"Gran carrera de en Barber\u00e0 i en Baz sota la pluja a Sepang - Esponsorama","robots":{"index":"index","follow":"follow","max-snippet":"max-snippet:-1","max-image-preview":"max-image-preview:large","max-video-preview":"max-video-preview:-1"},"canonical":"http:\/\/esponsorama.ad\/ca\/gran-carrera-barbera-i-baz-sota-la-pluja-sepang-3\/","og_locale":"en_US","og_type":"article","og_title":"Gran carrera de en Barber\u00e0 i en Baz sota la pluja a Sepang - Esponsorama","og_description":"L&#8217;equip Avintia Racing ha igualat el seu millor resultat de la hist\u00f2ria avui al Gran Premi de Mal\u00e0isia, amb l\u2019H\u00e9ctor Barber\u00e1 quart i el seu company Loris Baz cinqu\u00e8. La pluja ha tornat a apar\u00e8ixer avui a Sepang just abans de la cursa, i ho ha fet amb tanta for\u00e7a que la sortida de la [&hellip;]","og_url":"http:\/\/esponsorama.ad\/ca\/gran-carrera-barbera-i-baz-sota-la-pluja-sepang-3\/","og_site_name":"Esponsorama","article_published_time":"2016-10-30T13:31:43+00:00","article_modified_time":"2016-11-02T13:40:39+00:00","og_image":[{"width":3546,"height":2364,"url":"http:\/\/esponsorama.ad\/wp-content\/uploads\/2016\/11\/17_MALAYSIA-2560.jpg","type":"image\/jpeg"}],"author":"Xavi Andornet","twitter_card":"summary_large_image","twitter_misc":{"Written by":"Xavi Andornet","Est. reading time":"3 minutes"},"schema":{"@context":"https:\/\/schema.org","@graph":[{"@type":"Article","@id":"http:\/\/esponsorama.ad\/ca\/gran-carrera-barbera-i-baz-sota-la-pluja-sepang-3\/#article","isPartOf":{"@id":"http:\/\/esponsorama.ad\/ca\/gran-carrera-barbera-i-baz-sota-la-pluja-sepang-3\/"},"author":{"name":"Xavi Andornet","@id":"http:\/\/esponsorama.ad\/es\/#\/schema\/person\/a5cde74945183d737066e46b61c6f9c4"},"headline":"Gran carrera de en Barber\u00e0 i en Baz sota la pluja a Sepang","datePublished":"2016-10-30T13:31:43+00:00","dateModified":"2016-11-02T13:40:39+00:00","mainEntityOfPage":{"@id":"http:\/\/esponsorama.ad\/ca\/gran-carrera-barbera-i-baz-sota-la-pluja-sepang-3\/"},"wordCount":634,"image":{"@id":"http:\/\/esponsorama.ad\/ca\/gran-carrera-barbera-i-baz-sota-la-pluja-sepang-3\/#primaryimage"},"thumbnailUrl":"http:\/\/esponsorama.ad\/wp-content\/uploads\/2016\/11\/17_MALAYSIA-2560.jpg","articleSection":["MotoGP"],"inLanguage":"ca-AD"},{"@type":"WebPage","@id":"http:\/\/esponsorama.ad\/ca\/gran-carrera-barbera-i-baz-sota-la-pluja-sepang-3\/","url":"http:\/\/esponsorama.ad\/ca\/gran-carrera-barbera-i-baz-sota-la-pluja-sepang-3\/","name":"Gran carrera de en Barber\u00e0 i en Baz sota la pluja a Sepang - Esponsorama","isPartOf":{"@id":"http:\/\/esponsorama.ad\/es\/#website"},"primaryImageOfPage":{"@id":"http:\/\/esponsorama.ad\/ca\/gran-carrera-barbera-i-baz-sota-la-pluja-sepang-3\/#primaryimage"},"image":{"@id":"http:\/\/esponsorama.ad\/ca\/gran-carrera-barbera-i-baz-sota-la-pluja-sepang-3\/#primaryimage"},"thumbnailUrl":"http:\/\/esponsorama.ad\/wp-content\/uploads\/2016\/11\/17_MALAYSIA-2560.jpg","datePublished":"2016-10-30T13:31:43+00:00","dateModified":"2016-11-02T13:40:39+00:00","author":{"@id":"http:\/\/esponsorama.ad\/es\/#\/schema\/person\/a5cde74945183d737066e46b61c6f9c4"},"breadcrumb":{"@id":"http:\/\/esponsorama.ad\/ca\/gran-carrera-barbera-i-baz-sota-la-pluja-sepang-3\/#breadcrumb"},"inLanguage":"ca-AD","potentialAction":[{"@type":"ReadAction","target":["http:\/\/esponsorama.ad\/ca\/gran-carrera-barbera-i-baz-sota-la-pluja-sepang-3\/"]}]},{"@type":"ImageObject","inLanguage":"ca-AD","@id":"http:\/\/esponsorama.ad\/ca\/gran-carrera-barbera-i-baz-sota-la-pluja-sepang-3\/#primaryimage","url":"http:\/\/esponsorama.ad\/wp-content\/uploads\/2016\/11\/17_MALAYSIA-2560.jpg","contentUrl":"http:\/\/esponsorama.ad\/wp-content\/uploads\/2016\/11\/17_MALAYSIA-2560.jpg","width":3546,"height":2364},{"@type":"BreadcrumbList","@id":"http:\/\/esponsorama.ad\/ca\/gran-carrera-barbera-i-baz-sota-la-pluja-sepang-3\/#breadcrumb","itemListElement":[{"@type":"ListItem","position":1,"name":"Home","item":"http:\/\/esponsorama.ad\/ca\/"},{"@type":"ListItem","position":2,"name":"Gran carrera de en Barber\u00e0 i en Baz sota la pluja a Sepang"}]},{"@type":"WebSite","@id":"http:\/\/esponsorama.ad\/es\/#website","url":"http:\/\/esponsorama.ad\/es\/","name":"Esponsorama","description":"Specialist in motorsport sponsorship and event promotions","potentialAction":[{"@type":"SearchAction","target":{"@type":"EntryPoint","urlTemplate":"http:\/\/esponsorama.ad\/es\/?s={search_term_string}"},"query-input":{"@type":"PropertyValueSpecification","valueRequired":true,"valueName":"search_term_string"}}],"inLanguage":"ca-AD"},{"@type":"Person","@id":"http:\/\/esponsorama.ad\/es\/#\/schema\/person\/a5cde74945183d737066e46b61c6f9c4","name":"Xavi Andornet","image":{"@type":"ImageObject","inLanguage":"ca-AD","@id":"http:\/\/esponsorama.ad\/es\/#\/schema\/person\/image\/","url":"https:\/\/secure.gravatar.com\/avatar\/f10eaf9ad601244a2357c9fd7cd9805ed166cfaaf76d5d9ab08a9d873e70147a?s=96&d=mm&r=g","contentUrl":"https:\/\/secure.gravatar.com\/avatar\/f10eaf9ad601244a2357c9fd7cd9805ed166cfaaf76d5d9ab08a9d873e70147a?s=96&d=mm&r=g","caption":"Xavi Andornet"},"sameAs":["http:\/\/www.andornet.ad"],"url":"http:\/\/esponsorama.ad\/ca\/author\/andornet\/"}]}},"_links":{"self":[{"href":"http:\/\/esponsorama.ad\/ca\/wp-json\/wp\/v2\/posts\/823","targetHints":{"allow":["GET"]}}],"collection":[{"href":"http:\/\/esponsorama.ad\/ca\/wp-json\/wp\/v2\/posts"}],"about":[{"href":"http:\/\/esponsorama.ad\/ca\/wp-json\/wp\/v2\/types\/post"}],"author":[{"embeddable":true,"href":"http:\/\/esponsorama.ad\/ca\/wp-json\/wp\/v2\/users\/6"}],"replies":[{"embeddable":true,"href":"http:\/\/esponsorama.ad\/ca\/wp-json\/wp\/v2\/comments?post=823"}],"version-history":[{"count":0,"href":"http:\/\/esponsorama.ad\/ca\/wp-json\/wp\/v2\/posts\/823\/revisions"}],"wp:featuredmedia":[{"embeddable":true,"href":"http:\/\/esponsorama.ad\/ca\/wp-json\/wp\/v2\/media\/824"}],"wp:attachment":[{"href":"http:\/\/esponsorama.ad\/ca\/wp-json\/wp\/v2\/media?parent=823"}],"wp:term":[{"taxonomy":"category","embeddable":true,"href":"http:\/\/esponsorama.ad\/ca\/wp-json\/wp\/v2\/categories?post=823"},{"taxonomy":"post_tag","embeddable":true,"href":"http:\/\/esponsorama.ad\/ca\/wp-json\/wp\/v2\/tags?post=823"}],"curies":[{"name":"wp","href":"https:\/\/api.w.org\/{rel}","templated":true}]}}