{"id":837,"date":"2016-11-13T15:21:41","date_gmt":"2016-11-13T13:21:41","guid":{"rendered":"http:\/\/esponsorama.ad\/?p=837"},"modified":"2016-11-15T13:27:39","modified_gmt":"2016-11-15T11:27:39","slug":"lhector-barbera-i-avintia-racing-completen-gran-any-valencia-3","status":"publish","type":"post","link":"http:\/\/esponsorama.ad\/ca\/lhector-barbera-i-avintia-racing-completen-gran-any-valencia-3\/","title":{"rendered":"L\u2019H\u00e9ctor Barber\u00e1 i Avintia Racing completen un gran any a Val\u00e8ncia"},"content":{"rendered":"<p>Els pilots d\u2019Avintia Racing han posat el punt i final al Campionat del M\u00f3n de MotoGP 2016 avui a Val\u00e8ncia. L\u2019H\u00e9ctor Barber\u00e1 ha lluitat durant tota la cursa per acabar entre els deu primers i a punt ha estat d&#8217;aconseguir-ho despr\u00e9s d&#8217;una intensa batalla en les \u00faltimes voltes amb l\u2019\u00c1lvaro Bautista, encara que finalment ha creuat la meta onz\u00e8. Per\u00f2 s&#8217;ha assegurat els punts necessaris per aconseguir acabar el campionat al Top 10, complint aix\u00ed l&#8217;objectiu que s&#8217;havia marcat abans de comen\u00e7ar la temporada a Qatar.<\/p>\n<p>En Loris Baz ha tornat a tenir problemes amb els pneum\u00e0tics, primer amb el davanter a l&#8217;inici de la cursa, i despr\u00e9s amb falta d&#8217;adher\u00e8ncia al darrere a les \u00faltimes voltes. Per\u00f2 el pilot franc\u00e8s d\u2019Avintia Racing ha acabat la carrera i un campionat que ha estat for\u00e7a complicat a causa de les lesions.<\/p>\n<p>Dimarts els pilots d\u2019Avintia Racing comen\u00e7aran els preparatius per a 2017 en aquest mateix escenari. L\u2019H\u00e9ctor Barber\u00e1 tindr\u00e0 l&#8217;ocasi\u00f3 de con\u00e8ixer millor la Ducati Desmosedici GP 2016 amb la qual va c\u00f3rrer al Jap\u00f3 i Austr\u00e0lia, mentre que en Loris Baz s&#8217;estrenar\u00e0 amb la GP15, una moto m\u00e9s evolucionada amb la qual espera trobar r\u00e0pid bones sensacions per a la propera temporada.<\/p>\n<p><strong>HECTOR BARBERA #8 P11<\/strong><\/p>\n<p>&#8220;Sempre hav\u00edem parlat de quedar al Top 10, exactament entre el cinqu\u00e8 i el des\u00e8, per\u00f2 sent sincers, aquestes posicions eren pr\u00e0cticament impossibles. Si fem el recompte de tots els equips oficials, la nostra moto hauria d&#8217;estar en el 14\u00e8 o 15\u00e8 lloc. Hem sumat 102 punts, tot i no haver puntuat en les dues carreres que vaig estar a l&#8217;equip Ducati oficial, doncs podr\u00edem haver acabat novens a la general. S&#8217;ha fet un grand\u00edssim treball, hem deixat a la Suzuki de l\u2019Aleix Espargar\u00f3 darrere, tamb\u00e9 a en Bradley Smith, i moltes motos bones. Ten\u00edem una moto de tercera, per\u00f2 l&#8217;equip ha estat al nivell de primera. Jo he fet el m\u00e0xim que ha estat a les mans: dos cinquens, un quart, un sis\u00e8, molt bons resultats. La paraula equip ha cobrat molta import\u00e0ncia aquest any, surto molt refor\u00e7at, amb moltes lli\u00e7ons apreses i dimarts arrencarem un any millor. Dono les gr\u00e0cies a tots els que han cregut en mi i han fet que tot aix\u00f2 sigui possible. &#8221;<\/p>\n<p><strong>LORIS BAZ #76 P18<\/strong><\/p>\n<p>&#8220;Ha estat una cursa complicada. A la primera part he tingut molts problemes amb la part davantera de la moto i despr\u00e9s amb el pneum\u00e0tic del darrere. A m\u00e9s, he acabat bastant cansat. La part positiva \u00e9s que, el que vam aconseguir ahir sembla que ha funcionat. Tot i aix\u00ed, hi ha molta feina a fer per arribar a fer-ho tot de forma m\u00e9s natural, sense for\u00e7ar tant. Tinc ganes de comen\u00e7ar els tests de cara a la nova temporada. Per\u00f2 tamb\u00e9 estic desitjant que m\u2019operin el peu a finals de novembre i aix\u00ed comen\u00e7ar l&#8217;any que ve en forma. El meu cos est\u00e0 cansat d\u2019aquesta temporada i necessito comen\u00e7ar amb for\u00e7a. Hem comprovat que no serveix de res anar r\u00e0pid en el primer test, que el que compten s\u00f3n les carreres. Necessito agafar confian\u00e7a i anar evolucionant a poc a poc. L&#8217;important comen\u00e7ar\u00e0 al mar\u00e7 a Qatar. &#8221;<\/p>\n<div id='gallery-1' class='gallery galleryid-837 gallery-columns-5 gallery-size-thumbnail'><figure class='gallery-item'>\n\t\t\t<div class='gallery-icon landscape'>\n\t\t\t\t<a href='http:\/\/esponsorama.ad\/wp-content\/uploads\/2016\/11\/18_VALENCIA-1730.jpg' title=\"\" data-rl_title=\"\" class=\"rl-gallery-link\" data-rl_caption=\"\" data-rel=\"lightbox-gallery-1\"><img loading=\"lazy\" decoding=\"async\" width=\"150\" height=\"150\" src=\"http:\/\/esponsorama.ad\/wp-content\/uploads\/2016\/11\/18_VALENCIA-1730-150x150.jpg\" class=\"attachment-thumbnail size-thumbnail\" alt=\"\" \/><\/a>\n\t\t\t<\/div><\/figure><figure class='gallery-item'>\n\t\t\t<div class='gallery-icon landscape'>\n\t\t\t\t<a href='http:\/\/esponsorama.ad\/wp-content\/uploads\/2016\/11\/18_VALENCIA-0921.jpg' title=\"\" data-rl_title=\"\" class=\"rl-gallery-link\" data-rl_caption=\"\" data-rel=\"lightbox-gallery-1\"><img loading=\"lazy\" decoding=\"async\" width=\"150\" height=\"150\" src=\"http:\/\/esponsorama.ad\/wp-content\/uploads\/2016\/11\/18_VALENCIA-0921-150x150.jpg\" class=\"attachment-thumbnail size-thumbnail\" alt=\"\" \/><\/a>\n\t\t\t<\/div><\/figure><figure class='gallery-item'>\n\t\t\t<div class='gallery-icon landscape'>\n\t\t\t\t<a href='http:\/\/esponsorama.ad\/wp-content\/uploads\/2016\/11\/18_VALENCIA-0855.jpg' title=\"\" data-rl_title=\"\" class=\"rl-gallery-link\" data-rl_caption=\"\" data-rel=\"lightbox-gallery-1\"><img loading=\"lazy\" decoding=\"async\" width=\"150\" height=\"150\" src=\"http:\/\/esponsorama.ad\/wp-content\/uploads\/2016\/11\/18_VALENCIA-0855-150x150.jpg\" class=\"attachment-thumbnail size-thumbnail\" alt=\"\" \/><\/a>\n\t\t\t<\/div><\/figure><figure class='gallery-item'>\n\t\t\t<div class='gallery-icon landscape'>\n\t\t\t\t<a href='http:\/\/esponsorama.ad\/wp-content\/uploads\/2016\/11\/18_VALENCIA-1170.jpg' title=\"\" data-rl_title=\"\" class=\"rl-gallery-link\" data-rl_caption=\"\" data-rel=\"lightbox-gallery-1\"><img loading=\"lazy\" decoding=\"async\" width=\"150\" height=\"150\" src=\"http:\/\/esponsorama.ad\/wp-content\/uploads\/2016\/11\/18_VALENCIA-1170-150x150.jpg\" class=\"attachment-thumbnail size-thumbnail\" alt=\"\" \/><\/a>\n\t\t\t<\/div><\/figure><figure class='gallery-item'>\n\t\t\t<div class='gallery-icon landscape'>\n\t\t\t\t<a href='http:\/\/esponsorama.ad\/wp-content\/uploads\/2016\/11\/18_VALENCIA-1519.jpg' title=\"\" data-rl_title=\"\" class=\"rl-gallery-link\" data-rl_caption=\"\" data-rel=\"lightbox-gallery-1\"><img loading=\"lazy\" decoding=\"async\" width=\"150\" height=\"150\" src=\"http:\/\/esponsorama.ad\/wp-content\/uploads\/2016\/11\/18_VALENCIA-1519-150x150.jpg\" class=\"attachment-thumbnail size-thumbnail\" alt=\"\" \/><\/a>\n\t\t\t<\/div><\/figure>\n\t\t<\/div>\n\n","protected":false},"excerpt":{"rendered":"<p>Els pilots d\u2019Avintia Racing han posat el punt i final al Campionat del M\u00f3n de MotoGP 2016 avui a Val\u00e8ncia. L\u2019H\u00e9ctor Barber\u00e1 ha lluitat durant tota la cursa per acabar entre els deu primers i a punt ha estat d&#8217;aconseguir-ho despr\u00e9s d&#8217;una intensa batalla en les \u00faltimes voltes amb l\u2019\u00c1lvaro Bautista, encara que finalment ha [&hellip;]<\/p>\n","protected":false},"author":6,"featured_media":842,"comment_status":"closed","ping_status":"closed","sticky":false,"template":"","format":"standard","meta":{"footnotes":""},"categories":[3],"tags":[],"class_list":["post-837","post","type-post","status-publish","format-standard","has-post-thumbnail","hentry","category-motogp"],"yoast_head":"<!-- This site is optimized with the Yoast SEO plugin v27.1.1 - https:\/\/yoast.com\/product\/yoast-seo-wordpress\/ -->\n<title>L\u2019H\u00e9ctor Barber\u00e1 i Avintia Racing completen un gran any a Val\u00e8ncia - Esponsorama<\/title>\n<meta name=\"robots\" content=\"index, follow, max-snippet:-1, max-image-preview:large, max-video-preview:-1\" \/>\n<link rel=\"canonical\" href=\"http:\/\/esponsorama.ad\/ca\/lhector-barbera-i-avintia-racing-completen-gran-any-valencia-3\/\" \/>\n<meta property=\"og:locale\" content=\"en_US\" \/>\n<meta property=\"og:type\" content=\"article\" \/>\n<meta property=\"og:title\" content=\"L\u2019H\u00e9ctor Barber\u00e1 i Avintia Racing completen un gran any a Val\u00e8ncia - Esponsorama\" \/>\n<meta property=\"og:description\" content=\"Els pilots d\u2019Avintia Racing han posat el punt i final al Campionat del M\u00f3n de MotoGP 2016 avui a Val\u00e8ncia. L\u2019H\u00e9ctor Barber\u00e1 ha lluitat durant tota la cursa per acabar entre els deu primers i a punt ha estat d&#8217;aconseguir-ho despr\u00e9s d&#8217;una intensa batalla en les \u00faltimes voltes amb l\u2019\u00c1lvaro Bautista, encara que finalment ha [&hellip;]\" \/>\n<meta property=\"og:url\" content=\"http:\/\/esponsorama.ad\/ca\/lhector-barbera-i-avintia-racing-completen-gran-any-valencia-3\/\" \/>\n<meta property=\"og:site_name\" content=\"Esponsorama\" \/>\n<meta property=\"article:published_time\" content=\"2016-11-13T13:21:41+00:00\" \/>\n<meta property=\"article:modified_time\" content=\"2016-11-15T11:27:39+00:00\" \/>\n<meta property=\"og:image\" content=\"http:\/\/esponsorama.ad\/wp-content\/uploads\/2016\/11\/18_VALENCIA-1730-1024x683.jpg\" \/>\n\t<meta property=\"og:image:width\" content=\"1024\" \/>\n\t<meta property=\"og:image:height\" content=\"683\" \/>\n\t<meta property=\"og:image:type\" content=\"image\/jpeg\" \/>\n<meta name=\"author\" content=\"Xavi Andornet\" \/>\n<meta name=\"twitter:card\" content=\"summary_large_image\" \/>\n<meta name=\"twitter:label1\" content=\"Written by\" \/>\n\t<meta name=\"twitter:data1\" content=\"Xavi Andornet\" \/>\n\t<meta name=\"twitter:label2\" content=\"Est. reading time\" \/>\n\t<meta name=\"twitter:data2\" content=\"3 minutes\" \/>\n<script type=\"application\/ld+json\" class=\"yoast-schema-graph\">{\"@context\":\"https:\/\/schema.org\",\"@graph\":[{\"@type\":\"Article\",\"@id\":\"http:\/\/esponsorama.ad\/ca\/lhector-barbera-i-avintia-racing-completen-gran-any-valencia-3\/#article\",\"isPartOf\":{\"@id\":\"http:\/\/esponsorama.ad\/ca\/lhector-barbera-i-avintia-racing-completen-gran-any-valencia-3\/\"},\"author\":{\"name\":\"Xavi Andornet\",\"@id\":\"http:\/\/esponsorama.ad\/es\/#\/schema\/person\/a5cde74945183d737066e46b61c6f9c4\"},\"headline\":\"L\u2019H\u00e9ctor Barber\u00e1 i Avintia Racing completen un gran any a Val\u00e8ncia\",\"datePublished\":\"2016-11-13T13:21:41+00:00\",\"dateModified\":\"2016-11-15T11:27:39+00:00\",\"mainEntityOfPage\":{\"@id\":\"http:\/\/esponsorama.ad\/ca\/lhector-barbera-i-avintia-racing-completen-gran-any-valencia-3\/\"},\"wordCount\":582,\"image\":{\"@id\":\"http:\/\/esponsorama.ad\/ca\/lhector-barbera-i-avintia-racing-completen-gran-any-valencia-3\/#primaryimage\"},\"thumbnailUrl\":\"http:\/\/esponsorama.ad\/wp-content\/uploads\/2016\/11\/18_VALENCIA-1730.jpg\",\"articleSection\":[\"MotoGP\"],\"inLanguage\":\"ca-AD\"},{\"@type\":\"WebPage\",\"@id\":\"http:\/\/esponsorama.ad\/ca\/lhector-barbera-i-avintia-racing-completen-gran-any-valencia-3\/\",\"url\":\"http:\/\/esponsorama.ad\/ca\/lhector-barbera-i-avintia-racing-completen-gran-any-valencia-3\/\",\"name\":\"L\u2019H\u00e9ctor Barber\u00e1 i Avintia Racing completen un gran any a Val\u00e8ncia - Esponsorama\",\"isPartOf\":{\"@id\":\"http:\/\/esponsorama.ad\/es\/#website\"},\"primaryImageOfPage\":{\"@id\":\"http:\/\/esponsorama.ad\/ca\/lhector-barbera-i-avintia-racing-completen-gran-any-valencia-3\/#primaryimage\"},\"image\":{\"@id\":\"http:\/\/esponsorama.ad\/ca\/lhector-barbera-i-avintia-racing-completen-gran-any-valencia-3\/#primaryimage\"},\"thumbnailUrl\":\"http:\/\/esponsorama.ad\/wp-content\/uploads\/2016\/11\/18_VALENCIA-1730.jpg\",\"datePublished\":\"2016-11-13T13:21:41+00:00\",\"dateModified\":\"2016-11-15T11:27:39+00:00\",\"author\":{\"@id\":\"http:\/\/esponsorama.ad\/es\/#\/schema\/person\/a5cde74945183d737066e46b61c6f9c4\"},\"breadcrumb\":{\"@id\":\"http:\/\/esponsorama.ad\/ca\/lhector-barbera-i-avintia-racing-completen-gran-any-valencia-3\/#breadcrumb\"},\"inLanguage\":\"ca-AD\",\"potentialAction\":[{\"@type\":\"ReadAction\",\"target\":[\"http:\/\/esponsorama.ad\/ca\/lhector-barbera-i-avintia-racing-completen-gran-any-valencia-3\/\"]}]},{\"@type\":\"ImageObject\",\"inLanguage\":\"ca-AD\",\"@id\":\"http:\/\/esponsorama.ad\/ca\/lhector-barbera-i-avintia-racing-completen-gran-any-valencia-3\/#primaryimage\",\"url\":\"http:\/\/esponsorama.ad\/wp-content\/uploads\/2016\/11\/18_VALENCIA-1730.jpg\",\"contentUrl\":\"http:\/\/esponsorama.ad\/wp-content\/uploads\/2016\/11\/18_VALENCIA-1730.jpg\",\"width\":5184,\"height\":3456},{\"@type\":\"BreadcrumbList\",\"@id\":\"http:\/\/esponsorama.ad\/ca\/lhector-barbera-i-avintia-racing-completen-gran-any-valencia-3\/#breadcrumb\",\"itemListElement\":[{\"@type\":\"ListItem\",\"position\":1,\"name\":\"Home\",\"item\":\"http:\/\/esponsorama.ad\/ca\/\"},{\"@type\":\"ListItem\",\"position\":2,\"name\":\"L\u2019H\u00e9ctor Barber\u00e1 i Avintia Racing completen un gran any a Val\u00e8ncia\"}]},{\"@type\":\"WebSite\",\"@id\":\"http:\/\/esponsorama.ad\/es\/#website\",\"url\":\"http:\/\/esponsorama.ad\/es\/\",\"name\":\"Esponsorama\",\"description\":\"Specialist in motorsport sponsorship and event promotions\",\"potentialAction\":[{\"@type\":\"SearchAction\",\"target\":{\"@type\":\"EntryPoint\",\"urlTemplate\":\"http:\/\/esponsorama.ad\/es\/?s={search_term_string}\"},\"query-input\":{\"@type\":\"PropertyValueSpecification\",\"valueRequired\":true,\"valueName\":\"search_term_string\"}}],\"inLanguage\":\"ca-AD\"},{\"@type\":\"Person\",\"@id\":\"http:\/\/esponsorama.ad\/es\/#\/schema\/person\/a5cde74945183d737066e46b61c6f9c4\",\"name\":\"Xavi Andornet\",\"image\":{\"@type\":\"ImageObject\",\"inLanguage\":\"ca-AD\",\"@id\":\"http:\/\/esponsorama.ad\/es\/#\/schema\/person\/image\/\",\"url\":\"https:\/\/secure.gravatar.com\/avatar\/f10eaf9ad601244a2357c9fd7cd9805ed166cfaaf76d5d9ab08a9d873e70147a?s=96&d=mm&r=g\",\"contentUrl\":\"https:\/\/secure.gravatar.com\/avatar\/f10eaf9ad601244a2357c9fd7cd9805ed166cfaaf76d5d9ab08a9d873e70147a?s=96&d=mm&r=g\",\"caption\":\"Xavi Andornet\"},\"sameAs\":[\"http:\/\/www.andornet.ad\"],\"url\":\"http:\/\/esponsorama.ad\/ca\/author\/andornet\/\"}]}<\/script>\n<!-- \/ Yoast SEO plugin. -->","yoast_head_json":{"title":"L\u2019H\u00e9ctor Barber\u00e1 i Avintia Racing completen un gran any a Val\u00e8ncia - Esponsorama","robots":{"index":"index","follow":"follow","max-snippet":"max-snippet:-1","max-image-preview":"max-image-preview:large","max-video-preview":"max-video-preview:-1"},"canonical":"http:\/\/esponsorama.ad\/ca\/lhector-barbera-i-avintia-racing-completen-gran-any-valencia-3\/","og_locale":"en_US","og_type":"article","og_title":"L\u2019H\u00e9ctor Barber\u00e1 i Avintia Racing completen un gran any a Val\u00e8ncia - Esponsorama","og_description":"Els pilots d\u2019Avintia Racing han posat el punt i final al Campionat del M\u00f3n de MotoGP 2016 avui a Val\u00e8ncia. L\u2019H\u00e9ctor Barber\u00e1 ha lluitat durant tota la cursa per acabar entre els deu primers i a punt ha estat d&#8217;aconseguir-ho despr\u00e9s d&#8217;una intensa batalla en les \u00faltimes voltes amb l\u2019\u00c1lvaro Bautista, encara que finalment ha [&hellip;]","og_url":"http:\/\/esponsorama.ad\/ca\/lhector-barbera-i-avintia-racing-completen-gran-any-valencia-3\/","og_site_name":"Esponsorama","article_published_time":"2016-11-13T13:21:41+00:00","article_modified_time":"2016-11-15T11:27:39+00:00","og_image":[{"width":1024,"height":683,"url":"http:\/\/esponsorama.ad\/wp-content\/uploads\/2016\/11\/18_VALENCIA-1730-1024x683.jpg","type":"image\/jpeg"}],"author":"Xavi Andornet","twitter_card":"summary_large_image","twitter_misc":{"Written by":"Xavi Andornet","Est. reading time":"3 minutes"},"schema":{"@context":"https:\/\/schema.org","@graph":[{"@type":"Article","@id":"http:\/\/esponsorama.ad\/ca\/lhector-barbera-i-avintia-racing-completen-gran-any-valencia-3\/#article","isPartOf":{"@id":"http:\/\/esponsorama.ad\/ca\/lhector-barbera-i-avintia-racing-completen-gran-any-valencia-3\/"},"author":{"name":"Xavi Andornet","@id":"http:\/\/esponsorama.ad\/es\/#\/schema\/person\/a5cde74945183d737066e46b61c6f9c4"},"headline":"L\u2019H\u00e9ctor Barber\u00e1 i Avintia Racing completen un gran any a Val\u00e8ncia","datePublished":"2016-11-13T13:21:41+00:00","dateModified":"2016-11-15T11:27:39+00:00","mainEntityOfPage":{"@id":"http:\/\/esponsorama.ad\/ca\/lhector-barbera-i-avintia-racing-completen-gran-any-valencia-3\/"},"wordCount":582,"image":{"@id":"http:\/\/esponsorama.ad\/ca\/lhector-barbera-i-avintia-racing-completen-gran-any-valencia-3\/#primaryimage"},"thumbnailUrl":"http:\/\/esponsorama.ad\/wp-content\/uploads\/2016\/11\/18_VALENCIA-1730.jpg","articleSection":["MotoGP"],"inLanguage":"ca-AD"},{"@type":"WebPage","@id":"http:\/\/esponsorama.ad\/ca\/lhector-barbera-i-avintia-racing-completen-gran-any-valencia-3\/","url":"http:\/\/esponsorama.ad\/ca\/lhector-barbera-i-avintia-racing-completen-gran-any-valencia-3\/","name":"L\u2019H\u00e9ctor Barber\u00e1 i Avintia Racing completen un gran any a Val\u00e8ncia - Esponsorama","isPartOf":{"@id":"http:\/\/esponsorama.ad\/es\/#website"},"primaryImageOfPage":{"@id":"http:\/\/esponsorama.ad\/ca\/lhector-barbera-i-avintia-racing-completen-gran-any-valencia-3\/#primaryimage"},"image":{"@id":"http:\/\/esponsorama.ad\/ca\/lhector-barbera-i-avintia-racing-completen-gran-any-valencia-3\/#primaryimage"},"thumbnailUrl":"http:\/\/esponsorama.ad\/wp-content\/uploads\/2016\/11\/18_VALENCIA-1730.jpg","datePublished":"2016-11-13T13:21:41+00:00","dateModified":"2016-11-15T11:27:39+00:00","author":{"@id":"http:\/\/esponsorama.ad\/es\/#\/schema\/person\/a5cde74945183d737066e46b61c6f9c4"},"breadcrumb":{"@id":"http:\/\/esponsorama.ad\/ca\/lhector-barbera-i-avintia-racing-completen-gran-any-valencia-3\/#breadcrumb"},"inLanguage":"ca-AD","potentialAction":[{"@type":"ReadAction","target":["http:\/\/esponsorama.ad\/ca\/lhector-barbera-i-avintia-racing-completen-gran-any-valencia-3\/"]}]},{"@type":"ImageObject","inLanguage":"ca-AD","@id":"http:\/\/esponsorama.ad\/ca\/lhector-barbera-i-avintia-racing-completen-gran-any-valencia-3\/#primaryimage","url":"http:\/\/esponsorama.ad\/wp-content\/uploads\/2016\/11\/18_VALENCIA-1730.jpg","contentUrl":"http:\/\/esponsorama.ad\/wp-content\/uploads\/2016\/11\/18_VALENCIA-1730.jpg","width":5184,"height":3456},{"@type":"BreadcrumbList","@id":"http:\/\/esponsorama.ad\/ca\/lhector-barbera-i-avintia-racing-completen-gran-any-valencia-3\/#breadcrumb","itemListElement":[{"@type":"ListItem","position":1,"name":"Home","item":"http:\/\/esponsorama.ad\/ca\/"},{"@type":"ListItem","position":2,"name":"L\u2019H\u00e9ctor Barber\u00e1 i Avintia Racing completen un gran any a Val\u00e8ncia"}]},{"@type":"WebSite","@id":"http:\/\/esponsorama.ad\/es\/#website","url":"http:\/\/esponsorama.ad\/es\/","name":"Esponsorama","description":"Specialist in motorsport sponsorship and event promotions","potentialAction":[{"@type":"SearchAction","target":{"@type":"EntryPoint","urlTemplate":"http:\/\/esponsorama.ad\/es\/?s={search_term_string}"},"query-input":{"@type":"PropertyValueSpecification","valueRequired":true,"valueName":"search_term_string"}}],"inLanguage":"ca-AD"},{"@type":"Person","@id":"http:\/\/esponsorama.ad\/es\/#\/schema\/person\/a5cde74945183d737066e46b61c6f9c4","name":"Xavi Andornet","image":{"@type":"ImageObject","inLanguage":"ca-AD","@id":"http:\/\/esponsorama.ad\/es\/#\/schema\/person\/image\/","url":"https:\/\/secure.gravatar.com\/avatar\/f10eaf9ad601244a2357c9fd7cd9805ed166cfaaf76d5d9ab08a9d873e70147a?s=96&d=mm&r=g","contentUrl":"https:\/\/secure.gravatar.com\/avatar\/f10eaf9ad601244a2357c9fd7cd9805ed166cfaaf76d5d9ab08a9d873e70147a?s=96&d=mm&r=g","caption":"Xavi Andornet"},"sameAs":["http:\/\/www.andornet.ad"],"url":"http:\/\/esponsorama.ad\/ca\/author\/andornet\/"}]}},"_links":{"self":[{"href":"http:\/\/esponsorama.ad\/ca\/wp-json\/wp\/v2\/posts\/837","targetHints":{"allow":["GET"]}}],"collection":[{"href":"http:\/\/esponsorama.ad\/ca\/wp-json\/wp\/v2\/posts"}],"about":[{"href":"http:\/\/esponsorama.ad\/ca\/wp-json\/wp\/v2\/types\/post"}],"author":[{"embeddable":true,"href":"http:\/\/esponsorama.ad\/ca\/wp-json\/wp\/v2\/users\/6"}],"replies":[{"embeddable":true,"href":"http:\/\/esponsorama.ad\/ca\/wp-json\/wp\/v2\/comments?post=837"}],"version-history":[{"count":0,"href":"http:\/\/esponsorama.ad\/ca\/wp-json\/wp\/v2\/posts\/837\/revisions"}],"wp:featuredmedia":[{"embeddable":true,"href":"http:\/\/esponsorama.ad\/ca\/wp-json\/wp\/v2\/media\/842"}],"wp:attachment":[{"href":"http:\/\/esponsorama.ad\/ca\/wp-json\/wp\/v2\/media?parent=837"}],"wp:term":[{"taxonomy":"category","embeddable":true,"href":"http:\/\/esponsorama.ad\/ca\/wp-json\/wp\/v2\/categories?post=837"},{"taxonomy":"post_tag","embeddable":true,"href":"http:\/\/esponsorama.ad\/ca\/wp-json\/wp\/v2\/tags?post=837"}],"curies":[{"name":"wp","href":"https:\/\/api.w.org\/{rel}","templated":true}]}}