{"id":878,"date":"2016-11-18T18:03:17","date_gmt":"2016-11-18T16:03:17","guid":{"rendered":"http:\/\/esponsorama.ad\/?p=878"},"modified":"2016-11-19T20:13:51","modified_gmt":"2016-11-19T18:13:51","slug":"esponsorama-presenta-proyectos-nani-roma-xevi-pons-dakar-2017","status":"publish","type":"post","link":"http:\/\/esponsorama.ad\/ca\/esponsorama-presenta-proyectos-nani-roma-xevi-pons-dakar-2017\/","title":{"rendered":"Esponsorama presenta els seus projectes amb en Nani Roma i en Xevi Pons pel Dakar 2017"},"content":{"rendered":"<p>Avui ha tingut lloc al Circuit d&#8217;Andorra al Pas de la Casa la presentaci\u00f3 dels projectes de patrocini de Esponsorama pel proper Ral\u00b7li Dakar, on ser\u00e0 present amb els seus sponsors amb els cotxes d\u2019en Joan &#8220;Nani&#8221; Roma i en Xevi Pons.<\/p>\n<p>En Nani s&#8217;estrena aquest any amb l&#8217;equip oficial Toyota Gazoo Racing, mentre que en Pons repeteix el seu segon any al Rally amb Ford i l&#8217;equip South Racing.<\/p>\n<p>Esponsorama tamb\u00e9 donar\u00e0 suport al pilot andorr\u00e0 Cristian Espanya, que afrontar\u00e0 el seu segon Dakar a la categoria de motos amb KTM.<\/p>\n<p>A la presentaci\u00f3 d\u2019Andorra, convidats de premsa i patrocinadors van tenir l&#8217;ocasi\u00f3 de muntar als cotxes amb en Roma i en Pons, i aix\u00ed experimentar el que es viu des del seient del copilot. La presentaci\u00f3 s&#8217;ha desenvolupat a 2.400 metres d&#8217;al\u00e7ada amb temperatures molt baixes i pneum\u00e0tics de claus als seus cotxes, amb els pilots i les m\u00e0quines s&#8217;han enfrontat a condicions molt diferents a les que tindran al Dakar.<\/p>\n<p>El Ral\u00b7li Dakar comen\u00e7ar\u00e0 el proper dia 2 de gener a Asunci\u00f3n, Paraguai, i el recorregut promet ser molt m\u00e9s dur que en les passades edicions i transcorrer\u00e0 per terres de Bol\u00edvia i l&#8217;Argentina per acabar el dia 14 a Buenos Aires.<\/p>\n<p><strong>Joan &#8220;Nani&#8221; Roma (Toyoya Gazoo Racing)<\/strong><\/p>\n<p>&#8220;Sempre \u00e9s un plaer estar a Andorra, tot i que fa una mica de fred, per\u00f2 hem passat un dia divertit amb gent apassionada de les carreres, del Dakar i amb alguns sponsors. El Dakar aquest any es presenta b\u00e9, ser\u00e0 dur perqu\u00e8 aparentment van a fer un recorregut molt dif\u00edcil, estarem cinc dies amb al\u00e7ada a Bol\u00edvia i ser\u00e0 dur. Per\u00f2 estem preparats, tenim el Toyota a punt, l\u2019estan acabant de preparar a B\u00e8lgica a la base de l&#8217;equip i tenim molt bon cotxe. Estem molt motivats, per\u00f2 tamb\u00e9 sabem que el Dakar \u00e9s una cursa dura, molt llarga i en la qual pot passar de tot, per\u00f2 tenim molt bon equip amb Nasser Al-Attiyah, Giniel de Villiers, i jo mateix, per tant estem per lluitar per guanyar. Sempre \u00e9s dif\u00edcil per\u00f2 estem motivats. El Toyota va molt b\u00e9, hem corregut la Baixa Arag\u00f3, el Marroc i hem fet molts dies de test. Hem millorat les prestacions del cotxe i estem preparats. &#8221;<\/p>\n<p><strong>Xevi Pons (Ford South Racing)<\/strong><\/p>\n<p>&#8220;Ser\u00e0 el meu segon Dakar i ja s\u00e9 el que em vaig a trobar. Hem treballat molt el cotxe per guanyar fiabilitat i no tenir els problemes de l&#8217;any passat, i la veritat \u00e9s que estic for\u00e7a animat. Hem fet tres \u201cBajas\u201d del Mundial amb bons resultats i estem preparats per fer-ho b\u00e9. Arribem m\u00e9s preparats, per\u00f2 tamb\u00e9 cal ser realistes perqu\u00e8 no som un equip oficial, per\u00f2 quan tinguem oportunitat ens deixarem veure, aix\u00f2 segur. Els objectius seran millorar el de l&#8217;any passat i acabar entre els 15 primers, que amb els cotxes que hi ha davant, seria una posici\u00f3 l\u00f2gica, i tamb\u00e9 fer alguna etapa bona i deixar-nos veure per davant. La presentaci\u00f3 d\u2019Andorra amb la neu ha estat molt bonica, a m\u00e9s estem a for\u00e7a al\u00e7ada, amb el que ens servir\u00e0 per aclimatar-nos a les etapes d&#8217;altura de Bol\u00edvia. &#8221;<\/p>\n<p><strong>Cristian Espa\u00f1a (Team Pedreg\u00e1 KTM)<\/strong><\/p>\n<p>&#8220;Hem fet un canvi de moto important i hem apostat per KTM que compta amb molta experi\u00e8ncia al Dakar. La moto me l&#8217;ha preparat en Jordi Viladoms i tindrem molta fiabilitat per afrontar aquest any el Dakar. El ral\u00b7li es presenta bastant dur, sobretot les etapes de Bol\u00edvia, on l&#8217;any passat vam tenir tres dies i aquest any tindrem cinc. Jo crec que el Dakar comen\u00e7ar\u00e0 a partir de Bol\u00edvia amb l&#8217;altura i quan tornem a entrar un altre cop a Argentina ser\u00e0 un ral\u00b7li bastant dur, ple de navegaci\u00f3 i amb terrenys molt diferents. Aqu\u00ed estem a la presentaci\u00f3 amb Esponsorama, tenia moltes ganes perqu\u00e8 aquest any amb en Rub\u00e9n he entrenat molt\u00edssim i treballant molt al Circuit d&#8217;Andorra durant l&#8217;estiu, fent supermoto, dirt track, motocr\u00f2s, i tenim a tota la gent del pa\u00eds bolcada amb el projecte. Per a Andorra el que est\u00e0 fent Esponsorama \u00e9s molt bo, perqu\u00e8 fa dos anys la gent no coneixia tot el que fem aqu\u00ed. L&#8217;objectiu \u00e9s acabar la carrera i com m\u00e9s amunt possible millor. &#8220;<\/p>\n","protected":false},"excerpt":{"rendered":"<p>Avui ha tingut lloc al Circuit d&#8217;Andorra al Pas de la Casa la presentaci\u00f3 dels projectes de patrocini de Esponsorama pel proper Ral\u00b7li Dakar, on ser\u00e0 present amb els seus sponsors amb els cotxes d\u2019en Joan &#8220;Nani&#8221; Roma i en Xevi Pons. En Nani s&#8217;estrena aquest any amb l&#8217;equip oficial Toyota Gazoo Racing, mentre que [&hellip;]<\/p>\n","protected":false},"author":6,"featured_media":880,"comment_status":"closed","ping_status":"closed","sticky":false,"template":"","format":"standard","meta":{"footnotes":""},"categories":[4,7,6],"tags":[],"class_list":["post-878","post","type-post","status-publish","format-standard","has-post-thumbnail","hentry","category-dakar","category-ford-south-racing","category-toyota-overdrive"],"yoast_head":"<!-- This site is optimized with the Yoast SEO plugin v27.1.1 - https:\/\/yoast.com\/product\/yoast-seo-wordpress\/ -->\n<title>Esponsorama presenta els seus projectes amb en Nani Roma i en Xevi Pons pel Dakar 2017 - Esponsorama<\/title>\n<meta name=\"robots\" content=\"index, follow, max-snippet:-1, max-image-preview:large, max-video-preview:-1\" \/>\n<link rel=\"canonical\" href=\"http:\/\/esponsorama.ad\/ca\/esponsorama-presenta-proyectos-nani-roma-xevi-pons-dakar-2017\/\" \/>\n<meta property=\"og:locale\" content=\"en_US\" \/>\n<meta property=\"og:type\" content=\"article\" \/>\n<meta property=\"og:title\" content=\"Esponsorama presenta els seus projectes amb en Nani Roma i en Xevi Pons pel Dakar 2017 - Esponsorama\" \/>\n<meta property=\"og:description\" content=\"Avui ha tingut lloc al Circuit d&#8217;Andorra al Pas de la Casa la presentaci\u00f3 dels projectes de patrocini de Esponsorama pel proper Ral\u00b7li Dakar, on ser\u00e0 present amb els seus sponsors amb els cotxes d\u2019en Joan &#8220;Nani&#8221; Roma i en Xevi Pons. En Nani s&#8217;estrena aquest any amb l&#8217;equip oficial Toyota Gazoo Racing, mentre que [&hellip;]\" \/>\n<meta property=\"og:url\" content=\"http:\/\/esponsorama.ad\/ca\/esponsorama-presenta-proyectos-nani-roma-xevi-pons-dakar-2017\/\" \/>\n<meta property=\"og:site_name\" content=\"Esponsorama\" \/>\n<meta property=\"article:published_time\" content=\"2016-11-18T16:03:17+00:00\" \/>\n<meta property=\"article:modified_time\" content=\"2016-11-19T18:13:51+00:00\" \/>\n<meta property=\"og:image\" content=\"http:\/\/esponsorama.ad\/wp-content\/uploads\/2016\/11\/EsponsoramaDAKAR_17_JOC0841-1024x683.jpg\" \/>\n\t<meta property=\"og:image:width\" content=\"1024\" \/>\n\t<meta property=\"og:image:height\" content=\"683\" \/>\n\t<meta property=\"og:image:type\" content=\"image\/jpeg\" \/>\n<meta name=\"author\" content=\"Xavi Andornet\" \/>\n<meta name=\"twitter:card\" content=\"summary_large_image\" \/>\n<meta name=\"twitter:label1\" content=\"Written by\" \/>\n\t<meta name=\"twitter:data1\" content=\"Xavi Andornet\" \/>\n\t<meta name=\"twitter:label2\" content=\"Est. reading time\" \/>\n\t<meta name=\"twitter:data2\" content=\"4 minutes\" \/>\n<script type=\"application\/ld+json\" class=\"yoast-schema-graph\">{\"@context\":\"https:\/\/schema.org\",\"@graph\":[{\"@type\":\"Article\",\"@id\":\"http:\/\/esponsorama.ad\/ca\/esponsorama-presenta-proyectos-nani-roma-xevi-pons-dakar-2017\/#article\",\"isPartOf\":{\"@id\":\"http:\/\/esponsorama.ad\/ca\/esponsorama-presenta-proyectos-nani-roma-xevi-pons-dakar-2017\/\"},\"author\":{\"name\":\"Xavi Andornet\",\"@id\":\"http:\/\/esponsorama.ad\/es\/#\/schema\/person\/a5cde74945183d737066e46b61c6f9c4\"},\"headline\":\"Esponsorama presenta els seus projectes amb en Nani Roma i en Xevi Pons pel Dakar 2017\",\"datePublished\":\"2016-11-18T16:03:17+00:00\",\"dateModified\":\"2016-11-19T18:13:51+00:00\",\"mainEntityOfPage\":{\"@id\":\"http:\/\/esponsorama.ad\/ca\/esponsorama-presenta-proyectos-nani-roma-xevi-pons-dakar-2017\/\"},\"wordCount\":748,\"image\":{\"@id\":\"http:\/\/esponsorama.ad\/ca\/esponsorama-presenta-proyectos-nani-roma-xevi-pons-dakar-2017\/#primaryimage\"},\"thumbnailUrl\":\"http:\/\/esponsorama.ad\/wp-content\/uploads\/2016\/11\/EsponsoramaDAKAR_17_JOC0841.jpg\",\"articleSection\":[\"Dakar\",\"Ford South Racing\",\"Toyota Overdrive\"],\"inLanguage\":\"ca-AD\"},{\"@type\":\"WebPage\",\"@id\":\"http:\/\/esponsorama.ad\/ca\/esponsorama-presenta-proyectos-nani-roma-xevi-pons-dakar-2017\/\",\"url\":\"http:\/\/esponsorama.ad\/ca\/esponsorama-presenta-proyectos-nani-roma-xevi-pons-dakar-2017\/\",\"name\":\"Esponsorama presenta els seus projectes amb en Nani Roma i en Xevi Pons pel Dakar 2017 - Esponsorama\",\"isPartOf\":{\"@id\":\"http:\/\/esponsorama.ad\/es\/#website\"},\"primaryImageOfPage\":{\"@id\":\"http:\/\/esponsorama.ad\/ca\/esponsorama-presenta-proyectos-nani-roma-xevi-pons-dakar-2017\/#primaryimage\"},\"image\":{\"@id\":\"http:\/\/esponsorama.ad\/ca\/esponsorama-presenta-proyectos-nani-roma-xevi-pons-dakar-2017\/#primaryimage\"},\"thumbnailUrl\":\"http:\/\/esponsorama.ad\/wp-content\/uploads\/2016\/11\/EsponsoramaDAKAR_17_JOC0841.jpg\",\"datePublished\":\"2016-11-18T16:03:17+00:00\",\"dateModified\":\"2016-11-19T18:13:51+00:00\",\"author\":{\"@id\":\"http:\/\/esponsorama.ad\/es\/#\/schema\/person\/a5cde74945183d737066e46b61c6f9c4\"},\"breadcrumb\":{\"@id\":\"http:\/\/esponsorama.ad\/ca\/esponsorama-presenta-proyectos-nani-roma-xevi-pons-dakar-2017\/#breadcrumb\"},\"inLanguage\":\"ca-AD\",\"potentialAction\":[{\"@type\":\"ReadAction\",\"target\":[\"http:\/\/esponsorama.ad\/ca\/esponsorama-presenta-proyectos-nani-roma-xevi-pons-dakar-2017\/\"]}]},{\"@type\":\"ImageObject\",\"inLanguage\":\"ca-AD\",\"@id\":\"http:\/\/esponsorama.ad\/ca\/esponsorama-presenta-proyectos-nani-roma-xevi-pons-dakar-2017\/#primaryimage\",\"url\":\"http:\/\/esponsorama.ad\/wp-content\/uploads\/2016\/11\/EsponsoramaDAKAR_17_JOC0841.jpg\",\"contentUrl\":\"http:\/\/esponsorama.ad\/wp-content\/uploads\/2016\/11\/EsponsoramaDAKAR_17_JOC0841.jpg\",\"width\":5184,\"height\":3456,\"caption\":\"Presentaci\u00f3n ESPONSORAMA Dakar 2017; Xevi Pons, Nani Roma y Chistian Espa\u00f1a\"},{\"@type\":\"BreadcrumbList\",\"@id\":\"http:\/\/esponsorama.ad\/ca\/esponsorama-presenta-proyectos-nani-roma-xevi-pons-dakar-2017\/#breadcrumb\",\"itemListElement\":[{\"@type\":\"ListItem\",\"position\":1,\"name\":\"Home\",\"item\":\"http:\/\/esponsorama.ad\/ca\/\"},{\"@type\":\"ListItem\",\"position\":2,\"name\":\"Esponsorama presenta els seus projectes amb en Nani Roma i en Xevi Pons pel Dakar 2017\"}]},{\"@type\":\"WebSite\",\"@id\":\"http:\/\/esponsorama.ad\/es\/#website\",\"url\":\"http:\/\/esponsorama.ad\/es\/\",\"name\":\"Esponsorama\",\"description\":\"Specialist in motorsport sponsorship and event promotions\",\"potentialAction\":[{\"@type\":\"SearchAction\",\"target\":{\"@type\":\"EntryPoint\",\"urlTemplate\":\"http:\/\/esponsorama.ad\/es\/?s={search_term_string}\"},\"query-input\":{\"@type\":\"PropertyValueSpecification\",\"valueRequired\":true,\"valueName\":\"search_term_string\"}}],\"inLanguage\":\"ca-AD\"},{\"@type\":\"Person\",\"@id\":\"http:\/\/esponsorama.ad\/es\/#\/schema\/person\/a5cde74945183d737066e46b61c6f9c4\",\"name\":\"Xavi Andornet\",\"image\":{\"@type\":\"ImageObject\",\"inLanguage\":\"ca-AD\",\"@id\":\"http:\/\/esponsorama.ad\/es\/#\/schema\/person\/image\/\",\"url\":\"https:\/\/secure.gravatar.com\/avatar\/f10eaf9ad601244a2357c9fd7cd9805ed166cfaaf76d5d9ab08a9d873e70147a?s=96&d=mm&r=g\",\"contentUrl\":\"https:\/\/secure.gravatar.com\/avatar\/f10eaf9ad601244a2357c9fd7cd9805ed166cfaaf76d5d9ab08a9d873e70147a?s=96&d=mm&r=g\",\"caption\":\"Xavi Andornet\"},\"sameAs\":[\"http:\/\/www.andornet.ad\"],\"url\":\"http:\/\/esponsorama.ad\/ca\/author\/andornet\/\"}]}<\/script>\n<!-- \/ Yoast SEO plugin. -->","yoast_head_json":{"title":"Esponsorama presenta els seus projectes amb en Nani Roma i en Xevi Pons pel Dakar 2017 - Esponsorama","robots":{"index":"index","follow":"follow","max-snippet":"max-snippet:-1","max-image-preview":"max-image-preview:large","max-video-preview":"max-video-preview:-1"},"canonical":"http:\/\/esponsorama.ad\/ca\/esponsorama-presenta-proyectos-nani-roma-xevi-pons-dakar-2017\/","og_locale":"en_US","og_type":"article","og_title":"Esponsorama presenta els seus projectes amb en Nani Roma i en Xevi Pons pel Dakar 2017 - Esponsorama","og_description":"Avui ha tingut lloc al Circuit d&#8217;Andorra al Pas de la Casa la presentaci\u00f3 dels projectes de patrocini de Esponsorama pel proper Ral\u00b7li Dakar, on ser\u00e0 present amb els seus sponsors amb els cotxes d\u2019en Joan &#8220;Nani&#8221; Roma i en Xevi Pons. En Nani s&#8217;estrena aquest any amb l&#8217;equip oficial Toyota Gazoo Racing, mentre que [&hellip;]","og_url":"http:\/\/esponsorama.ad\/ca\/esponsorama-presenta-proyectos-nani-roma-xevi-pons-dakar-2017\/","og_site_name":"Esponsorama","article_published_time":"2016-11-18T16:03:17+00:00","article_modified_time":"2016-11-19T18:13:51+00:00","og_image":[{"width":1024,"height":683,"url":"http:\/\/esponsorama.ad\/wp-content\/uploads\/2016\/11\/EsponsoramaDAKAR_17_JOC0841-1024x683.jpg","type":"image\/jpeg"}],"author":"Xavi Andornet","twitter_card":"summary_large_image","twitter_misc":{"Written by":"Xavi Andornet","Est. reading time":"4 minutes"},"schema":{"@context":"https:\/\/schema.org","@graph":[{"@type":"Article","@id":"http:\/\/esponsorama.ad\/ca\/esponsorama-presenta-proyectos-nani-roma-xevi-pons-dakar-2017\/#article","isPartOf":{"@id":"http:\/\/esponsorama.ad\/ca\/esponsorama-presenta-proyectos-nani-roma-xevi-pons-dakar-2017\/"},"author":{"name":"Xavi Andornet","@id":"http:\/\/esponsorama.ad\/es\/#\/schema\/person\/a5cde74945183d737066e46b61c6f9c4"},"headline":"Esponsorama presenta els seus projectes amb en Nani Roma i en Xevi Pons pel Dakar 2017","datePublished":"2016-11-18T16:03:17+00:00","dateModified":"2016-11-19T18:13:51+00:00","mainEntityOfPage":{"@id":"http:\/\/esponsorama.ad\/ca\/esponsorama-presenta-proyectos-nani-roma-xevi-pons-dakar-2017\/"},"wordCount":748,"image":{"@id":"http:\/\/esponsorama.ad\/ca\/esponsorama-presenta-proyectos-nani-roma-xevi-pons-dakar-2017\/#primaryimage"},"thumbnailUrl":"http:\/\/esponsorama.ad\/wp-content\/uploads\/2016\/11\/EsponsoramaDAKAR_17_JOC0841.jpg","articleSection":["Dakar","Ford South Racing","Toyota Overdrive"],"inLanguage":"ca-AD"},{"@type":"WebPage","@id":"http:\/\/esponsorama.ad\/ca\/esponsorama-presenta-proyectos-nani-roma-xevi-pons-dakar-2017\/","url":"http:\/\/esponsorama.ad\/ca\/esponsorama-presenta-proyectos-nani-roma-xevi-pons-dakar-2017\/","name":"Esponsorama presenta els seus projectes amb en Nani Roma i en Xevi Pons pel Dakar 2017 - Esponsorama","isPartOf":{"@id":"http:\/\/esponsorama.ad\/es\/#website"},"primaryImageOfPage":{"@id":"http:\/\/esponsorama.ad\/ca\/esponsorama-presenta-proyectos-nani-roma-xevi-pons-dakar-2017\/#primaryimage"},"image":{"@id":"http:\/\/esponsorama.ad\/ca\/esponsorama-presenta-proyectos-nani-roma-xevi-pons-dakar-2017\/#primaryimage"},"thumbnailUrl":"http:\/\/esponsorama.ad\/wp-content\/uploads\/2016\/11\/EsponsoramaDAKAR_17_JOC0841.jpg","datePublished":"2016-11-18T16:03:17+00:00","dateModified":"2016-11-19T18:13:51+00:00","author":{"@id":"http:\/\/esponsorama.ad\/es\/#\/schema\/person\/a5cde74945183d737066e46b61c6f9c4"},"breadcrumb":{"@id":"http:\/\/esponsorama.ad\/ca\/esponsorama-presenta-proyectos-nani-roma-xevi-pons-dakar-2017\/#breadcrumb"},"inLanguage":"ca-AD","potentialAction":[{"@type":"ReadAction","target":["http:\/\/esponsorama.ad\/ca\/esponsorama-presenta-proyectos-nani-roma-xevi-pons-dakar-2017\/"]}]},{"@type":"ImageObject","inLanguage":"ca-AD","@id":"http:\/\/esponsorama.ad\/ca\/esponsorama-presenta-proyectos-nani-roma-xevi-pons-dakar-2017\/#primaryimage","url":"http:\/\/esponsorama.ad\/wp-content\/uploads\/2016\/11\/EsponsoramaDAKAR_17_JOC0841.jpg","contentUrl":"http:\/\/esponsorama.ad\/wp-content\/uploads\/2016\/11\/EsponsoramaDAKAR_17_JOC0841.jpg","width":5184,"height":3456,"caption":"Presentaci\u00f3n ESPONSORAMA Dakar 2017; Xevi Pons, Nani Roma y Chistian Espa\u00f1a"},{"@type":"BreadcrumbList","@id":"http:\/\/esponsorama.ad\/ca\/esponsorama-presenta-proyectos-nani-roma-xevi-pons-dakar-2017\/#breadcrumb","itemListElement":[{"@type":"ListItem","position":1,"name":"Home","item":"http:\/\/esponsorama.ad\/ca\/"},{"@type":"ListItem","position":2,"name":"Esponsorama presenta els seus projectes amb en Nani Roma i en Xevi Pons pel Dakar 2017"}]},{"@type":"WebSite","@id":"http:\/\/esponsorama.ad\/es\/#website","url":"http:\/\/esponsorama.ad\/es\/","name":"Esponsorama","description":"Specialist in motorsport sponsorship and event promotions","potentialAction":[{"@type":"SearchAction","target":{"@type":"EntryPoint","urlTemplate":"http:\/\/esponsorama.ad\/es\/?s={search_term_string}"},"query-input":{"@type":"PropertyValueSpecification","valueRequired":true,"valueName":"search_term_string"}}],"inLanguage":"ca-AD"},{"@type":"Person","@id":"http:\/\/esponsorama.ad\/es\/#\/schema\/person\/a5cde74945183d737066e46b61c6f9c4","name":"Xavi Andornet","image":{"@type":"ImageObject","inLanguage":"ca-AD","@id":"http:\/\/esponsorama.ad\/es\/#\/schema\/person\/image\/","url":"https:\/\/secure.gravatar.com\/avatar\/f10eaf9ad601244a2357c9fd7cd9805ed166cfaaf76d5d9ab08a9d873e70147a?s=96&d=mm&r=g","contentUrl":"https:\/\/secure.gravatar.com\/avatar\/f10eaf9ad601244a2357c9fd7cd9805ed166cfaaf76d5d9ab08a9d873e70147a?s=96&d=mm&r=g","caption":"Xavi Andornet"},"sameAs":["http:\/\/www.andornet.ad"],"url":"http:\/\/esponsorama.ad\/ca\/author\/andornet\/"}]}},"_links":{"self":[{"href":"http:\/\/esponsorama.ad\/ca\/wp-json\/wp\/v2\/posts\/878","targetHints":{"allow":["GET"]}}],"collection":[{"href":"http:\/\/esponsorama.ad\/ca\/wp-json\/wp\/v2\/posts"}],"about":[{"href":"http:\/\/esponsorama.ad\/ca\/wp-json\/wp\/v2\/types\/post"}],"author":[{"embeddable":true,"href":"http:\/\/esponsorama.ad\/ca\/wp-json\/wp\/v2\/users\/6"}],"replies":[{"embeddable":true,"href":"http:\/\/esponsorama.ad\/ca\/wp-json\/wp\/v2\/comments?post=878"}],"version-history":[{"count":0,"href":"http:\/\/esponsorama.ad\/ca\/wp-json\/wp\/v2\/posts\/878\/revisions"}],"wp:featuredmedia":[{"embeddable":true,"href":"http:\/\/esponsorama.ad\/ca\/wp-json\/wp\/v2\/media\/880"}],"wp:attachment":[{"href":"http:\/\/esponsorama.ad\/ca\/wp-json\/wp\/v2\/media?parent=878"}],"wp:term":[{"taxonomy":"category","embeddable":true,"href":"http:\/\/esponsorama.ad\/ca\/wp-json\/wp\/v2\/categories?post=878"},{"taxonomy":"post_tag","embeddable":true,"href":"http:\/\/esponsorama.ad\/ca\/wp-json\/wp\/v2\/tags?post=878"}],"curies":[{"name":"wp","href":"https:\/\/api.w.org\/{rel}","templated":true}]}}