{"id":8799,"date":"2018-04-06T22:46:41","date_gmt":"2018-04-06T20:46:41","guid":{"rendered":"http:\/\/esponsorama.ad\/?p=8799"},"modified":"2018-04-24T12:59:58","modified_gmt":"2018-04-24T10:59:58","slug":"tito-rabat-comienza-fuerte-primer-dia-argentina-2","status":"publish","type":"post","link":"http:\/\/esponsorama.ad\/ca\/tito-rabat-comienza-fuerte-primer-dia-argentina-2\/","title":{"rendered":"Tito Rabat comen\u00e7a fort el primer dia en Argentina"},"content":{"rendered":"<p><strong>MotoGP GP d&#8217;Argentina \u2013 Termas de R\u00edo Hondo<\/strong><\/p>\n<p>El pilot de l&#8217;equip Reale Avintia Racing, Tito Rabat, ha comen\u00e7at molt fort el primer dia d&#8217;entrenaments lliures al Circuit de Termas de Rio Hondo. L&#8217;espanyol ha acabat el dia amb el quart millor temps en la combinada de temps i amb<\/p>\n<p>molt bones sensacions sobre la seva Ducati GP17 a la pista Argentina. Rabat ha comen\u00e7at amb calma al mat\u00ed quan les condicions de la pista no eren perfectes perqu\u00e8 encara estava molt bruta. A la tarda tot s&#8217;ha retardat a causa d&#8217;un petita tempesta i, encara que el vent ha bufat amb for\u00e7a, Rabat ha seguit apretant fort per acabar el primer dia quart i com a millor Ducati.<\/p>\n<p>Per al seu company Xavier Simeon el primer dia a Termas ha estat tamb\u00e9 positiu. Si mirem la posici\u00f3 final no ho sembla, per\u00f2 el &#8216;rookie&#8217; belga ha millorat molt les seves sensacions amb la Ducati i cada vegada pilota m\u00e9s natural. De fet, al mat\u00ed ha acabat per davant d&#8217;un altre novells en MotoGP, per\u00f2 a la tarda amb la pluja i menys temps en pista no ha pogut millorar els seus temps.<\/p>\n\n<p>&#8220;Hem comen\u00e7at molt b\u00e9 el dia i hem aconseguit tenir ritmes \u00f2ptims, a m\u00e9s d&#8217;una bona volta r\u00e0pida. A la primera sessi\u00f3 d&#8217;entrenaments la pista estava una mica bruta, per\u00f2 aquesta tarda a la segona la pista estava gaireb\u00e9 perfecta. Estic molt content amb el dia, amb la Ducati i l&#8217;equip. Ara ens hem de centrar en el crono de dem\u00e0, per fer un bon resultat i sortir el m\u00e9s amunt possible diumenge. A la cursa, que \u00e9s el m\u00e9s import, hem de concentrar-nos en sortir b\u00e9. Hem de treballar en la durada dels pneum\u00e0tics i anar una mica m\u00e9s r\u00e0pids.\u201d<\/p>\n\n<p>&#8220;Aquest mat\u00ed ha anat molt b\u00e9 i estava molt content amb les sensacions. He intentat alliberar-me una mica, rodar amb el meu instint i el que vaig aprendre a Qatar. I la veritat \u00e9s que he aconseguit divertir-me. Aquesta tarda les condicions eren una mica m\u00e9s dif\u00edcils perqu\u00e8 la pista, amb l&#8217;aigua no tenia bona agafada. A m\u00e9s hem trigat a sortir per la pluja i no he tingut temps per agafar un bon ritme. al final el temps ha estat igual que al del mat\u00ed, per\u00f2 les sensacions no han estat tan bones perqu\u00e8 no tenia el mateix adher\u00e8ncia. Per\u00f2 crec que hem fet un pas endavant respecte a Qatar i aix\u00f2 \u00e9s el m\u00e9s positiu.\u201d<\/p>\n","protected":false},"excerpt":{"rendered":"<p>MotoGP GP d&#8217;Argentina \u2013 Termas de R\u00edo Hondo El pilot de l&#8217;equip Reale Avintia Racing, Tito Rabat, ha comen\u00e7at molt fort el primer dia d&#8217;entrenaments lliures al Circuit de Termas de Rio Hondo. L&#8217;espanyol ha acabat el dia amb el quart millor temps en la combinada de temps i amb molt bones sensacions sobre la [&hellip;]<\/p>\n","protected":false},"author":6,"featured_media":8795,"comment_status":"closed","ping_status":"closed","sticky":false,"template":"","format":"standard","meta":{"footnotes":""},"categories":[3],"tags":[],"class_list":["post-8799","post","type-post","status-publish","format-standard","has-post-thumbnail","hentry","category-motogp"],"yoast_head":"<!-- This site is optimized with the Yoast SEO plugin v27.1.1 - https:\/\/yoast.com\/product\/yoast-seo-wordpress\/ -->\n<title>Tito Rabat comen\u00e7a fort el primer dia en Argentina - Esponsorama<\/title>\n<meta name=\"robots\" content=\"index, follow, max-snippet:-1, max-image-preview:large, max-video-preview:-1\" \/>\n<link rel=\"canonical\" href=\"http:\/\/esponsorama.ad\/ca\/tito-rabat-comienza-fuerte-primer-dia-argentina-2\/\" \/>\n<meta property=\"og:locale\" content=\"en_US\" \/>\n<meta property=\"og:type\" content=\"article\" \/>\n<meta property=\"og:title\" content=\"Tito Rabat comen\u00e7a fort el primer dia en Argentina - Esponsorama\" \/>\n<meta property=\"og:description\" content=\"MotoGP GP d&#8217;Argentina \u2013 Termas de R\u00edo Hondo El pilot de l&#8217;equip Reale Avintia Racing, Tito Rabat, ha comen\u00e7at molt fort el primer dia d&#8217;entrenaments lliures al Circuit de Termas de Rio Hondo. L&#8217;espanyol ha acabat el dia amb el quart millor temps en la combinada de temps i amb molt bones sensacions sobre la [&hellip;]\" \/>\n<meta property=\"og:url\" content=\"http:\/\/esponsorama.ad\/ca\/tito-rabat-comienza-fuerte-primer-dia-argentina-2\/\" \/>\n<meta property=\"og:site_name\" content=\"Esponsorama\" \/>\n<meta property=\"article:published_time\" content=\"2018-04-06T20:46:41+00:00\" \/>\n<meta property=\"article:modified_time\" content=\"2018-04-24T10:59:58+00:00\" \/>\n<meta property=\"og:image\" content=\"http:\/\/esponsorama.ad\/wp-content\/uploads\/2018\/04\/TIN7650_2.jpg\" \/>\n\t<meta property=\"og:image:width\" content=\"4509\" \/>\n\t<meta property=\"og:image:height\" content=\"3006\" \/>\n\t<meta property=\"og:image:type\" content=\"image\/jpeg\" \/>\n<meta name=\"author\" content=\"Xavi Andornet\" \/>\n<meta name=\"twitter:card\" content=\"summary_large_image\" \/>\n<meta name=\"twitter:label1\" content=\"Written by\" \/>\n\t<meta name=\"twitter:data1\" content=\"Xavi Andornet\" \/>\n\t<meta name=\"twitter:label2\" content=\"Est. reading time\" \/>\n\t<meta name=\"twitter:data2\" content=\"2 minutes\" \/>\n<script type=\"application\/ld+json\" class=\"yoast-schema-graph\">{\"@context\":\"https:\/\/schema.org\",\"@graph\":[{\"@type\":\"Article\",\"@id\":\"http:\/\/esponsorama.ad\/ca\/tito-rabat-comienza-fuerte-primer-dia-argentina-2\/#article\",\"isPartOf\":{\"@id\":\"http:\/\/esponsorama.ad\/ca\/tito-rabat-comienza-fuerte-primer-dia-argentina-2\/\"},\"author\":{\"name\":\"Xavi Andornet\",\"@id\":\"http:\/\/esponsorama.ad\/es\/#\/schema\/person\/a5cde74945183d737066e46b61c6f9c4\"},\"headline\":\"Tito Rabat comen\u00e7a fort el primer dia en Argentina\",\"datePublished\":\"2018-04-06T20:46:41+00:00\",\"dateModified\":\"2018-04-24T10:59:58+00:00\",\"mainEntityOfPage\":{\"@id\":\"http:\/\/esponsorama.ad\/ca\/tito-rabat-comienza-fuerte-primer-dia-argentina-2\/\"},\"wordCount\":448,\"image\":{\"@id\":\"http:\/\/esponsorama.ad\/ca\/tito-rabat-comienza-fuerte-primer-dia-argentina-2\/#primaryimage\"},\"thumbnailUrl\":\"http:\/\/esponsorama.ad\/wp-content\/uploads\/2018\/04\/TIN7650_2.jpg\",\"articleSection\":[\"MotoGP\"],\"inLanguage\":\"ca-AD\"},{\"@type\":\"WebPage\",\"@id\":\"http:\/\/esponsorama.ad\/ca\/tito-rabat-comienza-fuerte-primer-dia-argentina-2\/\",\"url\":\"http:\/\/esponsorama.ad\/ca\/tito-rabat-comienza-fuerte-primer-dia-argentina-2\/\",\"name\":\"Tito Rabat comen\u00e7a fort el primer dia en Argentina - Esponsorama\",\"isPartOf\":{\"@id\":\"http:\/\/esponsorama.ad\/es\/#website\"},\"primaryImageOfPage\":{\"@id\":\"http:\/\/esponsorama.ad\/ca\/tito-rabat-comienza-fuerte-primer-dia-argentina-2\/#primaryimage\"},\"image\":{\"@id\":\"http:\/\/esponsorama.ad\/ca\/tito-rabat-comienza-fuerte-primer-dia-argentina-2\/#primaryimage\"},\"thumbnailUrl\":\"http:\/\/esponsorama.ad\/wp-content\/uploads\/2018\/04\/TIN7650_2.jpg\",\"datePublished\":\"2018-04-06T20:46:41+00:00\",\"dateModified\":\"2018-04-24T10:59:58+00:00\",\"author\":{\"@id\":\"http:\/\/esponsorama.ad\/es\/#\/schema\/person\/a5cde74945183d737066e46b61c6f9c4\"},\"breadcrumb\":{\"@id\":\"http:\/\/esponsorama.ad\/ca\/tito-rabat-comienza-fuerte-primer-dia-argentina-2\/#breadcrumb\"},\"inLanguage\":\"ca-AD\",\"potentialAction\":[{\"@type\":\"ReadAction\",\"target\":[\"http:\/\/esponsorama.ad\/ca\/tito-rabat-comienza-fuerte-primer-dia-argentina-2\/\"]}]},{\"@type\":\"ImageObject\",\"inLanguage\":\"ca-AD\",\"@id\":\"http:\/\/esponsorama.ad\/ca\/tito-rabat-comienza-fuerte-primer-dia-argentina-2\/#primaryimage\",\"url\":\"http:\/\/esponsorama.ad\/wp-content\/uploads\/2018\/04\/TIN7650_2.jpg\",\"contentUrl\":\"http:\/\/esponsorama.ad\/wp-content\/uploads\/2018\/04\/TIN7650_2.jpg\",\"width\":4509,\"height\":3006},{\"@type\":\"BreadcrumbList\",\"@id\":\"http:\/\/esponsorama.ad\/ca\/tito-rabat-comienza-fuerte-primer-dia-argentina-2\/#breadcrumb\",\"itemListElement\":[{\"@type\":\"ListItem\",\"position\":1,\"name\":\"Home\",\"item\":\"http:\/\/esponsorama.ad\/es\/\"},{\"@type\":\"ListItem\",\"position\":2,\"name\":\"Tito Rabat comen\u00e7a fort el primer dia en Argentina\"}]},{\"@type\":\"WebSite\",\"@id\":\"http:\/\/esponsorama.ad\/es\/#website\",\"url\":\"http:\/\/esponsorama.ad\/es\/\",\"name\":\"Esponsorama\",\"description\":\"Specialist in motorsport sponsorship and event promotions\",\"potentialAction\":[{\"@type\":\"SearchAction\",\"target\":{\"@type\":\"EntryPoint\",\"urlTemplate\":\"http:\/\/esponsorama.ad\/es\/?s={search_term_string}\"},\"query-input\":{\"@type\":\"PropertyValueSpecification\",\"valueRequired\":true,\"valueName\":\"search_term_string\"}}],\"inLanguage\":\"ca-AD\"},{\"@type\":\"Person\",\"@id\":\"http:\/\/esponsorama.ad\/es\/#\/schema\/person\/a5cde74945183d737066e46b61c6f9c4\",\"name\":\"Xavi Andornet\",\"image\":{\"@type\":\"ImageObject\",\"inLanguage\":\"ca-AD\",\"@id\":\"http:\/\/esponsorama.ad\/es\/#\/schema\/person\/image\/\",\"url\":\"https:\/\/secure.gravatar.com\/avatar\/f10eaf9ad601244a2357c9fd7cd9805ed166cfaaf76d5d9ab08a9d873e70147a?s=96&d=mm&r=g\",\"contentUrl\":\"https:\/\/secure.gravatar.com\/avatar\/f10eaf9ad601244a2357c9fd7cd9805ed166cfaaf76d5d9ab08a9d873e70147a?s=96&d=mm&r=g\",\"caption\":\"Xavi Andornet\"},\"sameAs\":[\"http:\/\/www.andornet.ad\"],\"url\":\"http:\/\/esponsorama.ad\/ca\/author\/andornet\/\"}]}<\/script>\n<!-- \/ Yoast SEO plugin. -->","yoast_head_json":{"title":"Tito Rabat comen\u00e7a fort el primer dia en Argentina - Esponsorama","robots":{"index":"index","follow":"follow","max-snippet":"max-snippet:-1","max-image-preview":"max-image-preview:large","max-video-preview":"max-video-preview:-1"},"canonical":"http:\/\/esponsorama.ad\/ca\/tito-rabat-comienza-fuerte-primer-dia-argentina-2\/","og_locale":"en_US","og_type":"article","og_title":"Tito Rabat comen\u00e7a fort el primer dia en Argentina - Esponsorama","og_description":"MotoGP GP d&#8217;Argentina \u2013 Termas de R\u00edo Hondo El pilot de l&#8217;equip Reale Avintia Racing, Tito Rabat, ha comen\u00e7at molt fort el primer dia d&#8217;entrenaments lliures al Circuit de Termas de Rio Hondo. L&#8217;espanyol ha acabat el dia amb el quart millor temps en la combinada de temps i amb molt bones sensacions sobre la [&hellip;]","og_url":"http:\/\/esponsorama.ad\/ca\/tito-rabat-comienza-fuerte-primer-dia-argentina-2\/","og_site_name":"Esponsorama","article_published_time":"2018-04-06T20:46:41+00:00","article_modified_time":"2018-04-24T10:59:58+00:00","og_image":[{"width":4509,"height":3006,"url":"http:\/\/esponsorama.ad\/wp-content\/uploads\/2018\/04\/TIN7650_2.jpg","type":"image\/jpeg"}],"author":"Xavi Andornet","twitter_card":"summary_large_image","twitter_misc":{"Written by":"Xavi Andornet","Est. reading time":"2 minutes"},"schema":{"@context":"https:\/\/schema.org","@graph":[{"@type":"Article","@id":"http:\/\/esponsorama.ad\/ca\/tito-rabat-comienza-fuerte-primer-dia-argentina-2\/#article","isPartOf":{"@id":"http:\/\/esponsorama.ad\/ca\/tito-rabat-comienza-fuerte-primer-dia-argentina-2\/"},"author":{"name":"Xavi Andornet","@id":"http:\/\/esponsorama.ad\/es\/#\/schema\/person\/a5cde74945183d737066e46b61c6f9c4"},"headline":"Tito Rabat comen\u00e7a fort el primer dia en Argentina","datePublished":"2018-04-06T20:46:41+00:00","dateModified":"2018-04-24T10:59:58+00:00","mainEntityOfPage":{"@id":"http:\/\/esponsorama.ad\/ca\/tito-rabat-comienza-fuerte-primer-dia-argentina-2\/"},"wordCount":448,"image":{"@id":"http:\/\/esponsorama.ad\/ca\/tito-rabat-comienza-fuerte-primer-dia-argentina-2\/#primaryimage"},"thumbnailUrl":"http:\/\/esponsorama.ad\/wp-content\/uploads\/2018\/04\/TIN7650_2.jpg","articleSection":["MotoGP"],"inLanguage":"ca-AD"},{"@type":"WebPage","@id":"http:\/\/esponsorama.ad\/ca\/tito-rabat-comienza-fuerte-primer-dia-argentina-2\/","url":"http:\/\/esponsorama.ad\/ca\/tito-rabat-comienza-fuerte-primer-dia-argentina-2\/","name":"Tito Rabat comen\u00e7a fort el primer dia en Argentina - Esponsorama","isPartOf":{"@id":"http:\/\/esponsorama.ad\/es\/#website"},"primaryImageOfPage":{"@id":"http:\/\/esponsorama.ad\/ca\/tito-rabat-comienza-fuerte-primer-dia-argentina-2\/#primaryimage"},"image":{"@id":"http:\/\/esponsorama.ad\/ca\/tito-rabat-comienza-fuerte-primer-dia-argentina-2\/#primaryimage"},"thumbnailUrl":"http:\/\/esponsorama.ad\/wp-content\/uploads\/2018\/04\/TIN7650_2.jpg","datePublished":"2018-04-06T20:46:41+00:00","dateModified":"2018-04-24T10:59:58+00:00","author":{"@id":"http:\/\/esponsorama.ad\/es\/#\/schema\/person\/a5cde74945183d737066e46b61c6f9c4"},"breadcrumb":{"@id":"http:\/\/esponsorama.ad\/ca\/tito-rabat-comienza-fuerte-primer-dia-argentina-2\/#breadcrumb"},"inLanguage":"ca-AD","potentialAction":[{"@type":"ReadAction","target":["http:\/\/esponsorama.ad\/ca\/tito-rabat-comienza-fuerte-primer-dia-argentina-2\/"]}]},{"@type":"ImageObject","inLanguage":"ca-AD","@id":"http:\/\/esponsorama.ad\/ca\/tito-rabat-comienza-fuerte-primer-dia-argentina-2\/#primaryimage","url":"http:\/\/esponsorama.ad\/wp-content\/uploads\/2018\/04\/TIN7650_2.jpg","contentUrl":"http:\/\/esponsorama.ad\/wp-content\/uploads\/2018\/04\/TIN7650_2.jpg","width":4509,"height":3006},{"@type":"BreadcrumbList","@id":"http:\/\/esponsorama.ad\/ca\/tito-rabat-comienza-fuerte-primer-dia-argentina-2\/#breadcrumb","itemListElement":[{"@type":"ListItem","position":1,"name":"Home","item":"http:\/\/esponsorama.ad\/es\/"},{"@type":"ListItem","position":2,"name":"Tito Rabat comen\u00e7a fort el primer dia en Argentina"}]},{"@type":"WebSite","@id":"http:\/\/esponsorama.ad\/es\/#website","url":"http:\/\/esponsorama.ad\/es\/","name":"Esponsorama","description":"Specialist in motorsport sponsorship and event promotions","potentialAction":[{"@type":"SearchAction","target":{"@type":"EntryPoint","urlTemplate":"http:\/\/esponsorama.ad\/es\/?s={search_term_string}"},"query-input":{"@type":"PropertyValueSpecification","valueRequired":true,"valueName":"search_term_string"}}],"inLanguage":"ca-AD"},{"@type":"Person","@id":"http:\/\/esponsorama.ad\/es\/#\/schema\/person\/a5cde74945183d737066e46b61c6f9c4","name":"Xavi Andornet","image":{"@type":"ImageObject","inLanguage":"ca-AD","@id":"http:\/\/esponsorama.ad\/es\/#\/schema\/person\/image\/","url":"https:\/\/secure.gravatar.com\/avatar\/f10eaf9ad601244a2357c9fd7cd9805ed166cfaaf76d5d9ab08a9d873e70147a?s=96&d=mm&r=g","contentUrl":"https:\/\/secure.gravatar.com\/avatar\/f10eaf9ad601244a2357c9fd7cd9805ed166cfaaf76d5d9ab08a9d873e70147a?s=96&d=mm&r=g","caption":"Xavi Andornet"},"sameAs":["http:\/\/www.andornet.ad"],"url":"http:\/\/esponsorama.ad\/ca\/author\/andornet\/"}]}},"_links":{"self":[{"href":"http:\/\/esponsorama.ad\/ca\/wp-json\/wp\/v2\/posts\/8799","targetHints":{"allow":["GET"]}}],"collection":[{"href":"http:\/\/esponsorama.ad\/ca\/wp-json\/wp\/v2\/posts"}],"about":[{"href":"http:\/\/esponsorama.ad\/ca\/wp-json\/wp\/v2\/types\/post"}],"author":[{"embeddable":true,"href":"http:\/\/esponsorama.ad\/ca\/wp-json\/wp\/v2\/users\/6"}],"replies":[{"embeddable":true,"href":"http:\/\/esponsorama.ad\/ca\/wp-json\/wp\/v2\/comments?post=8799"}],"version-history":[{"count":0,"href":"http:\/\/esponsorama.ad\/ca\/wp-json\/wp\/v2\/posts\/8799\/revisions"}],"wp:featuredmedia":[{"embeddable":true,"href":"http:\/\/esponsorama.ad\/ca\/wp-json\/wp\/v2\/media\/8795"}],"wp:attachment":[{"href":"http:\/\/esponsorama.ad\/ca\/wp-json\/wp\/v2\/media?parent=8799"}],"wp:term":[{"taxonomy":"category","embeddable":true,"href":"http:\/\/esponsorama.ad\/ca\/wp-json\/wp\/v2\/categories?post=8799"},{"taxonomy":"post_tag","embeddable":true,"href":"http:\/\/esponsorama.ad\/ca\/wp-json\/wp\/v2\/tags?post=8799"}],"curies":[{"name":"wp","href":"https:\/\/api.w.org\/{rel}","templated":true}]}}