{"id":9001,"date":"2018-04-20T00:38:02","date_gmt":"2018-04-19T22:38:02","guid":{"rendered":"http:\/\/esponsorama.ad\/?p=9001"},"modified":"2018-04-21T19:33:50","modified_gmt":"2018-04-21T17:33:50","slug":"tito-rabat-comienza-fuerte-primer-dia-circuito-las-americas-3","status":"publish","type":"post","link":"http:\/\/esponsorama.ad\/ca\/tito-rabat-comienza-fuerte-primer-dia-circuito-las-americas-3\/","title":{"rendered":"Tito Rabat comen\u00e7a fort el primer dia al Circuit de les Am\u00e8riques"},"content":{"rendered":"<p><strong>MotoGP GP de les Am\u00e8riques &#8211; COTA <\/strong><\/p>\n<p>El pilot de l&#8217;equip Reale Avintia Racing, Tito Rabat, ha comen\u00e7at fort el primer dia d&#8217;entrenaments lliures al Circuit de les Am\u00e8riques. El pilot espanyol segueix augmentat la seva confian\u00e7a amb la seva Ducati GP17 cada vegada que surt a pista i avui ha estat tot el dia entre els deu m\u00e9s r\u00e0pids. Nom\u00e9s al final de cada sessi\u00f3 s&#8217;ha vist despla\u00e7at i ha acabat el dia dotz\u00e8 tot i patir una forta caiguda, afortunadament sense conseq\u00fc\u00e8ncies f\u00edsiques. Dem\u00e0, si finalment no plou, Rabat espera poder passar directe a la Q2.<\/p>\n<p>Per al seu company Xavier Simeon avui tot ha estat nou. Per al &#8216;rookie&#8217; belga al Circuit de les Am\u00e8riques sembla un nou tra\u00e7at sobre la MotoGP. A la primera sessi\u00f3 ha patit una mica, per\u00f2 despr\u00e9s cada vegada ha pilotat m\u00e9s fluid i ha millorat les seves sensacions. Dem\u00e0 espera fer un altre pas endavant i lluitar per un bon lloc a la graella per a la cursa de diumenge.<\/p>\n<p><strong><\/strong><\/p>\n<p>&#8220;Ha estat un dia molt positiu. Em pensava que em costaria molt\u00edssim, per\u00f2 ha anat molt millor del que esperava. Al mat\u00ed la pista estava molt malament i ja a la tarda les condicions han millorat i hi havia menys pols. He tingut molta confian\u00e7a i he estat molt c\u00f2mode durant tot el dia. Aquesta tarda he patit una caiguda, per\u00f2 he tornat a pista i de seguida he tornat a agafar el ritme. El meu objectiu dem\u00e0 \u00e9s fer-ho b\u00e9 a l&#8217;FP3 per poder passar directe a la Q2 &#8220;.<\/p>\n<p><strong><\/strong><\/p>\n<p>&#8220;M&#8217;hacostatmoltentendre aquesta pista amb la Ducati i nom, he trobat agust en la primera sessi\u00f3. A la segona tot ha anat molt millor. Em falten moltes coses per millorar, sobretot en la meva posici\u00f3 sobre de la moto perqu\u00e8 ara segueixo una mica r\u00edgid i aquest circuit \u00e9s molt exigent f\u00edsicament. Si aconsegueixo aix\u00f2, puc avan\u00e7ar bastant. He d&#8217;anar m\u00e9s relaxat per poder anar r\u00e0pid. La Ducati \u00e9s una de les motos m\u00e9s complicades per pilotar aqu\u00ed, especialment en el primer sector, costa fer r\u00e0pid els canvis de direcci\u00f3 &#8220;.<\/p>\n","protected":false},"excerpt":{"rendered":"<p>MotoGP GP de les Am\u00e8riques &#8211; COTA El pilot de l&#8217;equip Reale Avintia Racing, Tito Rabat, ha comen\u00e7at fort el primer dia d&#8217;entrenaments lliures al Circuit de les Am\u00e8riques. El pilot espanyol segueix augmentat la seva confian\u00e7a amb la seva Ducati GP17 cada vegada que surt a pista i avui ha estat tot el dia [&hellip;]<\/p>\n","protected":false},"author":6,"featured_media":9003,"comment_status":"closed","ping_status":"closed","sticky":false,"template":"","format":"standard","meta":{"footnotes":""},"categories":[3],"tags":[],"class_list":["post-9001","post","type-post","status-publish","format-standard","has-post-thumbnail","hentry","category-motogp"],"yoast_head":"<!-- This site is optimized with the Yoast SEO plugin v27.1.1 - https:\/\/yoast.com\/product\/yoast-seo-wordpress\/ -->\n<title>Tito Rabat comen\u00e7a fort el primer dia al Circuit de les Am\u00e8riques - Esponsorama<\/title>\n<meta name=\"robots\" content=\"index, follow, max-snippet:-1, max-image-preview:large, max-video-preview:-1\" \/>\n<link rel=\"canonical\" href=\"http:\/\/esponsorama.ad\/ca\/tito-rabat-comienza-fuerte-primer-dia-circuito-las-americas-3\/\" \/>\n<meta property=\"og:locale\" content=\"en_US\" \/>\n<meta property=\"og:type\" content=\"article\" \/>\n<meta property=\"og:title\" content=\"Tito Rabat comen\u00e7a fort el primer dia al Circuit de les Am\u00e8riques - Esponsorama\" \/>\n<meta property=\"og:description\" content=\"MotoGP GP de les Am\u00e8riques &#8211; COTA El pilot de l&#8217;equip Reale Avintia Racing, Tito Rabat, ha comen\u00e7at fort el primer dia d&#8217;entrenaments lliures al Circuit de les Am\u00e8riques. El pilot espanyol segueix augmentat la seva confian\u00e7a amb la seva Ducati GP17 cada vegada que surt a pista i avui ha estat tot el dia [&hellip;]\" \/>\n<meta property=\"og:url\" content=\"http:\/\/esponsorama.ad\/ca\/tito-rabat-comienza-fuerte-primer-dia-circuito-las-americas-3\/\" \/>\n<meta property=\"og:site_name\" content=\"Esponsorama\" \/>\n<meta property=\"article:published_time\" content=\"2018-04-19T22:38:02+00:00\" \/>\n<meta property=\"article:modified_time\" content=\"2018-04-21T17:33:50+00:00\" \/>\n<meta property=\"og:image\" content=\"http:\/\/esponsorama.ad\/wp-content\/uploads\/2018\/04\/03Austin18MgpESPONSORAMA_JOC3759.jpg\" \/>\n\t<meta property=\"og:image:width\" content=\"5184\" \/>\n\t<meta property=\"og:image:height\" content=\"3456\" \/>\n\t<meta property=\"og:image:type\" content=\"image\/jpeg\" \/>\n<meta name=\"author\" content=\"Xavi Andornet\" \/>\n<meta name=\"twitter:card\" content=\"summary_large_image\" \/>\n<meta name=\"twitter:label1\" content=\"Written by\" \/>\n\t<meta name=\"twitter:data1\" content=\"Xavi Andornet\" \/>\n\t<meta name=\"twitter:label2\" content=\"Est. reading time\" \/>\n\t<meta name=\"twitter:data2\" content=\"2 minutes\" \/>\n<script type=\"application\/ld+json\" class=\"yoast-schema-graph\">{\"@context\":\"https:\/\/schema.org\",\"@graph\":[{\"@type\":\"Article\",\"@id\":\"http:\/\/esponsorama.ad\/ca\/tito-rabat-comienza-fuerte-primer-dia-circuito-las-americas-3\/#article\",\"isPartOf\":{\"@id\":\"http:\/\/esponsorama.ad\/ca\/tito-rabat-comienza-fuerte-primer-dia-circuito-las-americas-3\/\"},\"author\":{\"name\":\"Xavi Andornet\",\"@id\":\"http:\/\/esponsorama.ad\/es\/#\/schema\/person\/a5cde74945183d737066e46b61c6f9c4\"},\"headline\":\"Tito Rabat comen\u00e7a fort el primer dia al Circuit de les Am\u00e8riques\",\"datePublished\":\"2018-04-19T22:38:02+00:00\",\"dateModified\":\"2018-04-21T17:33:50+00:00\",\"mainEntityOfPage\":{\"@id\":\"http:\/\/esponsorama.ad\/ca\/tito-rabat-comienza-fuerte-primer-dia-circuito-las-americas-3\/\"},\"wordCount\":396,\"image\":{\"@id\":\"http:\/\/esponsorama.ad\/ca\/tito-rabat-comienza-fuerte-primer-dia-circuito-las-americas-3\/#primaryimage\"},\"thumbnailUrl\":\"http:\/\/esponsorama.ad\/wp-content\/uploads\/2018\/04\/03Austin18MgpESPONSORAMA_JOC3759.jpg\",\"articleSection\":[\"MotoGP\"],\"inLanguage\":\"ca-AD\"},{\"@type\":\"WebPage\",\"@id\":\"http:\/\/esponsorama.ad\/ca\/tito-rabat-comienza-fuerte-primer-dia-circuito-las-americas-3\/\",\"url\":\"http:\/\/esponsorama.ad\/ca\/tito-rabat-comienza-fuerte-primer-dia-circuito-las-americas-3\/\",\"name\":\"Tito Rabat comen\u00e7a fort el primer dia al Circuit de les Am\u00e8riques - Esponsorama\",\"isPartOf\":{\"@id\":\"http:\/\/esponsorama.ad\/es\/#website\"},\"primaryImageOfPage\":{\"@id\":\"http:\/\/esponsorama.ad\/ca\/tito-rabat-comienza-fuerte-primer-dia-circuito-las-americas-3\/#primaryimage\"},\"image\":{\"@id\":\"http:\/\/esponsorama.ad\/ca\/tito-rabat-comienza-fuerte-primer-dia-circuito-las-americas-3\/#primaryimage\"},\"thumbnailUrl\":\"http:\/\/esponsorama.ad\/wp-content\/uploads\/2018\/04\/03Austin18MgpESPONSORAMA_JOC3759.jpg\",\"datePublished\":\"2018-04-19T22:38:02+00:00\",\"dateModified\":\"2018-04-21T17:33:50+00:00\",\"author\":{\"@id\":\"http:\/\/esponsorama.ad\/es\/#\/schema\/person\/a5cde74945183d737066e46b61c6f9c4\"},\"breadcrumb\":{\"@id\":\"http:\/\/esponsorama.ad\/ca\/tito-rabat-comienza-fuerte-primer-dia-circuito-las-americas-3\/#breadcrumb\"},\"inLanguage\":\"ca-AD\",\"potentialAction\":[{\"@type\":\"ReadAction\",\"target\":[\"http:\/\/esponsorama.ad\/ca\/tito-rabat-comienza-fuerte-primer-dia-circuito-las-americas-3\/\"]}]},{\"@type\":\"ImageObject\",\"inLanguage\":\"ca-AD\",\"@id\":\"http:\/\/esponsorama.ad\/ca\/tito-rabat-comienza-fuerte-primer-dia-circuito-las-americas-3\/#primaryimage\",\"url\":\"http:\/\/esponsorama.ad\/wp-content\/uploads\/2018\/04\/03Austin18MgpESPONSORAMA_JOC3759.jpg\",\"contentUrl\":\"http:\/\/esponsorama.ad\/wp-content\/uploads\/2018\/04\/03Austin18MgpESPONSORAMA_JOC3759.jpg\",\"width\":5184,\"height\":3456,\"caption\":\"03 GP Austin 19, 20, 21 y 22 de abril de 2018, circuito de las Americas, COTA, Austin, Texas MotoGP, motogp, mgp, MOTOGP\"},{\"@type\":\"BreadcrumbList\",\"@id\":\"http:\/\/esponsorama.ad\/ca\/tito-rabat-comienza-fuerte-primer-dia-circuito-las-americas-3\/#breadcrumb\",\"itemListElement\":[{\"@type\":\"ListItem\",\"position\":1,\"name\":\"Home\",\"item\":\"http:\/\/esponsorama.ad\/ca\/\"},{\"@type\":\"ListItem\",\"position\":2,\"name\":\"Tito Rabat comen\u00e7a fort el primer dia al Circuit de les Am\u00e8riques\"}]},{\"@type\":\"WebSite\",\"@id\":\"http:\/\/esponsorama.ad\/es\/#website\",\"url\":\"http:\/\/esponsorama.ad\/es\/\",\"name\":\"Esponsorama\",\"description\":\"Specialist in motorsport sponsorship and event promotions\",\"potentialAction\":[{\"@type\":\"SearchAction\",\"target\":{\"@type\":\"EntryPoint\",\"urlTemplate\":\"http:\/\/esponsorama.ad\/es\/?s={search_term_string}\"},\"query-input\":{\"@type\":\"PropertyValueSpecification\",\"valueRequired\":true,\"valueName\":\"search_term_string\"}}],\"inLanguage\":\"ca-AD\"},{\"@type\":\"Person\",\"@id\":\"http:\/\/esponsorama.ad\/es\/#\/schema\/person\/a5cde74945183d737066e46b61c6f9c4\",\"name\":\"Xavi Andornet\",\"image\":{\"@type\":\"ImageObject\",\"inLanguage\":\"ca-AD\",\"@id\":\"http:\/\/esponsorama.ad\/es\/#\/schema\/person\/image\/\",\"url\":\"https:\/\/secure.gravatar.com\/avatar\/f10eaf9ad601244a2357c9fd7cd9805ed166cfaaf76d5d9ab08a9d873e70147a?s=96&d=mm&r=g\",\"contentUrl\":\"https:\/\/secure.gravatar.com\/avatar\/f10eaf9ad601244a2357c9fd7cd9805ed166cfaaf76d5d9ab08a9d873e70147a?s=96&d=mm&r=g\",\"caption\":\"Xavi Andornet\"},\"sameAs\":[\"http:\/\/www.andornet.ad\"],\"url\":\"http:\/\/esponsorama.ad\/ca\/author\/andornet\/\"}]}<\/script>\n<!-- \/ Yoast SEO plugin. -->","yoast_head_json":{"title":"Tito Rabat comen\u00e7a fort el primer dia al Circuit de les Am\u00e8riques - Esponsorama","robots":{"index":"index","follow":"follow","max-snippet":"max-snippet:-1","max-image-preview":"max-image-preview:large","max-video-preview":"max-video-preview:-1"},"canonical":"http:\/\/esponsorama.ad\/ca\/tito-rabat-comienza-fuerte-primer-dia-circuito-las-americas-3\/","og_locale":"en_US","og_type":"article","og_title":"Tito Rabat comen\u00e7a fort el primer dia al Circuit de les Am\u00e8riques - Esponsorama","og_description":"MotoGP GP de les Am\u00e8riques &#8211; COTA El pilot de l&#8217;equip Reale Avintia Racing, Tito Rabat, ha comen\u00e7at fort el primer dia d&#8217;entrenaments lliures al Circuit de les Am\u00e8riques. El pilot espanyol segueix augmentat la seva confian\u00e7a amb la seva Ducati GP17 cada vegada que surt a pista i avui ha estat tot el dia [&hellip;]","og_url":"http:\/\/esponsorama.ad\/ca\/tito-rabat-comienza-fuerte-primer-dia-circuito-las-americas-3\/","og_site_name":"Esponsorama","article_published_time":"2018-04-19T22:38:02+00:00","article_modified_time":"2018-04-21T17:33:50+00:00","og_image":[{"width":5184,"height":3456,"url":"http:\/\/esponsorama.ad\/wp-content\/uploads\/2018\/04\/03Austin18MgpESPONSORAMA_JOC3759.jpg","type":"image\/jpeg"}],"author":"Xavi Andornet","twitter_card":"summary_large_image","twitter_misc":{"Written by":"Xavi Andornet","Est. reading time":"2 minutes"},"schema":{"@context":"https:\/\/schema.org","@graph":[{"@type":"Article","@id":"http:\/\/esponsorama.ad\/ca\/tito-rabat-comienza-fuerte-primer-dia-circuito-las-americas-3\/#article","isPartOf":{"@id":"http:\/\/esponsorama.ad\/ca\/tito-rabat-comienza-fuerte-primer-dia-circuito-las-americas-3\/"},"author":{"name":"Xavi Andornet","@id":"http:\/\/esponsorama.ad\/es\/#\/schema\/person\/a5cde74945183d737066e46b61c6f9c4"},"headline":"Tito Rabat comen\u00e7a fort el primer dia al Circuit de les Am\u00e8riques","datePublished":"2018-04-19T22:38:02+00:00","dateModified":"2018-04-21T17:33:50+00:00","mainEntityOfPage":{"@id":"http:\/\/esponsorama.ad\/ca\/tito-rabat-comienza-fuerte-primer-dia-circuito-las-americas-3\/"},"wordCount":396,"image":{"@id":"http:\/\/esponsorama.ad\/ca\/tito-rabat-comienza-fuerte-primer-dia-circuito-las-americas-3\/#primaryimage"},"thumbnailUrl":"http:\/\/esponsorama.ad\/wp-content\/uploads\/2018\/04\/03Austin18MgpESPONSORAMA_JOC3759.jpg","articleSection":["MotoGP"],"inLanguage":"ca-AD"},{"@type":"WebPage","@id":"http:\/\/esponsorama.ad\/ca\/tito-rabat-comienza-fuerte-primer-dia-circuito-las-americas-3\/","url":"http:\/\/esponsorama.ad\/ca\/tito-rabat-comienza-fuerte-primer-dia-circuito-las-americas-3\/","name":"Tito Rabat comen\u00e7a fort el primer dia al Circuit de les Am\u00e8riques - Esponsorama","isPartOf":{"@id":"http:\/\/esponsorama.ad\/es\/#website"},"primaryImageOfPage":{"@id":"http:\/\/esponsorama.ad\/ca\/tito-rabat-comienza-fuerte-primer-dia-circuito-las-americas-3\/#primaryimage"},"image":{"@id":"http:\/\/esponsorama.ad\/ca\/tito-rabat-comienza-fuerte-primer-dia-circuito-las-americas-3\/#primaryimage"},"thumbnailUrl":"http:\/\/esponsorama.ad\/wp-content\/uploads\/2018\/04\/03Austin18MgpESPONSORAMA_JOC3759.jpg","datePublished":"2018-04-19T22:38:02+00:00","dateModified":"2018-04-21T17:33:50+00:00","author":{"@id":"http:\/\/esponsorama.ad\/es\/#\/schema\/person\/a5cde74945183d737066e46b61c6f9c4"},"breadcrumb":{"@id":"http:\/\/esponsorama.ad\/ca\/tito-rabat-comienza-fuerte-primer-dia-circuito-las-americas-3\/#breadcrumb"},"inLanguage":"ca-AD","potentialAction":[{"@type":"ReadAction","target":["http:\/\/esponsorama.ad\/ca\/tito-rabat-comienza-fuerte-primer-dia-circuito-las-americas-3\/"]}]},{"@type":"ImageObject","inLanguage":"ca-AD","@id":"http:\/\/esponsorama.ad\/ca\/tito-rabat-comienza-fuerte-primer-dia-circuito-las-americas-3\/#primaryimage","url":"http:\/\/esponsorama.ad\/wp-content\/uploads\/2018\/04\/03Austin18MgpESPONSORAMA_JOC3759.jpg","contentUrl":"http:\/\/esponsorama.ad\/wp-content\/uploads\/2018\/04\/03Austin18MgpESPONSORAMA_JOC3759.jpg","width":5184,"height":3456,"caption":"03 GP Austin 19, 20, 21 y 22 de abril de 2018, circuito de las Americas, COTA, Austin, Texas MotoGP, motogp, mgp, MOTOGP"},{"@type":"BreadcrumbList","@id":"http:\/\/esponsorama.ad\/ca\/tito-rabat-comienza-fuerte-primer-dia-circuito-las-americas-3\/#breadcrumb","itemListElement":[{"@type":"ListItem","position":1,"name":"Home","item":"http:\/\/esponsorama.ad\/ca\/"},{"@type":"ListItem","position":2,"name":"Tito Rabat comen\u00e7a fort el primer dia al Circuit de les Am\u00e8riques"}]},{"@type":"WebSite","@id":"http:\/\/esponsorama.ad\/es\/#website","url":"http:\/\/esponsorama.ad\/es\/","name":"Esponsorama","description":"Specialist in motorsport sponsorship and event promotions","potentialAction":[{"@type":"SearchAction","target":{"@type":"EntryPoint","urlTemplate":"http:\/\/esponsorama.ad\/es\/?s={search_term_string}"},"query-input":{"@type":"PropertyValueSpecification","valueRequired":true,"valueName":"search_term_string"}}],"inLanguage":"ca-AD"},{"@type":"Person","@id":"http:\/\/esponsorama.ad\/es\/#\/schema\/person\/a5cde74945183d737066e46b61c6f9c4","name":"Xavi Andornet","image":{"@type":"ImageObject","inLanguage":"ca-AD","@id":"http:\/\/esponsorama.ad\/es\/#\/schema\/person\/image\/","url":"https:\/\/secure.gravatar.com\/avatar\/f10eaf9ad601244a2357c9fd7cd9805ed166cfaaf76d5d9ab08a9d873e70147a?s=96&d=mm&r=g","contentUrl":"https:\/\/secure.gravatar.com\/avatar\/f10eaf9ad601244a2357c9fd7cd9805ed166cfaaf76d5d9ab08a9d873e70147a?s=96&d=mm&r=g","caption":"Xavi Andornet"},"sameAs":["http:\/\/www.andornet.ad"],"url":"http:\/\/esponsorama.ad\/ca\/author\/andornet\/"}]}},"_links":{"self":[{"href":"http:\/\/esponsorama.ad\/ca\/wp-json\/wp\/v2\/posts\/9001","targetHints":{"allow":["GET"]}}],"collection":[{"href":"http:\/\/esponsorama.ad\/ca\/wp-json\/wp\/v2\/posts"}],"about":[{"href":"http:\/\/esponsorama.ad\/ca\/wp-json\/wp\/v2\/types\/post"}],"author":[{"embeddable":true,"href":"http:\/\/esponsorama.ad\/ca\/wp-json\/wp\/v2\/users\/6"}],"replies":[{"embeddable":true,"href":"http:\/\/esponsorama.ad\/ca\/wp-json\/wp\/v2\/comments?post=9001"}],"version-history":[{"count":0,"href":"http:\/\/esponsorama.ad\/ca\/wp-json\/wp\/v2\/posts\/9001\/revisions"}],"wp:featuredmedia":[{"embeddable":true,"href":"http:\/\/esponsorama.ad\/ca\/wp-json\/wp\/v2\/media\/9003"}],"wp:attachment":[{"href":"http:\/\/esponsorama.ad\/ca\/wp-json\/wp\/v2\/media?parent=9001"}],"wp:term":[{"taxonomy":"category","embeddable":true,"href":"http:\/\/esponsorama.ad\/ca\/wp-json\/wp\/v2\/categories?post=9001"},{"taxonomy":"post_tag","embeddable":true,"href":"http:\/\/esponsorama.ad\/ca\/wp-json\/wp\/v2\/tags?post=9001"}],"curies":[{"name":"wp","href":"https:\/\/api.w.org\/{rel}","templated":true}]}}