{"id":9078,"date":"2018-04-21T00:12:26","date_gmt":"2018-04-20T22:12:26","guid":{"rendered":"http:\/\/esponsorama.ad\/?p=9078"},"modified":"2018-04-22T00:42:08","modified_gmt":"2018-04-21T22:42:08","slug":"rabat-confia-ritmo-gp-las-americas-simeon-sigue-progresando-2","status":"publish","type":"post","link":"http:\/\/esponsorama.ad\/ca\/rabat-confia-ritmo-gp-las-americas-simeon-sigue-progresando-2\/","title":{"rendered":"Rabat conf\u00eda en su ritmo para el GP de las Am\u00e9ricas, Simeon sigue progresando"},"content":{"rendered":"<p><strong>MotoGP GP de las Am\u00e9ricas \u2013 COTA<\/strong><\/p>\n<p>La lluvia ca\u00edda durante la ma\u00f1ana ha complicado las cosas a Tito Rabat, quien ten\u00eda planeado atacar en el FP3 para poder pasar directo a la Q2. Pero con menos temperatura y la pista en unas condiciones lejos de ser ideales, el piloto del Reale Avintia Racing ha igualado sus tiempos de ayer, pero no ha podido mejorarlos. En la Q1 ha sido uno de los m\u00e1s r\u00e1pidos, tercero en el primer ataque y, cuando ven\u00eda para meterse entre los dos primeros en su ultima tanda, ha tenido un susto de delante y no ha podido mejorar. Ma\u00f1ana saldr\u00e1 14\u00ba desde la quinta l\u00ednea de la parrilla, pero con m\u00e1s temperatura, espera poder marcar un buen ritmo y remontar.<\/p>\n<p>Xavier Simeon ha terminado satisfecho con su rendimiento hoy en Austin. A pesar de que su posici\u00f3n no lo refleje, el piloto belga del Reale Avintia Racing ha mejorado mucho la puesta a punto de su moto y se ha encontrado muy c\u00f3modo. En la Q1 ha elegido un neum\u00e1tico que hoy no era el mejor, pero aun as\u00ed ma\u00f1ana espera poder estar con el grupo y seguir aprendiendo en su tercera carrera en MotoGP.<\/p>\n\n<p>&#8220;Ha sido un d\u00eda muy complicado. La verdad es que con estas condiciones hemos sufrido much\u00edsimo. Por la ma\u00f1ana nos hemos equivocado, porque pens\u00e1bamos que el blando ir\u00eda mejor con menos temperatura, pero no ha sido as\u00ed. Para el FP4 he montado las \u00fanicas gomas que ten\u00edamos y no hemos ido bien. Pero luego hemos ido bastante bien en la Q1, he ido r\u00e1pido pero al final no ha podido ser, se me ha cerrado la direcci\u00f3n al final y nos ha faltado poco para pasar. Aun as\u00ed ma\u00f1ana espero que haga m\u00e1s calor, que nos va mejor&#8221;.<\/p>\n\n<p>\u201cHoy ha sido un d\u00eda mucho m\u00e1s positivo y los cambios que hemos hecho mi posici\u00f3n sobre la moto me han ayudado para ser mucho m\u00e1s competitivo. Todo me sal\u00eda m\u00e1s f\u00e1cil y sinceramente esperaba hacerlo mucho mejor en la Q1. Ayer vimos que varios pilotos hab\u00edan ido r\u00e1pido con el neum\u00e1tico trasero duro, as\u00ed que en mi \u00faltima salida hemos montado esa goma. Pero nos hemos equivocado y con el blando tampoco hemos sacado el m\u00e1ximo rendimiento. Aun as\u00ed estoy tranquilo, porque esto nos ha servido de experiencia y tenemos todo claro para la carrera de ma\u00f1ana. Ser\u00e1 una carrera dura, porque este circuito es muy f\u00edsico sobre la MotoGP\u201d.<\/p>\n","protected":false},"excerpt":{"rendered":"<p>MotoGP GP de las Am\u00e9ricas \u2013 COTA La lluvia ca\u00edda durante la ma\u00f1ana ha complicado las cosas a Tito Rabat, quien ten\u00eda planeado atacar en el FP3 para poder pasar directo a la Q2. Pero con menos temperatura y la pista en unas condiciones lejos de ser ideales, el piloto del Reale Avintia Racing ha [&hellip;]<\/p>\n","protected":false},"author":6,"featured_media":9039,"comment_status":"closed","ping_status":"closed","sticky":false,"template":"","format":"standard","meta":{"footnotes":""},"categories":[3],"tags":[],"class_list":["post-9078","post","type-post","status-publish","format-standard","has-post-thumbnail","hentry","category-motogp"],"yoast_head":"<!-- This site is optimized with the Yoast SEO plugin v27.1.1 - https:\/\/yoast.com\/product\/yoast-seo-wordpress\/ -->\n<title>Rabat conf\u00eda en su ritmo para el GP de las Am\u00e9ricas, Simeon sigue progresando - Esponsorama<\/title>\n<meta name=\"robots\" content=\"index, follow, max-snippet:-1, max-image-preview:large, max-video-preview:-1\" \/>\n<link rel=\"canonical\" href=\"http:\/\/esponsorama.ad\/ca\/rabat-confia-ritmo-gp-las-americas-simeon-sigue-progresando-2\/\" \/>\n<meta property=\"og:locale\" content=\"en_US\" \/>\n<meta property=\"og:type\" content=\"article\" \/>\n<meta property=\"og:title\" content=\"Rabat conf\u00eda en su ritmo para el GP de las Am\u00e9ricas, Simeon sigue progresando - Esponsorama\" \/>\n<meta property=\"og:description\" content=\"MotoGP GP de las Am\u00e9ricas \u2013 COTA La lluvia ca\u00edda durante la ma\u00f1ana ha complicado las cosas a Tito Rabat, quien ten\u00eda planeado atacar en el FP3 para poder pasar directo a la Q2. Pero con menos temperatura y la pista en unas condiciones lejos de ser ideales, el piloto del Reale Avintia Racing ha [&hellip;]\" \/>\n<meta property=\"og:url\" content=\"http:\/\/esponsorama.ad\/ca\/rabat-confia-ritmo-gp-las-americas-simeon-sigue-progresando-2\/\" \/>\n<meta property=\"og:site_name\" content=\"Esponsorama\" \/>\n<meta property=\"article:published_time\" content=\"2018-04-20T22:12:26+00:00\" \/>\n<meta property=\"article:modified_time\" content=\"2018-04-21T22:42:08+00:00\" \/>\n<meta property=\"og:image\" content=\"http:\/\/esponsorama.ad\/wp-content\/uploads\/2018\/04\/ALX4813.jpg\" \/>\n\t<meta property=\"og:image:width\" content=\"4803\" \/>\n\t<meta property=\"og:image:height\" content=\"3202\" \/>\n\t<meta property=\"og:image:type\" content=\"image\/jpeg\" \/>\n<meta name=\"author\" content=\"Xavi Andornet\" \/>\n<meta name=\"twitter:card\" content=\"summary_large_image\" \/>\n<meta name=\"twitter:label1\" content=\"Written by\" \/>\n\t<meta name=\"twitter:data1\" content=\"Xavi Andornet\" \/>\n\t<meta name=\"twitter:label2\" content=\"Est. reading time\" \/>\n\t<meta name=\"twitter:data2\" content=\"2 minutes\" \/>\n<script type=\"application\/ld+json\" class=\"yoast-schema-graph\">{\"@context\":\"https:\/\/schema.org\",\"@graph\":[{\"@type\":\"Article\",\"@id\":\"http:\/\/esponsorama.ad\/ca\/rabat-confia-ritmo-gp-las-americas-simeon-sigue-progresando-2\/#article\",\"isPartOf\":{\"@id\":\"http:\/\/esponsorama.ad\/ca\/rabat-confia-ritmo-gp-las-americas-simeon-sigue-progresando-2\/\"},\"author\":{\"name\":\"Xavi Andornet\",\"@id\":\"http:\/\/esponsorama.ad\/es\/#\/schema\/person\/a5cde74945183d737066e46b61c6f9c4\"},\"headline\":\"Rabat conf\u00eda en su ritmo para el GP de las Am\u00e9ricas, Simeon sigue progresando\",\"datePublished\":\"2018-04-20T22:12:26+00:00\",\"dateModified\":\"2018-04-21T22:42:08+00:00\",\"mainEntityOfPage\":{\"@id\":\"http:\/\/esponsorama.ad\/ca\/rabat-confia-ritmo-gp-las-americas-simeon-sigue-progresando-2\/\"},\"wordCount\":471,\"image\":{\"@id\":\"http:\/\/esponsorama.ad\/ca\/rabat-confia-ritmo-gp-las-americas-simeon-sigue-progresando-2\/#primaryimage\"},\"thumbnailUrl\":\"http:\/\/esponsorama.ad\/wp-content\/uploads\/2018\/04\/ALX4813.jpg\",\"articleSection\":[\"MotoGP\"],\"inLanguage\":\"ca-AD\"},{\"@type\":\"WebPage\",\"@id\":\"http:\/\/esponsorama.ad\/ca\/rabat-confia-ritmo-gp-las-americas-simeon-sigue-progresando-2\/\",\"url\":\"http:\/\/esponsorama.ad\/ca\/rabat-confia-ritmo-gp-las-americas-simeon-sigue-progresando-2\/\",\"name\":\"Rabat conf\u00eda en su ritmo para el GP de las Am\u00e9ricas, Simeon sigue progresando - Esponsorama\",\"isPartOf\":{\"@id\":\"http:\/\/esponsorama.ad\/es\/#website\"},\"primaryImageOfPage\":{\"@id\":\"http:\/\/esponsorama.ad\/ca\/rabat-confia-ritmo-gp-las-americas-simeon-sigue-progresando-2\/#primaryimage\"},\"image\":{\"@id\":\"http:\/\/esponsorama.ad\/ca\/rabat-confia-ritmo-gp-las-americas-simeon-sigue-progresando-2\/#primaryimage\"},\"thumbnailUrl\":\"http:\/\/esponsorama.ad\/wp-content\/uploads\/2018\/04\/ALX4813.jpg\",\"datePublished\":\"2018-04-20T22:12:26+00:00\",\"dateModified\":\"2018-04-21T22:42:08+00:00\",\"author\":{\"@id\":\"http:\/\/esponsorama.ad\/es\/#\/schema\/person\/a5cde74945183d737066e46b61c6f9c4\"},\"breadcrumb\":{\"@id\":\"http:\/\/esponsorama.ad\/ca\/rabat-confia-ritmo-gp-las-americas-simeon-sigue-progresando-2\/#breadcrumb\"},\"inLanguage\":\"ca-AD\",\"potentialAction\":[{\"@type\":\"ReadAction\",\"target\":[\"http:\/\/esponsorama.ad\/ca\/rabat-confia-ritmo-gp-las-americas-simeon-sigue-progresando-2\/\"]}]},{\"@type\":\"ImageObject\",\"inLanguage\":\"ca-AD\",\"@id\":\"http:\/\/esponsorama.ad\/ca\/rabat-confia-ritmo-gp-las-americas-simeon-sigue-progresando-2\/#primaryimage\",\"url\":\"http:\/\/esponsorama.ad\/wp-content\/uploads\/2018\/04\/ALX4813.jpg\",\"contentUrl\":\"http:\/\/esponsorama.ad\/wp-content\/uploads\/2018\/04\/ALX4813.jpg\",\"width\":4803,\"height\":3202},{\"@type\":\"BreadcrumbList\",\"@id\":\"http:\/\/esponsorama.ad\/ca\/rabat-confia-ritmo-gp-las-americas-simeon-sigue-progresando-2\/#breadcrumb\",\"itemListElement\":[{\"@type\":\"ListItem\",\"position\":1,\"name\":\"Home\",\"item\":\"http:\/\/esponsorama.ad\/ca\/\"},{\"@type\":\"ListItem\",\"position\":2,\"name\":\"Rabat conf\u00eda en su ritmo para el GP de las Am\u00e9ricas, Simeon sigue progresando\"}]},{\"@type\":\"WebSite\",\"@id\":\"http:\/\/esponsorama.ad\/es\/#website\",\"url\":\"http:\/\/esponsorama.ad\/es\/\",\"name\":\"Esponsorama\",\"description\":\"Specialist in motorsport sponsorship and event promotions\",\"potentialAction\":[{\"@type\":\"SearchAction\",\"target\":{\"@type\":\"EntryPoint\",\"urlTemplate\":\"http:\/\/esponsorama.ad\/es\/?s={search_term_string}\"},\"query-input\":{\"@type\":\"PropertyValueSpecification\",\"valueRequired\":true,\"valueName\":\"search_term_string\"}}],\"inLanguage\":\"ca-AD\"},{\"@type\":\"Person\",\"@id\":\"http:\/\/esponsorama.ad\/es\/#\/schema\/person\/a5cde74945183d737066e46b61c6f9c4\",\"name\":\"Xavi Andornet\",\"image\":{\"@type\":\"ImageObject\",\"inLanguage\":\"ca-AD\",\"@id\":\"http:\/\/esponsorama.ad\/es\/#\/schema\/person\/image\/\",\"url\":\"https:\/\/secure.gravatar.com\/avatar\/f10eaf9ad601244a2357c9fd7cd9805ed166cfaaf76d5d9ab08a9d873e70147a?s=96&d=mm&r=g\",\"contentUrl\":\"https:\/\/secure.gravatar.com\/avatar\/f10eaf9ad601244a2357c9fd7cd9805ed166cfaaf76d5d9ab08a9d873e70147a?s=96&d=mm&r=g\",\"caption\":\"Xavi Andornet\"},\"sameAs\":[\"http:\/\/www.andornet.ad\"],\"url\":\"http:\/\/esponsorama.ad\/ca\/author\/andornet\/\"}]}<\/script>\n<!-- \/ Yoast SEO plugin. -->","yoast_head_json":{"title":"Rabat conf\u00eda en su ritmo para el GP de las Am\u00e9ricas, Simeon sigue progresando - Esponsorama","robots":{"index":"index","follow":"follow","max-snippet":"max-snippet:-1","max-image-preview":"max-image-preview:large","max-video-preview":"max-video-preview:-1"},"canonical":"http:\/\/esponsorama.ad\/ca\/rabat-confia-ritmo-gp-las-americas-simeon-sigue-progresando-2\/","og_locale":"en_US","og_type":"article","og_title":"Rabat conf\u00eda en su ritmo para el GP de las Am\u00e9ricas, Simeon sigue progresando - Esponsorama","og_description":"MotoGP GP de las Am\u00e9ricas \u2013 COTA La lluvia ca\u00edda durante la ma\u00f1ana ha complicado las cosas a Tito Rabat, quien ten\u00eda planeado atacar en el FP3 para poder pasar directo a la Q2. Pero con menos temperatura y la pista en unas condiciones lejos de ser ideales, el piloto del Reale Avintia Racing ha [&hellip;]","og_url":"http:\/\/esponsorama.ad\/ca\/rabat-confia-ritmo-gp-las-americas-simeon-sigue-progresando-2\/","og_site_name":"Esponsorama","article_published_time":"2018-04-20T22:12:26+00:00","article_modified_time":"2018-04-21T22:42:08+00:00","og_image":[{"width":4803,"height":3202,"url":"http:\/\/esponsorama.ad\/wp-content\/uploads\/2018\/04\/ALX4813.jpg","type":"image\/jpeg"}],"author":"Xavi Andornet","twitter_card":"summary_large_image","twitter_misc":{"Written by":"Xavi Andornet","Est. reading time":"2 minutes"},"schema":{"@context":"https:\/\/schema.org","@graph":[{"@type":"Article","@id":"http:\/\/esponsorama.ad\/ca\/rabat-confia-ritmo-gp-las-americas-simeon-sigue-progresando-2\/#article","isPartOf":{"@id":"http:\/\/esponsorama.ad\/ca\/rabat-confia-ritmo-gp-las-americas-simeon-sigue-progresando-2\/"},"author":{"name":"Xavi Andornet","@id":"http:\/\/esponsorama.ad\/es\/#\/schema\/person\/a5cde74945183d737066e46b61c6f9c4"},"headline":"Rabat conf\u00eda en su ritmo para el GP de las Am\u00e9ricas, Simeon sigue progresando","datePublished":"2018-04-20T22:12:26+00:00","dateModified":"2018-04-21T22:42:08+00:00","mainEntityOfPage":{"@id":"http:\/\/esponsorama.ad\/ca\/rabat-confia-ritmo-gp-las-americas-simeon-sigue-progresando-2\/"},"wordCount":471,"image":{"@id":"http:\/\/esponsorama.ad\/ca\/rabat-confia-ritmo-gp-las-americas-simeon-sigue-progresando-2\/#primaryimage"},"thumbnailUrl":"http:\/\/esponsorama.ad\/wp-content\/uploads\/2018\/04\/ALX4813.jpg","articleSection":["MotoGP"],"inLanguage":"ca-AD"},{"@type":"WebPage","@id":"http:\/\/esponsorama.ad\/ca\/rabat-confia-ritmo-gp-las-americas-simeon-sigue-progresando-2\/","url":"http:\/\/esponsorama.ad\/ca\/rabat-confia-ritmo-gp-las-americas-simeon-sigue-progresando-2\/","name":"Rabat conf\u00eda en su ritmo para el GP de las Am\u00e9ricas, Simeon sigue progresando - Esponsorama","isPartOf":{"@id":"http:\/\/esponsorama.ad\/es\/#website"},"primaryImageOfPage":{"@id":"http:\/\/esponsorama.ad\/ca\/rabat-confia-ritmo-gp-las-americas-simeon-sigue-progresando-2\/#primaryimage"},"image":{"@id":"http:\/\/esponsorama.ad\/ca\/rabat-confia-ritmo-gp-las-americas-simeon-sigue-progresando-2\/#primaryimage"},"thumbnailUrl":"http:\/\/esponsorama.ad\/wp-content\/uploads\/2018\/04\/ALX4813.jpg","datePublished":"2018-04-20T22:12:26+00:00","dateModified":"2018-04-21T22:42:08+00:00","author":{"@id":"http:\/\/esponsorama.ad\/es\/#\/schema\/person\/a5cde74945183d737066e46b61c6f9c4"},"breadcrumb":{"@id":"http:\/\/esponsorama.ad\/ca\/rabat-confia-ritmo-gp-las-americas-simeon-sigue-progresando-2\/#breadcrumb"},"inLanguage":"ca-AD","potentialAction":[{"@type":"ReadAction","target":["http:\/\/esponsorama.ad\/ca\/rabat-confia-ritmo-gp-las-americas-simeon-sigue-progresando-2\/"]}]},{"@type":"ImageObject","inLanguage":"ca-AD","@id":"http:\/\/esponsorama.ad\/ca\/rabat-confia-ritmo-gp-las-americas-simeon-sigue-progresando-2\/#primaryimage","url":"http:\/\/esponsorama.ad\/wp-content\/uploads\/2018\/04\/ALX4813.jpg","contentUrl":"http:\/\/esponsorama.ad\/wp-content\/uploads\/2018\/04\/ALX4813.jpg","width":4803,"height":3202},{"@type":"BreadcrumbList","@id":"http:\/\/esponsorama.ad\/ca\/rabat-confia-ritmo-gp-las-americas-simeon-sigue-progresando-2\/#breadcrumb","itemListElement":[{"@type":"ListItem","position":1,"name":"Home","item":"http:\/\/esponsorama.ad\/ca\/"},{"@type":"ListItem","position":2,"name":"Rabat conf\u00eda en su ritmo para el GP de las Am\u00e9ricas, Simeon sigue progresando"}]},{"@type":"WebSite","@id":"http:\/\/esponsorama.ad\/es\/#website","url":"http:\/\/esponsorama.ad\/es\/","name":"Esponsorama","description":"Specialist in motorsport sponsorship and event promotions","potentialAction":[{"@type":"SearchAction","target":{"@type":"EntryPoint","urlTemplate":"http:\/\/esponsorama.ad\/es\/?s={search_term_string}"},"query-input":{"@type":"PropertyValueSpecification","valueRequired":true,"valueName":"search_term_string"}}],"inLanguage":"ca-AD"},{"@type":"Person","@id":"http:\/\/esponsorama.ad\/es\/#\/schema\/person\/a5cde74945183d737066e46b61c6f9c4","name":"Xavi Andornet","image":{"@type":"ImageObject","inLanguage":"ca-AD","@id":"http:\/\/esponsorama.ad\/es\/#\/schema\/person\/image\/","url":"https:\/\/secure.gravatar.com\/avatar\/f10eaf9ad601244a2357c9fd7cd9805ed166cfaaf76d5d9ab08a9d873e70147a?s=96&d=mm&r=g","contentUrl":"https:\/\/secure.gravatar.com\/avatar\/f10eaf9ad601244a2357c9fd7cd9805ed166cfaaf76d5d9ab08a9d873e70147a?s=96&d=mm&r=g","caption":"Xavi Andornet"},"sameAs":["http:\/\/www.andornet.ad"],"url":"http:\/\/esponsorama.ad\/ca\/author\/andornet\/"}]}},"_links":{"self":[{"href":"http:\/\/esponsorama.ad\/ca\/wp-json\/wp\/v2\/posts\/9078","targetHints":{"allow":["GET"]}}],"collection":[{"href":"http:\/\/esponsorama.ad\/ca\/wp-json\/wp\/v2\/posts"}],"about":[{"href":"http:\/\/esponsorama.ad\/ca\/wp-json\/wp\/v2\/types\/post"}],"author":[{"embeddable":true,"href":"http:\/\/esponsorama.ad\/ca\/wp-json\/wp\/v2\/users\/6"}],"replies":[{"embeddable":true,"href":"http:\/\/esponsorama.ad\/ca\/wp-json\/wp\/v2\/comments?post=9078"}],"version-history":[{"count":0,"href":"http:\/\/esponsorama.ad\/ca\/wp-json\/wp\/v2\/posts\/9078\/revisions"}],"wp:featuredmedia":[{"embeddable":true,"href":"http:\/\/esponsorama.ad\/ca\/wp-json\/wp\/v2\/media\/9039"}],"wp:attachment":[{"href":"http:\/\/esponsorama.ad\/ca\/wp-json\/wp\/v2\/media?parent=9078"}],"wp:term":[{"taxonomy":"category","embeddable":true,"href":"http:\/\/esponsorama.ad\/ca\/wp-json\/wp\/v2\/categories?post=9078"},{"taxonomy":"post_tag","embeddable":true,"href":"http:\/\/esponsorama.ad\/ca\/wp-json\/wp\/v2\/tags?post=9078"}],"curies":[{"name":"wp","href":"https:\/\/api.w.org\/{rel}","templated":true}]}}