{"id":9268,"date":"2018-05-01T17:24:21","date_gmt":"2018-05-01T15:24:21","guid":{"rendered":"http:\/\/esponsorama.ad\/?p=9268"},"modified":"2018-05-05T17:56:35","modified_gmt":"2018-05-05T15:56:35","slug":"reale-avintia-racing-comienza-la-temporada-europea-casa-3","status":"publish","type":"post","link":"http:\/\/esponsorama.ad\/ca\/reale-avintia-racing-comienza-la-temporada-europea-casa-3\/","title":{"rendered":"Reale Avintia Racing comen\u00e7a la temporada europea a casa"},"content":{"rendered":"<p><strong>MotoGP GP d&#8217;Espanya &#8211; Circuit de Jerez <\/strong><\/p>\n<p>Els pilots de l&#8217;equip Reale Avintia Racing, Tito Rabat i Xavier Simeon, ja van cam\u00ed de Jerez per disputar la quarta cita del Campionat del M\u00f3n de MotoGP 2018. El Gran Premi d&#8217;Espanya ser\u00e0 a m\u00e9s la primera cursa en s\u00f2l europeu despr\u00e9s de passar per Qatar, Argentina i Estats Units.<\/p>\n<p>Tito Rabat arriba plet\u00f2ric a la seva carrera de casa, el pilot del Reale Avintia Racing ocupa la novena posici\u00f3 en la provisional del campionat gr\u00e0cies als seus bons resultats en les tres primeres carreres. Cada vegada est\u00e0 m\u00e9s c\u00f2mode amb la seva nova moto i amb el seu equip t\u00e8cnic. A Jerez, un circuit que coneix b\u00e9 i en qu\u00e8 ja ha rodat amb la seva Ducati GP17, Tito espera poder donar guerra.<\/p>\n<p>Per al rookie Xavier Simeon al circuit de Jerez tampoc ser\u00e0 nou, el belga va realitzar un test molt positiu a la pista andalusa el passat mes de novembre i aquest cap de setmana espera poder lluitar des de divendres per entrar en els punts. No ser\u00e0 senzill, perqu\u00e8 la categoria de Moto GP t\u00e9 un nivell alt\u00edssim aquesta temporada, per\u00f2 Simeon cada vegada est\u00e0 m\u00e9s a prop ia Jerez vol donar un altre pas endavant.<\/p>\n\n<p>&#8220;Hem comen\u00e7at la temporada molt b\u00e9 i estic molt content per com han anat les tres primeres carreres. Ara arribem a Europa amb circuits m\u00e9s petits i m\u00e9s t\u00e8cnics, aix\u00ed que a veure qu\u00e8 tal se&#8217;ns d\u00f3na. Arribo a Jerez al 100% amb ganes de fer-ho molt b\u00e9, el test que vam fer al novembre va anar bastant b\u00e9, aix\u00ed que comen\u00e7arem amb una bona base. C\u00f3rrer a casa sempre et d\u00f3na un plus per l&#8217;afici\u00f3, aix\u00ed que caldr\u00e0 donar-ho tot per poder oferir-los un bon resultat\u201d.<\/p>\n\n<p>\u201cSi fem balan\u00e7 de les meves tres primeres carreres en MotoGP crec que el resultat \u00e9s positiu. Hem apr\u00e8s molt, a posar la moto a punt en poc temps i aprofitar els 45 minuts dels lliures, hem pres decisions amb els pneum\u00e0tics que de vegades han funcionat i altres no, i hem anat donant passos amb la moto i amb el meu estil de pilotatge. Ara arribem a Jerez, un circuit que ja conec amb la MotoGP i on vull millorar m\u00e9s per poder fer un bon resultat diumenge\u201d.<\/p>\n","protected":false},"excerpt":{"rendered":"<p>MotoGP GP d&#8217;Espanya &#8211; Circuit de Jerez Els pilots de l&#8217;equip Reale Avintia Racing, Tito Rabat i Xavier Simeon, ja van cam\u00ed de Jerez per disputar la quarta cita del Campionat del M\u00f3n de MotoGP 2018. El Gran Premi d&#8217;Espanya ser\u00e0 a m\u00e9s la primera cursa en s\u00f2l europeu despr\u00e9s de passar per Qatar, Argentina [&hellip;]<\/p>\n","protected":false},"author":6,"featured_media":9126,"comment_status":"closed","ping_status":"closed","sticky":false,"template":"","format":"standard","meta":{"footnotes":""},"categories":[3],"tags":[],"class_list":["post-9268","post","type-post","status-publish","format-standard","has-post-thumbnail","hentry","category-motogp"],"yoast_head":"<!-- This site is optimized with the Yoast SEO plugin v27.1.1 - https:\/\/yoast.com\/product\/yoast-seo-wordpress\/ -->\n<title>Reale Avintia Racing comen\u00e7a la temporada europea a casa - Esponsorama<\/title>\n<meta name=\"robots\" content=\"index, follow, max-snippet:-1, max-image-preview:large, max-video-preview:-1\" \/>\n<link rel=\"canonical\" href=\"http:\/\/esponsorama.ad\/ca\/reale-avintia-racing-comienza-la-temporada-europea-casa-3\/\" \/>\n<meta property=\"og:locale\" content=\"en_US\" \/>\n<meta property=\"og:type\" content=\"article\" \/>\n<meta property=\"og:title\" content=\"Reale Avintia Racing comen\u00e7a la temporada europea a casa - Esponsorama\" \/>\n<meta property=\"og:description\" content=\"MotoGP GP d&#8217;Espanya &#8211; Circuit de Jerez Els pilots de l&#8217;equip Reale Avintia Racing, Tito Rabat i Xavier Simeon, ja van cam\u00ed de Jerez per disputar la quarta cita del Campionat del M\u00f3n de MotoGP 2018. El Gran Premi d&#8217;Espanya ser\u00e0 a m\u00e9s la primera cursa en s\u00f2l europeu despr\u00e9s de passar per Qatar, Argentina [&hellip;]\" \/>\n<meta property=\"og:url\" content=\"http:\/\/esponsorama.ad\/ca\/reale-avintia-racing-comienza-la-temporada-europea-casa-3\/\" \/>\n<meta property=\"og:site_name\" content=\"Esponsorama\" \/>\n<meta property=\"article:published_time\" content=\"2018-05-01T15:24:21+00:00\" \/>\n<meta property=\"article:modified_time\" content=\"2018-05-05T15:56:35+00:00\" \/>\n<meta property=\"og:image\" content=\"http:\/\/esponsorama.ad\/wp-content\/uploads\/2018\/04\/03Austin18Mgp-8208.jpg\" \/>\n\t<meta property=\"og:image:width\" content=\"4321\" \/>\n\t<meta property=\"og:image:height\" content=\"2881\" \/>\n\t<meta property=\"og:image:type\" content=\"image\/jpeg\" \/>\n<meta name=\"author\" content=\"Xavi Andornet\" \/>\n<meta name=\"twitter:card\" content=\"summary_large_image\" \/>\n<meta name=\"twitter:label1\" content=\"Written by\" \/>\n\t<meta name=\"twitter:data1\" content=\"Xavi Andornet\" \/>\n\t<meta name=\"twitter:label2\" content=\"Est. reading time\" \/>\n\t<meta name=\"twitter:data2\" content=\"2 minutes\" \/>\n<script type=\"application\/ld+json\" class=\"yoast-schema-graph\">{\"@context\":\"https:\/\/schema.org\",\"@graph\":[{\"@type\":\"Article\",\"@id\":\"http:\/\/esponsorama.ad\/ca\/reale-avintia-racing-comienza-la-temporada-europea-casa-3\/#article\",\"isPartOf\":{\"@id\":\"http:\/\/esponsorama.ad\/ca\/reale-avintia-racing-comienza-la-temporada-europea-casa-3\/\"},\"author\":{\"name\":\"Xavi Andornet\",\"@id\":\"http:\/\/esponsorama.ad\/es\/#\/schema\/person\/a5cde74945183d737066e46b61c6f9c4\"},\"headline\":\"Reale Avintia Racing comen\u00e7a la temporada europea a casa\",\"datePublished\":\"2018-05-01T15:24:21+00:00\",\"dateModified\":\"2018-05-05T15:56:35+00:00\",\"mainEntityOfPage\":{\"@id\":\"http:\/\/esponsorama.ad\/ca\/reale-avintia-racing-comienza-la-temporada-europea-casa-3\/\"},\"wordCount\":417,\"image\":{\"@id\":\"http:\/\/esponsorama.ad\/ca\/reale-avintia-racing-comienza-la-temporada-europea-casa-3\/#primaryimage\"},\"thumbnailUrl\":\"http:\/\/esponsorama.ad\/wp-content\/uploads\/2018\/04\/03Austin18Mgp-8208.jpg\",\"articleSection\":[\"MotoGP\"],\"inLanguage\":\"ca-AD\"},{\"@type\":\"WebPage\",\"@id\":\"http:\/\/esponsorama.ad\/ca\/reale-avintia-racing-comienza-la-temporada-europea-casa-3\/\",\"url\":\"http:\/\/esponsorama.ad\/ca\/reale-avintia-racing-comienza-la-temporada-europea-casa-3\/\",\"name\":\"Reale Avintia Racing comen\u00e7a la temporada europea a casa - Esponsorama\",\"isPartOf\":{\"@id\":\"http:\/\/esponsorama.ad\/es\/#website\"},\"primaryImageOfPage\":{\"@id\":\"http:\/\/esponsorama.ad\/ca\/reale-avintia-racing-comienza-la-temporada-europea-casa-3\/#primaryimage\"},\"image\":{\"@id\":\"http:\/\/esponsorama.ad\/ca\/reale-avintia-racing-comienza-la-temporada-europea-casa-3\/#primaryimage\"},\"thumbnailUrl\":\"http:\/\/esponsorama.ad\/wp-content\/uploads\/2018\/04\/03Austin18Mgp-8208.jpg\",\"datePublished\":\"2018-05-01T15:24:21+00:00\",\"dateModified\":\"2018-05-05T15:56:35+00:00\",\"author\":{\"@id\":\"http:\/\/esponsorama.ad\/es\/#\/schema\/person\/a5cde74945183d737066e46b61c6f9c4\"},\"breadcrumb\":{\"@id\":\"http:\/\/esponsorama.ad\/ca\/reale-avintia-racing-comienza-la-temporada-europea-casa-3\/#breadcrumb\"},\"inLanguage\":\"ca-AD\",\"potentialAction\":[{\"@type\":\"ReadAction\",\"target\":[\"http:\/\/esponsorama.ad\/ca\/reale-avintia-racing-comienza-la-temporada-europea-casa-3\/\"]}]},{\"@type\":\"ImageObject\",\"inLanguage\":\"ca-AD\",\"@id\":\"http:\/\/esponsorama.ad\/ca\/reale-avintia-racing-comienza-la-temporada-europea-casa-3\/#primaryimage\",\"url\":\"http:\/\/esponsorama.ad\/wp-content\/uploads\/2018\/04\/03Austin18Mgp-8208.jpg\",\"contentUrl\":\"http:\/\/esponsorama.ad\/wp-content\/uploads\/2018\/04\/03Austin18Mgp-8208.jpg\",\"width\":4321,\"height\":2881},{\"@type\":\"BreadcrumbList\",\"@id\":\"http:\/\/esponsorama.ad\/ca\/reale-avintia-racing-comienza-la-temporada-europea-casa-3\/#breadcrumb\",\"itemListElement\":[{\"@type\":\"ListItem\",\"position\":1,\"name\":\"Home\",\"item\":\"http:\/\/esponsorama.ad\/en\/\"},{\"@type\":\"ListItem\",\"position\":2,\"name\":\"Reale Avintia Racing comen\u00e7a la temporada europea a casa\"}]},{\"@type\":\"WebSite\",\"@id\":\"http:\/\/esponsorama.ad\/es\/#website\",\"url\":\"http:\/\/esponsorama.ad\/es\/\",\"name\":\"Esponsorama\",\"description\":\"Specialist in motorsport sponsorship and event promotions\",\"potentialAction\":[{\"@type\":\"SearchAction\",\"target\":{\"@type\":\"EntryPoint\",\"urlTemplate\":\"http:\/\/esponsorama.ad\/es\/?s={search_term_string}\"},\"query-input\":{\"@type\":\"PropertyValueSpecification\",\"valueRequired\":true,\"valueName\":\"search_term_string\"}}],\"inLanguage\":\"ca-AD\"},{\"@type\":\"Person\",\"@id\":\"http:\/\/esponsorama.ad\/es\/#\/schema\/person\/a5cde74945183d737066e46b61c6f9c4\",\"name\":\"Xavi Andornet\",\"image\":{\"@type\":\"ImageObject\",\"inLanguage\":\"ca-AD\",\"@id\":\"http:\/\/esponsorama.ad\/es\/#\/schema\/person\/image\/\",\"url\":\"https:\/\/secure.gravatar.com\/avatar\/f10eaf9ad601244a2357c9fd7cd9805ed166cfaaf76d5d9ab08a9d873e70147a?s=96&d=mm&r=g\",\"contentUrl\":\"https:\/\/secure.gravatar.com\/avatar\/f10eaf9ad601244a2357c9fd7cd9805ed166cfaaf76d5d9ab08a9d873e70147a?s=96&d=mm&r=g\",\"caption\":\"Xavi Andornet\"},\"sameAs\":[\"http:\/\/www.andornet.ad\"],\"url\":\"http:\/\/esponsorama.ad\/ca\/author\/andornet\/\"}]}<\/script>\n<!-- \/ Yoast SEO plugin. -->","yoast_head_json":{"title":"Reale Avintia Racing comen\u00e7a la temporada europea a casa - Esponsorama","robots":{"index":"index","follow":"follow","max-snippet":"max-snippet:-1","max-image-preview":"max-image-preview:large","max-video-preview":"max-video-preview:-1"},"canonical":"http:\/\/esponsorama.ad\/ca\/reale-avintia-racing-comienza-la-temporada-europea-casa-3\/","og_locale":"en_US","og_type":"article","og_title":"Reale Avintia Racing comen\u00e7a la temporada europea a casa - Esponsorama","og_description":"MotoGP GP d&#8217;Espanya &#8211; Circuit de Jerez Els pilots de l&#8217;equip Reale Avintia Racing, Tito Rabat i Xavier Simeon, ja van cam\u00ed de Jerez per disputar la quarta cita del Campionat del M\u00f3n de MotoGP 2018. El Gran Premi d&#8217;Espanya ser\u00e0 a m\u00e9s la primera cursa en s\u00f2l europeu despr\u00e9s de passar per Qatar, Argentina [&hellip;]","og_url":"http:\/\/esponsorama.ad\/ca\/reale-avintia-racing-comienza-la-temporada-europea-casa-3\/","og_site_name":"Esponsorama","article_published_time":"2018-05-01T15:24:21+00:00","article_modified_time":"2018-05-05T15:56:35+00:00","og_image":[{"width":4321,"height":2881,"url":"http:\/\/esponsorama.ad\/wp-content\/uploads\/2018\/04\/03Austin18Mgp-8208.jpg","type":"image\/jpeg"}],"author":"Xavi Andornet","twitter_card":"summary_large_image","twitter_misc":{"Written by":"Xavi Andornet","Est. reading time":"2 minutes"},"schema":{"@context":"https:\/\/schema.org","@graph":[{"@type":"Article","@id":"http:\/\/esponsorama.ad\/ca\/reale-avintia-racing-comienza-la-temporada-europea-casa-3\/#article","isPartOf":{"@id":"http:\/\/esponsorama.ad\/ca\/reale-avintia-racing-comienza-la-temporada-europea-casa-3\/"},"author":{"name":"Xavi Andornet","@id":"http:\/\/esponsorama.ad\/es\/#\/schema\/person\/a5cde74945183d737066e46b61c6f9c4"},"headline":"Reale Avintia Racing comen\u00e7a la temporada europea a casa","datePublished":"2018-05-01T15:24:21+00:00","dateModified":"2018-05-05T15:56:35+00:00","mainEntityOfPage":{"@id":"http:\/\/esponsorama.ad\/ca\/reale-avintia-racing-comienza-la-temporada-europea-casa-3\/"},"wordCount":417,"image":{"@id":"http:\/\/esponsorama.ad\/ca\/reale-avintia-racing-comienza-la-temporada-europea-casa-3\/#primaryimage"},"thumbnailUrl":"http:\/\/esponsorama.ad\/wp-content\/uploads\/2018\/04\/03Austin18Mgp-8208.jpg","articleSection":["MotoGP"],"inLanguage":"ca-AD"},{"@type":"WebPage","@id":"http:\/\/esponsorama.ad\/ca\/reale-avintia-racing-comienza-la-temporada-europea-casa-3\/","url":"http:\/\/esponsorama.ad\/ca\/reale-avintia-racing-comienza-la-temporada-europea-casa-3\/","name":"Reale Avintia Racing comen\u00e7a la temporada europea a casa - Esponsorama","isPartOf":{"@id":"http:\/\/esponsorama.ad\/es\/#website"},"primaryImageOfPage":{"@id":"http:\/\/esponsorama.ad\/ca\/reale-avintia-racing-comienza-la-temporada-europea-casa-3\/#primaryimage"},"image":{"@id":"http:\/\/esponsorama.ad\/ca\/reale-avintia-racing-comienza-la-temporada-europea-casa-3\/#primaryimage"},"thumbnailUrl":"http:\/\/esponsorama.ad\/wp-content\/uploads\/2018\/04\/03Austin18Mgp-8208.jpg","datePublished":"2018-05-01T15:24:21+00:00","dateModified":"2018-05-05T15:56:35+00:00","author":{"@id":"http:\/\/esponsorama.ad\/es\/#\/schema\/person\/a5cde74945183d737066e46b61c6f9c4"},"breadcrumb":{"@id":"http:\/\/esponsorama.ad\/ca\/reale-avintia-racing-comienza-la-temporada-europea-casa-3\/#breadcrumb"},"inLanguage":"ca-AD","potentialAction":[{"@type":"ReadAction","target":["http:\/\/esponsorama.ad\/ca\/reale-avintia-racing-comienza-la-temporada-europea-casa-3\/"]}]},{"@type":"ImageObject","inLanguage":"ca-AD","@id":"http:\/\/esponsorama.ad\/ca\/reale-avintia-racing-comienza-la-temporada-europea-casa-3\/#primaryimage","url":"http:\/\/esponsorama.ad\/wp-content\/uploads\/2018\/04\/03Austin18Mgp-8208.jpg","contentUrl":"http:\/\/esponsorama.ad\/wp-content\/uploads\/2018\/04\/03Austin18Mgp-8208.jpg","width":4321,"height":2881},{"@type":"BreadcrumbList","@id":"http:\/\/esponsorama.ad\/ca\/reale-avintia-racing-comienza-la-temporada-europea-casa-3\/#breadcrumb","itemListElement":[{"@type":"ListItem","position":1,"name":"Home","item":"http:\/\/esponsorama.ad\/en\/"},{"@type":"ListItem","position":2,"name":"Reale Avintia Racing comen\u00e7a la temporada europea a casa"}]},{"@type":"WebSite","@id":"http:\/\/esponsorama.ad\/es\/#website","url":"http:\/\/esponsorama.ad\/es\/","name":"Esponsorama","description":"Specialist in motorsport sponsorship and event promotions","potentialAction":[{"@type":"SearchAction","target":{"@type":"EntryPoint","urlTemplate":"http:\/\/esponsorama.ad\/es\/?s={search_term_string}"},"query-input":{"@type":"PropertyValueSpecification","valueRequired":true,"valueName":"search_term_string"}}],"inLanguage":"ca-AD"},{"@type":"Person","@id":"http:\/\/esponsorama.ad\/es\/#\/schema\/person\/a5cde74945183d737066e46b61c6f9c4","name":"Xavi Andornet","image":{"@type":"ImageObject","inLanguage":"ca-AD","@id":"http:\/\/esponsorama.ad\/es\/#\/schema\/person\/image\/","url":"https:\/\/secure.gravatar.com\/avatar\/f10eaf9ad601244a2357c9fd7cd9805ed166cfaaf76d5d9ab08a9d873e70147a?s=96&d=mm&r=g","contentUrl":"https:\/\/secure.gravatar.com\/avatar\/f10eaf9ad601244a2357c9fd7cd9805ed166cfaaf76d5d9ab08a9d873e70147a?s=96&d=mm&r=g","caption":"Xavi Andornet"},"sameAs":["http:\/\/www.andornet.ad"],"url":"http:\/\/esponsorama.ad\/ca\/author\/andornet\/"}]}},"_links":{"self":[{"href":"http:\/\/esponsorama.ad\/ca\/wp-json\/wp\/v2\/posts\/9268","targetHints":{"allow":["GET"]}}],"collection":[{"href":"http:\/\/esponsorama.ad\/ca\/wp-json\/wp\/v2\/posts"}],"about":[{"href":"http:\/\/esponsorama.ad\/ca\/wp-json\/wp\/v2\/types\/post"}],"author":[{"embeddable":true,"href":"http:\/\/esponsorama.ad\/ca\/wp-json\/wp\/v2\/users\/6"}],"replies":[{"embeddable":true,"href":"http:\/\/esponsorama.ad\/ca\/wp-json\/wp\/v2\/comments?post=9268"}],"version-history":[{"count":0,"href":"http:\/\/esponsorama.ad\/ca\/wp-json\/wp\/v2\/posts\/9268\/revisions"}],"wp:featuredmedia":[{"embeddable":true,"href":"http:\/\/esponsorama.ad\/ca\/wp-json\/wp\/v2\/media\/9126"}],"wp:attachment":[{"href":"http:\/\/esponsorama.ad\/ca\/wp-json\/wp\/v2\/media?parent=9268"}],"wp:term":[{"taxonomy":"category","embeddable":true,"href":"http:\/\/esponsorama.ad\/ca\/wp-json\/wp\/v2\/categories?post=9268"},{"taxonomy":"post_tag","embeddable":true,"href":"http:\/\/esponsorama.ad\/ca\/wp-json\/wp\/v2\/tags?post=9268"}],"curies":[{"name":"wp","href":"https:\/\/api.w.org\/{rel}","templated":true}]}}