{"id":9364,"date":"2018-05-04T17:28:05","date_gmt":"2018-05-04T15:28:05","guid":{"rendered":"http:\/\/esponsorama.ad\/?p=9364"},"modified":"2018-05-05T18:09:39","modified_gmt":"2018-05-05T16:09:39","slug":"primer-dia-trabajo-jerez-rabat-simeon-2","status":"publish","type":"post","link":"http:\/\/esponsorama.ad\/ca\/primer-dia-trabajo-jerez-rabat-simeon-2\/","title":{"rendered":"Primer dia de treball a Jerez per Rabat i Simeon"},"content":{"rendered":"<p><strong>MotoGP GP d&#8217;Espanya &#8211; Circuito \u00c1ngel Nieto<br \/>\n<\/strong><\/p>\n<p>Tito Rabat i Xavier Simeon, han comen\u00e7at els entrenaments lliures avui el reconegut Circuit de Jerez \u00c1ngel Nieto, el primer dels quatre Grans Premis de casa per a l&#8217;equip Reale Avintia Racing.<\/p>\n<p>Despr\u00e9s d&#8217;un gran inici de temporada Tito Rabat ha comen\u00e7at molt motivat i, encara que la seva posici\u00f3 en la classificaci\u00f3 no ho reflecteixi, el treball realitzat en el primer dia ha estat molt positiu per a la carrera de diumenge. Rabat t\u00e9 clar els pneum\u00e0tics i la posada a punt de la seva Ducati i, dem\u00e0, espera poder millorar els seus temps per sortir el m\u00e9s amunt possible en la graella.<\/p>\n<p>Per Xavi Simeon tamb\u00e9 ha estat un bon dia. El &#8216;rookie&#8217; en MotoGP ha tingut bones sensacions amb la moto des del primer moment i el seu ritme en configuraci\u00f3 de carrera ha estat acceptable. No ha pogut treure partit del pneum\u00e0tic tou, per\u00f2 dem\u00e0 espera fer un pas m\u00e9s i millorar la seva posici\u00f3.<\/p>\n<p><strong><\/strong><\/p>\n<p>&#8220;Ha estat un dia complicat per\u00f2 alhora positiu perqu\u00e8 hem pogut provar tots els pneum\u00e0tics, hem provat diversos reglatges a la moto i hem pogut comprovar que la pista no est\u00e0 com en els test de l&#8217;any passat. Tenim clar que hi ha carreres que costar\u00e0 m\u00e9s, per\u00f2 estem a prop d&#8217;on hem d&#8217;estar, a veure si dem\u00e0 al mat\u00ed podem millorar una mica la volta r\u00e0pida en el FP3 i sobretot en els cronometrats per aconseguir una bona posici\u00f3 a la graella de sortida. Per a la carrera estic bastant confiat, tenim clar el pneum\u00e0tic de carrera i encara que les sensacions amb la moto s\u00f3n molt diferents al test que vam fer aqu\u00ed al novembre, per\u00f2 \u00e9s el mateix per a tots\u201d.<\/p>\n<p><strong><\/strong><\/p>\n<p>\u201cLes sensacions han estat molt m\u00e9s positives que a Austin. Hem tingut un ritme bo des del principi. He acabat \u00faltim, per\u00f2 no gaire lluny dels pilots que estan en el top ten; aix\u00f2 vol dir que hem fet un pas. Al final no he pogut aprofitar b\u00e9 el pneum\u00e0tic tou; tenia la sensaci\u00f3 de tenir molt adher\u00e8ncia i que no deixava derrapar b\u00e9 la moto, com tocava. No he aconseguit treure el m\u00e0xim rendiment amb aquest pneum\u00e0tic, per\u00f2 l&#8217;important \u00e9s que el feeling amb la moto \u00e9s positiu. Em trobo millor i puc emp\u00e8nyer m\u00e9s fort. Dem\u00e0 intentarem fer una bona FP3 i acostar-nos el m\u00e0xim possible al top 15\u201d.<\/p>\n","protected":false},"excerpt":{"rendered":"<p>MotoGP GP d&#8217;Espanya &#8211; Circuito \u00c1ngel Nieto Tito Rabat i Xavier Simeon, han comen\u00e7at els entrenaments lliures avui el reconegut Circuit de Jerez \u00c1ngel Nieto, el primer dels quatre Grans Premis de casa per a l&#8217;equip Reale Avintia Racing. Despr\u00e9s d&#8217;un gran inici de temporada Tito Rabat ha comen\u00e7at molt motivat i, encara que la [&hellip;]<\/p>\n","protected":false},"author":6,"featured_media":9337,"comment_status":"closed","ping_status":"closed","sticky":false,"template":"","format":"standard","meta":{"footnotes":""},"categories":[3],"tags":[],"class_list":["post-9364","post","type-post","status-publish","format-standard","has-post-thumbnail","hentry","category-motogp"],"yoast_head":"<!-- This site is optimized with the Yoast SEO plugin v27.1.1 - https:\/\/yoast.com\/product\/yoast-seo-wordpress\/ -->\n<title>Primer dia de treball a Jerez per Rabat i Simeon - Esponsorama<\/title>\n<meta name=\"robots\" content=\"index, follow, max-snippet:-1, max-image-preview:large, max-video-preview:-1\" \/>\n<link rel=\"canonical\" href=\"http:\/\/esponsorama.ad\/ca\/primer-dia-trabajo-jerez-rabat-simeon-2\/\" \/>\n<meta property=\"og:locale\" content=\"en_US\" \/>\n<meta property=\"og:type\" content=\"article\" \/>\n<meta property=\"og:title\" content=\"Primer dia de treball a Jerez per Rabat i Simeon - Esponsorama\" \/>\n<meta property=\"og:description\" content=\"MotoGP GP d&#8217;Espanya &#8211; Circuito \u00c1ngel Nieto Tito Rabat i Xavier Simeon, han comen\u00e7at els entrenaments lliures avui el reconegut Circuit de Jerez \u00c1ngel Nieto, el primer dels quatre Grans Premis de casa per a l&#8217;equip Reale Avintia Racing. Despr\u00e9s d&#8217;un gran inici de temporada Tito Rabat ha comen\u00e7at molt motivat i, encara que la [&hellip;]\" \/>\n<meta property=\"og:url\" content=\"http:\/\/esponsorama.ad\/ca\/primer-dia-trabajo-jerez-rabat-simeon-2\/\" \/>\n<meta property=\"og:site_name\" content=\"Esponsorama\" \/>\n<meta property=\"article:published_time\" content=\"2018-05-04T15:28:05+00:00\" \/>\n<meta property=\"article:modified_time\" content=\"2018-05-05T16:09:39+00:00\" \/>\n<meta property=\"og:image\" content=\"http:\/\/esponsorama.ad\/wp-content\/uploads\/2018\/05\/04Jerez2018MGP-2044-1024x683.jpg\" \/>\n\t<meta property=\"og:image:width\" content=\"1024\" \/>\n\t<meta property=\"og:image:height\" content=\"683\" \/>\n\t<meta property=\"og:image:type\" content=\"image\/jpeg\" \/>\n<meta name=\"author\" content=\"Xavi Andornet\" \/>\n<meta name=\"twitter:card\" content=\"summary_large_image\" \/>\n<meta name=\"twitter:label1\" content=\"Written by\" \/>\n\t<meta name=\"twitter:data1\" content=\"Xavi Andornet\" \/>\n\t<meta name=\"twitter:label2\" content=\"Est. reading time\" \/>\n\t<meta name=\"twitter:data2\" content=\"2 minutes\" \/>\n<script type=\"application\/ld+json\" class=\"yoast-schema-graph\">{\"@context\":\"https:\/\/schema.org\",\"@graph\":[{\"@type\":\"Article\",\"@id\":\"http:\/\/esponsorama.ad\/ca\/primer-dia-trabajo-jerez-rabat-simeon-2\/#article\",\"isPartOf\":{\"@id\":\"http:\/\/esponsorama.ad\/ca\/primer-dia-trabajo-jerez-rabat-simeon-2\/\"},\"author\":{\"name\":\"Xavi Andornet\",\"@id\":\"http:\/\/esponsorama.ad\/es\/#\/schema\/person\/a5cde74945183d737066e46b61c6f9c4\"},\"headline\":\"Primer dia de treball a Jerez per Rabat i Simeon\",\"datePublished\":\"2018-05-04T15:28:05+00:00\",\"dateModified\":\"2018-05-05T16:09:39+00:00\",\"mainEntityOfPage\":{\"@id\":\"http:\/\/esponsorama.ad\/ca\/primer-dia-trabajo-jerez-rabat-simeon-2\/\"},\"wordCount\":438,\"image\":{\"@id\":\"http:\/\/esponsorama.ad\/ca\/primer-dia-trabajo-jerez-rabat-simeon-2\/#primaryimage\"},\"thumbnailUrl\":\"http:\/\/esponsorama.ad\/wp-content\/uploads\/2018\/05\/04Jerez2018MGP-2044.jpg\",\"articleSection\":[\"MotoGP\"],\"inLanguage\":\"ca-AD\"},{\"@type\":\"WebPage\",\"@id\":\"http:\/\/esponsorama.ad\/ca\/primer-dia-trabajo-jerez-rabat-simeon-2\/\",\"url\":\"http:\/\/esponsorama.ad\/ca\/primer-dia-trabajo-jerez-rabat-simeon-2\/\",\"name\":\"Primer dia de treball a Jerez per Rabat i Simeon - Esponsorama\",\"isPartOf\":{\"@id\":\"http:\/\/esponsorama.ad\/es\/#website\"},\"primaryImageOfPage\":{\"@id\":\"http:\/\/esponsorama.ad\/ca\/primer-dia-trabajo-jerez-rabat-simeon-2\/#primaryimage\"},\"image\":{\"@id\":\"http:\/\/esponsorama.ad\/ca\/primer-dia-trabajo-jerez-rabat-simeon-2\/#primaryimage\"},\"thumbnailUrl\":\"http:\/\/esponsorama.ad\/wp-content\/uploads\/2018\/05\/04Jerez2018MGP-2044.jpg\",\"datePublished\":\"2018-05-04T15:28:05+00:00\",\"dateModified\":\"2018-05-05T16:09:39+00:00\",\"author\":{\"@id\":\"http:\/\/esponsorama.ad\/es\/#\/schema\/person\/a5cde74945183d737066e46b61c6f9c4\"},\"breadcrumb\":{\"@id\":\"http:\/\/esponsorama.ad\/ca\/primer-dia-trabajo-jerez-rabat-simeon-2\/#breadcrumb\"},\"inLanguage\":\"ca-AD\",\"potentialAction\":[{\"@type\":\"ReadAction\",\"target\":[\"http:\/\/esponsorama.ad\/ca\/primer-dia-trabajo-jerez-rabat-simeon-2\/\"]}]},{\"@type\":\"ImageObject\",\"inLanguage\":\"ca-AD\",\"@id\":\"http:\/\/esponsorama.ad\/ca\/primer-dia-trabajo-jerez-rabat-simeon-2\/#primaryimage\",\"url\":\"http:\/\/esponsorama.ad\/wp-content\/uploads\/2018\/05\/04Jerez2018MGP-2044.jpg\",\"contentUrl\":\"http:\/\/esponsorama.ad\/wp-content\/uploads\/2018\/05\/04Jerez2018MGP-2044.jpg\",\"width\":4808,\"height\":3205},{\"@type\":\"BreadcrumbList\",\"@id\":\"http:\/\/esponsorama.ad\/ca\/primer-dia-trabajo-jerez-rabat-simeon-2\/#breadcrumb\",\"itemListElement\":[{\"@type\":\"ListItem\",\"position\":1,\"name\":\"Home\",\"item\":\"http:\/\/esponsorama.ad\/en\/\"},{\"@type\":\"ListItem\",\"position\":2,\"name\":\"Primer dia de treball a Jerez per Rabat i Simeon\"}]},{\"@type\":\"WebSite\",\"@id\":\"http:\/\/esponsorama.ad\/es\/#website\",\"url\":\"http:\/\/esponsorama.ad\/es\/\",\"name\":\"Esponsorama\",\"description\":\"Specialist in motorsport sponsorship and event promotions\",\"potentialAction\":[{\"@type\":\"SearchAction\",\"target\":{\"@type\":\"EntryPoint\",\"urlTemplate\":\"http:\/\/esponsorama.ad\/es\/?s={search_term_string}\"},\"query-input\":{\"@type\":\"PropertyValueSpecification\",\"valueRequired\":true,\"valueName\":\"search_term_string\"}}],\"inLanguage\":\"ca-AD\"},{\"@type\":\"Person\",\"@id\":\"http:\/\/esponsorama.ad\/es\/#\/schema\/person\/a5cde74945183d737066e46b61c6f9c4\",\"name\":\"Xavi Andornet\",\"image\":{\"@type\":\"ImageObject\",\"inLanguage\":\"ca-AD\",\"@id\":\"http:\/\/esponsorama.ad\/es\/#\/schema\/person\/image\/\",\"url\":\"https:\/\/secure.gravatar.com\/avatar\/f10eaf9ad601244a2357c9fd7cd9805ed166cfaaf76d5d9ab08a9d873e70147a?s=96&d=mm&r=g\",\"contentUrl\":\"https:\/\/secure.gravatar.com\/avatar\/f10eaf9ad601244a2357c9fd7cd9805ed166cfaaf76d5d9ab08a9d873e70147a?s=96&d=mm&r=g\",\"caption\":\"Xavi Andornet\"},\"sameAs\":[\"http:\/\/www.andornet.ad\"],\"url\":\"http:\/\/esponsorama.ad\/ca\/author\/andornet\/\"}]}<\/script>\n<!-- \/ Yoast SEO plugin. -->","yoast_head_json":{"title":"Primer dia de treball a Jerez per Rabat i Simeon - Esponsorama","robots":{"index":"index","follow":"follow","max-snippet":"max-snippet:-1","max-image-preview":"max-image-preview:large","max-video-preview":"max-video-preview:-1"},"canonical":"http:\/\/esponsorama.ad\/ca\/primer-dia-trabajo-jerez-rabat-simeon-2\/","og_locale":"en_US","og_type":"article","og_title":"Primer dia de treball a Jerez per Rabat i Simeon - Esponsorama","og_description":"MotoGP GP d&#8217;Espanya &#8211; Circuito \u00c1ngel Nieto Tito Rabat i Xavier Simeon, han comen\u00e7at els entrenaments lliures avui el reconegut Circuit de Jerez \u00c1ngel Nieto, el primer dels quatre Grans Premis de casa per a l&#8217;equip Reale Avintia Racing. Despr\u00e9s d&#8217;un gran inici de temporada Tito Rabat ha comen\u00e7at molt motivat i, encara que la [&hellip;]","og_url":"http:\/\/esponsorama.ad\/ca\/primer-dia-trabajo-jerez-rabat-simeon-2\/","og_site_name":"Esponsorama","article_published_time":"2018-05-04T15:28:05+00:00","article_modified_time":"2018-05-05T16:09:39+00:00","og_image":[{"width":1024,"height":683,"url":"http:\/\/esponsorama.ad\/wp-content\/uploads\/2018\/05\/04Jerez2018MGP-2044-1024x683.jpg","type":"image\/jpeg"}],"author":"Xavi Andornet","twitter_card":"summary_large_image","twitter_misc":{"Written by":"Xavi Andornet","Est. reading time":"2 minutes"},"schema":{"@context":"https:\/\/schema.org","@graph":[{"@type":"Article","@id":"http:\/\/esponsorama.ad\/ca\/primer-dia-trabajo-jerez-rabat-simeon-2\/#article","isPartOf":{"@id":"http:\/\/esponsorama.ad\/ca\/primer-dia-trabajo-jerez-rabat-simeon-2\/"},"author":{"name":"Xavi Andornet","@id":"http:\/\/esponsorama.ad\/es\/#\/schema\/person\/a5cde74945183d737066e46b61c6f9c4"},"headline":"Primer dia de treball a Jerez per Rabat i Simeon","datePublished":"2018-05-04T15:28:05+00:00","dateModified":"2018-05-05T16:09:39+00:00","mainEntityOfPage":{"@id":"http:\/\/esponsorama.ad\/ca\/primer-dia-trabajo-jerez-rabat-simeon-2\/"},"wordCount":438,"image":{"@id":"http:\/\/esponsorama.ad\/ca\/primer-dia-trabajo-jerez-rabat-simeon-2\/#primaryimage"},"thumbnailUrl":"http:\/\/esponsorama.ad\/wp-content\/uploads\/2018\/05\/04Jerez2018MGP-2044.jpg","articleSection":["MotoGP"],"inLanguage":"ca-AD"},{"@type":"WebPage","@id":"http:\/\/esponsorama.ad\/ca\/primer-dia-trabajo-jerez-rabat-simeon-2\/","url":"http:\/\/esponsorama.ad\/ca\/primer-dia-trabajo-jerez-rabat-simeon-2\/","name":"Primer dia de treball a Jerez per Rabat i Simeon - Esponsorama","isPartOf":{"@id":"http:\/\/esponsorama.ad\/es\/#website"},"primaryImageOfPage":{"@id":"http:\/\/esponsorama.ad\/ca\/primer-dia-trabajo-jerez-rabat-simeon-2\/#primaryimage"},"image":{"@id":"http:\/\/esponsorama.ad\/ca\/primer-dia-trabajo-jerez-rabat-simeon-2\/#primaryimage"},"thumbnailUrl":"http:\/\/esponsorama.ad\/wp-content\/uploads\/2018\/05\/04Jerez2018MGP-2044.jpg","datePublished":"2018-05-04T15:28:05+00:00","dateModified":"2018-05-05T16:09:39+00:00","author":{"@id":"http:\/\/esponsorama.ad\/es\/#\/schema\/person\/a5cde74945183d737066e46b61c6f9c4"},"breadcrumb":{"@id":"http:\/\/esponsorama.ad\/ca\/primer-dia-trabajo-jerez-rabat-simeon-2\/#breadcrumb"},"inLanguage":"ca-AD","potentialAction":[{"@type":"ReadAction","target":["http:\/\/esponsorama.ad\/ca\/primer-dia-trabajo-jerez-rabat-simeon-2\/"]}]},{"@type":"ImageObject","inLanguage":"ca-AD","@id":"http:\/\/esponsorama.ad\/ca\/primer-dia-trabajo-jerez-rabat-simeon-2\/#primaryimage","url":"http:\/\/esponsorama.ad\/wp-content\/uploads\/2018\/05\/04Jerez2018MGP-2044.jpg","contentUrl":"http:\/\/esponsorama.ad\/wp-content\/uploads\/2018\/05\/04Jerez2018MGP-2044.jpg","width":4808,"height":3205},{"@type":"BreadcrumbList","@id":"http:\/\/esponsorama.ad\/ca\/primer-dia-trabajo-jerez-rabat-simeon-2\/#breadcrumb","itemListElement":[{"@type":"ListItem","position":1,"name":"Home","item":"http:\/\/esponsorama.ad\/en\/"},{"@type":"ListItem","position":2,"name":"Primer dia de treball a Jerez per Rabat i Simeon"}]},{"@type":"WebSite","@id":"http:\/\/esponsorama.ad\/es\/#website","url":"http:\/\/esponsorama.ad\/es\/","name":"Esponsorama","description":"Specialist in motorsport sponsorship and event promotions","potentialAction":[{"@type":"SearchAction","target":{"@type":"EntryPoint","urlTemplate":"http:\/\/esponsorama.ad\/es\/?s={search_term_string}"},"query-input":{"@type":"PropertyValueSpecification","valueRequired":true,"valueName":"search_term_string"}}],"inLanguage":"ca-AD"},{"@type":"Person","@id":"http:\/\/esponsorama.ad\/es\/#\/schema\/person\/a5cde74945183d737066e46b61c6f9c4","name":"Xavi Andornet","image":{"@type":"ImageObject","inLanguage":"ca-AD","@id":"http:\/\/esponsorama.ad\/es\/#\/schema\/person\/image\/","url":"https:\/\/secure.gravatar.com\/avatar\/f10eaf9ad601244a2357c9fd7cd9805ed166cfaaf76d5d9ab08a9d873e70147a?s=96&d=mm&r=g","contentUrl":"https:\/\/secure.gravatar.com\/avatar\/f10eaf9ad601244a2357c9fd7cd9805ed166cfaaf76d5d9ab08a9d873e70147a?s=96&d=mm&r=g","caption":"Xavi Andornet"},"sameAs":["http:\/\/www.andornet.ad"],"url":"http:\/\/esponsorama.ad\/ca\/author\/andornet\/"}]}},"_links":{"self":[{"href":"http:\/\/esponsorama.ad\/ca\/wp-json\/wp\/v2\/posts\/9364","targetHints":{"allow":["GET"]}}],"collection":[{"href":"http:\/\/esponsorama.ad\/ca\/wp-json\/wp\/v2\/posts"}],"about":[{"href":"http:\/\/esponsorama.ad\/ca\/wp-json\/wp\/v2\/types\/post"}],"author":[{"embeddable":true,"href":"http:\/\/esponsorama.ad\/ca\/wp-json\/wp\/v2\/users\/6"}],"replies":[{"embeddable":true,"href":"http:\/\/esponsorama.ad\/ca\/wp-json\/wp\/v2\/comments?post=9364"}],"version-history":[{"count":0,"href":"http:\/\/esponsorama.ad\/ca\/wp-json\/wp\/v2\/posts\/9364\/revisions"}],"wp:featuredmedia":[{"embeddable":true,"href":"http:\/\/esponsorama.ad\/ca\/wp-json\/wp\/v2\/media\/9337"}],"wp:attachment":[{"href":"http:\/\/esponsorama.ad\/ca\/wp-json\/wp\/v2\/media?parent=9364"}],"wp:term":[{"taxonomy":"category","embeddable":true,"href":"http:\/\/esponsorama.ad\/ca\/wp-json\/wp\/v2\/categories?post=9364"},{"taxonomy":"post_tag","embeddable":true,"href":"http:\/\/esponsorama.ad\/ca\/wp-json\/wp\/v2\/tags?post=9364"}],"curies":[{"name":"wp","href":"https:\/\/api.w.org\/{rel}","templated":true}]}}