{"id":9450,"date":"2018-05-05T16:39:16","date_gmt":"2018-05-05T14:39:16","guid":{"rendered":"http:\/\/esponsorama.ad\/?p=9450"},"modified":"2018-05-05T16:45:25","modified_gmt":"2018-05-05T14:45:25","slug":"los-pilotos-reale-avintia-racing-preparados-gp-espana-3","status":"publish","type":"post","link":"http:\/\/esponsorama.ad\/ca\/los-pilotos-reale-avintia-racing-preparados-gp-espana-3\/","title":{"rendered":"Los pilotos de Reale Avintia Racing preparados para el GP de Espa\u00f1a"},"content":{"rendered":"<p><strong>05\/05\/18 MotoGP GP de Espa\u00f1a \u2013 Circuito \u00c1ngel Nieto<\/strong><\/p>\n<p>Los pilotos del equipo Reale Avintia Racing han terminado satisfechos con su rendimiento en los entrenamientos cronometrados para el Gran Premio de Espa\u00f1a Pero aunque ambos han mejorado sus tiempos y sus sensaciones con la moto, los dos esperaban un poco m\u00e1s en la sesi\u00f3n cronometrada.<\/p>\n<p>Tito Rabat cuenta con un gran ritmo para la carrera y lo ha demostrado en el FP4 donde ha terminado con el s\u00e9ptimo mejor tiempo y mucha confianza.<\/p>\n<p>Para Simeon el FP4 tambi\u00e9n ha sido muy positivo y se ha encontrado muy bien sobre la moto. Pero al igual que su compa\u00f1ero de equipo no ha terminado contento con el resultado final en los cronometrados.<\/p>\n<p>Ma\u00f1ana el warm-up ser\u00e1 crucial para terminar de poner las motos a punto para completar las 25 vueltas de carrera con buen ritmo y conseguir un buen resultado en casa.<\/p>\n<p><strong><\/strong><\/p>\n<p>&#8220;Est\u00e1 siendo un fin de semana complicado, pero hemos encontrado el m\u00e9todo para ir r\u00e1pido y por ello estoy contento. Hemos tenido muy buen ritmo en el FP4, ah\u00ed hemos podido ver muchas cosas rodando detr\u00e1s de Dani (Pedrosa). Estamos solucionando temas de \u2018setting\u2019 para poder acabar la carrera en buena posici\u00f3n. L\u00e1stima que en los cronometrados he cometido un error y me he ca\u00eddo. Una l\u00e1stima por el equipo y por m\u00ed tambi\u00e9n, pero la ca\u00edda ha sido por intentar ir m\u00e1s r\u00e1pido. Ma\u00f1ana espero hacer una buena salida y poco a poco ir avanzando, que es lo importante. Aunque estemos en la P17, por dentro estoy satisfecho\u201d.<\/p>\n<p><strong><\/strong><\/p>\n<p>\u201cEsta ma\u00f1ana hemos dado un paso importante y me ha dado mucha satisfacci\u00f3n, por eso ten\u00eda esperanzas para los \u2018cronos\u2019. Mi objetivo en esta carrera es acercarme al top 15 y hemos demostrado que podemos hacerlo. En los cronos, con las temperaturas m\u00e1s altas hemos tenido problemas con el agarre de la moto y ha sido muy dif\u00edcil pilotar as\u00ed. Esperaba hacerlo mucho mejor. Me ha costado mucho hacer el tiempo de la ma\u00f1ana en los cronometrados. Para ma\u00f1ana tenemos que solucionar este problema, si queremos hacer una buena carrera\u201d.<\/p>\n","protected":false},"excerpt":{"rendered":"<p>05\/05\/18 MotoGP GP de Espa\u00f1a \u2013 Circuito \u00c1ngel Nieto Los pilotos del equipo Reale Avintia Racing han terminado satisfechos con su rendimiento en los entrenamientos cronometrados para el Gran Premio de Espa\u00f1a Pero aunque ambos han mejorado sus tiempos y sus sensaciones con la moto, los dos esperaban un poco m\u00e1s en la sesi\u00f3n cronometrada. [&hellip;]<\/p>\n","protected":false},"author":6,"featured_media":9416,"comment_status":"closed","ping_status":"closed","sticky":false,"template":"","format":"standard","meta":{"footnotes":""},"categories":[3],"tags":[],"class_list":["post-9450","post","type-post","status-publish","format-standard","has-post-thumbnail","hentry","category-motogp"],"yoast_head":"<!-- This site is optimized with the Yoast SEO plugin v27.1.1 - https:\/\/yoast.com\/product\/yoast-seo-wordpress\/ -->\n<title>Los pilotos de Reale Avintia Racing preparados para el GP de Espa\u00f1a - Esponsorama<\/title>\n<meta name=\"robots\" content=\"index, follow, max-snippet:-1, max-image-preview:large, max-video-preview:-1\" \/>\n<link rel=\"canonical\" href=\"http:\/\/esponsorama.ad\/ca\/los-pilotos-reale-avintia-racing-preparados-gp-espana-3\/\" \/>\n<meta property=\"og:locale\" content=\"en_US\" \/>\n<meta property=\"og:type\" content=\"article\" \/>\n<meta property=\"og:title\" content=\"Los pilotos de Reale Avintia Racing preparados para el GP de Espa\u00f1a - Esponsorama\" \/>\n<meta property=\"og:description\" content=\"05\/05\/18 MotoGP GP de Espa\u00f1a \u2013 Circuito \u00c1ngel Nieto Los pilotos del equipo Reale Avintia Racing han terminado satisfechos con su rendimiento en los entrenamientos cronometrados para el Gran Premio de Espa\u00f1a Pero aunque ambos han mejorado sus tiempos y sus sensaciones con la moto, los dos esperaban un poco m\u00e1s en la sesi\u00f3n cronometrada. [&hellip;]\" \/>\n<meta property=\"og:url\" content=\"http:\/\/esponsorama.ad\/ca\/los-pilotos-reale-avintia-racing-preparados-gp-espana-3\/\" \/>\n<meta property=\"og:site_name\" content=\"Esponsorama\" \/>\n<meta property=\"article:published_time\" content=\"2018-05-05T14:39:16+00:00\" \/>\n<meta property=\"article:modified_time\" content=\"2018-05-05T14:45:25+00:00\" \/>\n<meta property=\"og:image\" content=\"http:\/\/esponsorama.ad\/wp-content\/uploads\/2018\/05\/04Jerez2018Mgp-6864.jpg\" \/>\n\t<meta property=\"og:image:width\" content=\"5184\" \/>\n\t<meta property=\"og:image:height\" content=\"3456\" \/>\n\t<meta property=\"og:image:type\" content=\"image\/jpeg\" \/>\n<meta name=\"author\" content=\"Xavi Andornet\" \/>\n<meta name=\"twitter:card\" content=\"summary_large_image\" \/>\n<meta name=\"twitter:label1\" content=\"Written by\" \/>\n\t<meta name=\"twitter:data1\" content=\"Xavi Andornet\" \/>\n\t<meta name=\"twitter:label2\" content=\"Est. reading time\" \/>\n\t<meta name=\"twitter:data2\" content=\"2 minutes\" \/>\n<script type=\"application\/ld+json\" class=\"yoast-schema-graph\">{\"@context\":\"https:\/\/schema.org\",\"@graph\":[{\"@type\":\"Article\",\"@id\":\"http:\/\/esponsorama.ad\/ca\/los-pilotos-reale-avintia-racing-preparados-gp-espana-3\/#article\",\"isPartOf\":{\"@id\":\"http:\/\/esponsorama.ad\/ca\/los-pilotos-reale-avintia-racing-preparados-gp-espana-3\/\"},\"author\":{\"name\":\"Xavi Andornet\",\"@id\":\"http:\/\/esponsorama.ad\/es\/#\/schema\/person\/a5cde74945183d737066e46b61c6f9c4\"},\"headline\":\"Los pilotos de Reale Avintia Racing preparados para el GP de Espa\u00f1a\",\"datePublished\":\"2018-05-05T14:39:16+00:00\",\"dateModified\":\"2018-05-05T14:45:25+00:00\",\"mainEntityOfPage\":{\"@id\":\"http:\/\/esponsorama.ad\/ca\/los-pilotos-reale-avintia-racing-preparados-gp-espana-3\/\"},\"wordCount\":393,\"image\":{\"@id\":\"http:\/\/esponsorama.ad\/ca\/los-pilotos-reale-avintia-racing-preparados-gp-espana-3\/#primaryimage\"},\"thumbnailUrl\":\"http:\/\/esponsorama.ad\/wp-content\/uploads\/2018\/05\/04Jerez2018Mgp-6864.jpg\",\"articleSection\":[\"MotoGP\"],\"inLanguage\":\"ca-AD\"},{\"@type\":\"WebPage\",\"@id\":\"http:\/\/esponsorama.ad\/ca\/los-pilotos-reale-avintia-racing-preparados-gp-espana-3\/\",\"url\":\"http:\/\/esponsorama.ad\/ca\/los-pilotos-reale-avintia-racing-preparados-gp-espana-3\/\",\"name\":\"Los pilotos de Reale Avintia Racing preparados para el GP de Espa\u00f1a - Esponsorama\",\"isPartOf\":{\"@id\":\"http:\/\/esponsorama.ad\/es\/#website\"},\"primaryImageOfPage\":{\"@id\":\"http:\/\/esponsorama.ad\/ca\/los-pilotos-reale-avintia-racing-preparados-gp-espana-3\/#primaryimage\"},\"image\":{\"@id\":\"http:\/\/esponsorama.ad\/ca\/los-pilotos-reale-avintia-racing-preparados-gp-espana-3\/#primaryimage\"},\"thumbnailUrl\":\"http:\/\/esponsorama.ad\/wp-content\/uploads\/2018\/05\/04Jerez2018Mgp-6864.jpg\",\"datePublished\":\"2018-05-05T14:39:16+00:00\",\"dateModified\":\"2018-05-05T14:45:25+00:00\",\"author\":{\"@id\":\"http:\/\/esponsorama.ad\/es\/#\/schema\/person\/a5cde74945183d737066e46b61c6f9c4\"},\"breadcrumb\":{\"@id\":\"http:\/\/esponsorama.ad\/ca\/los-pilotos-reale-avintia-racing-preparados-gp-espana-3\/#breadcrumb\"},\"inLanguage\":\"ca-AD\",\"potentialAction\":[{\"@type\":\"ReadAction\",\"target\":[\"http:\/\/esponsorama.ad\/ca\/los-pilotos-reale-avintia-racing-preparados-gp-espana-3\/\"]}]},{\"@type\":\"ImageObject\",\"inLanguage\":\"ca-AD\",\"@id\":\"http:\/\/esponsorama.ad\/ca\/los-pilotos-reale-avintia-racing-preparados-gp-espana-3\/#primaryimage\",\"url\":\"http:\/\/esponsorama.ad\/wp-content\/uploads\/2018\/05\/04Jerez2018Mgp-6864.jpg\",\"contentUrl\":\"http:\/\/esponsorama.ad\/wp-content\/uploads\/2018\/05\/04Jerez2018Mgp-6864.jpg\",\"width\":5184,\"height\":3456},{\"@type\":\"BreadcrumbList\",\"@id\":\"http:\/\/esponsorama.ad\/ca\/los-pilotos-reale-avintia-racing-preparados-gp-espana-3\/#breadcrumb\",\"itemListElement\":[{\"@type\":\"ListItem\",\"position\":1,\"name\":\"Home\",\"item\":\"http:\/\/esponsorama.ad\/ca\/\"},{\"@type\":\"ListItem\",\"position\":2,\"name\":\"Los pilotos de Reale Avintia Racing preparados para el GP de Espa\u00f1a\"}]},{\"@type\":\"WebSite\",\"@id\":\"http:\/\/esponsorama.ad\/es\/#website\",\"url\":\"http:\/\/esponsorama.ad\/es\/\",\"name\":\"Esponsorama\",\"description\":\"Specialist in motorsport sponsorship and event promotions\",\"potentialAction\":[{\"@type\":\"SearchAction\",\"target\":{\"@type\":\"EntryPoint\",\"urlTemplate\":\"http:\/\/esponsorama.ad\/es\/?s={search_term_string}\"},\"query-input\":{\"@type\":\"PropertyValueSpecification\",\"valueRequired\":true,\"valueName\":\"search_term_string\"}}],\"inLanguage\":\"ca-AD\"},{\"@type\":\"Person\",\"@id\":\"http:\/\/esponsorama.ad\/es\/#\/schema\/person\/a5cde74945183d737066e46b61c6f9c4\",\"name\":\"Xavi Andornet\",\"image\":{\"@type\":\"ImageObject\",\"inLanguage\":\"ca-AD\",\"@id\":\"http:\/\/esponsorama.ad\/es\/#\/schema\/person\/image\/\",\"url\":\"https:\/\/secure.gravatar.com\/avatar\/f10eaf9ad601244a2357c9fd7cd9805ed166cfaaf76d5d9ab08a9d873e70147a?s=96&d=mm&r=g\",\"contentUrl\":\"https:\/\/secure.gravatar.com\/avatar\/f10eaf9ad601244a2357c9fd7cd9805ed166cfaaf76d5d9ab08a9d873e70147a?s=96&d=mm&r=g\",\"caption\":\"Xavi Andornet\"},\"sameAs\":[\"http:\/\/www.andornet.ad\"],\"url\":\"http:\/\/esponsorama.ad\/ca\/author\/andornet\/\"}]}<\/script>\n<!-- \/ Yoast SEO plugin. -->","yoast_head_json":{"title":"Los pilotos de Reale Avintia Racing preparados para el GP de Espa\u00f1a - Esponsorama","robots":{"index":"index","follow":"follow","max-snippet":"max-snippet:-1","max-image-preview":"max-image-preview:large","max-video-preview":"max-video-preview:-1"},"canonical":"http:\/\/esponsorama.ad\/ca\/los-pilotos-reale-avintia-racing-preparados-gp-espana-3\/","og_locale":"en_US","og_type":"article","og_title":"Los pilotos de Reale Avintia Racing preparados para el GP de Espa\u00f1a - Esponsorama","og_description":"05\/05\/18 MotoGP GP de Espa\u00f1a \u2013 Circuito \u00c1ngel Nieto Los pilotos del equipo Reale Avintia Racing han terminado satisfechos con su rendimiento en los entrenamientos cronometrados para el Gran Premio de Espa\u00f1a Pero aunque ambos han mejorado sus tiempos y sus sensaciones con la moto, los dos esperaban un poco m\u00e1s en la sesi\u00f3n cronometrada. [&hellip;]","og_url":"http:\/\/esponsorama.ad\/ca\/los-pilotos-reale-avintia-racing-preparados-gp-espana-3\/","og_site_name":"Esponsorama","article_published_time":"2018-05-05T14:39:16+00:00","article_modified_time":"2018-05-05T14:45:25+00:00","og_image":[{"width":5184,"height":3456,"url":"http:\/\/esponsorama.ad\/wp-content\/uploads\/2018\/05\/04Jerez2018Mgp-6864.jpg","type":"image\/jpeg"}],"author":"Xavi Andornet","twitter_card":"summary_large_image","twitter_misc":{"Written by":"Xavi Andornet","Est. reading time":"2 minutes"},"schema":{"@context":"https:\/\/schema.org","@graph":[{"@type":"Article","@id":"http:\/\/esponsorama.ad\/ca\/los-pilotos-reale-avintia-racing-preparados-gp-espana-3\/#article","isPartOf":{"@id":"http:\/\/esponsorama.ad\/ca\/los-pilotos-reale-avintia-racing-preparados-gp-espana-3\/"},"author":{"name":"Xavi Andornet","@id":"http:\/\/esponsorama.ad\/es\/#\/schema\/person\/a5cde74945183d737066e46b61c6f9c4"},"headline":"Los pilotos de Reale Avintia Racing preparados para el GP de Espa\u00f1a","datePublished":"2018-05-05T14:39:16+00:00","dateModified":"2018-05-05T14:45:25+00:00","mainEntityOfPage":{"@id":"http:\/\/esponsorama.ad\/ca\/los-pilotos-reale-avintia-racing-preparados-gp-espana-3\/"},"wordCount":393,"image":{"@id":"http:\/\/esponsorama.ad\/ca\/los-pilotos-reale-avintia-racing-preparados-gp-espana-3\/#primaryimage"},"thumbnailUrl":"http:\/\/esponsorama.ad\/wp-content\/uploads\/2018\/05\/04Jerez2018Mgp-6864.jpg","articleSection":["MotoGP"],"inLanguage":"ca-AD"},{"@type":"WebPage","@id":"http:\/\/esponsorama.ad\/ca\/los-pilotos-reale-avintia-racing-preparados-gp-espana-3\/","url":"http:\/\/esponsorama.ad\/ca\/los-pilotos-reale-avintia-racing-preparados-gp-espana-3\/","name":"Los pilotos de Reale Avintia Racing preparados para el GP de Espa\u00f1a - Esponsorama","isPartOf":{"@id":"http:\/\/esponsorama.ad\/es\/#website"},"primaryImageOfPage":{"@id":"http:\/\/esponsorama.ad\/ca\/los-pilotos-reale-avintia-racing-preparados-gp-espana-3\/#primaryimage"},"image":{"@id":"http:\/\/esponsorama.ad\/ca\/los-pilotos-reale-avintia-racing-preparados-gp-espana-3\/#primaryimage"},"thumbnailUrl":"http:\/\/esponsorama.ad\/wp-content\/uploads\/2018\/05\/04Jerez2018Mgp-6864.jpg","datePublished":"2018-05-05T14:39:16+00:00","dateModified":"2018-05-05T14:45:25+00:00","author":{"@id":"http:\/\/esponsorama.ad\/es\/#\/schema\/person\/a5cde74945183d737066e46b61c6f9c4"},"breadcrumb":{"@id":"http:\/\/esponsorama.ad\/ca\/los-pilotos-reale-avintia-racing-preparados-gp-espana-3\/#breadcrumb"},"inLanguage":"ca-AD","potentialAction":[{"@type":"ReadAction","target":["http:\/\/esponsorama.ad\/ca\/los-pilotos-reale-avintia-racing-preparados-gp-espana-3\/"]}]},{"@type":"ImageObject","inLanguage":"ca-AD","@id":"http:\/\/esponsorama.ad\/ca\/los-pilotos-reale-avintia-racing-preparados-gp-espana-3\/#primaryimage","url":"http:\/\/esponsorama.ad\/wp-content\/uploads\/2018\/05\/04Jerez2018Mgp-6864.jpg","contentUrl":"http:\/\/esponsorama.ad\/wp-content\/uploads\/2018\/05\/04Jerez2018Mgp-6864.jpg","width":5184,"height":3456},{"@type":"BreadcrumbList","@id":"http:\/\/esponsorama.ad\/ca\/los-pilotos-reale-avintia-racing-preparados-gp-espana-3\/#breadcrumb","itemListElement":[{"@type":"ListItem","position":1,"name":"Home","item":"http:\/\/esponsorama.ad\/ca\/"},{"@type":"ListItem","position":2,"name":"Los pilotos de Reale Avintia Racing preparados para el GP de Espa\u00f1a"}]},{"@type":"WebSite","@id":"http:\/\/esponsorama.ad\/es\/#website","url":"http:\/\/esponsorama.ad\/es\/","name":"Esponsorama","description":"Specialist in motorsport sponsorship and event promotions","potentialAction":[{"@type":"SearchAction","target":{"@type":"EntryPoint","urlTemplate":"http:\/\/esponsorama.ad\/es\/?s={search_term_string}"},"query-input":{"@type":"PropertyValueSpecification","valueRequired":true,"valueName":"search_term_string"}}],"inLanguage":"ca-AD"},{"@type":"Person","@id":"http:\/\/esponsorama.ad\/es\/#\/schema\/person\/a5cde74945183d737066e46b61c6f9c4","name":"Xavi Andornet","image":{"@type":"ImageObject","inLanguage":"ca-AD","@id":"http:\/\/esponsorama.ad\/es\/#\/schema\/person\/image\/","url":"https:\/\/secure.gravatar.com\/avatar\/f10eaf9ad601244a2357c9fd7cd9805ed166cfaaf76d5d9ab08a9d873e70147a?s=96&d=mm&r=g","contentUrl":"https:\/\/secure.gravatar.com\/avatar\/f10eaf9ad601244a2357c9fd7cd9805ed166cfaaf76d5d9ab08a9d873e70147a?s=96&d=mm&r=g","caption":"Xavi Andornet"},"sameAs":["http:\/\/www.andornet.ad"],"url":"http:\/\/esponsorama.ad\/ca\/author\/andornet\/"}]}},"_links":{"self":[{"href":"http:\/\/esponsorama.ad\/ca\/wp-json\/wp\/v2\/posts\/9450","targetHints":{"allow":["GET"]}}],"collection":[{"href":"http:\/\/esponsorama.ad\/ca\/wp-json\/wp\/v2\/posts"}],"about":[{"href":"http:\/\/esponsorama.ad\/ca\/wp-json\/wp\/v2\/types\/post"}],"author":[{"embeddable":true,"href":"http:\/\/esponsorama.ad\/ca\/wp-json\/wp\/v2\/users\/6"}],"replies":[{"embeddable":true,"href":"http:\/\/esponsorama.ad\/ca\/wp-json\/wp\/v2\/comments?post=9450"}],"version-history":[{"count":0,"href":"http:\/\/esponsorama.ad\/ca\/wp-json\/wp\/v2\/posts\/9450\/revisions"}],"wp:featuredmedia":[{"embeddable":true,"href":"http:\/\/esponsorama.ad\/ca\/wp-json\/wp\/v2\/media\/9416"}],"wp:attachment":[{"href":"http:\/\/esponsorama.ad\/ca\/wp-json\/wp\/v2\/media?parent=9450"}],"wp:term":[{"taxonomy":"category","embeddable":true,"href":"http:\/\/esponsorama.ad\/ca\/wp-json\/wp\/v2\/categories?post=9450"},{"taxonomy":"post_tag","embeddable":true,"href":"http:\/\/esponsorama.ad\/ca\/wp-json\/wp\/v2\/tags?post=9450"}],"curies":[{"name":"wp","href":"https:\/\/api.w.org\/{rel}","templated":true}]}}