{"id":9532,"date":"2018-05-06T17:07:37","date_gmt":"2018-05-06T15:07:37","guid":{"rendered":"http:\/\/esponsorama.ad\/?p=9532"},"modified":"2018-05-06T17:16:05","modified_gmt":"2018-05-06T15:16:05","slug":"rabat-segueix-top-ten-del-campionat-despres-dun-gp-despanya-molt-complicat","status":"publish","type":"post","link":"http:\/\/esponsorama.ad\/ca\/rabat-segueix-top-ten-del-campionat-despres-dun-gp-despanya-molt-complicat\/","title":{"rendered":"Rabat segueix en el top ten del campionat despr\u00e9s d&#8217;un GP d&#8217;Espanya molt complicat"},"content":{"rendered":"<p><strong>MotoGP GP d&#8217;Espanya &#8211; Circuit \u00c1ngel Nieto <\/strong><\/p>\n<p>Els pilots de l&#8217;equip Reale Avintia Racing, Tito Rabat i Xavier Simeon, han sortit de Jerez sense el resultat esperat en un cap de setmana molt complicat. Amb temperatures molt m\u00e9s altes i condicions molt diferents a les del test del passat mes de novembre, Tito Rabat no ha trobat en tot el cap de setmana bones<\/p>\n<p>sensacions amb la seva moto. A m\u00e9s, la sortida des de la sisena l\u00ednia de la graella no ha estat bona i l&#8217;espanyol ha perdut diverses posicions que despr\u00e9s li ha costat molt recuperar. L&#8217;\u00fanic punt positiu per Rabat en el Gran Premi d&#8217;Espanya, \u00e9s que amb el seu 14\u00e8 lloc, segueix entre els deu primers en la classificaci\u00f3 provisional del campionat despr\u00e9s de quatre carreres.<\/p>\n<p>Xavier Simeon va arribar a Jerez disposat a estrenar el seu caseller de punts. El belga ha anat donant passos cada dia en els lliures, per\u00f2 mai ha arribat a trobar una posada a punt que li permetr\u00e0 anar m\u00e9s c\u00f2mode i aix\u00f2 s&#8217;ha vist reflectit en la carrera. Per\u00f2 Simeon ha acabat una altra carrera m\u00e9s i ha acumulat m\u00e9s experi\u00e8ncia.<\/p>\n<p>Dem\u00e0 dilluns, els pilots de Reale Avintia Racing disposaran d&#8217;un dia d&#8217;entrenaments, on esperen trobar solucions per al GP de Fran\u00e7a, el qual tindr\u00e0 lloc a Le Mans aqu\u00ed a dues setmanes.<\/p>\n\n<p>&#8220;Ha estat un cap de setmana complicat. Pensava que en cursa m&#8217;aniria millor, per\u00f2 no ha pogut ser. La sortida no ha anat b\u00e9 i despr\u00e9s tenia un &#8216;feeling&#8217; extrany, pel que he optat per quedar-me on era. No podia anar m\u00e9s r\u00e0pid, per\u00f2 ha estat una ll\u00e0stima que hagi anat malament en la primera cursa a casa. Dem\u00e0 tenim un dia de test i aix\u00ed analitzarem el qu\u00e8 ha passat. Tinc ganes de fer el test i sobretot de girar full i arribar a Le Mans&#8221;.<\/p>\n\n<p>&#8220;Ha estat una cursa molt dif\u00edcil perqu\u00e8 hem anat empitjorant. No ten\u00edem el ritme que esper\u00e0vem. Amb el canvi de coses per arreglar el problema de l&#8217;adher\u00e8ncia, l&#8217;hem empitjorat. No he gaudit per a res. En cap moment he pogut lluitar per fer alguna cosa bona. El positiu \u00e9s que he mantingut un ritme constant durant tota la carrera i hem agafat experi\u00e8ncia.&#8221;<\/p>\n","protected":false},"excerpt":{"rendered":"<p>MotoGP GP d&#8217;Espanya &#8211; Circuit \u00c1ngel Nieto Els pilots de l&#8217;equip Reale Avintia Racing, Tito Rabat i Xavier Simeon, han sortit de Jerez sense el resultat esperat en un cap de setmana molt complicat. Amb temperatures molt m\u00e9s altes i condicions molt diferents a les del test del passat mes de novembre, Tito Rabat no [&hellip;]<\/p>\n","protected":false},"author":6,"featured_media":9517,"comment_status":"closed","ping_status":"closed","sticky":false,"template":"","format":"standard","meta":{"footnotes":""},"categories":[3],"tags":[],"class_list":["post-9532","post","type-post","status-publish","format-standard","has-post-thumbnail","hentry","category-motogp"],"yoast_head":"<!-- This site is optimized with the Yoast SEO plugin v27.1.1 - https:\/\/yoast.com\/product\/yoast-seo-wordpress\/ -->\n<title>Rabat segueix en el top ten del campionat despr\u00e9s d&#039;un GP d&#039;Espanya molt complicat - Esponsorama<\/title>\n<meta name=\"robots\" content=\"index, follow, max-snippet:-1, max-image-preview:large, max-video-preview:-1\" \/>\n<link rel=\"canonical\" href=\"http:\/\/esponsorama.ad\/ca\/rabat-segueix-top-ten-del-campionat-despres-dun-gp-despanya-molt-complicat\/\" \/>\n<meta property=\"og:locale\" content=\"en_US\" \/>\n<meta property=\"og:type\" content=\"article\" \/>\n<meta property=\"og:title\" content=\"Rabat segueix en el top ten del campionat despr\u00e9s d&#039;un GP d&#039;Espanya molt complicat - Esponsorama\" \/>\n<meta property=\"og:description\" content=\"MotoGP GP d&#8217;Espanya &#8211; Circuit \u00c1ngel Nieto Els pilots de l&#8217;equip Reale Avintia Racing, Tito Rabat i Xavier Simeon, han sortit de Jerez sense el resultat esperat en un cap de setmana molt complicat. Amb temperatures molt m\u00e9s altes i condicions molt diferents a les del test del passat mes de novembre, Tito Rabat no [&hellip;]\" \/>\n<meta property=\"og:url\" content=\"http:\/\/esponsorama.ad\/ca\/rabat-segueix-top-ten-del-campionat-despres-dun-gp-despanya-molt-complicat\/\" \/>\n<meta property=\"og:site_name\" content=\"Esponsorama\" \/>\n<meta property=\"article:published_time\" content=\"2018-05-06T15:07:37+00:00\" \/>\n<meta property=\"article:modified_time\" content=\"2018-05-06T15:16:05+00:00\" \/>\n<meta property=\"og:image\" content=\"http:\/\/esponsorama.ad\/wp-content\/uploads\/2018\/05\/04Jerez2018Mgp-3148-1024x683.jpg\" \/>\n\t<meta property=\"og:image:width\" content=\"1024\" \/>\n\t<meta property=\"og:image:height\" content=\"683\" \/>\n\t<meta property=\"og:image:type\" content=\"image\/jpeg\" \/>\n<meta name=\"author\" content=\"Xavi Andornet\" \/>\n<meta name=\"twitter:card\" content=\"summary_large_image\" \/>\n<meta name=\"twitter:label1\" content=\"Written by\" \/>\n\t<meta name=\"twitter:data1\" content=\"Xavi Andornet\" \/>\n\t<meta name=\"twitter:label2\" content=\"Est. reading time\" \/>\n\t<meta name=\"twitter:data2\" content=\"2 minutes\" \/>\n<script type=\"application\/ld+json\" class=\"yoast-schema-graph\">{\"@context\":\"https:\/\/schema.org\",\"@graph\":[{\"@type\":\"Article\",\"@id\":\"http:\/\/esponsorama.ad\/ca\/rabat-segueix-top-ten-del-campionat-despres-dun-gp-despanya-molt-complicat\/#article\",\"isPartOf\":{\"@id\":\"http:\/\/esponsorama.ad\/ca\/rabat-segueix-top-ten-del-campionat-despres-dun-gp-despanya-molt-complicat\/\"},\"author\":{\"name\":\"Xavi Andornet\",\"@id\":\"http:\/\/esponsorama.ad\/es\/#\/schema\/person\/a5cde74945183d737066e46b61c6f9c4\"},\"headline\":\"Rabat segueix en el top ten del campionat despr\u00e9s d&#8217;un GP d&#8217;Espanya molt complicat\",\"datePublished\":\"2018-05-06T15:07:37+00:00\",\"dateModified\":\"2018-05-06T15:16:05+00:00\",\"mainEntityOfPage\":{\"@id\":\"http:\/\/esponsorama.ad\/ca\/rabat-segueix-top-ten-del-campionat-despres-dun-gp-despanya-molt-complicat\/\"},\"wordCount\":415,\"image\":{\"@id\":\"http:\/\/esponsorama.ad\/ca\/rabat-segueix-top-ten-del-campionat-despres-dun-gp-despanya-molt-complicat\/#primaryimage\"},\"thumbnailUrl\":\"http:\/\/esponsorama.ad\/wp-content\/uploads\/2018\/05\/04Jerez2018Mgp-3148.jpg\",\"articleSection\":[\"MotoGP\"],\"inLanguage\":\"ca-AD\"},{\"@type\":\"WebPage\",\"@id\":\"http:\/\/esponsorama.ad\/ca\/rabat-segueix-top-ten-del-campionat-despres-dun-gp-despanya-molt-complicat\/\",\"url\":\"http:\/\/esponsorama.ad\/ca\/rabat-segueix-top-ten-del-campionat-despres-dun-gp-despanya-molt-complicat\/\",\"name\":\"Rabat segueix en el top ten del campionat despr\u00e9s d'un GP d'Espanya molt complicat - Esponsorama\",\"isPartOf\":{\"@id\":\"http:\/\/esponsorama.ad\/es\/#website\"},\"primaryImageOfPage\":{\"@id\":\"http:\/\/esponsorama.ad\/ca\/rabat-segueix-top-ten-del-campionat-despres-dun-gp-despanya-molt-complicat\/#primaryimage\"},\"image\":{\"@id\":\"http:\/\/esponsorama.ad\/ca\/rabat-segueix-top-ten-del-campionat-despres-dun-gp-despanya-molt-complicat\/#primaryimage\"},\"thumbnailUrl\":\"http:\/\/esponsorama.ad\/wp-content\/uploads\/2018\/05\/04Jerez2018Mgp-3148.jpg\",\"datePublished\":\"2018-05-06T15:07:37+00:00\",\"dateModified\":\"2018-05-06T15:16:05+00:00\",\"author\":{\"@id\":\"http:\/\/esponsorama.ad\/es\/#\/schema\/person\/a5cde74945183d737066e46b61c6f9c4\"},\"breadcrumb\":{\"@id\":\"http:\/\/esponsorama.ad\/ca\/rabat-segueix-top-ten-del-campionat-despres-dun-gp-despanya-molt-complicat\/#breadcrumb\"},\"inLanguage\":\"ca-AD\",\"potentialAction\":[{\"@type\":\"ReadAction\",\"target\":[\"http:\/\/esponsorama.ad\/ca\/rabat-segueix-top-ten-del-campionat-despres-dun-gp-despanya-molt-complicat\/\"]}]},{\"@type\":\"ImageObject\",\"inLanguage\":\"ca-AD\",\"@id\":\"http:\/\/esponsorama.ad\/ca\/rabat-segueix-top-ten-del-campionat-despres-dun-gp-despanya-molt-complicat\/#primaryimage\",\"url\":\"http:\/\/esponsorama.ad\/wp-content\/uploads\/2018\/05\/04Jerez2018Mgp-3148.jpg\",\"contentUrl\":\"http:\/\/esponsorama.ad\/wp-content\/uploads\/2018\/05\/04Jerez2018Mgp-3148.jpg\",\"width\":4526,\"height\":3017},{\"@type\":\"BreadcrumbList\",\"@id\":\"http:\/\/esponsorama.ad\/ca\/rabat-segueix-top-ten-del-campionat-despres-dun-gp-despanya-molt-complicat\/#breadcrumb\",\"itemListElement\":[{\"@type\":\"ListItem\",\"position\":1,\"name\":\"Home\",\"item\":\"http:\/\/esponsorama.ad\/ca\/\"},{\"@type\":\"ListItem\",\"position\":2,\"name\":\"Rabat segueix en el top ten del campionat despr\u00e9s d&#8217;un GP d&#8217;Espanya molt complicat\"}]},{\"@type\":\"WebSite\",\"@id\":\"http:\/\/esponsorama.ad\/es\/#website\",\"url\":\"http:\/\/esponsorama.ad\/es\/\",\"name\":\"Esponsorama\",\"description\":\"Specialist in motorsport sponsorship and event promotions\",\"potentialAction\":[{\"@type\":\"SearchAction\",\"target\":{\"@type\":\"EntryPoint\",\"urlTemplate\":\"http:\/\/esponsorama.ad\/es\/?s={search_term_string}\"},\"query-input\":{\"@type\":\"PropertyValueSpecification\",\"valueRequired\":true,\"valueName\":\"search_term_string\"}}],\"inLanguage\":\"ca-AD\"},{\"@type\":\"Person\",\"@id\":\"http:\/\/esponsorama.ad\/es\/#\/schema\/person\/a5cde74945183d737066e46b61c6f9c4\",\"name\":\"Xavi Andornet\",\"image\":{\"@type\":\"ImageObject\",\"inLanguage\":\"ca-AD\",\"@id\":\"http:\/\/esponsorama.ad\/es\/#\/schema\/person\/image\/\",\"url\":\"https:\/\/secure.gravatar.com\/avatar\/f10eaf9ad601244a2357c9fd7cd9805ed166cfaaf76d5d9ab08a9d873e70147a?s=96&d=mm&r=g\",\"contentUrl\":\"https:\/\/secure.gravatar.com\/avatar\/f10eaf9ad601244a2357c9fd7cd9805ed166cfaaf76d5d9ab08a9d873e70147a?s=96&d=mm&r=g\",\"caption\":\"Xavi Andornet\"},\"sameAs\":[\"http:\/\/www.andornet.ad\"],\"url\":\"http:\/\/esponsorama.ad\/ca\/author\/andornet\/\"}]}<\/script>\n<!-- \/ Yoast SEO plugin. -->","yoast_head_json":{"title":"Rabat segueix en el top ten del campionat despr\u00e9s d'un GP d'Espanya molt complicat - Esponsorama","robots":{"index":"index","follow":"follow","max-snippet":"max-snippet:-1","max-image-preview":"max-image-preview:large","max-video-preview":"max-video-preview:-1"},"canonical":"http:\/\/esponsorama.ad\/ca\/rabat-segueix-top-ten-del-campionat-despres-dun-gp-despanya-molt-complicat\/","og_locale":"en_US","og_type":"article","og_title":"Rabat segueix en el top ten del campionat despr\u00e9s d'un GP d'Espanya molt complicat - Esponsorama","og_description":"MotoGP GP d&#8217;Espanya &#8211; Circuit \u00c1ngel Nieto Els pilots de l&#8217;equip Reale Avintia Racing, Tito Rabat i Xavier Simeon, han sortit de Jerez sense el resultat esperat en un cap de setmana molt complicat. Amb temperatures molt m\u00e9s altes i condicions molt diferents a les del test del passat mes de novembre, Tito Rabat no [&hellip;]","og_url":"http:\/\/esponsorama.ad\/ca\/rabat-segueix-top-ten-del-campionat-despres-dun-gp-despanya-molt-complicat\/","og_site_name":"Esponsorama","article_published_time":"2018-05-06T15:07:37+00:00","article_modified_time":"2018-05-06T15:16:05+00:00","og_image":[{"width":1024,"height":683,"url":"http:\/\/esponsorama.ad\/wp-content\/uploads\/2018\/05\/04Jerez2018Mgp-3148-1024x683.jpg","type":"image\/jpeg"}],"author":"Xavi Andornet","twitter_card":"summary_large_image","twitter_misc":{"Written by":"Xavi Andornet","Est. reading time":"2 minutes"},"schema":{"@context":"https:\/\/schema.org","@graph":[{"@type":"Article","@id":"http:\/\/esponsorama.ad\/ca\/rabat-segueix-top-ten-del-campionat-despres-dun-gp-despanya-molt-complicat\/#article","isPartOf":{"@id":"http:\/\/esponsorama.ad\/ca\/rabat-segueix-top-ten-del-campionat-despres-dun-gp-despanya-molt-complicat\/"},"author":{"name":"Xavi Andornet","@id":"http:\/\/esponsorama.ad\/es\/#\/schema\/person\/a5cde74945183d737066e46b61c6f9c4"},"headline":"Rabat segueix en el top ten del campionat despr\u00e9s d&#8217;un GP d&#8217;Espanya molt complicat","datePublished":"2018-05-06T15:07:37+00:00","dateModified":"2018-05-06T15:16:05+00:00","mainEntityOfPage":{"@id":"http:\/\/esponsorama.ad\/ca\/rabat-segueix-top-ten-del-campionat-despres-dun-gp-despanya-molt-complicat\/"},"wordCount":415,"image":{"@id":"http:\/\/esponsorama.ad\/ca\/rabat-segueix-top-ten-del-campionat-despres-dun-gp-despanya-molt-complicat\/#primaryimage"},"thumbnailUrl":"http:\/\/esponsorama.ad\/wp-content\/uploads\/2018\/05\/04Jerez2018Mgp-3148.jpg","articleSection":["MotoGP"],"inLanguage":"ca-AD"},{"@type":"WebPage","@id":"http:\/\/esponsorama.ad\/ca\/rabat-segueix-top-ten-del-campionat-despres-dun-gp-despanya-molt-complicat\/","url":"http:\/\/esponsorama.ad\/ca\/rabat-segueix-top-ten-del-campionat-despres-dun-gp-despanya-molt-complicat\/","name":"Rabat segueix en el top ten del campionat despr\u00e9s d'un GP d'Espanya molt complicat - Esponsorama","isPartOf":{"@id":"http:\/\/esponsorama.ad\/es\/#website"},"primaryImageOfPage":{"@id":"http:\/\/esponsorama.ad\/ca\/rabat-segueix-top-ten-del-campionat-despres-dun-gp-despanya-molt-complicat\/#primaryimage"},"image":{"@id":"http:\/\/esponsorama.ad\/ca\/rabat-segueix-top-ten-del-campionat-despres-dun-gp-despanya-molt-complicat\/#primaryimage"},"thumbnailUrl":"http:\/\/esponsorama.ad\/wp-content\/uploads\/2018\/05\/04Jerez2018Mgp-3148.jpg","datePublished":"2018-05-06T15:07:37+00:00","dateModified":"2018-05-06T15:16:05+00:00","author":{"@id":"http:\/\/esponsorama.ad\/es\/#\/schema\/person\/a5cde74945183d737066e46b61c6f9c4"},"breadcrumb":{"@id":"http:\/\/esponsorama.ad\/ca\/rabat-segueix-top-ten-del-campionat-despres-dun-gp-despanya-molt-complicat\/#breadcrumb"},"inLanguage":"ca-AD","potentialAction":[{"@type":"ReadAction","target":["http:\/\/esponsorama.ad\/ca\/rabat-segueix-top-ten-del-campionat-despres-dun-gp-despanya-molt-complicat\/"]}]},{"@type":"ImageObject","inLanguage":"ca-AD","@id":"http:\/\/esponsorama.ad\/ca\/rabat-segueix-top-ten-del-campionat-despres-dun-gp-despanya-molt-complicat\/#primaryimage","url":"http:\/\/esponsorama.ad\/wp-content\/uploads\/2018\/05\/04Jerez2018Mgp-3148.jpg","contentUrl":"http:\/\/esponsorama.ad\/wp-content\/uploads\/2018\/05\/04Jerez2018Mgp-3148.jpg","width":4526,"height":3017},{"@type":"BreadcrumbList","@id":"http:\/\/esponsorama.ad\/ca\/rabat-segueix-top-ten-del-campionat-despres-dun-gp-despanya-molt-complicat\/#breadcrumb","itemListElement":[{"@type":"ListItem","position":1,"name":"Home","item":"http:\/\/esponsorama.ad\/ca\/"},{"@type":"ListItem","position":2,"name":"Rabat segueix en el top ten del campionat despr\u00e9s d&#8217;un GP d&#8217;Espanya molt complicat"}]},{"@type":"WebSite","@id":"http:\/\/esponsorama.ad\/es\/#website","url":"http:\/\/esponsorama.ad\/es\/","name":"Esponsorama","description":"Specialist in motorsport sponsorship and event promotions","potentialAction":[{"@type":"SearchAction","target":{"@type":"EntryPoint","urlTemplate":"http:\/\/esponsorama.ad\/es\/?s={search_term_string}"},"query-input":{"@type":"PropertyValueSpecification","valueRequired":true,"valueName":"search_term_string"}}],"inLanguage":"ca-AD"},{"@type":"Person","@id":"http:\/\/esponsorama.ad\/es\/#\/schema\/person\/a5cde74945183d737066e46b61c6f9c4","name":"Xavi Andornet","image":{"@type":"ImageObject","inLanguage":"ca-AD","@id":"http:\/\/esponsorama.ad\/es\/#\/schema\/person\/image\/","url":"https:\/\/secure.gravatar.com\/avatar\/f10eaf9ad601244a2357c9fd7cd9805ed166cfaaf76d5d9ab08a9d873e70147a?s=96&d=mm&r=g","contentUrl":"https:\/\/secure.gravatar.com\/avatar\/f10eaf9ad601244a2357c9fd7cd9805ed166cfaaf76d5d9ab08a9d873e70147a?s=96&d=mm&r=g","caption":"Xavi Andornet"},"sameAs":["http:\/\/www.andornet.ad"],"url":"http:\/\/esponsorama.ad\/ca\/author\/andornet\/"}]}},"_links":{"self":[{"href":"http:\/\/esponsorama.ad\/ca\/wp-json\/wp\/v2\/posts\/9532","targetHints":{"allow":["GET"]}}],"collection":[{"href":"http:\/\/esponsorama.ad\/ca\/wp-json\/wp\/v2\/posts"}],"about":[{"href":"http:\/\/esponsorama.ad\/ca\/wp-json\/wp\/v2\/types\/post"}],"author":[{"embeddable":true,"href":"http:\/\/esponsorama.ad\/ca\/wp-json\/wp\/v2\/users\/6"}],"replies":[{"embeddable":true,"href":"http:\/\/esponsorama.ad\/ca\/wp-json\/wp\/v2\/comments?post=9532"}],"version-history":[{"count":0,"href":"http:\/\/esponsorama.ad\/ca\/wp-json\/wp\/v2\/posts\/9532\/revisions"}],"wp:featuredmedia":[{"embeddable":true,"href":"http:\/\/esponsorama.ad\/ca\/wp-json\/wp\/v2\/media\/9517"}],"wp:attachment":[{"href":"http:\/\/esponsorama.ad\/ca\/wp-json\/wp\/v2\/media?parent=9532"}],"wp:term":[{"taxonomy":"category","embeddable":true,"href":"http:\/\/esponsorama.ad\/ca\/wp-json\/wp\/v2\/categories?post=9532"},{"taxonomy":"post_tag","embeddable":true,"href":"http:\/\/esponsorama.ad\/ca\/wp-json\/wp\/v2\/tags?post=9532"}],"curies":[{"name":"wp","href":"https:\/\/api.w.org\/{rel}","templated":true}]}}