{"id":9598,"date":"2018-05-07T18:03:49","date_gmt":"2018-05-07T16:03:49","guid":{"rendered":"http:\/\/esponsorama.ad\/?p=9598"},"modified":"2018-05-07T20:26:13","modified_gmt":"2018-05-07T18:26:13","slug":"rabat-rapido-simeon-mejora-cardelus-se-estrena-motogp-3","status":"publish","type":"post","link":"http:\/\/esponsorama.ad\/ca\/rabat-rapido-simeon-mejora-cardelus-se-estrena-motogp-3\/","title":{"rendered":"Rabat molt r\u00e0pid, Simeon millora i Cardel\u00fas s&#8217;estrena a MotoGP"},"content":{"rendered":"<p><strong>MotoGP Test Jerez \u2013 Circuito \u00c1ngel Nieto<\/strong><\/p>\n<p>Els pilots de l&#8217;equip Reale Avintia Racing, Tito Rabat i Xavier Simeon, s&#8217;han quedat a entrenar a Jerez avui dilluns i han pogut millorar les seves sensacions despr\u00e9s d&#8217;una un Gran Premi que no va ser com tots dos esperaven.\u2028Tito Rabat, que ahir va acabar decebut tot i sumar dos punts, ha millorat els seus temps del cap de setmana i ha realitzat una simulaci\u00f3 de carrera en qu\u00e8 ha rodat constantment en 1&#8217;39. Rabat tamb\u00e9 ha treballat dur per millorar les sortides, un altre dels punts que va fallar en la cursa de diumenge.<\/p>\n<p>Simeon tamb\u00e9 ha gaudit d&#8217;un dia molt productiu i despr\u00e9s de canviar la seva posici\u00f3 sobre de la moto, ha fet un pas endavant i ara pot rodar amb m\u00e9s const\u00e0ncia. Al final ha patit una petita caiguda sense conseq\u00fc\u00e8ncies, per\u00f2 deixa Jerez bastant satisfet.<\/p>\n<p>A m\u00e9s de Tito Rabat i Xavier Simeon, en aquests entrenaments el pilot andorr\u00e0 Xavi Cardelus s&#8217;ha estrenat a MotoGP com a pilot de proves de l&#8217;equip. La seva primera experi\u00e8ncia amb la Ducati ha estat molt positiva i despr\u00e9s de completar el seu primer Gran Premi en Moto2 com &#8216;wild card&#8217; per Cardelus provar una de les motos del Reale Avintia Racing ha estat el colof\u00f3 a una setmana plena d&#8217;emocions.<\/p>\n<p>Ara l&#8217;equip posar\u00e0 cam\u00ed a Le Mans, on tindr\u00e0 lloc el GP de Fran\u00e7a del 18 al 20 de maig.<\/p>\n\n<p>&#8220;Ha estat un test molt positiu i hem tret molt bones conclusions. Hem millorat els temps del crono, hem fet un simulacre de carrera i hem baixat molt el temps de carrera. Per\u00f2 encara que tot aix\u00f2 m&#8217;alegra molt per dins sento una gran decepci\u00f3 per no haver-ho pogut fer ahir en carrera, perqu\u00e8 el test no compta. Al final he passat una bona estona assajant sortides; ja tinc clar com sortir b\u00e9 i sense problemes, almenys mantenint la meva posici\u00f3, perqu\u00e8 no pot ser que perd\u00e9ssim tant en les sortides . Ara ja estic pensant en arribar a Le Mans on espero tornar a estar en el top 10.\u201d<\/p>\n\n<p>&#8220;Com la moto que tenim no compta amb evolucions, hem dedicat el test per provar for\u00e7a coses per intentar millorar. Hem canviat la meva posici\u00f3 a la moto per intentar tenir altres sensacions i anar m\u00e9s c\u00f2mode i la veritat \u00e9s que hem vist coses positives. M&#8217;he trobat molt millor que durant el cap de setmana de carrera. He treballat tamb\u00e9 molt per canviar la meva manera de pilotar, per\u00f2 encara no hem fet els passos endavant que a mi m&#8217;agradaria. Per\u00f2 hem de tenir paci\u00e8ncia perqu\u00e8 \u00e9s un proc\u00e9s llarg i cada vegada vaig una mica millor. No vull pressionar-me, per\u00f2 est\u00e0 clar que a mi m&#8217;agradaria estar molt m\u00e9s amunt&#8221;.<\/p>\n\n<p>&#8220;En nom\u00e9s uns dies he tingut moltes emocions juntes. Primer pel meu debut al Mundial de Moto2, on crec que ho hem fet bastant b\u00e9. I ja per rematar provar la MotoGP. Estic molt content i no tinc paraules. M&#8217;ha sorpr\u00e8s com corre la moto, \u00e9s incre\u00efble, per\u00f2 el m\u00e9s brutal \u00e9s l&#8217;acceleraci\u00f3 que t\u00e9. Els frens m&#8217;han cridat molt l&#8217;atenci\u00f3, s\u00f3n molt diferents al que estic acostumat, per\u00f2 m&#8217;ha agradat com funcionen. Tamb\u00e9 \u00e9s una moto que necessita ser pilotada d&#8217;una manera molt especial, en 40 voltes que he fet no he pogut adaptar-me, per\u00f2 he vist clar que canvia molt\u00edssim. Vull donar les gr\u00e0cies a Ra\u00fal Romero i a tot l&#8217;equip Reale Avintia Racing per aquesta oportunitat i espero poder repetir-la en el futur&#8221;.<\/p>\n","protected":false},"excerpt":{"rendered":"<p>MotoGP Test Jerez \u2013 Circuito \u00c1ngel Nieto Els pilots de l&#8217;equip Reale Avintia Racing, Tito Rabat i Xavier Simeon, s&#8217;han quedat a entrenar a Jerez avui dilluns i han pogut millorar les seves sensacions despr\u00e9s d&#8217;una un Gran Premi que no va ser com tots dos esperaven.\u2028Tito Rabat, que ahir va acabar decebut tot i [&hellip;]<\/p>\n","protected":false},"author":6,"featured_media":9570,"comment_status":"closed","ping_status":"closed","sticky":false,"template":"","format":"standard","meta":{"footnotes":""},"categories":[3],"tags":[],"class_list":["post-9598","post","type-post","status-publish","format-standard","has-post-thumbnail","hentry","category-motogp"],"yoast_head":"<!-- This site is optimized with the Yoast SEO plugin v27.1.1 - https:\/\/yoast.com\/product\/yoast-seo-wordpress\/ -->\n<title>Rabat molt r\u00e0pid, Simeon millora i Cardel\u00fas s&#039;estrena a MotoGP - Esponsorama<\/title>\n<meta name=\"robots\" content=\"index, follow, max-snippet:-1, max-image-preview:large, max-video-preview:-1\" \/>\n<link rel=\"canonical\" href=\"http:\/\/esponsorama.ad\/ca\/rabat-rapido-simeon-mejora-cardelus-se-estrena-motogp-3\/\" \/>\n<meta property=\"og:locale\" content=\"en_US\" \/>\n<meta property=\"og:type\" content=\"article\" \/>\n<meta property=\"og:title\" content=\"Rabat molt r\u00e0pid, Simeon millora i Cardel\u00fas s&#039;estrena a MotoGP - Esponsorama\" \/>\n<meta property=\"og:description\" content=\"MotoGP Test Jerez \u2013 Circuito \u00c1ngel Nieto Els pilots de l&#8217;equip Reale Avintia Racing, Tito Rabat i Xavier Simeon, s&#8217;han quedat a entrenar a Jerez avui dilluns i han pogut millorar les seves sensacions despr\u00e9s d&#8217;una un Gran Premi que no va ser com tots dos esperaven.\u2028Tito Rabat, que ahir va acabar decebut tot i [&hellip;]\" \/>\n<meta property=\"og:url\" content=\"http:\/\/esponsorama.ad\/ca\/rabat-rapido-simeon-mejora-cardelus-se-estrena-motogp-3\/\" \/>\n<meta property=\"og:site_name\" content=\"Esponsorama\" \/>\n<meta property=\"article:published_time\" content=\"2018-05-07T16:03:49+00:00\" \/>\n<meta property=\"article:modified_time\" content=\"2018-05-07T18:26:13+00:00\" \/>\n<meta property=\"og:image\" content=\"http:\/\/esponsorama.ad\/wp-content\/uploads\/2018\/05\/04Jerez18MgESPONSORAMA_JOC8290-1024x683.jpg\" \/>\n\t<meta property=\"og:image:width\" content=\"1024\" \/>\n\t<meta property=\"og:image:height\" content=\"683\" \/>\n\t<meta property=\"og:image:type\" content=\"image\/jpeg\" \/>\n<meta name=\"author\" content=\"Xavi Andornet\" \/>\n<meta name=\"twitter:card\" content=\"summary_large_image\" \/>\n<meta name=\"twitter:label1\" content=\"Written by\" \/>\n\t<meta name=\"twitter:data1\" content=\"Xavi Andornet\" \/>\n\t<meta name=\"twitter:label2\" content=\"Est. reading time\" \/>\n\t<meta name=\"twitter:data2\" content=\"3 minutes\" \/>\n<script type=\"application\/ld+json\" class=\"yoast-schema-graph\">{\"@context\":\"https:\/\/schema.org\",\"@graph\":[{\"@type\":\"Article\",\"@id\":\"http:\/\/esponsorama.ad\/ca\/rabat-rapido-simeon-mejora-cardelus-se-estrena-motogp-3\/#article\",\"isPartOf\":{\"@id\":\"http:\/\/esponsorama.ad\/ca\/rabat-rapido-simeon-mejora-cardelus-se-estrena-motogp-3\/\"},\"author\":{\"name\":\"Xavi Andornet\",\"@id\":\"http:\/\/esponsorama.ad\/es\/#\/schema\/person\/a5cde74945183d737066e46b61c6f9c4\"},\"headline\":\"Rabat molt r\u00e0pid, Simeon millora i Cardel\u00fas s&#8217;estrena a MotoGP\",\"datePublished\":\"2018-05-07T16:03:49+00:00\",\"dateModified\":\"2018-05-07T18:26:13+00:00\",\"mainEntityOfPage\":{\"@id\":\"http:\/\/esponsorama.ad\/ca\/rabat-rapido-simeon-mejora-cardelus-se-estrena-motogp-3\/\"},\"wordCount\":630,\"image\":{\"@id\":\"http:\/\/esponsorama.ad\/ca\/rabat-rapido-simeon-mejora-cardelus-se-estrena-motogp-3\/#primaryimage\"},\"thumbnailUrl\":\"http:\/\/esponsorama.ad\/wp-content\/uploads\/2018\/05\/04Jerez18MgESPONSORAMA_JOC8290.jpg\",\"articleSection\":[\"MotoGP\"],\"inLanguage\":\"ca-AD\"},{\"@type\":\"WebPage\",\"@id\":\"http:\/\/esponsorama.ad\/ca\/rabat-rapido-simeon-mejora-cardelus-se-estrena-motogp-3\/\",\"url\":\"http:\/\/esponsorama.ad\/ca\/rabat-rapido-simeon-mejora-cardelus-se-estrena-motogp-3\/\",\"name\":\"Rabat molt r\u00e0pid, Simeon millora i Cardel\u00fas s'estrena a MotoGP - Esponsorama\",\"isPartOf\":{\"@id\":\"http:\/\/esponsorama.ad\/es\/#website\"},\"primaryImageOfPage\":{\"@id\":\"http:\/\/esponsorama.ad\/ca\/rabat-rapido-simeon-mejora-cardelus-se-estrena-motogp-3\/#primaryimage\"},\"image\":{\"@id\":\"http:\/\/esponsorama.ad\/ca\/rabat-rapido-simeon-mejora-cardelus-se-estrena-motogp-3\/#primaryimage\"},\"thumbnailUrl\":\"http:\/\/esponsorama.ad\/wp-content\/uploads\/2018\/05\/04Jerez18MgESPONSORAMA_JOC8290.jpg\",\"datePublished\":\"2018-05-07T16:03:49+00:00\",\"dateModified\":\"2018-05-07T18:26:13+00:00\",\"author\":{\"@id\":\"http:\/\/esponsorama.ad\/es\/#\/schema\/person\/a5cde74945183d737066e46b61c6f9c4\"},\"breadcrumb\":{\"@id\":\"http:\/\/esponsorama.ad\/ca\/rabat-rapido-simeon-mejora-cardelus-se-estrena-motogp-3\/#breadcrumb\"},\"inLanguage\":\"ca-AD\",\"potentialAction\":[{\"@type\":\"ReadAction\",\"target\":[\"http:\/\/esponsorama.ad\/ca\/rabat-rapido-simeon-mejora-cardelus-se-estrena-motogp-3\/\"]}]},{\"@type\":\"ImageObject\",\"inLanguage\":\"ca-AD\",\"@id\":\"http:\/\/esponsorama.ad\/ca\/rabat-rapido-simeon-mejora-cardelus-se-estrena-motogp-3\/#primaryimage\",\"url\":\"http:\/\/esponsorama.ad\/wp-content\/uploads\/2018\/05\/04Jerez18MgESPONSORAMA_JOC8290.jpg\",\"contentUrl\":\"http:\/\/esponsorama.ad\/wp-content\/uploads\/2018\/05\/04Jerez18MgESPONSORAMA_JOC8290.jpg\",\"width\":5184,\"height\":3456,\"caption\":\"04 GP Jerez 7 de mayo de 2018, circuito de Jerez Angel Nieto, Jerez de la Frontera, Cadiz, Espa\u00f1a. MotoGP, motogp, mgp, MOTOGP\"},{\"@type\":\"BreadcrumbList\",\"@id\":\"http:\/\/esponsorama.ad\/ca\/rabat-rapido-simeon-mejora-cardelus-se-estrena-motogp-3\/#breadcrumb\",\"itemListElement\":[{\"@type\":\"ListItem\",\"position\":1,\"name\":\"Home\",\"item\":\"http:\/\/esponsorama.ad\/ca\/\"},{\"@type\":\"ListItem\",\"position\":2,\"name\":\"Rabat molt r\u00e0pid, Simeon millora i Cardel\u00fas s&#8217;estrena a MotoGP\"}]},{\"@type\":\"WebSite\",\"@id\":\"http:\/\/esponsorama.ad\/es\/#website\",\"url\":\"http:\/\/esponsorama.ad\/es\/\",\"name\":\"Esponsorama\",\"description\":\"Specialist in motorsport sponsorship and event promotions\",\"potentialAction\":[{\"@type\":\"SearchAction\",\"target\":{\"@type\":\"EntryPoint\",\"urlTemplate\":\"http:\/\/esponsorama.ad\/es\/?s={search_term_string}\"},\"query-input\":{\"@type\":\"PropertyValueSpecification\",\"valueRequired\":true,\"valueName\":\"search_term_string\"}}],\"inLanguage\":\"ca-AD\"},{\"@type\":\"Person\",\"@id\":\"http:\/\/esponsorama.ad\/es\/#\/schema\/person\/a5cde74945183d737066e46b61c6f9c4\",\"name\":\"Xavi Andornet\",\"image\":{\"@type\":\"ImageObject\",\"inLanguage\":\"ca-AD\",\"@id\":\"http:\/\/esponsorama.ad\/es\/#\/schema\/person\/image\/\",\"url\":\"https:\/\/secure.gravatar.com\/avatar\/f10eaf9ad601244a2357c9fd7cd9805ed166cfaaf76d5d9ab08a9d873e70147a?s=96&d=mm&r=g\",\"contentUrl\":\"https:\/\/secure.gravatar.com\/avatar\/f10eaf9ad601244a2357c9fd7cd9805ed166cfaaf76d5d9ab08a9d873e70147a?s=96&d=mm&r=g\",\"caption\":\"Xavi Andornet\"},\"sameAs\":[\"http:\/\/www.andornet.ad\"],\"url\":\"http:\/\/esponsorama.ad\/ca\/author\/andornet\/\"}]}<\/script>\n<!-- \/ Yoast SEO plugin. -->","yoast_head_json":{"title":"Rabat molt r\u00e0pid, Simeon millora i Cardel\u00fas s'estrena a MotoGP - Esponsorama","robots":{"index":"index","follow":"follow","max-snippet":"max-snippet:-1","max-image-preview":"max-image-preview:large","max-video-preview":"max-video-preview:-1"},"canonical":"http:\/\/esponsorama.ad\/ca\/rabat-rapido-simeon-mejora-cardelus-se-estrena-motogp-3\/","og_locale":"en_US","og_type":"article","og_title":"Rabat molt r\u00e0pid, Simeon millora i Cardel\u00fas s'estrena a MotoGP - Esponsorama","og_description":"MotoGP Test Jerez \u2013 Circuito \u00c1ngel Nieto Els pilots de l&#8217;equip Reale Avintia Racing, Tito Rabat i Xavier Simeon, s&#8217;han quedat a entrenar a Jerez avui dilluns i han pogut millorar les seves sensacions despr\u00e9s d&#8217;una un Gran Premi que no va ser com tots dos esperaven.\u2028Tito Rabat, que ahir va acabar decebut tot i [&hellip;]","og_url":"http:\/\/esponsorama.ad\/ca\/rabat-rapido-simeon-mejora-cardelus-se-estrena-motogp-3\/","og_site_name":"Esponsorama","article_published_time":"2018-05-07T16:03:49+00:00","article_modified_time":"2018-05-07T18:26:13+00:00","og_image":[{"width":1024,"height":683,"url":"http:\/\/esponsorama.ad\/wp-content\/uploads\/2018\/05\/04Jerez18MgESPONSORAMA_JOC8290-1024x683.jpg","type":"image\/jpeg"}],"author":"Xavi Andornet","twitter_card":"summary_large_image","twitter_misc":{"Written by":"Xavi Andornet","Est. reading time":"3 minutes"},"schema":{"@context":"https:\/\/schema.org","@graph":[{"@type":"Article","@id":"http:\/\/esponsorama.ad\/ca\/rabat-rapido-simeon-mejora-cardelus-se-estrena-motogp-3\/#article","isPartOf":{"@id":"http:\/\/esponsorama.ad\/ca\/rabat-rapido-simeon-mejora-cardelus-se-estrena-motogp-3\/"},"author":{"name":"Xavi Andornet","@id":"http:\/\/esponsorama.ad\/es\/#\/schema\/person\/a5cde74945183d737066e46b61c6f9c4"},"headline":"Rabat molt r\u00e0pid, Simeon millora i Cardel\u00fas s&#8217;estrena a MotoGP","datePublished":"2018-05-07T16:03:49+00:00","dateModified":"2018-05-07T18:26:13+00:00","mainEntityOfPage":{"@id":"http:\/\/esponsorama.ad\/ca\/rabat-rapido-simeon-mejora-cardelus-se-estrena-motogp-3\/"},"wordCount":630,"image":{"@id":"http:\/\/esponsorama.ad\/ca\/rabat-rapido-simeon-mejora-cardelus-se-estrena-motogp-3\/#primaryimage"},"thumbnailUrl":"http:\/\/esponsorama.ad\/wp-content\/uploads\/2018\/05\/04Jerez18MgESPONSORAMA_JOC8290.jpg","articleSection":["MotoGP"],"inLanguage":"ca-AD"},{"@type":"WebPage","@id":"http:\/\/esponsorama.ad\/ca\/rabat-rapido-simeon-mejora-cardelus-se-estrena-motogp-3\/","url":"http:\/\/esponsorama.ad\/ca\/rabat-rapido-simeon-mejora-cardelus-se-estrena-motogp-3\/","name":"Rabat molt r\u00e0pid, Simeon millora i Cardel\u00fas s'estrena a MotoGP - Esponsorama","isPartOf":{"@id":"http:\/\/esponsorama.ad\/es\/#website"},"primaryImageOfPage":{"@id":"http:\/\/esponsorama.ad\/ca\/rabat-rapido-simeon-mejora-cardelus-se-estrena-motogp-3\/#primaryimage"},"image":{"@id":"http:\/\/esponsorama.ad\/ca\/rabat-rapido-simeon-mejora-cardelus-se-estrena-motogp-3\/#primaryimage"},"thumbnailUrl":"http:\/\/esponsorama.ad\/wp-content\/uploads\/2018\/05\/04Jerez18MgESPONSORAMA_JOC8290.jpg","datePublished":"2018-05-07T16:03:49+00:00","dateModified":"2018-05-07T18:26:13+00:00","author":{"@id":"http:\/\/esponsorama.ad\/es\/#\/schema\/person\/a5cde74945183d737066e46b61c6f9c4"},"breadcrumb":{"@id":"http:\/\/esponsorama.ad\/ca\/rabat-rapido-simeon-mejora-cardelus-se-estrena-motogp-3\/#breadcrumb"},"inLanguage":"ca-AD","potentialAction":[{"@type":"ReadAction","target":["http:\/\/esponsorama.ad\/ca\/rabat-rapido-simeon-mejora-cardelus-se-estrena-motogp-3\/"]}]},{"@type":"ImageObject","inLanguage":"ca-AD","@id":"http:\/\/esponsorama.ad\/ca\/rabat-rapido-simeon-mejora-cardelus-se-estrena-motogp-3\/#primaryimage","url":"http:\/\/esponsorama.ad\/wp-content\/uploads\/2018\/05\/04Jerez18MgESPONSORAMA_JOC8290.jpg","contentUrl":"http:\/\/esponsorama.ad\/wp-content\/uploads\/2018\/05\/04Jerez18MgESPONSORAMA_JOC8290.jpg","width":5184,"height":3456,"caption":"04 GP Jerez 7 de mayo de 2018, circuito de Jerez Angel Nieto, Jerez de la Frontera, Cadiz, Espa\u00f1a. MotoGP, motogp, mgp, MOTOGP"},{"@type":"BreadcrumbList","@id":"http:\/\/esponsorama.ad\/ca\/rabat-rapido-simeon-mejora-cardelus-se-estrena-motogp-3\/#breadcrumb","itemListElement":[{"@type":"ListItem","position":1,"name":"Home","item":"http:\/\/esponsorama.ad\/ca\/"},{"@type":"ListItem","position":2,"name":"Rabat molt r\u00e0pid, Simeon millora i Cardel\u00fas s&#8217;estrena a MotoGP"}]},{"@type":"WebSite","@id":"http:\/\/esponsorama.ad\/es\/#website","url":"http:\/\/esponsorama.ad\/es\/","name":"Esponsorama","description":"Specialist in motorsport sponsorship and event promotions","potentialAction":[{"@type":"SearchAction","target":{"@type":"EntryPoint","urlTemplate":"http:\/\/esponsorama.ad\/es\/?s={search_term_string}"},"query-input":{"@type":"PropertyValueSpecification","valueRequired":true,"valueName":"search_term_string"}}],"inLanguage":"ca-AD"},{"@type":"Person","@id":"http:\/\/esponsorama.ad\/es\/#\/schema\/person\/a5cde74945183d737066e46b61c6f9c4","name":"Xavi Andornet","image":{"@type":"ImageObject","inLanguage":"ca-AD","@id":"http:\/\/esponsorama.ad\/es\/#\/schema\/person\/image\/","url":"https:\/\/secure.gravatar.com\/avatar\/f10eaf9ad601244a2357c9fd7cd9805ed166cfaaf76d5d9ab08a9d873e70147a?s=96&d=mm&r=g","contentUrl":"https:\/\/secure.gravatar.com\/avatar\/f10eaf9ad601244a2357c9fd7cd9805ed166cfaaf76d5d9ab08a9d873e70147a?s=96&d=mm&r=g","caption":"Xavi Andornet"},"sameAs":["http:\/\/www.andornet.ad"],"url":"http:\/\/esponsorama.ad\/ca\/author\/andornet\/"}]}},"_links":{"self":[{"href":"http:\/\/esponsorama.ad\/ca\/wp-json\/wp\/v2\/posts\/9598","targetHints":{"allow":["GET"]}}],"collection":[{"href":"http:\/\/esponsorama.ad\/ca\/wp-json\/wp\/v2\/posts"}],"about":[{"href":"http:\/\/esponsorama.ad\/ca\/wp-json\/wp\/v2\/types\/post"}],"author":[{"embeddable":true,"href":"http:\/\/esponsorama.ad\/ca\/wp-json\/wp\/v2\/users\/6"}],"replies":[{"embeddable":true,"href":"http:\/\/esponsorama.ad\/ca\/wp-json\/wp\/v2\/comments?post=9598"}],"version-history":[{"count":0,"href":"http:\/\/esponsorama.ad\/ca\/wp-json\/wp\/v2\/posts\/9598\/revisions"}],"wp:featuredmedia":[{"embeddable":true,"href":"http:\/\/esponsorama.ad\/ca\/wp-json\/wp\/v2\/media\/9570"}],"wp:attachment":[{"href":"http:\/\/esponsorama.ad\/ca\/wp-json\/wp\/v2\/media?parent=9598"}],"wp:term":[{"taxonomy":"category","embeddable":true,"href":"http:\/\/esponsorama.ad\/ca\/wp-json\/wp\/v2\/categories?post=9598"},{"taxonomy":"post_tag","embeddable":true,"href":"http:\/\/esponsorama.ad\/ca\/wp-json\/wp\/v2\/tags?post=9598"}],"curies":[{"name":"wp","href":"https:\/\/api.w.org\/{rel}","templated":true}]}}