{"id":9917,"date":"2018-05-23T22:02:37","date_gmt":"2018-05-23T20:02:37","guid":{"rendered":"http:\/\/esponsorama.ad\/?p=9917"},"modified":"2018-05-23T22:11:59","modified_gmt":"2018-05-23T20:11:59","slug":"tito-rabat-permanecera-hopitalizado-someterse-nuevas-pruebas-2","status":"publish","type":"post","link":"http:\/\/esponsorama.ad\/ca\/tito-rabat-permanecera-hopitalizado-someterse-nuevas-pruebas-2\/","title":{"rendered":"Tito Rabat permanecer\u00e1 hopitalizado para someterse a nuevas pruebas"},"content":{"rendered":"<p><strong>Reale Avintia Racing\u2013 Test MotoGP \u2013 Circuit Barcelona-Catalunya<\/strong><\/p>\n<p>El piloto del equipo Reale Avintia Racing, Tito Rabat, ha sufrido una fuerte ca\u00edda esta ma\u00f1ana durante los test de MotoGP disputados hoy en el Circuit de Barcelona-Catalunya. El Campe\u00f3n del Mundo de Moto2 en 2014, apenas hab\u00eda comenzado el trabajo y en su tercera salida a pista ha perdido el control de su Ducati en la \u00faltima curva del trazado catal\u00e1n cayendo con mucha violencia. La moto ha salido en llamas y el piloto enseguida a sentido un fuerte dolor en su brazo izquierdo.<\/p>\n<p>Tras un primer examen en la cl\u00ednica del circuito, Tito Rabat ha sido trasladado en ambulancia al Hospital Universitari Quiron Dexeus donde se ha sometido a diversas pruebas llevadas a cabo por el equipo del Dr. Xavier Mir.<\/p>\n<p>Se le ha practicado una resonancia magn\u00e9tica y un TAC tridimensional en el codo izquierdo y se han diagnosticado las siguientes lesiones:<\/p>\n<p>Ruptura muscular grado 3 del flexor profundo de los dedos.<\/p>\n<p>Ruptura muscular grado 2 del flexor cubital de carpo.<\/p>\n<p>Contusi\u00f3n en el nervio cubital.<\/p>\n<p>Edema \u00f3seo en la epitr\u00f3clea u ol\u00e9crano.<\/p>\n<p>Ma\u00f1ana se le realizar\u00e1n nuevas pruebas para decidir el tratamiento a seguir y el tiempo de recuperaci\u00f3n.<\/p>\n<p>Rabat ya ha comunicado a miembros del equipo que quiere estar en Mugello dentro de nueve d\u00edas. El Dr. Mir y su equipo decidir\u00e1n si es algo factible.<\/p>\n","protected":false},"excerpt":{"rendered":"<p>Reale Avintia Racing\u2013 Test MotoGP \u2013 Circuit Barcelona-Catalunya El piloto del equipo Reale Avintia Racing, Tito Rabat, ha sufrido una fuerte ca\u00edda esta ma\u00f1ana durante los test de MotoGP disputados hoy en el Circuit de Barcelona-Catalunya. El Campe\u00f3n del Mundo de Moto2 en 2014, apenas hab\u00eda comenzado el trabajo y en su tercera salida a [&hellip;]<\/p>\n","protected":false},"author":6,"featured_media":9321,"comment_status":"closed","ping_status":"closed","sticky":false,"template":"","format":"standard","meta":{"footnotes":""},"categories":[3],"tags":[],"class_list":["post-9917","post","type-post","status-publish","format-standard","has-post-thumbnail","hentry","category-motogp"],"yoast_head":"<!-- This site is optimized with the Yoast SEO plugin v27.1.1 - https:\/\/yoast.com\/product\/yoast-seo-wordpress\/ -->\n<title>Tito Rabat permanecer\u00e1 hopitalizado para someterse a nuevas pruebas - Esponsorama<\/title>\n<meta name=\"robots\" content=\"index, follow, max-snippet:-1, max-image-preview:large, max-video-preview:-1\" \/>\n<link rel=\"canonical\" href=\"http:\/\/esponsorama.ad\/ca\/tito-rabat-permanecera-hopitalizado-someterse-nuevas-pruebas-2\/\" \/>\n<meta property=\"og:locale\" content=\"en_US\" \/>\n<meta property=\"og:type\" content=\"article\" \/>\n<meta property=\"og:title\" content=\"Tito Rabat permanecer\u00e1 hopitalizado para someterse a nuevas pruebas - Esponsorama\" \/>\n<meta property=\"og:description\" content=\"Reale Avintia Racing\u2013 Test MotoGP \u2013 Circuit Barcelona-Catalunya El piloto del equipo Reale Avintia Racing, Tito Rabat, ha sufrido una fuerte ca\u00edda esta ma\u00f1ana durante los test de MotoGP disputados hoy en el Circuit de Barcelona-Catalunya. El Campe\u00f3n del Mundo de Moto2 en 2014, apenas hab\u00eda comenzado el trabajo y en su tercera salida a [&hellip;]\" \/>\n<meta property=\"og:url\" content=\"http:\/\/esponsorama.ad\/ca\/tito-rabat-permanecera-hopitalizado-someterse-nuevas-pruebas-2\/\" \/>\n<meta property=\"og:site_name\" content=\"Esponsorama\" \/>\n<meta property=\"article:published_time\" content=\"2018-05-23T20:02:37+00:00\" \/>\n<meta property=\"article:modified_time\" content=\"2018-05-23T20:11:59+00:00\" \/>\n<meta property=\"og:image\" content=\"http:\/\/esponsorama.ad\/wp-content\/uploads\/2018\/05\/04Jerez2018MGP-1334-1024x683.jpg\" \/>\n\t<meta property=\"og:image:width\" content=\"1024\" \/>\n\t<meta property=\"og:image:height\" content=\"683\" \/>\n\t<meta property=\"og:image:type\" content=\"image\/jpeg\" \/>\n<meta name=\"author\" content=\"Xavi Andornet\" \/>\n<meta name=\"twitter:card\" content=\"summary_large_image\" \/>\n<meta name=\"twitter:label1\" content=\"Written by\" \/>\n\t<meta name=\"twitter:data1\" content=\"Xavi Andornet\" \/>\n\t<meta name=\"twitter:label2\" content=\"Est. reading time\" \/>\n\t<meta name=\"twitter:data2\" content=\"1 minute\" \/>\n<script type=\"application\/ld+json\" class=\"yoast-schema-graph\">{\"@context\":\"https:\/\/schema.org\",\"@graph\":[{\"@type\":\"Article\",\"@id\":\"http:\/\/esponsorama.ad\/ca\/tito-rabat-permanecera-hopitalizado-someterse-nuevas-pruebas-2\/#article\",\"isPartOf\":{\"@id\":\"http:\/\/esponsorama.ad\/ca\/tito-rabat-permanecera-hopitalizado-someterse-nuevas-pruebas-2\/\"},\"author\":{\"name\":\"Xavi Andornet\",\"@id\":\"http:\/\/esponsorama.ad\/es\/#\/schema\/person\/a5cde74945183d737066e46b61c6f9c4\"},\"headline\":\"Tito Rabat permanecer\u00e1 hopitalizado para someterse a nuevas pruebas\",\"datePublished\":\"2018-05-23T20:02:37+00:00\",\"dateModified\":\"2018-05-23T20:11:59+00:00\",\"mainEntityOfPage\":{\"@id\":\"http:\/\/esponsorama.ad\/ca\/tito-rabat-permanecera-hopitalizado-someterse-nuevas-pruebas-2\/\"},\"wordCount\":249,\"image\":{\"@id\":\"http:\/\/esponsorama.ad\/ca\/tito-rabat-permanecera-hopitalizado-someterse-nuevas-pruebas-2\/#primaryimage\"},\"thumbnailUrl\":\"http:\/\/esponsorama.ad\/wp-content\/uploads\/2018\/05\/04Jerez2018MGP-1334.jpg\",\"articleSection\":[\"MotoGP\"],\"inLanguage\":\"ca-AD\"},{\"@type\":\"WebPage\",\"@id\":\"http:\/\/esponsorama.ad\/ca\/tito-rabat-permanecera-hopitalizado-someterse-nuevas-pruebas-2\/\",\"url\":\"http:\/\/esponsorama.ad\/ca\/tito-rabat-permanecera-hopitalizado-someterse-nuevas-pruebas-2\/\",\"name\":\"Tito Rabat permanecer\u00e1 hopitalizado para someterse a nuevas pruebas - Esponsorama\",\"isPartOf\":{\"@id\":\"http:\/\/esponsorama.ad\/es\/#website\"},\"primaryImageOfPage\":{\"@id\":\"http:\/\/esponsorama.ad\/ca\/tito-rabat-permanecera-hopitalizado-someterse-nuevas-pruebas-2\/#primaryimage\"},\"image\":{\"@id\":\"http:\/\/esponsorama.ad\/ca\/tito-rabat-permanecera-hopitalizado-someterse-nuevas-pruebas-2\/#primaryimage\"},\"thumbnailUrl\":\"http:\/\/esponsorama.ad\/wp-content\/uploads\/2018\/05\/04Jerez2018MGP-1334.jpg\",\"datePublished\":\"2018-05-23T20:02:37+00:00\",\"dateModified\":\"2018-05-23T20:11:59+00:00\",\"author\":{\"@id\":\"http:\/\/esponsorama.ad\/es\/#\/schema\/person\/a5cde74945183d737066e46b61c6f9c4\"},\"breadcrumb\":{\"@id\":\"http:\/\/esponsorama.ad\/ca\/tito-rabat-permanecera-hopitalizado-someterse-nuevas-pruebas-2\/#breadcrumb\"},\"inLanguage\":\"ca-AD\",\"potentialAction\":[{\"@type\":\"ReadAction\",\"target\":[\"http:\/\/esponsorama.ad\/ca\/tito-rabat-permanecera-hopitalizado-someterse-nuevas-pruebas-2\/\"]}]},{\"@type\":\"ImageObject\",\"inLanguage\":\"ca-AD\",\"@id\":\"http:\/\/esponsorama.ad\/ca\/tito-rabat-permanecera-hopitalizado-someterse-nuevas-pruebas-2\/#primaryimage\",\"url\":\"http:\/\/esponsorama.ad\/wp-content\/uploads\/2018\/05\/04Jerez2018MGP-1334.jpg\",\"contentUrl\":\"http:\/\/esponsorama.ad\/wp-content\/uploads\/2018\/05\/04Jerez2018MGP-1334.jpg\",\"width\":5184,\"height\":3456},{\"@type\":\"BreadcrumbList\",\"@id\":\"http:\/\/esponsorama.ad\/ca\/tito-rabat-permanecera-hopitalizado-someterse-nuevas-pruebas-2\/#breadcrumb\",\"itemListElement\":[{\"@type\":\"ListItem\",\"position\":1,\"name\":\"Home\",\"item\":\"http:\/\/esponsorama.ad\/en\/\"},{\"@type\":\"ListItem\",\"position\":2,\"name\":\"Tito Rabat permanecer\u00e1 hopitalizado para someterse a nuevas pruebas\"}]},{\"@type\":\"WebSite\",\"@id\":\"http:\/\/esponsorama.ad\/es\/#website\",\"url\":\"http:\/\/esponsorama.ad\/es\/\",\"name\":\"Esponsorama\",\"description\":\"Specialist in motorsport sponsorship and event promotions\",\"potentialAction\":[{\"@type\":\"SearchAction\",\"target\":{\"@type\":\"EntryPoint\",\"urlTemplate\":\"http:\/\/esponsorama.ad\/es\/?s={search_term_string}\"},\"query-input\":{\"@type\":\"PropertyValueSpecification\",\"valueRequired\":true,\"valueName\":\"search_term_string\"}}],\"inLanguage\":\"ca-AD\"},{\"@type\":\"Person\",\"@id\":\"http:\/\/esponsorama.ad\/es\/#\/schema\/person\/a5cde74945183d737066e46b61c6f9c4\",\"name\":\"Xavi Andornet\",\"image\":{\"@type\":\"ImageObject\",\"inLanguage\":\"ca-AD\",\"@id\":\"http:\/\/esponsorama.ad\/es\/#\/schema\/person\/image\/\",\"url\":\"https:\/\/secure.gravatar.com\/avatar\/f10eaf9ad601244a2357c9fd7cd9805ed166cfaaf76d5d9ab08a9d873e70147a?s=96&d=mm&r=g\",\"contentUrl\":\"https:\/\/secure.gravatar.com\/avatar\/f10eaf9ad601244a2357c9fd7cd9805ed166cfaaf76d5d9ab08a9d873e70147a?s=96&d=mm&r=g\",\"caption\":\"Xavi Andornet\"},\"sameAs\":[\"http:\/\/www.andornet.ad\"],\"url\":\"http:\/\/esponsorama.ad\/ca\/author\/andornet\/\"}]}<\/script>\n<!-- \/ Yoast SEO plugin. -->","yoast_head_json":{"title":"Tito Rabat permanecer\u00e1 hopitalizado para someterse a nuevas pruebas - Esponsorama","robots":{"index":"index","follow":"follow","max-snippet":"max-snippet:-1","max-image-preview":"max-image-preview:large","max-video-preview":"max-video-preview:-1"},"canonical":"http:\/\/esponsorama.ad\/ca\/tito-rabat-permanecera-hopitalizado-someterse-nuevas-pruebas-2\/","og_locale":"en_US","og_type":"article","og_title":"Tito Rabat permanecer\u00e1 hopitalizado para someterse a nuevas pruebas - Esponsorama","og_description":"Reale Avintia Racing\u2013 Test MotoGP \u2013 Circuit Barcelona-Catalunya El piloto del equipo Reale Avintia Racing, Tito Rabat, ha sufrido una fuerte ca\u00edda esta ma\u00f1ana durante los test de MotoGP disputados hoy en el Circuit de Barcelona-Catalunya. El Campe\u00f3n del Mundo de Moto2 en 2014, apenas hab\u00eda comenzado el trabajo y en su tercera salida a [&hellip;]","og_url":"http:\/\/esponsorama.ad\/ca\/tito-rabat-permanecera-hopitalizado-someterse-nuevas-pruebas-2\/","og_site_name":"Esponsorama","article_published_time":"2018-05-23T20:02:37+00:00","article_modified_time":"2018-05-23T20:11:59+00:00","og_image":[{"width":1024,"height":683,"url":"http:\/\/esponsorama.ad\/wp-content\/uploads\/2018\/05\/04Jerez2018MGP-1334-1024x683.jpg","type":"image\/jpeg"}],"author":"Xavi Andornet","twitter_card":"summary_large_image","twitter_misc":{"Written by":"Xavi Andornet","Est. reading time":"1 minute"},"schema":{"@context":"https:\/\/schema.org","@graph":[{"@type":"Article","@id":"http:\/\/esponsorama.ad\/ca\/tito-rabat-permanecera-hopitalizado-someterse-nuevas-pruebas-2\/#article","isPartOf":{"@id":"http:\/\/esponsorama.ad\/ca\/tito-rabat-permanecera-hopitalizado-someterse-nuevas-pruebas-2\/"},"author":{"name":"Xavi Andornet","@id":"http:\/\/esponsorama.ad\/es\/#\/schema\/person\/a5cde74945183d737066e46b61c6f9c4"},"headline":"Tito Rabat permanecer\u00e1 hopitalizado para someterse a nuevas pruebas","datePublished":"2018-05-23T20:02:37+00:00","dateModified":"2018-05-23T20:11:59+00:00","mainEntityOfPage":{"@id":"http:\/\/esponsorama.ad\/ca\/tito-rabat-permanecera-hopitalizado-someterse-nuevas-pruebas-2\/"},"wordCount":249,"image":{"@id":"http:\/\/esponsorama.ad\/ca\/tito-rabat-permanecera-hopitalizado-someterse-nuevas-pruebas-2\/#primaryimage"},"thumbnailUrl":"http:\/\/esponsorama.ad\/wp-content\/uploads\/2018\/05\/04Jerez2018MGP-1334.jpg","articleSection":["MotoGP"],"inLanguage":"ca-AD"},{"@type":"WebPage","@id":"http:\/\/esponsorama.ad\/ca\/tito-rabat-permanecera-hopitalizado-someterse-nuevas-pruebas-2\/","url":"http:\/\/esponsorama.ad\/ca\/tito-rabat-permanecera-hopitalizado-someterse-nuevas-pruebas-2\/","name":"Tito Rabat permanecer\u00e1 hopitalizado para someterse a nuevas pruebas - Esponsorama","isPartOf":{"@id":"http:\/\/esponsorama.ad\/es\/#website"},"primaryImageOfPage":{"@id":"http:\/\/esponsorama.ad\/ca\/tito-rabat-permanecera-hopitalizado-someterse-nuevas-pruebas-2\/#primaryimage"},"image":{"@id":"http:\/\/esponsorama.ad\/ca\/tito-rabat-permanecera-hopitalizado-someterse-nuevas-pruebas-2\/#primaryimage"},"thumbnailUrl":"http:\/\/esponsorama.ad\/wp-content\/uploads\/2018\/05\/04Jerez2018MGP-1334.jpg","datePublished":"2018-05-23T20:02:37+00:00","dateModified":"2018-05-23T20:11:59+00:00","author":{"@id":"http:\/\/esponsorama.ad\/es\/#\/schema\/person\/a5cde74945183d737066e46b61c6f9c4"},"breadcrumb":{"@id":"http:\/\/esponsorama.ad\/ca\/tito-rabat-permanecera-hopitalizado-someterse-nuevas-pruebas-2\/#breadcrumb"},"inLanguage":"ca-AD","potentialAction":[{"@type":"ReadAction","target":["http:\/\/esponsorama.ad\/ca\/tito-rabat-permanecera-hopitalizado-someterse-nuevas-pruebas-2\/"]}]},{"@type":"ImageObject","inLanguage":"ca-AD","@id":"http:\/\/esponsorama.ad\/ca\/tito-rabat-permanecera-hopitalizado-someterse-nuevas-pruebas-2\/#primaryimage","url":"http:\/\/esponsorama.ad\/wp-content\/uploads\/2018\/05\/04Jerez2018MGP-1334.jpg","contentUrl":"http:\/\/esponsorama.ad\/wp-content\/uploads\/2018\/05\/04Jerez2018MGP-1334.jpg","width":5184,"height":3456},{"@type":"BreadcrumbList","@id":"http:\/\/esponsorama.ad\/ca\/tito-rabat-permanecera-hopitalizado-someterse-nuevas-pruebas-2\/#breadcrumb","itemListElement":[{"@type":"ListItem","position":1,"name":"Home","item":"http:\/\/esponsorama.ad\/en\/"},{"@type":"ListItem","position":2,"name":"Tito Rabat permanecer\u00e1 hopitalizado para someterse a nuevas pruebas"}]},{"@type":"WebSite","@id":"http:\/\/esponsorama.ad\/es\/#website","url":"http:\/\/esponsorama.ad\/es\/","name":"Esponsorama","description":"Specialist in motorsport sponsorship and event promotions","potentialAction":[{"@type":"SearchAction","target":{"@type":"EntryPoint","urlTemplate":"http:\/\/esponsorama.ad\/es\/?s={search_term_string}"},"query-input":{"@type":"PropertyValueSpecification","valueRequired":true,"valueName":"search_term_string"}}],"inLanguage":"ca-AD"},{"@type":"Person","@id":"http:\/\/esponsorama.ad\/es\/#\/schema\/person\/a5cde74945183d737066e46b61c6f9c4","name":"Xavi Andornet","image":{"@type":"ImageObject","inLanguage":"ca-AD","@id":"http:\/\/esponsorama.ad\/es\/#\/schema\/person\/image\/","url":"https:\/\/secure.gravatar.com\/avatar\/f10eaf9ad601244a2357c9fd7cd9805ed166cfaaf76d5d9ab08a9d873e70147a?s=96&d=mm&r=g","contentUrl":"https:\/\/secure.gravatar.com\/avatar\/f10eaf9ad601244a2357c9fd7cd9805ed166cfaaf76d5d9ab08a9d873e70147a?s=96&d=mm&r=g","caption":"Xavi Andornet"},"sameAs":["http:\/\/www.andornet.ad"],"url":"http:\/\/esponsorama.ad\/ca\/author\/andornet\/"}]}},"_links":{"self":[{"href":"http:\/\/esponsorama.ad\/ca\/wp-json\/wp\/v2\/posts\/9917","targetHints":{"allow":["GET"]}}],"collection":[{"href":"http:\/\/esponsorama.ad\/ca\/wp-json\/wp\/v2\/posts"}],"about":[{"href":"http:\/\/esponsorama.ad\/ca\/wp-json\/wp\/v2\/types\/post"}],"author":[{"embeddable":true,"href":"http:\/\/esponsorama.ad\/ca\/wp-json\/wp\/v2\/users\/6"}],"replies":[{"embeddable":true,"href":"http:\/\/esponsorama.ad\/ca\/wp-json\/wp\/v2\/comments?post=9917"}],"version-history":[{"count":0,"href":"http:\/\/esponsorama.ad\/ca\/wp-json\/wp\/v2\/posts\/9917\/revisions"}],"wp:featuredmedia":[{"embeddable":true,"href":"http:\/\/esponsorama.ad\/ca\/wp-json\/wp\/v2\/media\/9321"}],"wp:attachment":[{"href":"http:\/\/esponsorama.ad\/ca\/wp-json\/wp\/v2\/media?parent=9917"}],"wp:term":[{"taxonomy":"category","embeddable":true,"href":"http:\/\/esponsorama.ad\/ca\/wp-json\/wp\/v2\/categories?post=9917"},{"taxonomy":"post_tag","embeddable":true,"href":"http:\/\/esponsorama.ad\/ca\/wp-json\/wp\/v2\/tags?post=9917"}],"curies":[{"name":"wp","href":"https:\/\/api.w.org\/{rel}","templated":true}]}}