{"id":15048,"date":"2019-08-11T15:33:12","date_gmt":"2019-08-11T13:33:12","guid":{"rendered":"http:\/\/esponsorama.ad\/?p=15048"},"modified":"2019-08-11T15:33:12","modified_gmt":"2019-08-11T13:33:12","slug":"bittersweet-race-for-the-avintia-esponsorama-racing-in-austria","status":"publish","type":"post","link":"http:\/\/esponsorama.ad\/en\/bittersweet-race-for-the-avintia-esponsorama-racing-in-austria\/","title":{"rendered":"Bittersweet race for the Avintia Esponsorama Racing in Austria"},"content":{"rendered":"<p>The MotoE riders found the track wet so the race was declared in the wet which was a great question mark because no one had riden until then in those conditions with electric motorcycles in the Austrian race track.<\/p>\n<p>Xavier Simeon made a good start staying second close to of the first while Eric Granado made a great comeback from the ninth position to lead in the second lap. Unfortunately, Granado crashed in turn three when he had already a few meters of advantage over the second rider. On the other hand, Xavier Simeon\u00a0was overtaken by H\u00e9ctor Garz\u00f3 and rolled into third but the crash of Garz\u00f3 made him return to the second position in which he finished\u00a0as he\u00a0got the first podium in MotoE for the Avintia Esponsorama Racing.<\/p>\n\n<p>&#8220;I am very happy, it has been an almost perfect weekend because we have\u00a0shown\u00a0our speed in all conditions. The team has done a great job, I had a lot of fun and I hope to stay that competitive in Misano.&#8221;<\/p>\n\t\t\t\t\t<div class=\"rider-short\">\n\t\t\t\t<a href=\"http:\/\/esponsorama.ad\/en\/piloto\/eric-granado\/\"><img loading=\"lazy\" decoding=\"async\" width=\"300\" height=\"300\" src=\"http:\/\/esponsorama.ad\/wp-content\/uploads\/2018\/10\/numero-granado-comunicados-2018.png\" class=\"attachment-medium size-medium\" alt=\"\" srcset=\"http:\/\/esponsorama.ad\/wp-content\/uploads\/2018\/10\/numero-granado-comunicados-2018.png 300w, http:\/\/esponsorama.ad\/wp-content\/uploads\/2018\/10\/numero-granado-comunicados-2018-150x150.png 150w\" sizes=\"auto, (max-width: 300px) 100vw, 300px\" \/><\/a><div class=\"info\"><h3><a href=\"http:\/\/esponsorama.ad\/en\/piloto\/eric-granado\/\">Eric Granado<\/a> | DNF<\/h3><div class=\"rrss\"><a target=\"_blank\" href=\"https:\/\/www.facebook.com\/PilotoEricGranado\/?ref=br_rs\"><i class=\"fa fa-facebook\"><\/i><\/a><a target=\"_blank\" href=\"https:\/\/twitter.com\/ericgranado\"><i class=\"fa fa-twitter\"><\/i><\/a><a target=\"_blank\" href=\"https:\/\/www.instagram.com\/ericgranado\/\"><i class=\"fa fa-instagram\"><\/i><\/a><\/div><\/div>\t\t\t\t\t<\/div>\n\t\t\t\t\n<p>&#8220;It went quite well, he managed to go very fast at the beginning. I tried to control when I\u00a0was in first position\u00a0and honestly it was going very well but I had an unforgivable mistake. When I rode over\u00a0the piano I could not avoid the crash, the front just locked . It&#8217;s a shame to end up like this in a race I could have won. I want to apologize to the team and I hope to change the situation in the next race in Misano.&#8221;<\/p>\n","protected":false},"excerpt":{"rendered":"<p>The MotoE riders found the track wet so the race was declared in the wet which was a great question mark because no one had riden until then in those conditions with electric motorcycles in the Austrian race track. Xavier Simeon made a good start staying second close to of the first while Eric Granado [&hellip;]<\/p>\n","protected":false},"author":6,"featured_media":15039,"comment_status":"closed","ping_status":"closed","sticky":false,"template":"","format":"standard","meta":{"footnotes":""},"categories":[21],"tags":[],"class_list":["post-15048","post","type-post","status-publish","format-standard","has-post-thumbnail","hentry"],"yoast_head":"<!-- This site is optimized with the Yoast SEO plugin v27.1.1 - https:\/\/yoast.com\/product\/yoast-seo-wordpress\/ -->\n<title>Bittersweet race for the Avintia Esponsorama Racing in Austria - Esponsorama<\/title>\n<meta name=\"robots\" content=\"index, follow, max-snippet:-1, max-image-preview:large, max-video-preview:-1\" \/>\n<link rel=\"canonical\" href=\"http:\/\/esponsorama.ad\/en\/bittersweet-race-for-the-avintia-esponsorama-racing-in-austria\/\" \/>\n<meta property=\"og:locale\" content=\"en_GB\" \/>\n<meta property=\"og:type\" content=\"article\" \/>\n<meta property=\"og:title\" content=\"Bittersweet race for the Avintia Esponsorama Racing in Austria - Esponsorama\" \/>\n<meta property=\"og:description\" content=\"The MotoE riders found the track wet so the race was declared in the wet which was a great question mark because no one had riden until then in those conditions with electric motorcycles in the Austrian race track. Xavier Simeon made a good start staying second close to of the first while Eric Granado [&hellip;]\" \/>\n<meta property=\"og:url\" content=\"http:\/\/esponsorama.ad\/en\/bittersweet-race-for-the-avintia-esponsorama-racing-in-austria\/\" \/>\n<meta property=\"og:site_name\" content=\"Esponsorama\" \/>\n<meta property=\"article:published_time\" content=\"2019-08-11T13:33:12+00:00\" \/>\n<meta property=\"og:image\" content=\"http:\/\/esponsorama.ad\/wp-content\/uploads\/2019\/08\/11Austria19MeESPONSORAMA_JOC4744-1024x683.jpg\" \/>\n\t<meta property=\"og:image:width\" content=\"1024\" \/>\n\t<meta property=\"og:image:height\" content=\"683\" \/>\n\t<meta property=\"og:image:type\" content=\"image\/jpeg\" \/>\n<meta name=\"author\" content=\"Xavi Andornet\" \/>\n<meta name=\"twitter:card\" content=\"summary_large_image\" \/>\n<meta name=\"twitter:label1\" content=\"Written by\" \/>\n\t<meta name=\"twitter:data1\" content=\"Xavi Andornet\" \/>\n\t<meta name=\"twitter:label2\" content=\"Estimated reading time\" \/>\n\t<meta name=\"twitter:data2\" content=\"1 minute\" \/>\n<script type=\"application\/ld+json\" class=\"yoast-schema-graph\">{\"@context\":\"https:\/\/schema.org\",\"@graph\":[{\"@type\":\"Article\",\"@id\":\"http:\/\/esponsorama.ad\/en\/bittersweet-race-for-the-avintia-esponsorama-racing-in-austria\/#article\",\"isPartOf\":{\"@id\":\"http:\/\/esponsorama.ad\/en\/bittersweet-race-for-the-avintia-esponsorama-racing-in-austria\/\"},\"author\":{\"name\":\"Xavi Andornet\",\"@id\":\"http:\/\/esponsorama.ad\/es\/#\/schema\/person\/a5cde74945183d737066e46b61c6f9c4\"},\"headline\":\"Bittersweet race for the Avintia Esponsorama Racing in Austria\",\"datePublished\":\"2019-08-11T13:33:12+00:00\",\"mainEntityOfPage\":{\"@id\":\"http:\/\/esponsorama.ad\/en\/bittersweet-race-for-the-avintia-esponsorama-racing-in-austria\/\"},\"wordCount\":278,\"image\":{\"@id\":\"http:\/\/esponsorama.ad\/en\/bittersweet-race-for-the-avintia-esponsorama-racing-in-austria\/#primaryimage\"},\"thumbnailUrl\":\"http:\/\/esponsorama.ad\/wp-content\/uploads\/2019\/08\/11Austria19MeESPONSORAMA_JOC4744.jpg\",\"articleSection\":[\"\"],\"inLanguage\":\"en-GB\"},{\"@type\":\"WebPage\",\"@id\":\"http:\/\/esponsorama.ad\/en\/bittersweet-race-for-the-avintia-esponsorama-racing-in-austria\/\",\"url\":\"http:\/\/esponsorama.ad\/en\/bittersweet-race-for-the-avintia-esponsorama-racing-in-austria\/\",\"name\":\"Bittersweet race for the Avintia Esponsorama Racing in Austria - Esponsorama\",\"isPartOf\":{\"@id\":\"http:\/\/esponsorama.ad\/es\/#website\"},\"primaryImageOfPage\":{\"@id\":\"http:\/\/esponsorama.ad\/en\/bittersweet-race-for-the-avintia-esponsorama-racing-in-austria\/#primaryimage\"},\"image\":{\"@id\":\"http:\/\/esponsorama.ad\/en\/bittersweet-race-for-the-avintia-esponsorama-racing-in-austria\/#primaryimage\"},\"thumbnailUrl\":\"http:\/\/esponsorama.ad\/wp-content\/uploads\/2019\/08\/11Austria19MeESPONSORAMA_JOC4744.jpg\",\"datePublished\":\"2019-08-11T13:33:12+00:00\",\"author\":{\"@id\":\"http:\/\/esponsorama.ad\/es\/#\/schema\/person\/a5cde74945183d737066e46b61c6f9c4\"},\"breadcrumb\":{\"@id\":\"http:\/\/esponsorama.ad\/en\/bittersweet-race-for-the-avintia-esponsorama-racing-in-austria\/#breadcrumb\"},\"inLanguage\":\"en-GB\",\"potentialAction\":[{\"@type\":\"ReadAction\",\"target\":[\"http:\/\/esponsorama.ad\/en\/bittersweet-race-for-the-avintia-esponsorama-racing-in-austria\/\"]}]},{\"@type\":\"ImageObject\",\"inLanguage\":\"en-GB\",\"@id\":\"http:\/\/esponsorama.ad\/en\/bittersweet-race-for-the-avintia-esponsorama-racing-in-austria\/#primaryimage\",\"url\":\"http:\/\/esponsorama.ad\/wp-content\/uploads\/2019\/08\/11Austria19MeESPONSORAMA_JOC4744.jpg\",\"contentUrl\":\"http:\/\/esponsorama.ad\/wp-content\/uploads\/2019\/08\/11Austria19MeESPONSORAMA_JOC4744.jpg\",\"width\":5472,\"height\":3648,\"caption\":\"11 Austria GP 8, 9, 10 y 11 de agosto de 2019, circuito de RedBull Ring, Spielberg, AUSTRIA Motogp, MGP, Mgp, MotoGP\"},{\"@type\":\"BreadcrumbList\",\"@id\":\"http:\/\/esponsorama.ad\/en\/bittersweet-race-for-the-avintia-esponsorama-racing-in-austria\/#breadcrumb\",\"itemListElement\":[{\"@type\":\"ListItem\",\"position\":1,\"name\":\"Home\",\"item\":\"http:\/\/esponsorama.ad\/en\/\"},{\"@type\":\"ListItem\",\"position\":2,\"name\":\"Bittersweet race for the Avintia Esponsorama Racing in Austria\"}]},{\"@type\":\"WebSite\",\"@id\":\"http:\/\/esponsorama.ad\/es\/#website\",\"url\":\"http:\/\/esponsorama.ad\/es\/\",\"name\":\"Esponsorama\",\"description\":\"Specialist in motorsport sponsorship and event promotions\",\"potentialAction\":[{\"@type\":\"SearchAction\",\"target\":{\"@type\":\"EntryPoint\",\"urlTemplate\":\"http:\/\/esponsorama.ad\/es\/?s={search_term_string}\"},\"query-input\":{\"@type\":\"PropertyValueSpecification\",\"valueRequired\":true,\"valueName\":\"search_term_string\"}}],\"inLanguage\":\"en-GB\"},{\"@type\":\"Person\",\"@id\":\"http:\/\/esponsorama.ad\/es\/#\/schema\/person\/a5cde74945183d737066e46b61c6f9c4\",\"name\":\"Xavi Andornet\",\"image\":{\"@type\":\"ImageObject\",\"inLanguage\":\"en-GB\",\"@id\":\"http:\/\/esponsorama.ad\/es\/#\/schema\/person\/image\/\",\"url\":\"https:\/\/secure.gravatar.com\/avatar\/f10eaf9ad601244a2357c9fd7cd9805ed166cfaaf76d5d9ab08a9d873e70147a?s=96&d=mm&r=g\",\"contentUrl\":\"https:\/\/secure.gravatar.com\/avatar\/f10eaf9ad601244a2357c9fd7cd9805ed166cfaaf76d5d9ab08a9d873e70147a?s=96&d=mm&r=g\",\"caption\":\"Xavi Andornet\"},\"sameAs\":[\"http:\/\/www.andornet.ad\"],\"url\":\"http:\/\/esponsorama.ad\/en\/author\/andornet\/\"}]}<\/script>\n<!-- \/ Yoast SEO plugin. -->","yoast_head_json":{"title":"Bittersweet race for the Avintia Esponsorama Racing in Austria - Esponsorama","robots":{"index":"index","follow":"follow","max-snippet":"max-snippet:-1","max-image-preview":"max-image-preview:large","max-video-preview":"max-video-preview:-1"},"canonical":"http:\/\/esponsorama.ad\/en\/bittersweet-race-for-the-avintia-esponsorama-racing-in-austria\/","og_locale":"en_GB","og_type":"article","og_title":"Bittersweet race for the Avintia Esponsorama Racing in Austria - Esponsorama","og_description":"The MotoE riders found the track wet so the race was declared in the wet which was a great question mark because no one had riden until then in those conditions with electric motorcycles in the Austrian race track. Xavier Simeon made a good start staying second close to of the first while Eric Granado [&hellip;]","og_url":"http:\/\/esponsorama.ad\/en\/bittersweet-race-for-the-avintia-esponsorama-racing-in-austria\/","og_site_name":"Esponsorama","article_published_time":"2019-08-11T13:33:12+00:00","og_image":[{"width":1024,"height":683,"url":"http:\/\/esponsorama.ad\/wp-content\/uploads\/2019\/08\/11Austria19MeESPONSORAMA_JOC4744-1024x683.jpg","type":"image\/jpeg"}],"author":"Xavi Andornet","twitter_card":"summary_large_image","twitter_misc":{"Written by":"Xavi Andornet","Estimated reading time":"1 minute"},"schema":{"@context":"https:\/\/schema.org","@graph":[{"@type":"Article","@id":"http:\/\/esponsorama.ad\/en\/bittersweet-race-for-the-avintia-esponsorama-racing-in-austria\/#article","isPartOf":{"@id":"http:\/\/esponsorama.ad\/en\/bittersweet-race-for-the-avintia-esponsorama-racing-in-austria\/"},"author":{"name":"Xavi Andornet","@id":"http:\/\/esponsorama.ad\/es\/#\/schema\/person\/a5cde74945183d737066e46b61c6f9c4"},"headline":"Bittersweet race for the Avintia Esponsorama Racing in Austria","datePublished":"2019-08-11T13:33:12+00:00","mainEntityOfPage":{"@id":"http:\/\/esponsorama.ad\/en\/bittersweet-race-for-the-avintia-esponsorama-racing-in-austria\/"},"wordCount":278,"image":{"@id":"http:\/\/esponsorama.ad\/en\/bittersweet-race-for-the-avintia-esponsorama-racing-in-austria\/#primaryimage"},"thumbnailUrl":"http:\/\/esponsorama.ad\/wp-content\/uploads\/2019\/08\/11Austria19MeESPONSORAMA_JOC4744.jpg","articleSection":[""],"inLanguage":"en-GB"},{"@type":"WebPage","@id":"http:\/\/esponsorama.ad\/en\/bittersweet-race-for-the-avintia-esponsorama-racing-in-austria\/","url":"http:\/\/esponsorama.ad\/en\/bittersweet-race-for-the-avintia-esponsorama-racing-in-austria\/","name":"Bittersweet race for the Avintia Esponsorama Racing in Austria - Esponsorama","isPartOf":{"@id":"http:\/\/esponsorama.ad\/es\/#website"},"primaryImageOfPage":{"@id":"http:\/\/esponsorama.ad\/en\/bittersweet-race-for-the-avintia-esponsorama-racing-in-austria\/#primaryimage"},"image":{"@id":"http:\/\/esponsorama.ad\/en\/bittersweet-race-for-the-avintia-esponsorama-racing-in-austria\/#primaryimage"},"thumbnailUrl":"http:\/\/esponsorama.ad\/wp-content\/uploads\/2019\/08\/11Austria19MeESPONSORAMA_JOC4744.jpg","datePublished":"2019-08-11T13:33:12+00:00","author":{"@id":"http:\/\/esponsorama.ad\/es\/#\/schema\/person\/a5cde74945183d737066e46b61c6f9c4"},"breadcrumb":{"@id":"http:\/\/esponsorama.ad\/en\/bittersweet-race-for-the-avintia-esponsorama-racing-in-austria\/#breadcrumb"},"inLanguage":"en-GB","potentialAction":[{"@type":"ReadAction","target":["http:\/\/esponsorama.ad\/en\/bittersweet-race-for-the-avintia-esponsorama-racing-in-austria\/"]}]},{"@type":"ImageObject","inLanguage":"en-GB","@id":"http:\/\/esponsorama.ad\/en\/bittersweet-race-for-the-avintia-esponsorama-racing-in-austria\/#primaryimage","url":"http:\/\/esponsorama.ad\/wp-content\/uploads\/2019\/08\/11Austria19MeESPONSORAMA_JOC4744.jpg","contentUrl":"http:\/\/esponsorama.ad\/wp-content\/uploads\/2019\/08\/11Austria19MeESPONSORAMA_JOC4744.jpg","width":5472,"height":3648,"caption":"11 Austria GP 8, 9, 10 y 11 de agosto de 2019, circuito de RedBull Ring, Spielberg, AUSTRIA Motogp, MGP, Mgp, MotoGP"},{"@type":"BreadcrumbList","@id":"http:\/\/esponsorama.ad\/en\/bittersweet-race-for-the-avintia-esponsorama-racing-in-austria\/#breadcrumb","itemListElement":[{"@type":"ListItem","position":1,"name":"Home","item":"http:\/\/esponsorama.ad\/en\/"},{"@type":"ListItem","position":2,"name":"Bittersweet race for the Avintia Esponsorama Racing in Austria"}]},{"@type":"WebSite","@id":"http:\/\/esponsorama.ad\/es\/#website","url":"http:\/\/esponsorama.ad\/es\/","name":"Esponsorama","description":"Specialist in motorsport sponsorship and event promotions","potentialAction":[{"@type":"SearchAction","target":{"@type":"EntryPoint","urlTemplate":"http:\/\/esponsorama.ad\/es\/?s={search_term_string}"},"query-input":{"@type":"PropertyValueSpecification","valueRequired":true,"valueName":"search_term_string"}}],"inLanguage":"en-GB"},{"@type":"Person","@id":"http:\/\/esponsorama.ad\/es\/#\/schema\/person\/a5cde74945183d737066e46b61c6f9c4","name":"Xavi Andornet","image":{"@type":"ImageObject","inLanguage":"en-GB","@id":"http:\/\/esponsorama.ad\/es\/#\/schema\/person\/image\/","url":"https:\/\/secure.gravatar.com\/avatar\/f10eaf9ad601244a2357c9fd7cd9805ed166cfaaf76d5d9ab08a9d873e70147a?s=96&d=mm&r=g","contentUrl":"https:\/\/secure.gravatar.com\/avatar\/f10eaf9ad601244a2357c9fd7cd9805ed166cfaaf76d5d9ab08a9d873e70147a?s=96&d=mm&r=g","caption":"Xavi Andornet"},"sameAs":["http:\/\/www.andornet.ad"],"url":"http:\/\/esponsorama.ad\/en\/author\/andornet\/"}]}},"_links":{"self":[{"href":"http:\/\/esponsorama.ad\/en\/wp-json\/wp\/v2\/posts\/15048","targetHints":{"allow":["GET"]}}],"collection":[{"href":"http:\/\/esponsorama.ad\/en\/wp-json\/wp\/v2\/posts"}],"about":[{"href":"http:\/\/esponsorama.ad\/en\/wp-json\/wp\/v2\/types\/post"}],"author":[{"embeddable":true,"href":"http:\/\/esponsorama.ad\/en\/wp-json\/wp\/v2\/users\/6"}],"replies":[{"embeddable":true,"href":"http:\/\/esponsorama.ad\/en\/wp-json\/wp\/v2\/comments?post=15048"}],"version-history":[{"count":0,"href":"http:\/\/esponsorama.ad\/en\/wp-json\/wp\/v2\/posts\/15048\/revisions"}],"wp:featuredmedia":[{"embeddable":true,"href":"http:\/\/esponsorama.ad\/en\/wp-json\/wp\/v2\/media\/15039"}],"wp:attachment":[{"href":"http:\/\/esponsorama.ad\/en\/wp-json\/wp\/v2\/media?parent=15048"}],"wp:term":[{"taxonomy":"category","embeddable":true,"href":"http:\/\/esponsorama.ad\/en\/wp-json\/wp\/v2\/categories?post=15048"},{"taxonomy":"post_tag","embeddable":true,"href":"http:\/\/esponsorama.ad\/en\/wp-json\/wp\/v2\/tags?post=15048"}],"curies":[{"name":"wp","href":"https:\/\/api.w.org\/{rel}","templated":true}]}}