{"id":15855,"date":"2020-05-12T16:59:35","date_gmt":"2020-05-12T14:59:35","guid":{"rendered":"http:\/\/esponsorama.ad\/?p=15855"},"modified":"2020-05-12T17:01:50","modified_gmt":"2020-05-12T15:01:50","slug":"gobierno-andorra-reabre-circuit-andorra-pas-la-casa-2-400m-2","status":"publish","type":"post","link":"http:\/\/esponsorama.ad\/en\/gobierno-andorra-reabre-circuit-andorra-pas-la-casa-2-400m-2\/","title":{"rendered":"THE GOVERNMENT OF ANDORRA REOPENS THE ANDORRA CIRCUITPAS DE LA CASA (2,400M)"},"content":{"rendered":"<p>After long meetings and a lot of effort on the part of all those involved, the Andorra Circuit is reopening its facilities to the professional riders resident in the Principality of Andorra for training, coinciding with phase 2 of the deconfinement plan.<\/p>\n<p>This situation would not have been possible without the cooperation and collaboration of the Government of Andorra and the efforts of the Ministries of Sport, Economy and Health.<\/p>\n<p>The Automobile Club of Andorra, the Andorran Motorcyclist Federation and the unconditional sponsorship of Cr\u00e8dit Andorr\u00e0, who have believed in the project from the beginning, have also made it possible. Ra\u00fal Romero (owner of the Reale Avintia Racing Team and investor of the Andorran Circuit), Rub\u00e9n Xaus (promoter of the Andorran project) and Alex Bercianos (director of the facility) have also helped to achieve this.<\/p>\n<p>The excellent management of the health crisis by the Andorran government has meant that the 22 professional motorcycle riders (9 of whom are MotoGP riders) resident in Andorra will be able to get back on their machines and resume training immediately. These will be marked by an anti-contamination protocol validated by computer biologist Joel L\u00f3pez. The training sessions will be divided into two groups and different time slots to avoid having more than 10 riders training.<\/p>\n<p>The layout designed by the specialized company Racing Loop will be especially technical and that, together with the height of the Circuit, will make it physically demanding.<\/p>\n<p>Rub\u00e9n Xaus commented on the possibility that the MotoGP riders could restart the season at the Andorra Circuit: <strong>&#8220;The circuit and all its members are very proud to take another step, which will undoubtedly serve the resident riders, to prepare an atypical start to the world championship.\u201d<\/strong><\/p>\n","protected":false},"excerpt":{"rendered":"<p>After long meetings and a lot of effort on the part of all those involved, the Andorra Circuit is reopening its facilities to the professional riders resident in the Principality of Andorra for training, coinciding with phase 2 of the deconfinement plan. This situation would not have been possible without the cooperation and collaboration of [&hellip;]<\/p>\n","protected":false},"author":6,"featured_media":15851,"comment_status":"closed","ping_status":"closed","sticky":false,"template":"","format":"standard","meta":{"footnotes":""},"categories":[3],"tags":[],"class_list":["post-15855","post","type-post","status-publish","format-standard","has-post-thumbnail","hentry","category-motogp"],"yoast_head":"<!-- This site is optimized with the Yoast SEO plugin v27.1.1 - https:\/\/yoast.com\/product\/yoast-seo-wordpress\/ -->\n<title>THE GOVERNMENT OF ANDORRA REOPENS THE ANDORRA CIRCUITPAS DE LA CASA (2,400M) - Esponsorama<\/title>\n<meta name=\"robots\" content=\"index, follow, max-snippet:-1, max-image-preview:large, max-video-preview:-1\" \/>\n<link rel=\"canonical\" href=\"http:\/\/esponsorama.ad\/en\/gobierno-andorra-reabre-circuit-andorra-pas-la-casa-2-400m-2\/\" \/>\n<meta property=\"og:locale\" content=\"en_GB\" \/>\n<meta property=\"og:type\" content=\"article\" \/>\n<meta property=\"og:title\" content=\"THE GOVERNMENT OF ANDORRA REOPENS THE ANDORRA CIRCUITPAS DE LA CASA (2,400M) - Esponsorama\" \/>\n<meta property=\"og:description\" content=\"After long meetings and a lot of effort on the part of all those involved, the Andorra Circuit is reopening its facilities to the professional riders resident in the Principality of Andorra for training, coinciding with phase 2 of the deconfinement plan. This situation would not have been possible without the cooperation and collaboration of [&hellip;]\" \/>\n<meta property=\"og:url\" content=\"http:\/\/esponsorama.ad\/en\/gobierno-andorra-reabre-circuit-andorra-pas-la-casa-2-400m-2\/\" \/>\n<meta property=\"og:site_name\" content=\"Esponsorama\" \/>\n<meta property=\"article:published_time\" content=\"2020-05-12T14:59:35+00:00\" \/>\n<meta property=\"article:modified_time\" content=\"2020-05-12T15:01:50+00:00\" \/>\n<meta property=\"og:image\" content=\"http:\/\/esponsorama.ad\/wp-content\/uploads\/2020\/05\/775E5C3C-64E8-400B-8F24-42A7B8DECC14-e1589294330476.jpg\" \/>\n\t<meta property=\"og:image:width\" content=\"800\" \/>\n\t<meta property=\"og:image:height\" content=\"800\" \/>\n\t<meta property=\"og:image:type\" content=\"image\/jpeg\" \/>\n<meta name=\"author\" content=\"Xavi Andornet\" \/>\n<meta name=\"twitter:card\" content=\"summary_large_image\" \/>\n<meta name=\"twitter:label1\" content=\"Written by\" \/>\n\t<meta name=\"twitter:data1\" content=\"Xavi Andornet\" \/>\n\t<meta name=\"twitter:label2\" content=\"Estimated reading time\" \/>\n\t<meta name=\"twitter:data2\" content=\"1 minute\" \/>\n<script type=\"application\/ld+json\" class=\"yoast-schema-graph\">{\"@context\":\"https:\/\/schema.org\",\"@graph\":[{\"@type\":\"Article\",\"@id\":\"http:\/\/esponsorama.ad\/en\/gobierno-andorra-reabre-circuit-andorra-pas-la-casa-2-400m-2\/#article\",\"isPartOf\":{\"@id\":\"http:\/\/esponsorama.ad\/en\/gobierno-andorra-reabre-circuit-andorra-pas-la-casa-2-400m-2\/\"},\"author\":{\"name\":\"Xavi Andornet\",\"@id\":\"http:\/\/esponsorama.ad\/es\/#\/schema\/person\/a5cde74945183d737066e46b61c6f9c4\"},\"headline\":\"THE GOVERNMENT OF ANDORRA REOPENS THE ANDORRA CIRCUITPAS DE LA CASA (2,400M)\",\"datePublished\":\"2020-05-12T14:59:35+00:00\",\"dateModified\":\"2020-05-12T15:01:50+00:00\",\"mainEntityOfPage\":{\"@id\":\"http:\/\/esponsorama.ad\/en\/gobierno-andorra-reabre-circuit-andorra-pas-la-casa-2-400m-2\/\"},\"wordCount\":298,\"image\":{\"@id\":\"http:\/\/esponsorama.ad\/en\/gobierno-andorra-reabre-circuit-andorra-pas-la-casa-2-400m-2\/#primaryimage\"},\"thumbnailUrl\":\"http:\/\/esponsorama.ad\/wp-content\/uploads\/2020\/05\/775E5C3C-64E8-400B-8F24-42A7B8DECC14-e1589294330476.jpg\",\"articleSection\":[\"MotoGP\"],\"inLanguage\":\"en-GB\"},{\"@type\":\"WebPage\",\"@id\":\"http:\/\/esponsorama.ad\/en\/gobierno-andorra-reabre-circuit-andorra-pas-la-casa-2-400m-2\/\",\"url\":\"http:\/\/esponsorama.ad\/en\/gobierno-andorra-reabre-circuit-andorra-pas-la-casa-2-400m-2\/\",\"name\":\"THE GOVERNMENT OF ANDORRA REOPENS THE ANDORRA CIRCUITPAS DE LA CASA (2,400M) - Esponsorama\",\"isPartOf\":{\"@id\":\"http:\/\/esponsorama.ad\/es\/#website\"},\"primaryImageOfPage\":{\"@id\":\"http:\/\/esponsorama.ad\/en\/gobierno-andorra-reabre-circuit-andorra-pas-la-casa-2-400m-2\/#primaryimage\"},\"image\":{\"@id\":\"http:\/\/esponsorama.ad\/en\/gobierno-andorra-reabre-circuit-andorra-pas-la-casa-2-400m-2\/#primaryimage\"},\"thumbnailUrl\":\"http:\/\/esponsorama.ad\/wp-content\/uploads\/2020\/05\/775E5C3C-64E8-400B-8F24-42A7B8DECC14-e1589294330476.jpg\",\"datePublished\":\"2020-05-12T14:59:35+00:00\",\"dateModified\":\"2020-05-12T15:01:50+00:00\",\"author\":{\"@id\":\"http:\/\/esponsorama.ad\/es\/#\/schema\/person\/a5cde74945183d737066e46b61c6f9c4\"},\"breadcrumb\":{\"@id\":\"http:\/\/esponsorama.ad\/en\/gobierno-andorra-reabre-circuit-andorra-pas-la-casa-2-400m-2\/#breadcrumb\"},\"inLanguage\":\"en-GB\",\"potentialAction\":[{\"@type\":\"ReadAction\",\"target\":[\"http:\/\/esponsorama.ad\/en\/gobierno-andorra-reabre-circuit-andorra-pas-la-casa-2-400m-2\/\"]}]},{\"@type\":\"ImageObject\",\"inLanguage\":\"en-GB\",\"@id\":\"http:\/\/esponsorama.ad\/en\/gobierno-andorra-reabre-circuit-andorra-pas-la-casa-2-400m-2\/#primaryimage\",\"url\":\"http:\/\/esponsorama.ad\/wp-content\/uploads\/2020\/05\/775E5C3C-64E8-400B-8F24-42A7B8DECC14-e1589294330476.jpg\",\"contentUrl\":\"http:\/\/esponsorama.ad\/wp-content\/uploads\/2020\/05\/775E5C3C-64E8-400B-8F24-42A7B8DECC14-e1589294330476.jpg\",\"width\":800,\"height\":800,\"caption\":\"default\"},{\"@type\":\"BreadcrumbList\",\"@id\":\"http:\/\/esponsorama.ad\/en\/gobierno-andorra-reabre-circuit-andorra-pas-la-casa-2-400m-2\/#breadcrumb\",\"itemListElement\":[{\"@type\":\"ListItem\",\"position\":1,\"name\":\"Home\",\"item\":\"http:\/\/esponsorama.ad\/es\/\"},{\"@type\":\"ListItem\",\"position\":2,\"name\":\"THE GOVERNMENT OF ANDORRA REOPENS THE ANDORRA CIRCUITPAS DE LA CASA (2,400M)\"}]},{\"@type\":\"WebSite\",\"@id\":\"http:\/\/esponsorama.ad\/es\/#website\",\"url\":\"http:\/\/esponsorama.ad\/es\/\",\"name\":\"Esponsorama\",\"description\":\"Specialist in motorsport sponsorship and event promotions\",\"potentialAction\":[{\"@type\":\"SearchAction\",\"target\":{\"@type\":\"EntryPoint\",\"urlTemplate\":\"http:\/\/esponsorama.ad\/es\/?s={search_term_string}\"},\"query-input\":{\"@type\":\"PropertyValueSpecification\",\"valueRequired\":true,\"valueName\":\"search_term_string\"}}],\"inLanguage\":\"en-GB\"},{\"@type\":\"Person\",\"@id\":\"http:\/\/esponsorama.ad\/es\/#\/schema\/person\/a5cde74945183d737066e46b61c6f9c4\",\"name\":\"Xavi Andornet\",\"image\":{\"@type\":\"ImageObject\",\"inLanguage\":\"en-GB\",\"@id\":\"http:\/\/esponsorama.ad\/es\/#\/schema\/person\/image\/\",\"url\":\"https:\/\/secure.gravatar.com\/avatar\/f10eaf9ad601244a2357c9fd7cd9805ed166cfaaf76d5d9ab08a9d873e70147a?s=96&d=mm&r=g\",\"contentUrl\":\"https:\/\/secure.gravatar.com\/avatar\/f10eaf9ad601244a2357c9fd7cd9805ed166cfaaf76d5d9ab08a9d873e70147a?s=96&d=mm&r=g\",\"caption\":\"Xavi Andornet\"},\"sameAs\":[\"http:\/\/www.andornet.ad\"],\"url\":\"http:\/\/esponsorama.ad\/en\/author\/andornet\/\"}]}<\/script>\n<!-- \/ Yoast SEO plugin. -->","yoast_head_json":{"title":"THE GOVERNMENT OF ANDORRA REOPENS THE ANDORRA CIRCUITPAS DE LA CASA (2,400M) - Esponsorama","robots":{"index":"index","follow":"follow","max-snippet":"max-snippet:-1","max-image-preview":"max-image-preview:large","max-video-preview":"max-video-preview:-1"},"canonical":"http:\/\/esponsorama.ad\/en\/gobierno-andorra-reabre-circuit-andorra-pas-la-casa-2-400m-2\/","og_locale":"en_GB","og_type":"article","og_title":"THE GOVERNMENT OF ANDORRA REOPENS THE ANDORRA CIRCUITPAS DE LA CASA (2,400M) - Esponsorama","og_description":"After long meetings and a lot of effort on the part of all those involved, the Andorra Circuit is reopening its facilities to the professional riders resident in the Principality of Andorra for training, coinciding with phase 2 of the deconfinement plan. This situation would not have been possible without the cooperation and collaboration of [&hellip;]","og_url":"http:\/\/esponsorama.ad\/en\/gobierno-andorra-reabre-circuit-andorra-pas-la-casa-2-400m-2\/","og_site_name":"Esponsorama","article_published_time":"2020-05-12T14:59:35+00:00","article_modified_time":"2020-05-12T15:01:50+00:00","og_image":[{"width":800,"height":800,"url":"http:\/\/esponsorama.ad\/wp-content\/uploads\/2020\/05\/775E5C3C-64E8-400B-8F24-42A7B8DECC14-e1589294330476.jpg","type":"image\/jpeg"}],"author":"Xavi Andornet","twitter_card":"summary_large_image","twitter_misc":{"Written by":"Xavi Andornet","Estimated reading time":"1 minute"},"schema":{"@context":"https:\/\/schema.org","@graph":[{"@type":"Article","@id":"http:\/\/esponsorama.ad\/en\/gobierno-andorra-reabre-circuit-andorra-pas-la-casa-2-400m-2\/#article","isPartOf":{"@id":"http:\/\/esponsorama.ad\/en\/gobierno-andorra-reabre-circuit-andorra-pas-la-casa-2-400m-2\/"},"author":{"name":"Xavi Andornet","@id":"http:\/\/esponsorama.ad\/es\/#\/schema\/person\/a5cde74945183d737066e46b61c6f9c4"},"headline":"THE GOVERNMENT OF ANDORRA REOPENS THE ANDORRA CIRCUITPAS DE LA CASA (2,400M)","datePublished":"2020-05-12T14:59:35+00:00","dateModified":"2020-05-12T15:01:50+00:00","mainEntityOfPage":{"@id":"http:\/\/esponsorama.ad\/en\/gobierno-andorra-reabre-circuit-andorra-pas-la-casa-2-400m-2\/"},"wordCount":298,"image":{"@id":"http:\/\/esponsorama.ad\/en\/gobierno-andorra-reabre-circuit-andorra-pas-la-casa-2-400m-2\/#primaryimage"},"thumbnailUrl":"http:\/\/esponsorama.ad\/wp-content\/uploads\/2020\/05\/775E5C3C-64E8-400B-8F24-42A7B8DECC14-e1589294330476.jpg","articleSection":["MotoGP"],"inLanguage":"en-GB"},{"@type":"WebPage","@id":"http:\/\/esponsorama.ad\/en\/gobierno-andorra-reabre-circuit-andorra-pas-la-casa-2-400m-2\/","url":"http:\/\/esponsorama.ad\/en\/gobierno-andorra-reabre-circuit-andorra-pas-la-casa-2-400m-2\/","name":"THE GOVERNMENT OF ANDORRA REOPENS THE ANDORRA CIRCUITPAS DE LA CASA (2,400M) - Esponsorama","isPartOf":{"@id":"http:\/\/esponsorama.ad\/es\/#website"},"primaryImageOfPage":{"@id":"http:\/\/esponsorama.ad\/en\/gobierno-andorra-reabre-circuit-andorra-pas-la-casa-2-400m-2\/#primaryimage"},"image":{"@id":"http:\/\/esponsorama.ad\/en\/gobierno-andorra-reabre-circuit-andorra-pas-la-casa-2-400m-2\/#primaryimage"},"thumbnailUrl":"http:\/\/esponsorama.ad\/wp-content\/uploads\/2020\/05\/775E5C3C-64E8-400B-8F24-42A7B8DECC14-e1589294330476.jpg","datePublished":"2020-05-12T14:59:35+00:00","dateModified":"2020-05-12T15:01:50+00:00","author":{"@id":"http:\/\/esponsorama.ad\/es\/#\/schema\/person\/a5cde74945183d737066e46b61c6f9c4"},"breadcrumb":{"@id":"http:\/\/esponsorama.ad\/en\/gobierno-andorra-reabre-circuit-andorra-pas-la-casa-2-400m-2\/#breadcrumb"},"inLanguage":"en-GB","potentialAction":[{"@type":"ReadAction","target":["http:\/\/esponsorama.ad\/en\/gobierno-andorra-reabre-circuit-andorra-pas-la-casa-2-400m-2\/"]}]},{"@type":"ImageObject","inLanguage":"en-GB","@id":"http:\/\/esponsorama.ad\/en\/gobierno-andorra-reabre-circuit-andorra-pas-la-casa-2-400m-2\/#primaryimage","url":"http:\/\/esponsorama.ad\/wp-content\/uploads\/2020\/05\/775E5C3C-64E8-400B-8F24-42A7B8DECC14-e1589294330476.jpg","contentUrl":"http:\/\/esponsorama.ad\/wp-content\/uploads\/2020\/05\/775E5C3C-64E8-400B-8F24-42A7B8DECC14-e1589294330476.jpg","width":800,"height":800,"caption":"default"},{"@type":"BreadcrumbList","@id":"http:\/\/esponsorama.ad\/en\/gobierno-andorra-reabre-circuit-andorra-pas-la-casa-2-400m-2\/#breadcrumb","itemListElement":[{"@type":"ListItem","position":1,"name":"Home","item":"http:\/\/esponsorama.ad\/es\/"},{"@type":"ListItem","position":2,"name":"THE GOVERNMENT OF ANDORRA REOPENS THE ANDORRA CIRCUITPAS DE LA CASA (2,400M)"}]},{"@type":"WebSite","@id":"http:\/\/esponsorama.ad\/es\/#website","url":"http:\/\/esponsorama.ad\/es\/","name":"Esponsorama","description":"Specialist in motorsport sponsorship and event promotions","potentialAction":[{"@type":"SearchAction","target":{"@type":"EntryPoint","urlTemplate":"http:\/\/esponsorama.ad\/es\/?s={search_term_string}"},"query-input":{"@type":"PropertyValueSpecification","valueRequired":true,"valueName":"search_term_string"}}],"inLanguage":"en-GB"},{"@type":"Person","@id":"http:\/\/esponsorama.ad\/es\/#\/schema\/person\/a5cde74945183d737066e46b61c6f9c4","name":"Xavi Andornet","image":{"@type":"ImageObject","inLanguage":"en-GB","@id":"http:\/\/esponsorama.ad\/es\/#\/schema\/person\/image\/","url":"https:\/\/secure.gravatar.com\/avatar\/f10eaf9ad601244a2357c9fd7cd9805ed166cfaaf76d5d9ab08a9d873e70147a?s=96&d=mm&r=g","contentUrl":"https:\/\/secure.gravatar.com\/avatar\/f10eaf9ad601244a2357c9fd7cd9805ed166cfaaf76d5d9ab08a9d873e70147a?s=96&d=mm&r=g","caption":"Xavi Andornet"},"sameAs":["http:\/\/www.andornet.ad"],"url":"http:\/\/esponsorama.ad\/en\/author\/andornet\/"}]}},"_links":{"self":[{"href":"http:\/\/esponsorama.ad\/en\/wp-json\/wp\/v2\/posts\/15855","targetHints":{"allow":["GET"]}}],"collection":[{"href":"http:\/\/esponsorama.ad\/en\/wp-json\/wp\/v2\/posts"}],"about":[{"href":"http:\/\/esponsorama.ad\/en\/wp-json\/wp\/v2\/types\/post"}],"author":[{"embeddable":true,"href":"http:\/\/esponsorama.ad\/en\/wp-json\/wp\/v2\/users\/6"}],"replies":[{"embeddable":true,"href":"http:\/\/esponsorama.ad\/en\/wp-json\/wp\/v2\/comments?post=15855"}],"version-history":[{"count":0,"href":"http:\/\/esponsorama.ad\/en\/wp-json\/wp\/v2\/posts\/15855\/revisions"}],"wp:featuredmedia":[{"embeddable":true,"href":"http:\/\/esponsorama.ad\/en\/wp-json\/wp\/v2\/media\/15851"}],"wp:attachment":[{"href":"http:\/\/esponsorama.ad\/en\/wp-json\/wp\/v2\/media?parent=15855"}],"wp:term":[{"taxonomy":"category","embeddable":true,"href":"http:\/\/esponsorama.ad\/en\/wp-json\/wp\/v2\/categories?post=15855"},{"taxonomy":"post_tag","embeddable":true,"href":"http:\/\/esponsorama.ad\/en\/wp-json\/wp\/v2\/tags?post=15855"}],"curies":[{"name":"wp","href":"https:\/\/api.w.org\/{rel}","templated":true}]}}