{"id":18083,"date":"2021-08-15T17:21:39","date_gmt":"2021-08-15T15:21:39","guid":{"rendered":"http:\/\/esponsorama.ad\/?p=18083"},"modified":"2021-08-15T17:21:39","modified_gmt":"2021-08-15T15:21:39","slug":"unlucky-race-for-avintia-esponsorama-racing-at-austria","status":"publish","type":"post","link":"http:\/\/esponsorama.ad\/en\/unlucky-race-for-avintia-esponsorama-racing-at-austria\/","title":{"rendered":"UNLUCKY RACE FOR AVINTIA ESPONSORAMA RACING AT AUSTRIA"},"content":{"rendered":"<p>Andr\u00e9 Pires and Xavi Cardel\u00fas have finished the Bitci Motorrad Grand Prix von \u00d6sterreich, where the Portuguese rider was 16th and the Andorran 18th after a crash. <\/p>\n<p>Cardel\u00fas, who started the race in 6th position, was doing a great performance fighting for the front positions. But, on the penultimate lap, he lost control of his Energica Ego Corsa and was unable to avoid a crash that made him lose any chance of a good result. In the end, he crossed the finish line 18th.<\/p>\n<p>Andr\u00e9 Pires was only half a second away from finishing in the points. The Portuguese rider, who finished 18th in the E-Pole, maintained a good pace throughout the laps, but in a race of only 5 laps, he did not have enough time to make further progress.<\/p>\n<p>The MotoE World Cup will close the season with a double-header at the San Marino Grand Prix, to be held from 17-19 September at the Misano World Circuit Marco Simoncelli.<\/p>\n<p>\t\t\t\t\t<div class=\"rider-short\">\n\t\t\t\t<a href=\"http:\/\/esponsorama.ad\/es\/piloto\/xavier-cardelus\/\"><img loading=\"lazy\" decoding=\"async\" width=\"300\" height=\"300\" src=\"http:\/\/esponsorama.ad\/wp-content\/uploads\/2021\/02\/dorsal-cardelus-gris-300x300.png\" class=\"attachment-medium size-medium\" alt=\"\" srcset=\"http:\/\/esponsorama.ad\/wp-content\/uploads\/2021\/02\/dorsal-cardelus-gris-300x300.png 300w, http:\/\/esponsorama.ad\/wp-content\/uploads\/2021\/02\/dorsal-cardelus-gris-150x150.png 150w, http:\/\/esponsorama.ad\/wp-content\/uploads\/2021\/02\/dorsal-cardelus-gris.png 500w\" sizes=\"auto, (max-width: 300px) 100vw, 300px\" \/><\/a><div class=\"info\"><h3><a href=\"http:\/\/esponsorama.ad\/es\/piloto\/xavier-cardelus\/\">Xavier Cardel\u00fas<\/a> | P18<\/h3><div class=\"rrss\"><a target=\"_blank\" href=\"https:\/\/twitter.com\/xavicardelus\"><i class=\"fa fa-twitter\"><\/i><\/a><a target=\"_blank\" href=\"https:\/\/www.instagram.com\/xavicardelus\/\"><i class=\"fa fa-instagram\"><\/i><\/a><\/div><\/div>\t\t\t\t\t<\/div>\n\t\t\t\t<br \/>\n&#8220;We were unlucky again and couldn&#8217;t finish the race. Anyway, I&#8217;m very happy and proud of myself for the race I did. This weekend I could really see my potential and, despite the crash, I&#8217;m still satisfied with all the work.&#8221;<\/p>\n<p>\t\t\t\t\t<div class=\"rider-short\">\n\t\t\t\t<a href=\"http:\/\/esponsorama.ad\/es\/piloto\/andre-pires\/\"><img loading=\"lazy\" decoding=\"async\" width=\"300\" height=\"300\" src=\"http:\/\/esponsorama.ad\/wp-content\/uploads\/2021\/02\/dorsal-pires-gris-300x300.png\" class=\"attachment-medium size-medium\" alt=\"\" srcset=\"http:\/\/esponsorama.ad\/wp-content\/uploads\/2021\/02\/dorsal-pires-gris-300x300.png 300w, http:\/\/esponsorama.ad\/wp-content\/uploads\/2021\/02\/dorsal-pires-gris-150x150.png 150w, http:\/\/esponsorama.ad\/wp-content\/uploads\/2021\/02\/dorsal-pires-gris.png 500w\" sizes=\"auto, (max-width: 300px) 100vw, 300px\" \/><\/a><div class=\"info\"><h3><a href=\"http:\/\/esponsorama.ad\/es\/piloto\/andre-pires\/\">Andr\u00e9 Pires<\/a> | P16<\/h3><div class=\"rrss\"><a target=\"_blank\" href=\"https:\/\/www.instagram.com\/andrepires14\/?hl=es\"><i class=\"fa fa-instagram\"><\/i><\/a><\/div><\/div>\t\t\t\t\t<\/div>\n\t\t\t\t<br \/>\n&#8220;It was a good race, although it was too short. At the beginning I struggled a bit because the track was cold and had no grip. Then I got used to it and I kept a good pace, cutting time with the riders in front. In five laps there is not too much to do, but I&#8217;m happy with how it went.&#8221;<\/p>\n","protected":false},"excerpt":{"rendered":"<p>Andr\u00e9 Pires and Xavi Cardel\u00fas have finished the Bitci Motorrad Grand Prix von \u00d6sterreich, where the Portuguese rider was 16th and the Andorran 18th after a crash. Cardel\u00fas, who started the race in 6th position, was doing a great performance fighting for the front positions. But, on the penultimate lap, he lost control of his [&hellip;]<\/p>\n","protected":false},"author":6,"featured_media":18081,"comment_status":"closed","ping_status":"closed","sticky":false,"template":"","format":"standard","meta":{"footnotes":""},"categories":[21],"tags":[],"class_list":["post-18083","post","type-post","status-publish","format-standard","has-post-thumbnail","hentry"],"yoast_head":"<!-- This site is optimized with the Yoast SEO plugin v27.1.1 - https:\/\/yoast.com\/product\/yoast-seo-wordpress\/ -->\n<title>UNLUCKY RACE FOR AVINTIA ESPONSORAMA RACING AT AUSTRIA - Esponsorama<\/title>\n<meta name=\"robots\" content=\"index, follow, max-snippet:-1, max-image-preview:large, max-video-preview:-1\" \/>\n<link rel=\"canonical\" href=\"http:\/\/esponsorama.ad\/en\/unlucky-race-for-avintia-esponsorama-racing-at-austria\/\" \/>\n<meta property=\"og:locale\" content=\"en_GB\" \/>\n<meta property=\"og:type\" content=\"article\" \/>\n<meta property=\"og:title\" content=\"UNLUCKY RACE FOR AVINTIA ESPONSORAMA RACING AT AUSTRIA - Esponsorama\" \/>\n<meta property=\"og:description\" content=\"Andr\u00e9 Pires and Xavi Cardel\u00fas have finished the Bitci Motorrad Grand Prix von \u00d6sterreich, where the Portuguese rider was 16th and the Andorran 18th after a crash. Cardel\u00fas, who started the race in 6th position, was doing a great performance fighting for the front positions. But, on the penultimate lap, he lost control of his [&hellip;]\" \/>\n<meta property=\"og:url\" content=\"http:\/\/esponsorama.ad\/en\/unlucky-race-for-avintia-esponsorama-racing-at-austria\/\" \/>\n<meta property=\"og:site_name\" content=\"Esponsorama\" \/>\n<meta property=\"article:published_time\" content=\"2021-08-15T15:21:39+00:00\" \/>\n<meta property=\"og:image\" content=\"http:\/\/esponsorama.ad\/wp-content\/uploads\/2021\/08\/41f9b7f0-1135-ff5b-5fd2-76fb930fea8e.jpg\" \/>\n\t<meta property=\"og:image:width\" content=\"4462\" \/>\n\t<meta property=\"og:image:height\" content=\"2975\" \/>\n\t<meta property=\"og:image:type\" content=\"image\/jpeg\" \/>\n<meta name=\"author\" content=\"Xavi Andornet\" \/>\n<meta name=\"twitter:card\" content=\"summary_large_image\" \/>\n<meta name=\"twitter:label1\" content=\"Written by\" \/>\n\t<meta name=\"twitter:data1\" content=\"Xavi Andornet\" \/>\n\t<meta name=\"twitter:label2\" content=\"Estimated reading time\" \/>\n\t<meta name=\"twitter:data2\" content=\"1 minute\" \/>\n<script type=\"application\/ld+json\" class=\"yoast-schema-graph\">{\"@context\":\"https:\/\/schema.org\",\"@graph\":[{\"@type\":\"Article\",\"@id\":\"http:\/\/esponsorama.ad\/en\/unlucky-race-for-avintia-esponsorama-racing-at-austria\/#article\",\"isPartOf\":{\"@id\":\"http:\/\/esponsorama.ad\/en\/unlucky-race-for-avintia-esponsorama-racing-at-austria\/\"},\"author\":{\"name\":\"Xavi Andornet\",\"@id\":\"http:\/\/esponsorama.ad\/es\/#\/schema\/person\/a5cde74945183d737066e46b61c6f9c4\"},\"headline\":\"UNLUCKY RACE FOR AVINTIA ESPONSORAMA RACING AT AUSTRIA\",\"datePublished\":\"2021-08-15T15:21:39+00:00\",\"mainEntityOfPage\":{\"@id\":\"http:\/\/esponsorama.ad\/en\/unlucky-race-for-avintia-esponsorama-racing-at-austria\/\"},\"wordCount\":279,\"image\":{\"@id\":\"http:\/\/esponsorama.ad\/en\/unlucky-race-for-avintia-esponsorama-racing-at-austria\/#primaryimage\"},\"thumbnailUrl\":\"http:\/\/esponsorama.ad\/wp-content\/uploads\/2021\/08\/41f9b7f0-1135-ff5b-5fd2-76fb930fea8e.jpg\",\"articleSection\":[\"\"],\"inLanguage\":\"en-GB\"},{\"@type\":\"WebPage\",\"@id\":\"http:\/\/esponsorama.ad\/en\/unlucky-race-for-avintia-esponsorama-racing-at-austria\/\",\"url\":\"http:\/\/esponsorama.ad\/en\/unlucky-race-for-avintia-esponsorama-racing-at-austria\/\",\"name\":\"UNLUCKY RACE FOR AVINTIA ESPONSORAMA RACING AT AUSTRIA - Esponsorama\",\"isPartOf\":{\"@id\":\"http:\/\/esponsorama.ad\/es\/#website\"},\"primaryImageOfPage\":{\"@id\":\"http:\/\/esponsorama.ad\/en\/unlucky-race-for-avintia-esponsorama-racing-at-austria\/#primaryimage\"},\"image\":{\"@id\":\"http:\/\/esponsorama.ad\/en\/unlucky-race-for-avintia-esponsorama-racing-at-austria\/#primaryimage\"},\"thumbnailUrl\":\"http:\/\/esponsorama.ad\/wp-content\/uploads\/2021\/08\/41f9b7f0-1135-ff5b-5fd2-76fb930fea8e.jpg\",\"datePublished\":\"2021-08-15T15:21:39+00:00\",\"author\":{\"@id\":\"http:\/\/esponsorama.ad\/es\/#\/schema\/person\/a5cde74945183d737066e46b61c6f9c4\"},\"breadcrumb\":{\"@id\":\"http:\/\/esponsorama.ad\/en\/unlucky-race-for-avintia-esponsorama-racing-at-austria\/#breadcrumb\"},\"inLanguage\":\"en-GB\",\"potentialAction\":[{\"@type\":\"ReadAction\",\"target\":[\"http:\/\/esponsorama.ad\/en\/unlucky-race-for-avintia-esponsorama-racing-at-austria\/\"]}]},{\"@type\":\"ImageObject\",\"inLanguage\":\"en-GB\",\"@id\":\"http:\/\/esponsorama.ad\/en\/unlucky-race-for-avintia-esponsorama-racing-at-austria\/#primaryimage\",\"url\":\"http:\/\/esponsorama.ad\/wp-content\/uploads\/2021\/08\/41f9b7f0-1135-ff5b-5fd2-76fb930fea8e.jpg\",\"contentUrl\":\"http:\/\/esponsorama.ad\/wp-content\/uploads\/2021\/08\/41f9b7f0-1135-ff5b-5fd2-76fb930fea8e.jpg\",\"width\":4462,\"height\":2975,\"caption\":\"Xavi Cardelus, MotoE race, Austrian MotoGP, 15 August 2021\"},{\"@type\":\"BreadcrumbList\",\"@id\":\"http:\/\/esponsorama.ad\/en\/unlucky-race-for-avintia-esponsorama-racing-at-austria\/#breadcrumb\",\"itemListElement\":[{\"@type\":\"ListItem\",\"position\":1,\"name\":\"Home\",\"item\":\"http:\/\/esponsorama.ad\/es\/\"},{\"@type\":\"ListItem\",\"position\":2,\"name\":\"UNLUCKY RACE FOR AVINTIA ESPONSORAMA RACING AT AUSTRIA\"}]},{\"@type\":\"WebSite\",\"@id\":\"http:\/\/esponsorama.ad\/es\/#website\",\"url\":\"http:\/\/esponsorama.ad\/es\/\",\"name\":\"Esponsorama\",\"description\":\"Specialist in motorsport sponsorship and event promotions\",\"potentialAction\":[{\"@type\":\"SearchAction\",\"target\":{\"@type\":\"EntryPoint\",\"urlTemplate\":\"http:\/\/esponsorama.ad\/es\/?s={search_term_string}\"},\"query-input\":{\"@type\":\"PropertyValueSpecification\",\"valueRequired\":true,\"valueName\":\"search_term_string\"}}],\"inLanguage\":\"en-GB\"},{\"@type\":\"Person\",\"@id\":\"http:\/\/esponsorama.ad\/es\/#\/schema\/person\/a5cde74945183d737066e46b61c6f9c4\",\"name\":\"Xavi Andornet\",\"image\":{\"@type\":\"ImageObject\",\"inLanguage\":\"en-GB\",\"@id\":\"http:\/\/esponsorama.ad\/es\/#\/schema\/person\/image\/\",\"url\":\"https:\/\/secure.gravatar.com\/avatar\/f10eaf9ad601244a2357c9fd7cd9805ed166cfaaf76d5d9ab08a9d873e70147a?s=96&d=mm&r=g\",\"contentUrl\":\"https:\/\/secure.gravatar.com\/avatar\/f10eaf9ad601244a2357c9fd7cd9805ed166cfaaf76d5d9ab08a9d873e70147a?s=96&d=mm&r=g\",\"caption\":\"Xavi Andornet\"},\"sameAs\":[\"http:\/\/www.andornet.ad\"],\"url\":\"http:\/\/esponsorama.ad\/en\/author\/andornet\/\"}]}<\/script>\n<!-- \/ Yoast SEO plugin. -->","yoast_head_json":{"title":"UNLUCKY RACE FOR AVINTIA ESPONSORAMA RACING AT AUSTRIA - Esponsorama","robots":{"index":"index","follow":"follow","max-snippet":"max-snippet:-1","max-image-preview":"max-image-preview:large","max-video-preview":"max-video-preview:-1"},"canonical":"http:\/\/esponsorama.ad\/en\/unlucky-race-for-avintia-esponsorama-racing-at-austria\/","og_locale":"en_GB","og_type":"article","og_title":"UNLUCKY RACE FOR AVINTIA ESPONSORAMA RACING AT AUSTRIA - Esponsorama","og_description":"Andr\u00e9 Pires and Xavi Cardel\u00fas have finished the Bitci Motorrad Grand Prix von \u00d6sterreich, where the Portuguese rider was 16th and the Andorran 18th after a crash. Cardel\u00fas, who started the race in 6th position, was doing a great performance fighting for the front positions. But, on the penultimate lap, he lost control of his [&hellip;]","og_url":"http:\/\/esponsorama.ad\/en\/unlucky-race-for-avintia-esponsorama-racing-at-austria\/","og_site_name":"Esponsorama","article_published_time":"2021-08-15T15:21:39+00:00","og_image":[{"width":4462,"height":2975,"url":"http:\/\/esponsorama.ad\/wp-content\/uploads\/2021\/08\/41f9b7f0-1135-ff5b-5fd2-76fb930fea8e.jpg","type":"image\/jpeg"}],"author":"Xavi Andornet","twitter_card":"summary_large_image","twitter_misc":{"Written by":"Xavi Andornet","Estimated reading time":"1 minute"},"schema":{"@context":"https:\/\/schema.org","@graph":[{"@type":"Article","@id":"http:\/\/esponsorama.ad\/en\/unlucky-race-for-avintia-esponsorama-racing-at-austria\/#article","isPartOf":{"@id":"http:\/\/esponsorama.ad\/en\/unlucky-race-for-avintia-esponsorama-racing-at-austria\/"},"author":{"name":"Xavi Andornet","@id":"http:\/\/esponsorama.ad\/es\/#\/schema\/person\/a5cde74945183d737066e46b61c6f9c4"},"headline":"UNLUCKY RACE FOR AVINTIA ESPONSORAMA RACING AT AUSTRIA","datePublished":"2021-08-15T15:21:39+00:00","mainEntityOfPage":{"@id":"http:\/\/esponsorama.ad\/en\/unlucky-race-for-avintia-esponsorama-racing-at-austria\/"},"wordCount":279,"image":{"@id":"http:\/\/esponsorama.ad\/en\/unlucky-race-for-avintia-esponsorama-racing-at-austria\/#primaryimage"},"thumbnailUrl":"http:\/\/esponsorama.ad\/wp-content\/uploads\/2021\/08\/41f9b7f0-1135-ff5b-5fd2-76fb930fea8e.jpg","articleSection":[""],"inLanguage":"en-GB"},{"@type":"WebPage","@id":"http:\/\/esponsorama.ad\/en\/unlucky-race-for-avintia-esponsorama-racing-at-austria\/","url":"http:\/\/esponsorama.ad\/en\/unlucky-race-for-avintia-esponsorama-racing-at-austria\/","name":"UNLUCKY RACE FOR AVINTIA ESPONSORAMA RACING AT AUSTRIA - Esponsorama","isPartOf":{"@id":"http:\/\/esponsorama.ad\/es\/#website"},"primaryImageOfPage":{"@id":"http:\/\/esponsorama.ad\/en\/unlucky-race-for-avintia-esponsorama-racing-at-austria\/#primaryimage"},"image":{"@id":"http:\/\/esponsorama.ad\/en\/unlucky-race-for-avintia-esponsorama-racing-at-austria\/#primaryimage"},"thumbnailUrl":"http:\/\/esponsorama.ad\/wp-content\/uploads\/2021\/08\/41f9b7f0-1135-ff5b-5fd2-76fb930fea8e.jpg","datePublished":"2021-08-15T15:21:39+00:00","author":{"@id":"http:\/\/esponsorama.ad\/es\/#\/schema\/person\/a5cde74945183d737066e46b61c6f9c4"},"breadcrumb":{"@id":"http:\/\/esponsorama.ad\/en\/unlucky-race-for-avintia-esponsorama-racing-at-austria\/#breadcrumb"},"inLanguage":"en-GB","potentialAction":[{"@type":"ReadAction","target":["http:\/\/esponsorama.ad\/en\/unlucky-race-for-avintia-esponsorama-racing-at-austria\/"]}]},{"@type":"ImageObject","inLanguage":"en-GB","@id":"http:\/\/esponsorama.ad\/en\/unlucky-race-for-avintia-esponsorama-racing-at-austria\/#primaryimage","url":"http:\/\/esponsorama.ad\/wp-content\/uploads\/2021\/08\/41f9b7f0-1135-ff5b-5fd2-76fb930fea8e.jpg","contentUrl":"http:\/\/esponsorama.ad\/wp-content\/uploads\/2021\/08\/41f9b7f0-1135-ff5b-5fd2-76fb930fea8e.jpg","width":4462,"height":2975,"caption":"Xavi Cardelus, MotoE race, Austrian MotoGP, 15 August 2021"},{"@type":"BreadcrumbList","@id":"http:\/\/esponsorama.ad\/en\/unlucky-race-for-avintia-esponsorama-racing-at-austria\/#breadcrumb","itemListElement":[{"@type":"ListItem","position":1,"name":"Home","item":"http:\/\/esponsorama.ad\/es\/"},{"@type":"ListItem","position":2,"name":"UNLUCKY RACE FOR AVINTIA ESPONSORAMA RACING AT AUSTRIA"}]},{"@type":"WebSite","@id":"http:\/\/esponsorama.ad\/es\/#website","url":"http:\/\/esponsorama.ad\/es\/","name":"Esponsorama","description":"Specialist in motorsport sponsorship and event promotions","potentialAction":[{"@type":"SearchAction","target":{"@type":"EntryPoint","urlTemplate":"http:\/\/esponsorama.ad\/es\/?s={search_term_string}"},"query-input":{"@type":"PropertyValueSpecification","valueRequired":true,"valueName":"search_term_string"}}],"inLanguage":"en-GB"},{"@type":"Person","@id":"http:\/\/esponsorama.ad\/es\/#\/schema\/person\/a5cde74945183d737066e46b61c6f9c4","name":"Xavi Andornet","image":{"@type":"ImageObject","inLanguage":"en-GB","@id":"http:\/\/esponsorama.ad\/es\/#\/schema\/person\/image\/","url":"https:\/\/secure.gravatar.com\/avatar\/f10eaf9ad601244a2357c9fd7cd9805ed166cfaaf76d5d9ab08a9d873e70147a?s=96&d=mm&r=g","contentUrl":"https:\/\/secure.gravatar.com\/avatar\/f10eaf9ad601244a2357c9fd7cd9805ed166cfaaf76d5d9ab08a9d873e70147a?s=96&d=mm&r=g","caption":"Xavi Andornet"},"sameAs":["http:\/\/www.andornet.ad"],"url":"http:\/\/esponsorama.ad\/en\/author\/andornet\/"}]}},"_links":{"self":[{"href":"http:\/\/esponsorama.ad\/en\/wp-json\/wp\/v2\/posts\/18083","targetHints":{"allow":["GET"]}}],"collection":[{"href":"http:\/\/esponsorama.ad\/en\/wp-json\/wp\/v2\/posts"}],"about":[{"href":"http:\/\/esponsorama.ad\/en\/wp-json\/wp\/v2\/types\/post"}],"author":[{"embeddable":true,"href":"http:\/\/esponsorama.ad\/en\/wp-json\/wp\/v2\/users\/6"}],"replies":[{"embeddable":true,"href":"http:\/\/esponsorama.ad\/en\/wp-json\/wp\/v2\/comments?post=18083"}],"version-history":[{"count":1,"href":"http:\/\/esponsorama.ad\/en\/wp-json\/wp\/v2\/posts\/18083\/revisions"}],"predecessor-version":[{"id":18084,"href":"http:\/\/esponsorama.ad\/en\/wp-json\/wp\/v2\/posts\/18083\/revisions\/18084"}],"wp:featuredmedia":[{"embeddable":true,"href":"http:\/\/esponsorama.ad\/en\/wp-json\/wp\/v2\/media\/18081"}],"wp:attachment":[{"href":"http:\/\/esponsorama.ad\/en\/wp-json\/wp\/v2\/media?parent=18083"}],"wp:term":[{"taxonomy":"category","embeddable":true,"href":"http:\/\/esponsorama.ad\/en\/wp-json\/wp\/v2\/categories?post=18083"},{"taxonomy":"post_tag","embeddable":true,"href":"http:\/\/esponsorama.ad\/en\/wp-json\/wp\/v2\/tags?post=18083"}],"curies":[{"name":"wp","href":"https:\/\/api.w.org\/{rel}","templated":true}]}}